{"id":26689,"date":"2021-08-14T12:13:30","date_gmt":"2021-08-14T11:13:30","guid":{"rendered":"https:\/\/www.arte.tv\/sites\/olivierpere\/?p=26689"},"modified":"2021-08-19T12:14:07","modified_gmt":"2021-08-19T11:14:07","slug":"les-derniers-jours-du-monde-de-arnaud-et-jean-marie-larrieu","status":"publish","type":"post","link":"https:\/\/www.arte.tv\/sites\/olivierpere\/2021\/08\/14\/les-derniers-jours-du-monde-de-arnaud-et-jean-marie-larrieu\/","title":{"rendered":"Les Derniers Jours du monde de Arnaud et Jean-Marie Larrieu"},"content":{"rendered":"<p><strong>ARTE diffuse mercredi 25 ao\u00fbt \u00e0 20h55 <em>Les Derniers Jours du monde<\/em> r\u00e9alis\u00e9 par Arnaud et Jean-Marie Larrieu en 2008. Le film sera \u00e9galement disponible gratuitement en t\u00e9l\u00e9vision de rattrapage sur ARTE.tv pendant sept jours.<\/strong><\/p>\n<p><strong>\u00ab\u00a0Alors que s&rsquo;annonce la fin du monde, Robinson Laborde se remet peu \u00e0 peu de l&rsquo;\u00e9chec d&rsquo;une aventure sentimentale pour laquelle il s&rsquo;\u00e9tait d\u00e9cid\u00e9 \u00e0 quitter sa femme.<\/strong><br \/>\n<strong>Malgr\u00e9 l&rsquo;imminence du d\u00e9sastre, et peut-\u00eatre pour mieux y faire face, il s&rsquo;\u00e9lance dans une v\u00e9ritable odyss\u00e9e amoureuse qui l&rsquo;entra\u00eene sur les routes de France et d&rsquo;Espagne.\u00a0\u00bb<\/strong><\/p>\n<p>&nbsp;<\/p>\n<p><strong>En adaptant pour la premi\u00e8re fois un roman, celui de Dominique Noguez publi\u00e9 en 1991, les fr\u00e8res Larrieu teintent de violence et de mort leur univers cin\u00e9matographique r\u00e9put\u00e9 pour son humour et son h\u00e9donisme. La nature y joue toujours un r\u00f4le essentiel, avec la beaut\u00e9 des paysages du Lot et de Haute-Garonne capt\u00e9 en \u00e9cran large, mais elle devient le th\u00e9\u00e2tre \u00e0 ciel ouvert d\u2019une odyss\u00e9e apocalyptique, o\u00f9 la guerre et la maladie se r\u00e9pandent sur l\u2019Europe. C\u2019est toujours la qu\u00eate effr\u00e9n\u00e9e du plaisir et le d\u00e9sir amoureux qui m\u00e8nent le bal, amplifi\u00e9s par la menace d\u2019un danger imminent. Les Larrieu organisent la rencontre entre \u00c9ros et Thanatos, dans un voyage au bout de la vie qui convoque le souvenir de Bunuel et regorge d\u2019images surr\u00e9alistes et \u00e9rotiques. Ils embarquent dans cette aventure cin\u00e9matographique hors du commun leur complice Mathieu Amalric dans le r\u00f4le de Robinson, rejoint par Karin Viard et Catherine Frot, tr\u00e8s \u00e0 leur aise dans cet univers impr\u00e9visible.<\/strong><\/p>\n<p>&nbsp;<\/p>\n<p>&nbsp;<\/p>\n<p><strong>Le prochain film d\u2019Arnaud et Jean-Marie Larrieu, la com\u00e9die musicale <em>Tralala<\/em>, avec Mathieu Amalric, M\u00e9lanie Thierry, Ma\u00efwenn, Josiane Balasko, d\u00e9couvert au Festival de Cannes en s\u00e9ance de minuit, sortira le mercredi 6 octobre, distribu\u00e9 par Pyramide. C\u2019est une coproduction ARTE France Cin\u00e9ma.<\/strong><\/p>\n","protected":false},"excerpt":{"rendered":"<p>ARTE diffuse mercredi 25 ao\u00fbt \u00e0 20h55 Les Derniers Jours du monde r\u00e9alis\u00e9 par Arnaud et Jean-Marie Larrieu en 2008.\u2026<\/p>\n","protected":false},"author":116,"featured_media":0,"comment_status":"open","ping_status":"open","sticky":false,"template":"","format":"standard","meta":[],"categories":[8],"tags":[],"yoast_head":"<!-- This site is optimized with the Yoast SEO plugin v20.8 - https:\/\/yoast.com\/wordpress\/plugins\/seo\/ -->\n<title>Les Derniers Jours du monde de Arnaud et Jean-Marie Larrieu - Olivier P\u00e8re<\/title>\n<meta name=\"robots\" content=\"index, follow, max-snippet:-1, max-image-preview:large, max-video-preview:-1\" \/>\n<link rel=\"canonical\" href=\"https:\/\/www.arte.tv\/sites\/olivierpere\/2021\/08\/14\/les-derniers-jours-du-monde-de-arnaud-et-jean-marie-larrieu\/\" \/>\n<meta property=\"og:locale\" content=\"fr_FR\" \/>\n<meta property=\"og:type\" content=\"article\" \/>\n<meta property=\"og:title\" content=\"Les Derniers Jours du monde de Arnaud et Jean-Marie Larrieu - Olivier P\u00e8re\" \/>\n<meta property=\"og:description\" content=\"ARTE diffuse mercredi 25 ao\u00fbt \u00e0 20h55 Les Derniers Jours du monde r\u00e9alis\u00e9 par Arnaud et Jean-Marie Larrieu en 2008.\u2026\" \/>\n<meta property=\"og:url\" content=\"https:\/\/www.arte.tv\/sites\/olivierpere\/2021\/08\/14\/les-derniers-jours-du-monde-de-arnaud-et-jean-marie-larrieu\/\" \/>\n<meta property=\"og:site_name\" content=\"Olivier P\u00e8re\" \/>\n<meta property=\"article:published_time\" content=\"2021-08-14T11:13:30+00:00\" \/>\n<meta property=\"article:modified_time\" content=\"2021-08-19T11:14:07+00:00\" \/>\n<meta name=\"author\" content=\"Olivier P\u00e8re\" \/>\n<meta name=\"twitter:label1\" content=\"\u00c9crit par\" \/>\n\t<meta name=\"twitter:data1\" content=\"Olivier P\u00e8re\" \/>\n\t<meta name=\"twitter:label2\" content=\"Dur\u00e9e de lecture estim\u00e9e\" \/>\n\t<meta name=\"twitter:data2\" content=\"2 minutes\" \/>\n<script type=\"application\/ld+json\" class=\"yoast-schema-graph\">{\"@context\":\"https:\/\/schema.org\",\"@graph\":[{\"@type\":\"WebPage\",\"@id\":\"https:\/\/www.arte.tv\/sites\/olivierpere\/2021\/08\/14\/les-derniers-jours-du-monde-de-arnaud-et-jean-marie-larrieu\/\",\"url\":\"https:\/\/www.arte.tv\/sites\/olivierpere\/2021\/08\/14\/les-derniers-jours-du-monde-de-arnaud-et-jean-marie-larrieu\/\",\"name\":\"Les Derniers Jours du monde de Arnaud et Jean-Marie Larrieu - Olivier P\u00e8re\",\"isPartOf\":{\"@id\":\"https:\/\/www.arte.tv\/sites\/olivierpere\/#website\"},\"datePublished\":\"2021-08-14T11:13:30+00:00\",\"dateModified\":\"2021-08-19T11:14:07+00:00\",\"author\":{\"@id\":\"https:\/\/www.arte.tv\/sites\/olivierpere\/#\/schema\/person\/dc32cd6c79be95e52d43b97a74182558\"},\"breadcrumb\":{\"@id\":\"https:\/\/www.arte.tv\/sites\/olivierpere\/2021\/08\/14\/les-derniers-jours-du-monde-de-arnaud-et-jean-marie-larrieu\/#breadcrumb\"},\"inLanguage\":\"fr-FR\",\"potentialAction\":[{\"@type\":\"ReadAction\",\"target\":[\"https:\/\/www.arte.tv\/sites\/olivierpere\/2021\/08\/14\/les-derniers-jours-du-monde-de-arnaud-et-jean-marie-larrieu\/\"]}]},{\"@type\":\"BreadcrumbList\",\"@id\":\"https:\/\/www.arte.tv\/sites\/olivierpere\/2021\/08\/14\/les-derniers-jours-du-monde-de-arnaud-et-jean-marie-larrieu\/#breadcrumb\",\"itemListElement\":[{\"@type\":\"ListItem\",\"position\":1,\"name\":\"Home\",\"item\":\"https:\/\/www.arte.tv\/sites\/olivierpere\/\"},{\"@type\":\"ListItem\",\"position\":2,\"name\":\"Les Derniers Jours du monde de Arnaud et Jean-Marie Larrieu\"}]},{\"@type\":\"WebSite\",\"@id\":\"https:\/\/www.arte.tv\/sites\/olivierpere\/#website\",\"url\":\"https:\/\/www.arte.tv\/sites\/olivierpere\/\",\"name\":\"Olivier P\u00e8re\",\"description\":\"\",\"potentialAction\":[{\"@type\":\"SearchAction\",\"target\":{\"@type\":\"EntryPoint\",\"urlTemplate\":\"https:\/\/www.arte.tv\/sites\/olivierpere\/?s={search_term_string}\"},\"query-input\":\"required name=search_term_string\"}],\"inLanguage\":\"fr-FR\"},{\"@type\":\"Person\",\"@id\":\"https:\/\/www.arte.tv\/sites\/olivierpere\/#\/schema\/person\/dc32cd6c79be95e52d43b97a74182558\",\"name\":\"Olivier P\u00e8re\",\"image\":{\"@type\":\"ImageObject\",\"inLanguage\":\"fr-FR\",\"@id\":\"https:\/\/www.arte.tv\/sites\/olivierpere\/#\/schema\/person\/image\/\",\"url\":\"https:\/\/secure.gravatar.com\/avatar\/bdea7b6a2c195e2c41772429a9694758?s=96&d=mm&r=g\",\"contentUrl\":\"https:\/\/secure.gravatar.com\/avatar\/bdea7b6a2c195e2c41772429a9694758?s=96&d=mm&r=g\",\"caption\":\"Olivier P\u00e8re\"},\"url\":\"https:\/\/www.arte.tv\/sites\/olivierpere\/author\/pereolivier\/\"}]}<\/script>\n<!-- \/ Yoast SEO plugin. -->","yoast_head_json":{"title":"Les Derniers Jours du monde de Arnaud et Jean-Marie Larrieu - Olivier P\u00e8re","robots":{"index":"index","follow":"follow","max-snippet":"max-snippet:-1","max-image-preview":"max-image-preview:large","max-video-preview":"max-video-preview:-1"},"canonical":"https:\/\/www.arte.tv\/sites\/olivierpere\/2021\/08\/14\/les-derniers-jours-du-monde-de-arnaud-et-jean-marie-larrieu\/","og_locale":"fr_FR","og_type":"article","og_title":"Les Derniers Jours du monde de Arnaud et Jean-Marie Larrieu - Olivier P\u00e8re","og_description":"ARTE diffuse mercredi 25 ao\u00fbt \u00e0 20h55 Les Derniers Jours du monde r\u00e9alis\u00e9 par Arnaud et Jean-Marie Larrieu en 2008.\u2026","og_url":"https:\/\/www.arte.tv\/sites\/olivierpere\/2021\/08\/14\/les-derniers-jours-du-monde-de-arnaud-et-jean-marie-larrieu\/","og_site_name":"Olivier P\u00e8re","article_published_time":"2021-08-14T11:13:30+00:00","article_modified_time":"2021-08-19T11:14:07+00:00","author":"Olivier P\u00e8re","twitter_misc":{"\u00c9crit par":"Olivier P\u00e8re","Dur\u00e9e de lecture estim\u00e9e":"2 minutes"},"schema":{"@context":"https:\/\/schema.org","@graph":[{"@type":"WebPage","@id":"https:\/\/www.arte.tv\/sites\/olivierpere\/2021\/08\/14\/les-derniers-jours-du-monde-de-arnaud-et-jean-marie-larrieu\/","url":"https:\/\/www.arte.tv\/sites\/olivierpere\/2021\/08\/14\/les-derniers-jours-du-monde-de-arnaud-et-jean-marie-larrieu\/","name":"Les Derniers Jours du monde de Arnaud et Jean-Marie Larrieu - Olivier P\u00e8re","isPartOf":{"@id":"https:\/\/www.arte.tv\/sites\/olivierpere\/#website"},"datePublished":"2021-08-14T11:13:30+00:00","dateModified":"2021-08-19T11:14:07+00:00","author":{"@id":"https:\/\/www.arte.tv\/sites\/olivierpere\/#\/schema\/person\/dc32cd6c79be95e52d43b97a74182558"},"breadcrumb":{"@id":"https:\/\/www.arte.tv\/sites\/olivierpere\/2021\/08\/14\/les-derniers-jours-du-monde-de-arnaud-et-jean-marie-larrieu\/#breadcrumb"},"inLanguage":"fr-FR","potentialAction":[{"@type":"ReadAction","target":["https:\/\/www.arte.tv\/sites\/olivierpere\/2021\/08\/14\/les-derniers-jours-du-monde-de-arnaud-et-jean-marie-larrieu\/"]}]},{"@type":"BreadcrumbList","@id":"https:\/\/www.arte.tv\/sites\/olivierpere\/2021\/08\/14\/les-derniers-jours-du-monde-de-arnaud-et-jean-marie-larrieu\/#breadcrumb","itemListElement":[{"@type":"ListItem","position":1,"name":"Home","item":"https:\/\/www.arte.tv\/sites\/olivierpere\/"},{"@type":"ListItem","position":2,"name":"Les Derniers Jours du monde de Arnaud et Jean-Marie Larrieu"}]},{"@type":"WebSite","@id":"https:\/\/www.arte.tv\/sites\/olivierpere\/#website","url":"https:\/\/www.arte.tv\/sites\/olivierpere\/","name":"Olivier P\u00e8re","description":"","potentialAction":[{"@type":"SearchAction","target":{"@type":"EntryPoint","urlTemplate":"https:\/\/www.arte.tv\/sites\/olivierpere\/?s={search_term_string}"},"query-input":"required name=search_term_string"}],"inLanguage":"fr-FR"},{"@type":"Person","@id":"https:\/\/www.arte.tv\/sites\/olivierpere\/#\/schema\/person\/dc32cd6c79be95e52d43b97a74182558","name":"Olivier P\u00e8re","image":{"@type":"ImageObject","inLanguage":"fr-FR","@id":"https:\/\/www.arte.tv\/sites\/olivierpere\/#\/schema\/person\/image\/","url":"https:\/\/secure.gravatar.com\/avatar\/bdea7b6a2c195e2c41772429a9694758?s=96&d=mm&r=g","contentUrl":"https:\/\/secure.gravatar.com\/avatar\/bdea7b6a2c195e2c41772429a9694758?s=96&d=mm&r=g","caption":"Olivier P\u00e8re"},"url":"https:\/\/www.arte.tv\/sites\/olivierpere\/author\/pereolivier\/"}]}},"_links":{"self":[{"href":"https:\/\/www.arte.tv\/sites\/olivierpere\/wp-json\/wp\/v2\/posts\/26689"}],"collection":[{"href":"https:\/\/www.arte.tv\/sites\/olivierpere\/wp-json\/wp\/v2\/posts"}],"about":[{"href":"https:\/\/www.arte.tv\/sites\/olivierpere\/wp-json\/wp\/v2\/types\/post"}],"author":[{"embeddable":true,"href":"https:\/\/www.arte.tv\/sites\/olivierpere\/wp-json\/wp\/v2\/users\/116"}],"replies":[{"embeddable":true,"href":"https:\/\/www.arte.tv\/sites\/olivierpere\/wp-json\/wp\/v2\/comments?post=26689"}],"version-history":[{"count":1,"href":"https:\/\/www.arte.tv\/sites\/olivierpere\/wp-json\/wp\/v2\/posts\/26689\/revisions"}],"predecessor-version":[{"id":26690,"href":"https:\/\/www.arte.tv\/sites\/olivierpere\/wp-json\/wp\/v2\/posts\/26689\/revisions\/26690"}],"wp:attachment":[{"href":"https:\/\/www.arte.tv\/sites\/olivierpere\/wp-json\/wp\/v2\/media?parent=26689"}],"wp:term":[{"taxonomy":"category","embeddable":true,"href":"https:\/\/www.arte.tv\/sites\/olivierpere\/wp-json\/wp\/v2\/categories?post=26689"},{"taxonomy":"post_tag","embeddable":true,"href":"https:\/\/www.arte.tv\/sites\/olivierpere\/wp-json\/wp\/v2\/tags?post=26689"}],"curies":[{"name":"wp","href":"https:\/\/api.w.org\/{rel}","templated":true}]}}