{"id":26686,"date":"2021-08-13T07:48:22","date_gmt":"2021-08-13T06:48:22","guid":{"rendered":"https:\/\/www.arte.tv\/sites\/olivierpere\/?p=26686"},"modified":"2021-08-19T11:09:45","modified_gmt":"2021-08-19T10:09:45","slug":"au-poste-de-quentin-dupieux","status":"publish","type":"post","link":"https:\/\/www.arte.tv\/sites\/olivierpere\/2021\/08\/13\/au-poste-de-quentin-dupieux\/","title":{"rendered":"Au poste\u00a0! de Quentin Dupieux"},"content":{"rendered":"<p><strong>ARTE diffuse mercredi 18 ao\u00fbt \u00e0 20h55 <em>Au poste !<\/em>, r\u00e9alis\u00e9 par Quentin Dupieux en 2018. Le film sera \u00e9galement disponible gratuitement en t\u00e9l\u00e9vision de rattrapage sur ARTE.tv pendant sept jours.<\/strong><\/p>\n<p><strong>Le temps d\u2019un interrogatoire dans un commissariat de police, <em>Au poste !<\/em> offre un condens\u00e9 explosif d\u2019humour noir et absurde. Le r\u00e9cit du suspect est en permanence court-circuit\u00e9 par des incidents et des interventions saugrenues, qui conf\u00e8rent au film une ambiance surr\u00e9aliste. <em>Le Charme discret de la bourgeoisie<\/em> de Luis Bunuel est d\u2019ailleurs cit\u00e9 \u00e0 plusieurs reprises, avec notamment une conclusion qui brouille les pistes entre r\u00eave, repr\u00e9sentation et r\u00e9alit\u00e9. Musicien star de la sc\u00e8ne \u00e9lectro pop sous le pseudonyme de Mr Oizo, Quentin Dupieux est d\u00e9sormais un cin\u00e9aste qui compte. Apr\u00e8s une s\u00e9rie de films tourn\u00e9s aux \u00c9tats-Unis, <em>Au poste !<\/em> est sa d\u00e9claration d\u2019amour \u00e0 trois classiques du cin\u00e9ma fran\u00e7ais : <em>Garde \u00e0 vue<\/em> de Claude Miller (le premier titre du film \u00e9tait <em>Garde \u00e0 l\u2019\u0153il<\/em>), <em>Buffet froid<\/em> de Bertrand Blier et <em>Le Magnifique<\/em> de Philippe de Broca, auxquels il rend hommage avec des situations \u00e0 la fois dr\u00f4les et inqui\u00e9tantes. Les d\u00e9cors et la photographies du film sont stylis\u00e9s et \u00e9voquent la France des ann\u00e9es 70, \u00e0 l\u2019instar de son affiche qui parodiait celle de <em>Peur sur la ville<\/em>. Attentif \u00e0 un univers visuel r\u00e9f\u00e9renc\u00e9, Dupieux signe pourtant une com\u00e9die qui repose essentiellement sur des dialogues hilarants, des jeux de mots et des tics de langage, et doit beaucoup aux performances d\u2019acteurs. Le duo form\u00e9 par Benoit Poelvoorde et Gr\u00e9goire Ludig fait des \u00e9tincelles, entour\u00e9 par des seconds r\u00f4les irr\u00e9sistibles comme Ana\u00efs Demoustier et Marc Fraize et flic obtus avec un \u0153il en moins.\u00a0<\/strong><\/p>\n<p><strong>Le prochain film de Quentin Dupieux, <em>Incroyable mai vrai<\/em>, avec Alain Chabat, L\u00e9a Drucker, Beno\u00eet Magimel et Ana\u00efs Demoustier, sortira prochainement en salles. C\u2019est une coproduction ARTE France Cin\u00e9ma.<\/strong><\/p>\n","protected":false},"excerpt":{"rendered":"<p>ARTE diffuse mercredi 18 ao\u00fbt \u00e0 20h55 Au poste !, r\u00e9alis\u00e9 par Quentin Dupieux en 2018. Le film sera \u00e9galement\u2026<\/p>\n","protected":false},"author":116,"featured_media":0,"comment_status":"open","ping_status":"open","sticky":false,"template":"","format":"standard","meta":[],"categories":[8],"tags":[],"yoast_head":"<!-- This site is optimized with the Yoast SEO plugin v20.8 - https:\/\/yoast.com\/wordpress\/plugins\/seo\/ -->\n<title>Au poste\u00a0! de Quentin Dupieux - Olivier P\u00e8re<\/title>\n<meta name=\"robots\" content=\"index, follow, max-snippet:-1, max-image-preview:large, max-video-preview:-1\" \/>\n<link rel=\"canonical\" href=\"https:\/\/www.arte.tv\/sites\/olivierpere\/2021\/08\/13\/au-poste-de-quentin-dupieux\/\" \/>\n<meta property=\"og:locale\" content=\"fr_FR\" \/>\n<meta property=\"og:type\" content=\"article\" \/>\n<meta property=\"og:title\" content=\"Au poste\u00a0! de Quentin Dupieux - Olivier P\u00e8re\" \/>\n<meta property=\"og:description\" content=\"ARTE diffuse mercredi 18 ao\u00fbt \u00e0 20h55 Au poste !, r\u00e9alis\u00e9 par Quentin Dupieux en 2018. Le film sera \u00e9galement\u2026\" \/>\n<meta property=\"og:url\" content=\"https:\/\/www.arte.tv\/sites\/olivierpere\/2021\/08\/13\/au-poste-de-quentin-dupieux\/\" \/>\n<meta property=\"og:site_name\" content=\"Olivier P\u00e8re\" \/>\n<meta property=\"article:published_time\" content=\"2021-08-13T06:48:22+00:00\" \/>\n<meta property=\"article:modified_time\" content=\"2021-08-19T10:09:45+00:00\" \/>\n<meta name=\"author\" content=\"Olivier P\u00e8re\" \/>\n<meta name=\"twitter:label1\" content=\"\u00c9crit par\" \/>\n\t<meta name=\"twitter:data1\" content=\"Olivier P\u00e8re\" \/>\n\t<meta name=\"twitter:label2\" content=\"Dur\u00e9e de lecture estim\u00e9e\" \/>\n\t<meta name=\"twitter:data2\" content=\"2 minutes\" \/>\n<script type=\"application\/ld+json\" class=\"yoast-schema-graph\">{\"@context\":\"https:\/\/schema.org\",\"@graph\":[{\"@type\":\"WebPage\",\"@id\":\"https:\/\/www.arte.tv\/sites\/olivierpere\/2021\/08\/13\/au-poste-de-quentin-dupieux\/\",\"url\":\"https:\/\/www.arte.tv\/sites\/olivierpere\/2021\/08\/13\/au-poste-de-quentin-dupieux\/\",\"name\":\"Au poste\u00a0! de Quentin Dupieux - Olivier P\u00e8re\",\"isPartOf\":{\"@id\":\"https:\/\/www.arte.tv\/sites\/olivierpere\/#website\"},\"datePublished\":\"2021-08-13T06:48:22+00:00\",\"dateModified\":\"2021-08-19T10:09:45+00:00\",\"author\":{\"@id\":\"https:\/\/www.arte.tv\/sites\/olivierpere\/#\/schema\/person\/dc32cd6c79be95e52d43b97a74182558\"},\"breadcrumb\":{\"@id\":\"https:\/\/www.arte.tv\/sites\/olivierpere\/2021\/08\/13\/au-poste-de-quentin-dupieux\/#breadcrumb\"},\"inLanguage\":\"fr-FR\",\"potentialAction\":[{\"@type\":\"ReadAction\",\"target\":[\"https:\/\/www.arte.tv\/sites\/olivierpere\/2021\/08\/13\/au-poste-de-quentin-dupieux\/\"]}]},{\"@type\":\"BreadcrumbList\",\"@id\":\"https:\/\/www.arte.tv\/sites\/olivierpere\/2021\/08\/13\/au-poste-de-quentin-dupieux\/#breadcrumb\",\"itemListElement\":[{\"@type\":\"ListItem\",\"position\":1,\"name\":\"Home\",\"item\":\"https:\/\/www.arte.tv\/sites\/olivierpere\/\"},{\"@type\":\"ListItem\",\"position\":2,\"name\":\"Au poste\u00a0! de Quentin Dupieux\"}]},{\"@type\":\"WebSite\",\"@id\":\"https:\/\/www.arte.tv\/sites\/olivierpere\/#website\",\"url\":\"https:\/\/www.arte.tv\/sites\/olivierpere\/\",\"name\":\"Olivier P\u00e8re\",\"description\":\"\",\"potentialAction\":[{\"@type\":\"SearchAction\",\"target\":{\"@type\":\"EntryPoint\",\"urlTemplate\":\"https:\/\/www.arte.tv\/sites\/olivierpere\/?s={search_term_string}\"},\"query-input\":\"required name=search_term_string\"}],\"inLanguage\":\"fr-FR\"},{\"@type\":\"Person\",\"@id\":\"https:\/\/www.arte.tv\/sites\/olivierpere\/#\/schema\/person\/dc32cd6c79be95e52d43b97a74182558\",\"name\":\"Olivier P\u00e8re\",\"image\":{\"@type\":\"ImageObject\",\"inLanguage\":\"fr-FR\",\"@id\":\"https:\/\/www.arte.tv\/sites\/olivierpere\/#\/schema\/person\/image\/\",\"url\":\"https:\/\/secure.gravatar.com\/avatar\/bdea7b6a2c195e2c41772429a9694758?s=96&d=mm&r=g\",\"contentUrl\":\"https:\/\/secure.gravatar.com\/avatar\/bdea7b6a2c195e2c41772429a9694758?s=96&d=mm&r=g\",\"caption\":\"Olivier P\u00e8re\"},\"url\":\"https:\/\/www.arte.tv\/sites\/olivierpere\/author\/pereolivier\/\"}]}<\/script>\n<!-- \/ Yoast SEO plugin. -->","yoast_head_json":{"title":"Au poste\u00a0! de Quentin Dupieux - Olivier P\u00e8re","robots":{"index":"index","follow":"follow","max-snippet":"max-snippet:-1","max-image-preview":"max-image-preview:large","max-video-preview":"max-video-preview:-1"},"canonical":"https:\/\/www.arte.tv\/sites\/olivierpere\/2021\/08\/13\/au-poste-de-quentin-dupieux\/","og_locale":"fr_FR","og_type":"article","og_title":"Au poste\u00a0! de Quentin Dupieux - Olivier P\u00e8re","og_description":"ARTE diffuse mercredi 18 ao\u00fbt \u00e0 20h55 Au poste !, r\u00e9alis\u00e9 par Quentin Dupieux en 2018. Le film sera \u00e9galement\u2026","og_url":"https:\/\/www.arte.tv\/sites\/olivierpere\/2021\/08\/13\/au-poste-de-quentin-dupieux\/","og_site_name":"Olivier P\u00e8re","article_published_time":"2021-08-13T06:48:22+00:00","article_modified_time":"2021-08-19T10:09:45+00:00","author":"Olivier P\u00e8re","twitter_misc":{"\u00c9crit par":"Olivier P\u00e8re","Dur\u00e9e de lecture estim\u00e9e":"2 minutes"},"schema":{"@context":"https:\/\/schema.org","@graph":[{"@type":"WebPage","@id":"https:\/\/www.arte.tv\/sites\/olivierpere\/2021\/08\/13\/au-poste-de-quentin-dupieux\/","url":"https:\/\/www.arte.tv\/sites\/olivierpere\/2021\/08\/13\/au-poste-de-quentin-dupieux\/","name":"Au poste\u00a0! de Quentin Dupieux - Olivier P\u00e8re","isPartOf":{"@id":"https:\/\/www.arte.tv\/sites\/olivierpere\/#website"},"datePublished":"2021-08-13T06:48:22+00:00","dateModified":"2021-08-19T10:09:45+00:00","author":{"@id":"https:\/\/www.arte.tv\/sites\/olivierpere\/#\/schema\/person\/dc32cd6c79be95e52d43b97a74182558"},"breadcrumb":{"@id":"https:\/\/www.arte.tv\/sites\/olivierpere\/2021\/08\/13\/au-poste-de-quentin-dupieux\/#breadcrumb"},"inLanguage":"fr-FR","potentialAction":[{"@type":"ReadAction","target":["https:\/\/www.arte.tv\/sites\/olivierpere\/2021\/08\/13\/au-poste-de-quentin-dupieux\/"]}]},{"@type":"BreadcrumbList","@id":"https:\/\/www.arte.tv\/sites\/olivierpere\/2021\/08\/13\/au-poste-de-quentin-dupieux\/#breadcrumb","itemListElement":[{"@type":"ListItem","position":1,"name":"Home","item":"https:\/\/www.arte.tv\/sites\/olivierpere\/"},{"@type":"ListItem","position":2,"name":"Au poste\u00a0! de Quentin Dupieux"}]},{"@type":"WebSite","@id":"https:\/\/www.arte.tv\/sites\/olivierpere\/#website","url":"https:\/\/www.arte.tv\/sites\/olivierpere\/","name":"Olivier P\u00e8re","description":"","potentialAction":[{"@type":"SearchAction","target":{"@type":"EntryPoint","urlTemplate":"https:\/\/www.arte.tv\/sites\/olivierpere\/?s={search_term_string}"},"query-input":"required name=search_term_string"}],"inLanguage":"fr-FR"},{"@type":"Person","@id":"https:\/\/www.arte.tv\/sites\/olivierpere\/#\/schema\/person\/dc32cd6c79be95e52d43b97a74182558","name":"Olivier P\u00e8re","image":{"@type":"ImageObject","inLanguage":"fr-FR","@id":"https:\/\/www.arte.tv\/sites\/olivierpere\/#\/schema\/person\/image\/","url":"https:\/\/secure.gravatar.com\/avatar\/bdea7b6a2c195e2c41772429a9694758?s=96&d=mm&r=g","contentUrl":"https:\/\/secure.gravatar.com\/avatar\/bdea7b6a2c195e2c41772429a9694758?s=96&d=mm&r=g","caption":"Olivier P\u00e8re"},"url":"https:\/\/www.arte.tv\/sites\/olivierpere\/author\/pereolivier\/"}]}},"_links":{"self":[{"href":"https:\/\/www.arte.tv\/sites\/olivierpere\/wp-json\/wp\/v2\/posts\/26686"}],"collection":[{"href":"https:\/\/www.arte.tv\/sites\/olivierpere\/wp-json\/wp\/v2\/posts"}],"about":[{"href":"https:\/\/www.arte.tv\/sites\/olivierpere\/wp-json\/wp\/v2\/types\/post"}],"author":[{"embeddable":true,"href":"https:\/\/www.arte.tv\/sites\/olivierpere\/wp-json\/wp\/v2\/users\/116"}],"replies":[{"embeddable":true,"href":"https:\/\/www.arte.tv\/sites\/olivierpere\/wp-json\/wp\/v2\/comments?post=26686"}],"version-history":[{"count":2,"href":"https:\/\/www.arte.tv\/sites\/olivierpere\/wp-json\/wp\/v2\/posts\/26686\/revisions"}],"predecessor-version":[{"id":26688,"href":"https:\/\/www.arte.tv\/sites\/olivierpere\/wp-json\/wp\/v2\/posts\/26686\/revisions\/26688"}],"wp:attachment":[{"href":"https:\/\/www.arte.tv\/sites\/olivierpere\/wp-json\/wp\/v2\/media?parent=26686"}],"wp:term":[{"taxonomy":"category","embeddable":true,"href":"https:\/\/www.arte.tv\/sites\/olivierpere\/wp-json\/wp\/v2\/categories?post=26686"},{"taxonomy":"post_tag","embeddable":true,"href":"https:\/\/www.arte.tv\/sites\/olivierpere\/wp-json\/wp\/v2\/tags?post=26686"}],"curies":[{"name":"wp","href":"https:\/\/api.w.org\/{rel}","templated":true}]}}