{"id":26675,"date":"2021-07-29T11:46:48","date_gmt":"2021-07-29T10:46:48","guid":{"rendered":"https:\/\/www.arte.tv\/sites\/olivierpere\/?p=26675"},"modified":"2021-07-29T11:47:36","modified_gmt":"2021-07-29T10:47:36","slug":"largent-de-poche-de-francois-truffaut","status":"publish","type":"post","link":"https:\/\/www.arte.tv\/sites\/olivierpere\/2021\/07\/29\/largent-de-poche-de-francois-truffaut\/","title":{"rendered":"L\u2019Argent de poche de Fran\u00e7ois Truffaut"},"content":{"rendered":"<p><strong>ARTE diffuse <em>L\u2019Argent de poche<\/em> lundi 9 ao\u00fbt \u00e0 20h55.<\/strong><\/p>\n<p><strong>Fran\u00e7ois Truffaut a d\u00e9but\u00e9 sa carri\u00e8re en 1959 avec <em>Les Quatre Cents Coups<\/em>, classique instantan\u00e9 sur l\u2019enfance rebelle et malheureuse. En 1976, il revient sur ce th\u00e8me fondateur en mettant en sc\u00e8ne les histoires, amusantes ou tragiques, de plusieurs enfants dans la ville de Thiers. Truffaut avait pour projet d\u2019\u00e9voquer tous les \u00e2ges de l\u2019enfance, de 0 \u00e0 12 ans. Sur le mod\u00e8le de <em>La Nuit am\u00e9ricaine<\/em>, il proc\u00e8de \u00e0 un assemblage d\u00e9sordonn\u00e9 de sayn\u00e8tes, de portraits ou de r\u00e9cits crois\u00e9s, rempli de vie et de spontan\u00e9it\u00e9. Cette mosa\u00efque alerte restitue les diff\u00e9rents \u00e9tats de l\u2019enfance, confront\u00e9e \u00e0 la cruaut\u00e9 ou l\u2019indiff\u00e9rence des adultes, ainsi qu\u2019aux premiers \u00e9mois amoureux. <em>L\u2019Argent de poche<\/em> est un film accueillant et libre qui n\u2019a rien de mineur dans l\u2019\u0153uvre de Truffaut. Ce m\u00e9lange de po\u00e9sie, de dr\u00f4lerie et de tristesse r\u00e9v\u00e8le un cin\u00e9aste sensible et en pleine maturit\u00e9, capable de toucher le grand public avec un sujet qui le passionne.\u00a0 <\/strong><\/p>\n<p><strong>Cette diffusion de <em>L\u2019Argent de poche<\/em> est d\u00e9di\u00e9e \u00e0 Jean-Fran\u00e7ois St\u00e9venin, dont nous avons appris la disparition le 28 juillet 2021. Dans le film de Truffaut, St\u00e9venin interpr\u00e8te avec beaucoup de tendresse l\u2019instituteur Richet. Richet est un enseignant compr\u00e9hensif et peu s\u00e9v\u00e8re, jeune p\u00e8re qui prend le parti des enfants et prononce un discours poignant devant sa classe o\u00f9 il exprime des convictions qui sont celles de Truffaut, l&rsquo;homme et le cin\u00e9aste. Selon lui les e<\/strong><strong>nfants subissent de nombreuses injustices et ne peuvent que rarement se d\u00e9fendre. \u00c9voquant sa propre enfance difficile, il plaide pour attribuer le droit de vote aux enfants, de mani\u00e8re que ceux-ci puissent faire entendre leur voix et \u00e9viter de subir le joug des adultes.<\/strong><\/p>\n<p><strong>Acteur chez Truffaut, Rivette, Demy, Mocky, Godard Rochant et bien d\u2019autres, dans de nombreuses productions au cin\u00e9ma comme \u00e0 la t\u00e9l\u00e9vision, St\u00e9venin avait d\u00e9but\u00e9 sa carri\u00e8re comme assistant avant de devenir un cin\u00e9aste aussi rare que talentueux, avec trois films exceptionnels\u00a0: <em>Passe montagne<\/em> (1978), <em>Double Messieurs<\/em> (1986) et <em>Mischka <\/em>(2008). Vous pouvez retrouver Jean-Fran\u00e7ois St\u00e9venin sur ARTE.tv avec l\u2019entretien sur son travail de cin\u00e9aste qu\u2019il nous avait accord\u00e9 en 2018, \u00e0 l\u2019occasion du Vigo d\u2019honneur qui lui avait \u00e9t\u00e9 d\u00e9cern\u00e9 cette ann\u00e9e-l\u00e0.<\/strong><\/p>\n","protected":false},"excerpt":{"rendered":"<p>ARTE diffuse L\u2019Argent de poche lundi 9 ao\u00fbt \u00e0 20h55. Fran\u00e7ois Truffaut a d\u00e9but\u00e9 sa carri\u00e8re en 1959 avec Les\u2026<\/p>\n","protected":false},"author":116,"featured_media":0,"comment_status":"open","ping_status":"open","sticky":false,"template":"","format":"standard","meta":[],"categories":[9,8],"tags":[],"yoast_head":"<!-- This site is optimized with the Yoast SEO plugin v20.8 - https:\/\/yoast.com\/wordpress\/plugins\/seo\/ -->\n<title>L\u2019Argent de poche de Fran\u00e7ois Truffaut - Olivier P\u00e8re<\/title>\n<meta name=\"robots\" content=\"index, follow, max-snippet:-1, max-image-preview:large, max-video-preview:-1\" \/>\n<link rel=\"canonical\" href=\"https:\/\/www.arte.tv\/sites\/olivierpere\/2021\/07\/29\/largent-de-poche-de-francois-truffaut\/\" \/>\n<meta property=\"og:locale\" content=\"fr_FR\" \/>\n<meta property=\"og:type\" content=\"article\" \/>\n<meta property=\"og:title\" content=\"L\u2019Argent de poche de Fran\u00e7ois Truffaut - Olivier P\u00e8re\" \/>\n<meta property=\"og:description\" content=\"ARTE diffuse L\u2019Argent de poche lundi 9 ao\u00fbt \u00e0 20h55. Fran\u00e7ois Truffaut a d\u00e9but\u00e9 sa carri\u00e8re en 1959 avec Les\u2026\" \/>\n<meta property=\"og:url\" content=\"https:\/\/www.arte.tv\/sites\/olivierpere\/2021\/07\/29\/largent-de-poche-de-francois-truffaut\/\" \/>\n<meta property=\"og:site_name\" content=\"Olivier P\u00e8re\" \/>\n<meta property=\"article:published_time\" content=\"2021-07-29T10:46:48+00:00\" \/>\n<meta property=\"article:modified_time\" content=\"2021-07-29T10:47:36+00:00\" \/>\n<meta name=\"author\" content=\"Olivier P\u00e8re\" \/>\n<meta name=\"twitter:label1\" content=\"\u00c9crit par\" \/>\n\t<meta name=\"twitter:data1\" content=\"Olivier P\u00e8re\" \/>\n\t<meta name=\"twitter:label2\" content=\"Dur\u00e9e de lecture estim\u00e9e\" \/>\n\t<meta name=\"twitter:data2\" content=\"2 minutes\" \/>\n<script type=\"application\/ld+json\" class=\"yoast-schema-graph\">{\"@context\":\"https:\/\/schema.org\",\"@graph\":[{\"@type\":\"WebPage\",\"@id\":\"https:\/\/www.arte.tv\/sites\/olivierpere\/2021\/07\/29\/largent-de-poche-de-francois-truffaut\/\",\"url\":\"https:\/\/www.arte.tv\/sites\/olivierpere\/2021\/07\/29\/largent-de-poche-de-francois-truffaut\/\",\"name\":\"L\u2019Argent de poche de Fran\u00e7ois Truffaut - Olivier P\u00e8re\",\"isPartOf\":{\"@id\":\"https:\/\/www.arte.tv\/sites\/olivierpere\/#website\"},\"datePublished\":\"2021-07-29T10:46:48+00:00\",\"dateModified\":\"2021-07-29T10:47:36+00:00\",\"author\":{\"@id\":\"https:\/\/www.arte.tv\/sites\/olivierpere\/#\/schema\/person\/dc32cd6c79be95e52d43b97a74182558\"},\"breadcrumb\":{\"@id\":\"https:\/\/www.arte.tv\/sites\/olivierpere\/2021\/07\/29\/largent-de-poche-de-francois-truffaut\/#breadcrumb\"},\"inLanguage\":\"fr-FR\",\"potentialAction\":[{\"@type\":\"ReadAction\",\"target\":[\"https:\/\/www.arte.tv\/sites\/olivierpere\/2021\/07\/29\/largent-de-poche-de-francois-truffaut\/\"]}]},{\"@type\":\"BreadcrumbList\",\"@id\":\"https:\/\/www.arte.tv\/sites\/olivierpere\/2021\/07\/29\/largent-de-poche-de-francois-truffaut\/#breadcrumb\",\"itemListElement\":[{\"@type\":\"ListItem\",\"position\":1,\"name\":\"Home\",\"item\":\"https:\/\/www.arte.tv\/sites\/olivierpere\/\"},{\"@type\":\"ListItem\",\"position\":2,\"name\":\"L\u2019Argent de poche de Fran\u00e7ois Truffaut\"}]},{\"@type\":\"WebSite\",\"@id\":\"https:\/\/www.arte.tv\/sites\/olivierpere\/#website\",\"url\":\"https:\/\/www.arte.tv\/sites\/olivierpere\/\",\"name\":\"Olivier P\u00e8re\",\"description\":\"\",\"potentialAction\":[{\"@type\":\"SearchAction\",\"target\":{\"@type\":\"EntryPoint\",\"urlTemplate\":\"https:\/\/www.arte.tv\/sites\/olivierpere\/?s={search_term_string}\"},\"query-input\":\"required name=search_term_string\"}],\"inLanguage\":\"fr-FR\"},{\"@type\":\"Person\",\"@id\":\"https:\/\/www.arte.tv\/sites\/olivierpere\/#\/schema\/person\/dc32cd6c79be95e52d43b97a74182558\",\"name\":\"Olivier P\u00e8re\",\"image\":{\"@type\":\"ImageObject\",\"inLanguage\":\"fr-FR\",\"@id\":\"https:\/\/www.arte.tv\/sites\/olivierpere\/#\/schema\/person\/image\/\",\"url\":\"https:\/\/secure.gravatar.com\/avatar\/bdea7b6a2c195e2c41772429a9694758?s=96&d=mm&r=g\",\"contentUrl\":\"https:\/\/secure.gravatar.com\/avatar\/bdea7b6a2c195e2c41772429a9694758?s=96&d=mm&r=g\",\"caption\":\"Olivier P\u00e8re\"},\"url\":\"https:\/\/www.arte.tv\/sites\/olivierpere\/author\/pereolivier\/\"}]}<\/script>\n<!-- \/ Yoast SEO plugin. -->","yoast_head_json":{"title":"L\u2019Argent de poche de Fran\u00e7ois Truffaut - Olivier P\u00e8re","robots":{"index":"index","follow":"follow","max-snippet":"max-snippet:-1","max-image-preview":"max-image-preview:large","max-video-preview":"max-video-preview:-1"},"canonical":"https:\/\/www.arte.tv\/sites\/olivierpere\/2021\/07\/29\/largent-de-poche-de-francois-truffaut\/","og_locale":"fr_FR","og_type":"article","og_title":"L\u2019Argent de poche de Fran\u00e7ois Truffaut - Olivier P\u00e8re","og_description":"ARTE diffuse L\u2019Argent de poche lundi 9 ao\u00fbt \u00e0 20h55. Fran\u00e7ois Truffaut a d\u00e9but\u00e9 sa carri\u00e8re en 1959 avec Les\u2026","og_url":"https:\/\/www.arte.tv\/sites\/olivierpere\/2021\/07\/29\/largent-de-poche-de-francois-truffaut\/","og_site_name":"Olivier P\u00e8re","article_published_time":"2021-07-29T10:46:48+00:00","article_modified_time":"2021-07-29T10:47:36+00:00","author":"Olivier P\u00e8re","twitter_misc":{"\u00c9crit par":"Olivier P\u00e8re","Dur\u00e9e de lecture estim\u00e9e":"2 minutes"},"schema":{"@context":"https:\/\/schema.org","@graph":[{"@type":"WebPage","@id":"https:\/\/www.arte.tv\/sites\/olivierpere\/2021\/07\/29\/largent-de-poche-de-francois-truffaut\/","url":"https:\/\/www.arte.tv\/sites\/olivierpere\/2021\/07\/29\/largent-de-poche-de-francois-truffaut\/","name":"L\u2019Argent de poche de Fran\u00e7ois Truffaut - Olivier P\u00e8re","isPartOf":{"@id":"https:\/\/www.arte.tv\/sites\/olivierpere\/#website"},"datePublished":"2021-07-29T10:46:48+00:00","dateModified":"2021-07-29T10:47:36+00:00","author":{"@id":"https:\/\/www.arte.tv\/sites\/olivierpere\/#\/schema\/person\/dc32cd6c79be95e52d43b97a74182558"},"breadcrumb":{"@id":"https:\/\/www.arte.tv\/sites\/olivierpere\/2021\/07\/29\/largent-de-poche-de-francois-truffaut\/#breadcrumb"},"inLanguage":"fr-FR","potentialAction":[{"@type":"ReadAction","target":["https:\/\/www.arte.tv\/sites\/olivierpere\/2021\/07\/29\/largent-de-poche-de-francois-truffaut\/"]}]},{"@type":"BreadcrumbList","@id":"https:\/\/www.arte.tv\/sites\/olivierpere\/2021\/07\/29\/largent-de-poche-de-francois-truffaut\/#breadcrumb","itemListElement":[{"@type":"ListItem","position":1,"name":"Home","item":"https:\/\/www.arte.tv\/sites\/olivierpere\/"},{"@type":"ListItem","position":2,"name":"L\u2019Argent de poche de Fran\u00e7ois Truffaut"}]},{"@type":"WebSite","@id":"https:\/\/www.arte.tv\/sites\/olivierpere\/#website","url":"https:\/\/www.arte.tv\/sites\/olivierpere\/","name":"Olivier P\u00e8re","description":"","potentialAction":[{"@type":"SearchAction","target":{"@type":"EntryPoint","urlTemplate":"https:\/\/www.arte.tv\/sites\/olivierpere\/?s={search_term_string}"},"query-input":"required name=search_term_string"}],"inLanguage":"fr-FR"},{"@type":"Person","@id":"https:\/\/www.arte.tv\/sites\/olivierpere\/#\/schema\/person\/dc32cd6c79be95e52d43b97a74182558","name":"Olivier P\u00e8re","image":{"@type":"ImageObject","inLanguage":"fr-FR","@id":"https:\/\/www.arte.tv\/sites\/olivierpere\/#\/schema\/person\/image\/","url":"https:\/\/secure.gravatar.com\/avatar\/bdea7b6a2c195e2c41772429a9694758?s=96&d=mm&r=g","contentUrl":"https:\/\/secure.gravatar.com\/avatar\/bdea7b6a2c195e2c41772429a9694758?s=96&d=mm&r=g","caption":"Olivier P\u00e8re"},"url":"https:\/\/www.arte.tv\/sites\/olivierpere\/author\/pereolivier\/"}]}},"_links":{"self":[{"href":"https:\/\/www.arte.tv\/sites\/olivierpere\/wp-json\/wp\/v2\/posts\/26675"}],"collection":[{"href":"https:\/\/www.arte.tv\/sites\/olivierpere\/wp-json\/wp\/v2\/posts"}],"about":[{"href":"https:\/\/www.arte.tv\/sites\/olivierpere\/wp-json\/wp\/v2\/types\/post"}],"author":[{"embeddable":true,"href":"https:\/\/www.arte.tv\/sites\/olivierpere\/wp-json\/wp\/v2\/users\/116"}],"replies":[{"embeddable":true,"href":"https:\/\/www.arte.tv\/sites\/olivierpere\/wp-json\/wp\/v2\/comments?post=26675"}],"version-history":[{"count":1,"href":"https:\/\/www.arte.tv\/sites\/olivierpere\/wp-json\/wp\/v2\/posts\/26675\/revisions"}],"predecessor-version":[{"id":26676,"href":"https:\/\/www.arte.tv\/sites\/olivierpere\/wp-json\/wp\/v2\/posts\/26675\/revisions\/26676"}],"wp:attachment":[{"href":"https:\/\/www.arte.tv\/sites\/olivierpere\/wp-json\/wp\/v2\/media?parent=26675"}],"wp:term":[{"taxonomy":"category","embeddable":true,"href":"https:\/\/www.arte.tv\/sites\/olivierpere\/wp-json\/wp\/v2\/categories?post=26675"},{"taxonomy":"post_tag","embeddable":true,"href":"https:\/\/www.arte.tv\/sites\/olivierpere\/wp-json\/wp\/v2\/tags?post=26675"}],"curies":[{"name":"wp","href":"https:\/\/api.w.org\/{rel}","templated":true}]}}