{"id":26658,"date":"2021-07-17T23:23:08","date_gmt":"2021-07-17T22:23:08","guid":{"rendered":"https:\/\/www.arte.tv\/sites\/olivierpere\/?p=26658"},"modified":"2021-07-23T17:35:20","modified_gmt":"2021-07-23T16:35:20","slug":"cannes-2021-jour-11-11eme-palme-dor-pour-arte-au-festival-de-cannes-et-7-prix-au-palmares","status":"publish","type":"post","link":"https:\/\/www.arte.tv\/sites\/olivierpere\/2021\/07\/17\/cannes-2021-jour-11-11eme-palme-dor-pour-arte-au-festival-de-cannes-et-7-prix-au-palmares\/","title":{"rendered":"Cannes 2021 Jour 11 : 11\u00e8me palme d\u2019or pour ARTE au festival de Cannes et 7 prix au palmar\u00e8s"},"content":{"rendered":"<p><strong>ARTE, qui accompagnait 33 films au Festival de Cannes, est tr\u00e8s heureuse d\u2019\u00eatre associ\u00e9e aux plus hautes r\u00e9compenses d\u00e9cern\u00e9es par le Jury du 74\u00e8me Festival de Cannes : la Palme d\u2019or, le Grand Prix, le Prix du jury et le Prix de la mise en sc\u00e8ne.<\/strong><\/p>\n<p><strong>\u00a0<\/strong><\/p>\n<p><strong><em>\u00ab\u00a0ARTE est fi\u00e8re d\u2019avoir coproduit la Palme d\u2019Or du Festival de Cannes qui consacre l\u2019audace de Julia Ducournau qui a su inventer avec <\/em>Titane<em>, une mythologie moderne et f\u00e9licite chaleureusement les r\u00e9alisateurs, auteurs, producteurs et com\u00e9diens qui ont su nous \u00e9mouvoir et nous surprendre avec des \u0153uvres puissantes.\u00a0\u00bb <\/em>Bruno Patino, pr\u00e9sident d\u2019ARTE<\/strong><\/p>\n<p>&nbsp;<\/p>\n<p><strong>Lors de cette \u00e9dition exceptionnelle, les \u00e9quipes de la cha\u00eene se r\u00e9jouissent d\u2019avoir soutenu 11 films d\u2019auteurs europ\u00e9ens et internationaux pr\u00e9sent\u00e9s en comp\u00e9tition parmi lesquels 7 ont \u00e9t\u00e9 r\u00e9compens\u00e9s. Bravo \u00e0 Julia Ducournau et \u00e0 cette Palme historique qui vient conclure un festival m\u00e9morable, \u00e0 Leos Carax dont le g\u00e9nial <em>Annette<\/em> m\u00e9ritait toutes les lauriers, et aussi aux deux grands absents de ce palmar\u00e8s pourtant sans faute, <em>France<\/em> de Bruno Dumont et <em>Benedetta<\/em> de Paul Verhoeven.<\/strong><\/p>\n<p>&nbsp;<\/p>\n<p><strong>Palme d\u2019or\u00a0: <em>Titane<\/em> de Julia Ducournau<\/strong><\/p>\n<p>&nbsp;<\/p>\n<p><strong>Grand Prix ex-aequo\u00a0: <em>Un h\u00e9ros<\/em> de Asghar Farhadi et <em>Compartiment n\u00b0 6<\/em> de Juho Kuosmanen<\/strong><\/p>\n<p>&nbsp;<\/p>\n<p><strong>Prix de la mise en sc\u00e8ne : Leos Carax pour <em>Annette<\/em><\/strong><\/p>\n<p>&nbsp;<\/p>\n<p><strong>Prix du jury ex-aequo : <em>Le Genou d\u2019Ahed<\/em> de Nadav Lapid \u00a0et <em>Memoria<\/em> d\u2019Apichatpong Weerasethakul<\/strong><\/p>\n<p>&nbsp;<\/p>\n<p><strong>Prix d\u2019interpr\u00e9tation f\u00e9minine\u00a0: \u00a0Renate Reinsve pour <em>Julie (en 12 chapitres)<\/em> de Joachim Trier<\/strong><\/p>\n<p>&nbsp;<\/p>\n<p><strong>_________________________________________<\/strong><\/p>\n<p>&nbsp;<\/p>\n<div><strong>Prix d&rsquo;ensemble pour <em>Bonne M\u00e8re<\/em> de Hafsia Herzi (Un Certain Regard)<\/strong><\/div>\n<div><strong>Mention sp\u00e9ciale pour <em>Noche de Fuego<\/em> de Tatiana Herzo (Un certain Regard)<\/strong><\/div>\n<div><strong>Prix Europa Cinemas pour <em>A Chiara<\/em> de Jonas Carpignano (Quinzaine des R\u00e9alisateurs)<\/strong><\/div>\n<div><\/div>\n<div><\/div>\n<div>\n<div id=\"attachment_26655\" style=\"width: 1290px\" class=\"wp-caption alignnone\"><img aria-describedby=\"caption-attachment-26655\" decoding=\"async\" loading=\"lazy\" class=\"size-full wp-image-26655\" src=\"https:\/\/www.arte.tv\/sites\/olivierpere\/files\/julia-ducournau-2.jpg\" alt=\"\" width=\"1280\" height=\"1920\" srcset=\"https:\/\/www.arte.tv\/sites\/olivierpere\/files\/julia-ducournau-2.jpg 1280w, https:\/\/www.arte.tv\/sites\/olivierpere\/files\/julia-ducournau-2-187x280.jpg 187w, https:\/\/www.arte.tv\/sites\/olivierpere\/files\/julia-ducournau-2-512x768.jpg 512w, https:\/\/www.arte.tv\/sites\/olivierpere\/files\/julia-ducournau-2-768x1152.jpg 768w, https:\/\/www.arte.tv\/sites\/olivierpere\/files\/julia-ducournau-2-1024x1536.jpg 1024w, https:\/\/www.arte.tv\/sites\/olivierpere\/files\/julia-ducournau-2-580x870.jpg 580w\" sizes=\"(max-width: 1280px) 100vw, 1280px\" \/><p id=\"caption-attachment-26655\" class=\"wp-caption-text\">Julia Ducournau \u00a9 Bertrand No\u00ebl<\/p><\/div>\n<\/div>\n","protected":false},"excerpt":{"rendered":"<p>ARTE, qui accompagnait 33 films au Festival de Cannes, est tr\u00e8s heureuse d\u2019\u00eatre associ\u00e9e aux plus hautes r\u00e9compenses d\u00e9cern\u00e9es par\u2026<\/p>\n","protected":false},"author":116,"featured_media":26659,"comment_status":"open","ping_status":"open","sticky":false,"template":"","format":"standard","meta":[],"categories":[9,6],"tags":[],"yoast_head":"<!-- This site is optimized with the Yoast SEO plugin v20.8 - https:\/\/yoast.com\/wordpress\/plugins\/seo\/ -->\n<title>Cannes 2021 Jour 11 : 11\u00e8me palme d\u2019or pour ARTE au festival de Cannes et 7 prix au palmar\u00e8s - Olivier P\u00e8re<\/title>\n<meta name=\"robots\" content=\"index, follow, max-snippet:-1, max-image-preview:large, max-video-preview:-1\" \/>\n<link rel=\"canonical\" href=\"https:\/\/www.arte.tv\/sites\/olivierpere\/2021\/07\/17\/cannes-2021-jour-11-11eme-palme-dor-pour-arte-au-festival-de-cannes-et-7-prix-au-palmares\/\" \/>\n<meta property=\"og:locale\" content=\"fr_FR\" \/>\n<meta property=\"og:type\" content=\"article\" \/>\n<meta property=\"og:title\" content=\"Cannes 2021 Jour 11 : 11\u00e8me palme d\u2019or pour ARTE au festival de Cannes et 7 prix au palmar\u00e8s - Olivier P\u00e8re\" \/>\n<meta property=\"og:description\" content=\"ARTE, qui accompagnait 33 films au Festival de Cannes, est tr\u00e8s heureuse d\u2019\u00eatre associ\u00e9e aux plus hautes r\u00e9compenses d\u00e9cern\u00e9es par\u2026\" \/>\n<meta property=\"og:url\" content=\"https:\/\/www.arte.tv\/sites\/olivierpere\/2021\/07\/17\/cannes-2021-jour-11-11eme-palme-dor-pour-arte-au-festival-de-cannes-et-7-prix-au-palmares\/\" \/>\n<meta property=\"og:site_name\" content=\"Olivier P\u00e8re\" \/>\n<meta property=\"article:published_time\" content=\"2021-07-17T22:23:08+00:00\" \/>\n<meta property=\"article:modified_time\" content=\"2021-07-23T16:35:20+00:00\" \/>\n<meta property=\"og:image\" content=\"https:\/\/www.arte.tv\/sites\/olivierpere\/files\/julia-ducournau-2-1.jpg\" \/>\n\t<meta property=\"og:image:width\" content=\"1280\" \/>\n\t<meta property=\"og:image:height\" content=\"1920\" \/>\n\t<meta property=\"og:image:type\" content=\"image\/jpeg\" \/>\n<meta name=\"author\" content=\"Olivier P\u00e8re\" \/>\n<meta name=\"twitter:label1\" content=\"\u00c9crit par\" \/>\n\t<meta name=\"twitter:data1\" content=\"Olivier P\u00e8re\" \/>\n\t<meta name=\"twitter:label2\" content=\"Dur\u00e9e de lecture estim\u00e9e\" \/>\n\t<meta name=\"twitter:data2\" content=\"2 minutes\" \/>\n<script type=\"application\/ld+json\" class=\"yoast-schema-graph\">{\"@context\":\"https:\/\/schema.org\",\"@graph\":[{\"@type\":\"WebPage\",\"@id\":\"https:\/\/www.arte.tv\/sites\/olivierpere\/2021\/07\/17\/cannes-2021-jour-11-11eme-palme-dor-pour-arte-au-festival-de-cannes-et-7-prix-au-palmares\/\",\"url\":\"https:\/\/www.arte.tv\/sites\/olivierpere\/2021\/07\/17\/cannes-2021-jour-11-11eme-palme-dor-pour-arte-au-festival-de-cannes-et-7-prix-au-palmares\/\",\"name\":\"Cannes 2021 Jour 11 : 11\u00e8me palme d\u2019or pour ARTE au festival de Cannes et 7 prix au palmar\u00e8s - Olivier P\u00e8re\",\"isPartOf\":{\"@id\":\"https:\/\/www.arte.tv\/sites\/olivierpere\/#website\"},\"datePublished\":\"2021-07-17T22:23:08+00:00\",\"dateModified\":\"2021-07-23T16:35:20+00:00\",\"author\":{\"@id\":\"https:\/\/www.arte.tv\/sites\/olivierpere\/#\/schema\/person\/dc32cd6c79be95e52d43b97a74182558\"},\"breadcrumb\":{\"@id\":\"https:\/\/www.arte.tv\/sites\/olivierpere\/2021\/07\/17\/cannes-2021-jour-11-11eme-palme-dor-pour-arte-au-festival-de-cannes-et-7-prix-au-palmares\/#breadcrumb\"},\"inLanguage\":\"fr-FR\",\"potentialAction\":[{\"@type\":\"ReadAction\",\"target\":[\"https:\/\/www.arte.tv\/sites\/olivierpere\/2021\/07\/17\/cannes-2021-jour-11-11eme-palme-dor-pour-arte-au-festival-de-cannes-et-7-prix-au-palmares\/\"]}]},{\"@type\":\"BreadcrumbList\",\"@id\":\"https:\/\/www.arte.tv\/sites\/olivierpere\/2021\/07\/17\/cannes-2021-jour-11-11eme-palme-dor-pour-arte-au-festival-de-cannes-et-7-prix-au-palmares\/#breadcrumb\",\"itemListElement\":[{\"@type\":\"ListItem\",\"position\":1,\"name\":\"Home\",\"item\":\"https:\/\/www.arte.tv\/sites\/olivierpere\/\"},{\"@type\":\"ListItem\",\"position\":2,\"name\":\"Cannes 2021 Jour 11 : 11\u00e8me palme d\u2019or pour ARTE au festival de Cannes et 7 prix au palmar\u00e8s\"}]},{\"@type\":\"WebSite\",\"@id\":\"https:\/\/www.arte.tv\/sites\/olivierpere\/#website\",\"url\":\"https:\/\/www.arte.tv\/sites\/olivierpere\/\",\"name\":\"Olivier P\u00e8re\",\"description\":\"\",\"potentialAction\":[{\"@type\":\"SearchAction\",\"target\":{\"@type\":\"EntryPoint\",\"urlTemplate\":\"https:\/\/www.arte.tv\/sites\/olivierpere\/?s={search_term_string}\"},\"query-input\":\"required name=search_term_string\"}],\"inLanguage\":\"fr-FR\"},{\"@type\":\"Person\",\"@id\":\"https:\/\/www.arte.tv\/sites\/olivierpere\/#\/schema\/person\/dc32cd6c79be95e52d43b97a74182558\",\"name\":\"Olivier P\u00e8re\",\"image\":{\"@type\":\"ImageObject\",\"inLanguage\":\"fr-FR\",\"@id\":\"https:\/\/www.arte.tv\/sites\/olivierpere\/#\/schema\/person\/image\/\",\"url\":\"https:\/\/secure.gravatar.com\/avatar\/bdea7b6a2c195e2c41772429a9694758?s=96&d=mm&r=g\",\"contentUrl\":\"https:\/\/secure.gravatar.com\/avatar\/bdea7b6a2c195e2c41772429a9694758?s=96&d=mm&r=g\",\"caption\":\"Olivier P\u00e8re\"},\"url\":\"https:\/\/www.arte.tv\/sites\/olivierpere\/author\/pereolivier\/\"}]}<\/script>\n<!-- \/ Yoast SEO plugin. -->","yoast_head_json":{"title":"Cannes 2021 Jour 11 : 11\u00e8me palme d\u2019or pour ARTE au festival de Cannes et 7 prix au palmar\u00e8s - Olivier P\u00e8re","robots":{"index":"index","follow":"follow","max-snippet":"max-snippet:-1","max-image-preview":"max-image-preview:large","max-video-preview":"max-video-preview:-1"},"canonical":"https:\/\/www.arte.tv\/sites\/olivierpere\/2021\/07\/17\/cannes-2021-jour-11-11eme-palme-dor-pour-arte-au-festival-de-cannes-et-7-prix-au-palmares\/","og_locale":"fr_FR","og_type":"article","og_title":"Cannes 2021 Jour 11 : 11\u00e8me palme d\u2019or pour ARTE au festival de Cannes et 7 prix au palmar\u00e8s - Olivier P\u00e8re","og_description":"ARTE, qui accompagnait 33 films au Festival de Cannes, est tr\u00e8s heureuse d\u2019\u00eatre associ\u00e9e aux plus hautes r\u00e9compenses d\u00e9cern\u00e9es par\u2026","og_url":"https:\/\/www.arte.tv\/sites\/olivierpere\/2021\/07\/17\/cannes-2021-jour-11-11eme-palme-dor-pour-arte-au-festival-de-cannes-et-7-prix-au-palmares\/","og_site_name":"Olivier P\u00e8re","article_published_time":"2021-07-17T22:23:08+00:00","article_modified_time":"2021-07-23T16:35:20+00:00","og_image":[{"width":1280,"height":1920,"url":"https:\/\/www.arte.tv\/sites\/olivierpere\/files\/julia-ducournau-2-1.jpg","type":"image\/jpeg"}],"author":"Olivier P\u00e8re","twitter_misc":{"\u00c9crit par":"Olivier P\u00e8re","Dur\u00e9e de lecture estim\u00e9e":"2 minutes"},"schema":{"@context":"https:\/\/schema.org","@graph":[{"@type":"WebPage","@id":"https:\/\/www.arte.tv\/sites\/olivierpere\/2021\/07\/17\/cannes-2021-jour-11-11eme-palme-dor-pour-arte-au-festival-de-cannes-et-7-prix-au-palmares\/","url":"https:\/\/www.arte.tv\/sites\/olivierpere\/2021\/07\/17\/cannes-2021-jour-11-11eme-palme-dor-pour-arte-au-festival-de-cannes-et-7-prix-au-palmares\/","name":"Cannes 2021 Jour 11 : 11\u00e8me palme d\u2019or pour ARTE au festival de Cannes et 7 prix au palmar\u00e8s - Olivier P\u00e8re","isPartOf":{"@id":"https:\/\/www.arte.tv\/sites\/olivierpere\/#website"},"datePublished":"2021-07-17T22:23:08+00:00","dateModified":"2021-07-23T16:35:20+00:00","author":{"@id":"https:\/\/www.arte.tv\/sites\/olivierpere\/#\/schema\/person\/dc32cd6c79be95e52d43b97a74182558"},"breadcrumb":{"@id":"https:\/\/www.arte.tv\/sites\/olivierpere\/2021\/07\/17\/cannes-2021-jour-11-11eme-palme-dor-pour-arte-au-festival-de-cannes-et-7-prix-au-palmares\/#breadcrumb"},"inLanguage":"fr-FR","potentialAction":[{"@type":"ReadAction","target":["https:\/\/www.arte.tv\/sites\/olivierpere\/2021\/07\/17\/cannes-2021-jour-11-11eme-palme-dor-pour-arte-au-festival-de-cannes-et-7-prix-au-palmares\/"]}]},{"@type":"BreadcrumbList","@id":"https:\/\/www.arte.tv\/sites\/olivierpere\/2021\/07\/17\/cannes-2021-jour-11-11eme-palme-dor-pour-arte-au-festival-de-cannes-et-7-prix-au-palmares\/#breadcrumb","itemListElement":[{"@type":"ListItem","position":1,"name":"Home","item":"https:\/\/www.arte.tv\/sites\/olivierpere\/"},{"@type":"ListItem","position":2,"name":"Cannes 2021 Jour 11 : 11\u00e8me palme d\u2019or pour ARTE au festival de Cannes et 7 prix au palmar\u00e8s"}]},{"@type":"WebSite","@id":"https:\/\/www.arte.tv\/sites\/olivierpere\/#website","url":"https:\/\/www.arte.tv\/sites\/olivierpere\/","name":"Olivier P\u00e8re","description":"","potentialAction":[{"@type":"SearchAction","target":{"@type":"EntryPoint","urlTemplate":"https:\/\/www.arte.tv\/sites\/olivierpere\/?s={search_term_string}"},"query-input":"required name=search_term_string"}],"inLanguage":"fr-FR"},{"@type":"Person","@id":"https:\/\/www.arte.tv\/sites\/olivierpere\/#\/schema\/person\/dc32cd6c79be95e52d43b97a74182558","name":"Olivier P\u00e8re","image":{"@type":"ImageObject","inLanguage":"fr-FR","@id":"https:\/\/www.arte.tv\/sites\/olivierpere\/#\/schema\/person\/image\/","url":"https:\/\/secure.gravatar.com\/avatar\/bdea7b6a2c195e2c41772429a9694758?s=96&d=mm&r=g","contentUrl":"https:\/\/secure.gravatar.com\/avatar\/bdea7b6a2c195e2c41772429a9694758?s=96&d=mm&r=g","caption":"Olivier P\u00e8re"},"url":"https:\/\/www.arte.tv\/sites\/olivierpere\/author\/pereolivier\/"}]}},"_links":{"self":[{"href":"https:\/\/www.arte.tv\/sites\/olivierpere\/wp-json\/wp\/v2\/posts\/26658"}],"collection":[{"href":"https:\/\/www.arte.tv\/sites\/olivierpere\/wp-json\/wp\/v2\/posts"}],"about":[{"href":"https:\/\/www.arte.tv\/sites\/olivierpere\/wp-json\/wp\/v2\/types\/post"}],"author":[{"embeddable":true,"href":"https:\/\/www.arte.tv\/sites\/olivierpere\/wp-json\/wp\/v2\/users\/116"}],"replies":[{"embeddable":true,"href":"https:\/\/www.arte.tv\/sites\/olivierpere\/wp-json\/wp\/v2\/comments?post=26658"}],"version-history":[{"count":1,"href":"https:\/\/www.arte.tv\/sites\/olivierpere\/wp-json\/wp\/v2\/posts\/26658\/revisions"}],"predecessor-version":[{"id":26660,"href":"https:\/\/www.arte.tv\/sites\/olivierpere\/wp-json\/wp\/v2\/posts\/26658\/revisions\/26660"}],"wp:featuredmedia":[{"embeddable":true,"href":"https:\/\/www.arte.tv\/sites\/olivierpere\/wp-json\/wp\/v2\/media\/26659"}],"wp:attachment":[{"href":"https:\/\/www.arte.tv\/sites\/olivierpere\/wp-json\/wp\/v2\/media?parent=26658"}],"wp:term":[{"taxonomy":"category","embeddable":true,"href":"https:\/\/www.arte.tv\/sites\/olivierpere\/wp-json\/wp\/v2\/categories?post=26658"},{"taxonomy":"post_tag","embeddable":true,"href":"https:\/\/www.arte.tv\/sites\/olivierpere\/wp-json\/wp\/v2\/tags?post=26658"}],"curies":[{"name":"wp","href":"https:\/\/api.w.org\/{rel}","templated":true}]}}