{"id":26609,"date":"2021-07-12T15:14:02","date_gmt":"2021-07-12T14:14:02","guid":{"rendered":"https:\/\/www.arte.tv\/sites\/olivierpere\/?p=26609"},"modified":"2021-07-14T15:19:19","modified_gmt":"2021-07-14T14:19:19","slug":"cannes-2021-jour-6-conversation-avec-leyla-bouzid","status":"publish","type":"post","link":"https:\/\/www.arte.tv\/sites\/olivierpere\/2021\/07\/12\/cannes-2021-jour-6-conversation-avec-leyla-bouzid\/","title":{"rendered":"Cannes 2021 Jour 6 : conversation avec Leyla Bouzid"},"content":{"rendered":"<p><iframe loading=\"lazy\" style=\"margin: 0 auto;background-color: #000000\" src=\"https:\/\/www.arte.tv\/player\/v6\/?lang=fr_FR&amp;version=&amp;json_url=https%3A%2F%2Fapi.arte.tv%2Fapi%2Fplayer%2Fv2%2Fconfig%2Ffr%2F103555-006-A%3Fautoplay%3Dfalse\" width=\"720\" height=\"406\" frameborder=\"0\" scrolling=\"no\"><\/iframe><\/p>\n<p><strong>Conversation avec Leyla Bouzid, dont le second long m\u00e9trage <em>Une histoire d&rsquo;amour et de d\u00e9sir<\/em> est pr\u00e9sent\u00e9 \u00e0 la Semaine de la Critique.<\/strong><\/p>\n<div id=\"attachment_26610\" style=\"width: 1290px\" class=\"wp-caption alignnone\"><img aria-describedby=\"caption-attachment-26610\" decoding=\"async\" loading=\"lazy\" class=\"size-full wp-image-26610\" src=\"https:\/\/www.arte.tv\/sites\/olivierpere\/files\/sami-outalbali-leyla-bouzid-zbeida-belhajamor.jpg\" alt=\"sami-outalbali-leyla-bouzid-zbeida-belhajamor \u00a9 Bertrand No\u00ebl\" width=\"1280\" height=\"1920\" srcset=\"https:\/\/www.arte.tv\/sites\/olivierpere\/files\/sami-outalbali-leyla-bouzid-zbeida-belhajamor.jpg 1280w, https:\/\/www.arte.tv\/sites\/olivierpere\/files\/sami-outalbali-leyla-bouzid-zbeida-belhajamor-187x280.jpg 187w, https:\/\/www.arte.tv\/sites\/olivierpere\/files\/sami-outalbali-leyla-bouzid-zbeida-belhajamor-512x768.jpg 512w, https:\/\/www.arte.tv\/sites\/olivierpere\/files\/sami-outalbali-leyla-bouzid-zbeida-belhajamor-768x1152.jpg 768w, https:\/\/www.arte.tv\/sites\/olivierpere\/files\/sami-outalbali-leyla-bouzid-zbeida-belhajamor-1024x1536.jpg 1024w, https:\/\/www.arte.tv\/sites\/olivierpere\/files\/sami-outalbali-leyla-bouzid-zbeida-belhajamor-580x870.jpg 580w\" sizes=\"(max-width: 1280px) 100vw, 1280px\" \/><p id=\"caption-attachment-26610\" class=\"wp-caption-text\"><strong>Leyla Bouzid entour\u00e9e de ses com\u00e9diens Sami Outalbali et Zbeida Belhajamor \u00a9 Bertrand No\u00ebl<\/strong><\/p><\/div>\n","protected":false},"excerpt":{"rendered":"<p>Conversation avec Leyla Bouzid, dont le second long m\u00e9trage Une histoire d&rsquo;amour et de d\u00e9sir est pr\u00e9sent\u00e9 \u00e0 la Semaine\u2026<\/p>\n","protected":false},"author":116,"featured_media":26611,"comment_status":"open","ping_status":"open","sticky":false,"template":"","format":"standard","meta":[],"categories":[9,6,7],"tags":[],"yoast_head":"<!-- This site is optimized with the Yoast SEO plugin v20.8 - https:\/\/yoast.com\/wordpress\/plugins\/seo\/ -->\n<title>Cannes 2021 Jour 6 : conversation avec Leyla Bouzid - Olivier P\u00e8re<\/title>\n<meta name=\"robots\" content=\"index, follow, max-snippet:-1, max-image-preview:large, max-video-preview:-1\" \/>\n<link rel=\"canonical\" href=\"https:\/\/www.arte.tv\/sites\/olivierpere\/2021\/07\/12\/cannes-2021-jour-6-conversation-avec-leyla-bouzid\/\" \/>\n<meta property=\"og:locale\" content=\"fr_FR\" \/>\n<meta property=\"og:type\" content=\"article\" \/>\n<meta property=\"og:title\" content=\"Cannes 2021 Jour 6 : conversation avec Leyla Bouzid - Olivier P\u00e8re\" \/>\n<meta property=\"og:description\" content=\"Conversation avec Leyla Bouzid, dont le second long m\u00e9trage Une histoire d&rsquo;amour et de d\u00e9sir est pr\u00e9sent\u00e9 \u00e0 la Semaine\u2026\" \/>\n<meta property=\"og:url\" content=\"https:\/\/www.arte.tv\/sites\/olivierpere\/2021\/07\/12\/cannes-2021-jour-6-conversation-avec-leyla-bouzid\/\" \/>\n<meta property=\"og:site_name\" content=\"Olivier P\u00e8re\" \/>\n<meta property=\"article:published_time\" content=\"2021-07-12T14:14:02+00:00\" \/>\n<meta property=\"article:modified_time\" content=\"2021-07-14T14:19:19+00:00\" \/>\n<meta property=\"og:image\" content=\"https:\/\/www.arte.tv\/sites\/olivierpere\/files\/amour.jpeg\" \/>\n\t<meta property=\"og:image:width\" content=\"2500\" \/>\n\t<meta property=\"og:image:height\" content=\"1047\" \/>\n\t<meta property=\"og:image:type\" content=\"image\/jpeg\" \/>\n<meta name=\"author\" content=\"Olivier P\u00e8re\" \/>\n<meta name=\"twitter:label1\" content=\"\u00c9crit par\" \/>\n\t<meta name=\"twitter:data1\" content=\"Olivier P\u00e8re\" \/>\n\t<meta name=\"twitter:label2\" content=\"Dur\u00e9e de lecture estim\u00e9e\" \/>\n\t<meta name=\"twitter:data2\" content=\"1 minute\" \/>\n<script type=\"application\/ld+json\" class=\"yoast-schema-graph\">{\"@context\":\"https:\/\/schema.org\",\"@graph\":[{\"@type\":\"WebPage\",\"@id\":\"https:\/\/www.arte.tv\/sites\/olivierpere\/2021\/07\/12\/cannes-2021-jour-6-conversation-avec-leyla-bouzid\/\",\"url\":\"https:\/\/www.arte.tv\/sites\/olivierpere\/2021\/07\/12\/cannes-2021-jour-6-conversation-avec-leyla-bouzid\/\",\"name\":\"Cannes 2021 Jour 6 : conversation avec Leyla Bouzid - Olivier P\u00e8re\",\"isPartOf\":{\"@id\":\"https:\/\/www.arte.tv\/sites\/olivierpere\/#website\"},\"datePublished\":\"2021-07-12T14:14:02+00:00\",\"dateModified\":\"2021-07-14T14:19:19+00:00\",\"author\":{\"@id\":\"https:\/\/www.arte.tv\/sites\/olivierpere\/#\/schema\/person\/dc32cd6c79be95e52d43b97a74182558\"},\"breadcrumb\":{\"@id\":\"https:\/\/www.arte.tv\/sites\/olivierpere\/2021\/07\/12\/cannes-2021-jour-6-conversation-avec-leyla-bouzid\/#breadcrumb\"},\"inLanguage\":\"fr-FR\",\"potentialAction\":[{\"@type\":\"ReadAction\",\"target\":[\"https:\/\/www.arte.tv\/sites\/olivierpere\/2021\/07\/12\/cannes-2021-jour-6-conversation-avec-leyla-bouzid\/\"]}]},{\"@type\":\"BreadcrumbList\",\"@id\":\"https:\/\/www.arte.tv\/sites\/olivierpere\/2021\/07\/12\/cannes-2021-jour-6-conversation-avec-leyla-bouzid\/#breadcrumb\",\"itemListElement\":[{\"@type\":\"ListItem\",\"position\":1,\"name\":\"Home\",\"item\":\"https:\/\/www.arte.tv\/sites\/olivierpere\/\"},{\"@type\":\"ListItem\",\"position\":2,\"name\":\"Cannes 2021 Jour 6 : conversation avec Leyla Bouzid\"}]},{\"@type\":\"WebSite\",\"@id\":\"https:\/\/www.arte.tv\/sites\/olivierpere\/#website\",\"url\":\"https:\/\/www.arte.tv\/sites\/olivierpere\/\",\"name\":\"Olivier P\u00e8re\",\"description\":\"\",\"potentialAction\":[{\"@type\":\"SearchAction\",\"target\":{\"@type\":\"EntryPoint\",\"urlTemplate\":\"https:\/\/www.arte.tv\/sites\/olivierpere\/?s={search_term_string}\"},\"query-input\":\"required name=search_term_string\"}],\"inLanguage\":\"fr-FR\"},{\"@type\":\"Person\",\"@id\":\"https:\/\/www.arte.tv\/sites\/olivierpere\/#\/schema\/person\/dc32cd6c79be95e52d43b97a74182558\",\"name\":\"Olivier P\u00e8re\",\"image\":{\"@type\":\"ImageObject\",\"inLanguage\":\"fr-FR\",\"@id\":\"https:\/\/www.arte.tv\/sites\/olivierpere\/#\/schema\/person\/image\/\",\"url\":\"https:\/\/secure.gravatar.com\/avatar\/bdea7b6a2c195e2c41772429a9694758?s=96&d=mm&r=g\",\"contentUrl\":\"https:\/\/secure.gravatar.com\/avatar\/bdea7b6a2c195e2c41772429a9694758?s=96&d=mm&r=g\",\"caption\":\"Olivier P\u00e8re\"},\"url\":\"https:\/\/www.arte.tv\/sites\/olivierpere\/author\/pereolivier\/\"}]}<\/script>\n<!-- \/ Yoast SEO plugin. -->","yoast_head_json":{"title":"Cannes 2021 Jour 6 : conversation avec Leyla Bouzid - Olivier P\u00e8re","robots":{"index":"index","follow":"follow","max-snippet":"max-snippet:-1","max-image-preview":"max-image-preview:large","max-video-preview":"max-video-preview:-1"},"canonical":"https:\/\/www.arte.tv\/sites\/olivierpere\/2021\/07\/12\/cannes-2021-jour-6-conversation-avec-leyla-bouzid\/","og_locale":"fr_FR","og_type":"article","og_title":"Cannes 2021 Jour 6 : conversation avec Leyla Bouzid - Olivier P\u00e8re","og_description":"Conversation avec Leyla Bouzid, dont le second long m\u00e9trage Une histoire d&rsquo;amour et de d\u00e9sir est pr\u00e9sent\u00e9 \u00e0 la Semaine\u2026","og_url":"https:\/\/www.arte.tv\/sites\/olivierpere\/2021\/07\/12\/cannes-2021-jour-6-conversation-avec-leyla-bouzid\/","og_site_name":"Olivier P\u00e8re","article_published_time":"2021-07-12T14:14:02+00:00","article_modified_time":"2021-07-14T14:19:19+00:00","og_image":[{"width":2500,"height":1047,"url":"https:\/\/www.arte.tv\/sites\/olivierpere\/files\/amour.jpeg","type":"image\/jpeg"}],"author":"Olivier P\u00e8re","twitter_misc":{"\u00c9crit par":"Olivier P\u00e8re","Dur\u00e9e de lecture estim\u00e9e":"1 minute"},"schema":{"@context":"https:\/\/schema.org","@graph":[{"@type":"WebPage","@id":"https:\/\/www.arte.tv\/sites\/olivierpere\/2021\/07\/12\/cannes-2021-jour-6-conversation-avec-leyla-bouzid\/","url":"https:\/\/www.arte.tv\/sites\/olivierpere\/2021\/07\/12\/cannes-2021-jour-6-conversation-avec-leyla-bouzid\/","name":"Cannes 2021 Jour 6 : conversation avec Leyla Bouzid - Olivier P\u00e8re","isPartOf":{"@id":"https:\/\/www.arte.tv\/sites\/olivierpere\/#website"},"datePublished":"2021-07-12T14:14:02+00:00","dateModified":"2021-07-14T14:19:19+00:00","author":{"@id":"https:\/\/www.arte.tv\/sites\/olivierpere\/#\/schema\/person\/dc32cd6c79be95e52d43b97a74182558"},"breadcrumb":{"@id":"https:\/\/www.arte.tv\/sites\/olivierpere\/2021\/07\/12\/cannes-2021-jour-6-conversation-avec-leyla-bouzid\/#breadcrumb"},"inLanguage":"fr-FR","potentialAction":[{"@type":"ReadAction","target":["https:\/\/www.arte.tv\/sites\/olivierpere\/2021\/07\/12\/cannes-2021-jour-6-conversation-avec-leyla-bouzid\/"]}]},{"@type":"BreadcrumbList","@id":"https:\/\/www.arte.tv\/sites\/olivierpere\/2021\/07\/12\/cannes-2021-jour-6-conversation-avec-leyla-bouzid\/#breadcrumb","itemListElement":[{"@type":"ListItem","position":1,"name":"Home","item":"https:\/\/www.arte.tv\/sites\/olivierpere\/"},{"@type":"ListItem","position":2,"name":"Cannes 2021 Jour 6 : conversation avec Leyla Bouzid"}]},{"@type":"WebSite","@id":"https:\/\/www.arte.tv\/sites\/olivierpere\/#website","url":"https:\/\/www.arte.tv\/sites\/olivierpere\/","name":"Olivier P\u00e8re","description":"","potentialAction":[{"@type":"SearchAction","target":{"@type":"EntryPoint","urlTemplate":"https:\/\/www.arte.tv\/sites\/olivierpere\/?s={search_term_string}"},"query-input":"required name=search_term_string"}],"inLanguage":"fr-FR"},{"@type":"Person","@id":"https:\/\/www.arte.tv\/sites\/olivierpere\/#\/schema\/person\/dc32cd6c79be95e52d43b97a74182558","name":"Olivier P\u00e8re","image":{"@type":"ImageObject","inLanguage":"fr-FR","@id":"https:\/\/www.arte.tv\/sites\/olivierpere\/#\/schema\/person\/image\/","url":"https:\/\/secure.gravatar.com\/avatar\/bdea7b6a2c195e2c41772429a9694758?s=96&d=mm&r=g","contentUrl":"https:\/\/secure.gravatar.com\/avatar\/bdea7b6a2c195e2c41772429a9694758?s=96&d=mm&r=g","caption":"Olivier P\u00e8re"},"url":"https:\/\/www.arte.tv\/sites\/olivierpere\/author\/pereolivier\/"}]}},"_links":{"self":[{"href":"https:\/\/www.arte.tv\/sites\/olivierpere\/wp-json\/wp\/v2\/posts\/26609"}],"collection":[{"href":"https:\/\/www.arte.tv\/sites\/olivierpere\/wp-json\/wp\/v2\/posts"}],"about":[{"href":"https:\/\/www.arte.tv\/sites\/olivierpere\/wp-json\/wp\/v2\/types\/post"}],"author":[{"embeddable":true,"href":"https:\/\/www.arte.tv\/sites\/olivierpere\/wp-json\/wp\/v2\/users\/116"}],"replies":[{"embeddable":true,"href":"https:\/\/www.arte.tv\/sites\/olivierpere\/wp-json\/wp\/v2\/comments?post=26609"}],"version-history":[{"count":1,"href":"https:\/\/www.arte.tv\/sites\/olivierpere\/wp-json\/wp\/v2\/posts\/26609\/revisions"}],"predecessor-version":[{"id":26612,"href":"https:\/\/www.arte.tv\/sites\/olivierpere\/wp-json\/wp\/v2\/posts\/26609\/revisions\/26612"}],"wp:featuredmedia":[{"embeddable":true,"href":"https:\/\/www.arte.tv\/sites\/olivierpere\/wp-json\/wp\/v2\/media\/26611"}],"wp:attachment":[{"href":"https:\/\/www.arte.tv\/sites\/olivierpere\/wp-json\/wp\/v2\/media?parent=26609"}],"wp:term":[{"taxonomy":"category","embeddable":true,"href":"https:\/\/www.arte.tv\/sites\/olivierpere\/wp-json\/wp\/v2\/categories?post=26609"},{"taxonomy":"post_tag","embeddable":true,"href":"https:\/\/www.arte.tv\/sites\/olivierpere\/wp-json\/wp\/v2\/tags?post=26609"}],"curies":[{"name":"wp","href":"https:\/\/api.w.org\/{rel}","templated":true}]}}