{"id":26599,"date":"2021-07-12T09:36:53","date_gmt":"2021-07-12T08:36:53","guid":{"rendered":"https:\/\/www.arte.tv\/sites\/olivierpere\/?p=26599"},"modified":"2021-07-14T09:41:13","modified_gmt":"2021-07-14T08:41:13","slug":"cannes-2021-jour-6-prix-arte-kino-youtube-au-projet-cora-de-evi-kalogiropoulou","status":"publish","type":"post","link":"https:\/\/www.arte.tv\/sites\/olivierpere\/2021\/07\/12\/cannes-2021-jour-6-prix-arte-kino-youtube-au-projet-cora-de-evi-kalogiropoulou\/","title":{"rendered":"Cannes 2021 Jour 6 : Prix ARTE Kino YouTube au projet Cora de Evi Kalogiropoulou"},"content":{"rendered":"<p><strong>Dans le cadre de l\u2019Atelier de la Cin\u00e9fondation organis\u00e9 chaque ann\u00e9e lors du Festival de Cannes, ARTE et YouTube ont remis le \u00ab Prix ARTE Kino YouTube \u00bb, d\u2019un montant de 10 000 \u20ac, le lundi 12 juillet au projet de long m\u00e9trage <em>Cora<\/em> de la r\u00e9alisatrice grecque Evi Kalogiropoulou.<\/strong><\/p>\n<p>&nbsp;<\/p>\n<p><em><strong>Cora<\/strong><\/em><\/p>\n<p><strong>R\u00e9alisatrice : Evi Kalogiropoulou (Gr\u00e8ce)<\/strong><\/p>\n<p><strong>Produit par : Amanda Livanou \u2013 Neda Film (Gr\u00e8ce)<\/strong><\/p>\n<p>&nbsp;<\/p>\n<p><strong>Evi Kalogiropoulou est une artiste visuelle et r\u00e9alisatrice travaillant entre Ath\u00e8nes et Londres. Son court m\u00e9trage <em>Motorway 65<\/em> \u00e9tait en comp\u00e9tition officielle au Festival de Cannes 2020. Elle pr\u00e9pare <em>Cora<\/em>, son premier long m\u00e9trage, qui raconte l\u2019histoire de deux femmes qui tombent amoureuses alors qu\u2019elles vivent dans une soci\u00e9t\u00e9 patriarcale install\u00e9e dans le district industriel d\u2019Aspropyrgos. A travers elles, s\u2019exprime le pass\u00e9 mystique et pa\u00efen du lieu et d\u2019\u00e9tranges \u00e9v\u00e9nements se produisent.<\/strong><\/p>\n<p>&nbsp;<\/p>\n<p><strong>Le Prix ARTE Kino est une aide au d\u00e9veloppement pour des projets de longs m\u00e9trages remise dans de nombreux festivals internationaux, notamment Cannes, Berlin, Locarno, Rotterdam, San Sebastian, Rome, Sarajevo et Busan. Cette aide permet de s\u2019inscrire tr\u00e8s t\u00f4t dans le processus cr\u00e9atif et d\u2019aider de jeunes r\u00e9alisateurs et producteurs du monde entier dans le d\u00e9veloppement de leurs projets.<\/strong><\/p>\n<div id=\"attachment_26600\" style=\"width: 1291px\" class=\"wp-caption alignnone\"><img aria-describedby=\"caption-attachment-26600\" decoding=\"async\" loading=\"lazy\" class=\"size-full wp-image-26600\" src=\"https:\/\/www.arte.tv\/sites\/olivierpere\/files\/20210712_artecannes_165.jpg\" alt=\"\u00a9 Bertrand No\u00ebl\" width=\"1281\" height=\"1920\" srcset=\"https:\/\/www.arte.tv\/sites\/olivierpere\/files\/20210712_artecannes_165.jpg 1281w, https:\/\/www.arte.tv\/sites\/olivierpere\/files\/20210712_artecannes_165-187x280.jpg 187w, https:\/\/www.arte.tv\/sites\/olivierpere\/files\/20210712_artecannes_165-512x768.jpg 512w, https:\/\/www.arte.tv\/sites\/olivierpere\/files\/20210712_artecannes_165-768x1151.jpg 768w, https:\/\/www.arte.tv\/sites\/olivierpere\/files\/20210712_artecannes_165-1025x1536.jpg 1025w, https:\/\/www.arte.tv\/sites\/olivierpere\/files\/20210712_artecannes_165-580x869.jpg 580w\" sizes=\"(max-width: 1281px) 100vw, 1281px\" \/><p id=\"caption-attachment-26600\" class=\"wp-caption-text\"><strong>Evi Kalogiropoulou \u00a9 Bertrand No\u00ebl<\/strong><\/p><\/div>\n<p>&nbsp;<\/p>\n","protected":false},"excerpt":{"rendered":"<p>Dans le cadre de l\u2019Atelier de la Cin\u00e9fondation organis\u00e9 chaque ann\u00e9e lors du Festival de Cannes, ARTE et YouTube ont\u2026<\/p>\n","protected":false},"author":116,"featured_media":26600,"comment_status":"open","ping_status":"open","sticky":false,"template":"","format":"standard","meta":[],"categories":[9],"tags":[],"yoast_head":"<!-- This site is optimized with the Yoast SEO plugin v20.8 - https:\/\/yoast.com\/wordpress\/plugins\/seo\/ -->\n<title>Cannes 2021 Jour 6 : Prix ARTE Kino YouTube au projet Cora de Evi Kalogiropoulou - Olivier P\u00e8re<\/title>\n<meta name=\"robots\" content=\"index, follow, max-snippet:-1, max-image-preview:large, max-video-preview:-1\" \/>\n<link rel=\"canonical\" href=\"https:\/\/www.arte.tv\/sites\/olivierpere\/2021\/07\/12\/cannes-2021-jour-6-prix-arte-kino-youtube-au-projet-cora-de-evi-kalogiropoulou\/\" \/>\n<meta property=\"og:locale\" content=\"fr_FR\" \/>\n<meta property=\"og:type\" content=\"article\" \/>\n<meta property=\"og:title\" content=\"Cannes 2021 Jour 6 : Prix ARTE Kino YouTube au projet Cora de Evi Kalogiropoulou - Olivier P\u00e8re\" \/>\n<meta property=\"og:description\" content=\"Dans le cadre de l\u2019Atelier de la Cin\u00e9fondation organis\u00e9 chaque ann\u00e9e lors du Festival de Cannes, ARTE et YouTube ont\u2026\" \/>\n<meta property=\"og:url\" content=\"https:\/\/www.arte.tv\/sites\/olivierpere\/2021\/07\/12\/cannes-2021-jour-6-prix-arte-kino-youtube-au-projet-cora-de-evi-kalogiropoulou\/\" \/>\n<meta property=\"og:site_name\" content=\"Olivier P\u00e8re\" \/>\n<meta property=\"article:published_time\" content=\"2021-07-12T08:36:53+00:00\" \/>\n<meta property=\"article:modified_time\" content=\"2021-07-14T08:41:13+00:00\" \/>\n<meta property=\"og:image\" content=\"https:\/\/www.arte.tv\/sites\/olivierpere\/files\/20210712_artecannes_165.jpg\" \/>\n\t<meta property=\"og:image:width\" content=\"1281\" \/>\n\t<meta property=\"og:image:height\" content=\"1920\" \/>\n\t<meta property=\"og:image:type\" content=\"image\/jpeg\" \/>\n<meta name=\"author\" content=\"Olivier P\u00e8re\" \/>\n<meta name=\"twitter:label1\" content=\"\u00c9crit par\" \/>\n\t<meta name=\"twitter:data1\" content=\"Olivier P\u00e8re\" \/>\n\t<meta name=\"twitter:label2\" content=\"Dur\u00e9e de lecture estim\u00e9e\" \/>\n\t<meta name=\"twitter:data2\" content=\"2 minutes\" \/>\n<script type=\"application\/ld+json\" class=\"yoast-schema-graph\">{\"@context\":\"https:\/\/schema.org\",\"@graph\":[{\"@type\":\"WebPage\",\"@id\":\"https:\/\/www.arte.tv\/sites\/olivierpere\/2021\/07\/12\/cannes-2021-jour-6-prix-arte-kino-youtube-au-projet-cora-de-evi-kalogiropoulou\/\",\"url\":\"https:\/\/www.arte.tv\/sites\/olivierpere\/2021\/07\/12\/cannes-2021-jour-6-prix-arte-kino-youtube-au-projet-cora-de-evi-kalogiropoulou\/\",\"name\":\"Cannes 2021 Jour 6 : Prix ARTE Kino YouTube au projet Cora de Evi Kalogiropoulou - Olivier P\u00e8re\",\"isPartOf\":{\"@id\":\"https:\/\/www.arte.tv\/sites\/olivierpere\/#website\"},\"datePublished\":\"2021-07-12T08:36:53+00:00\",\"dateModified\":\"2021-07-14T08:41:13+00:00\",\"author\":{\"@id\":\"https:\/\/www.arte.tv\/sites\/olivierpere\/#\/schema\/person\/dc32cd6c79be95e52d43b97a74182558\"},\"breadcrumb\":{\"@id\":\"https:\/\/www.arte.tv\/sites\/olivierpere\/2021\/07\/12\/cannes-2021-jour-6-prix-arte-kino-youtube-au-projet-cora-de-evi-kalogiropoulou\/#breadcrumb\"},\"inLanguage\":\"fr-FR\",\"potentialAction\":[{\"@type\":\"ReadAction\",\"target\":[\"https:\/\/www.arte.tv\/sites\/olivierpere\/2021\/07\/12\/cannes-2021-jour-6-prix-arte-kino-youtube-au-projet-cora-de-evi-kalogiropoulou\/\"]}]},{\"@type\":\"BreadcrumbList\",\"@id\":\"https:\/\/www.arte.tv\/sites\/olivierpere\/2021\/07\/12\/cannes-2021-jour-6-prix-arte-kino-youtube-au-projet-cora-de-evi-kalogiropoulou\/#breadcrumb\",\"itemListElement\":[{\"@type\":\"ListItem\",\"position\":1,\"name\":\"Home\",\"item\":\"https:\/\/www.arte.tv\/sites\/olivierpere\/\"},{\"@type\":\"ListItem\",\"position\":2,\"name\":\"Cannes 2021 Jour 6 : Prix ARTE Kino YouTube au projet Cora de Evi Kalogiropoulou\"}]},{\"@type\":\"WebSite\",\"@id\":\"https:\/\/www.arte.tv\/sites\/olivierpere\/#website\",\"url\":\"https:\/\/www.arte.tv\/sites\/olivierpere\/\",\"name\":\"Olivier P\u00e8re\",\"description\":\"\",\"potentialAction\":[{\"@type\":\"SearchAction\",\"target\":{\"@type\":\"EntryPoint\",\"urlTemplate\":\"https:\/\/www.arte.tv\/sites\/olivierpere\/?s={search_term_string}\"},\"query-input\":\"required name=search_term_string\"}],\"inLanguage\":\"fr-FR\"},{\"@type\":\"Person\",\"@id\":\"https:\/\/www.arte.tv\/sites\/olivierpere\/#\/schema\/person\/dc32cd6c79be95e52d43b97a74182558\",\"name\":\"Olivier P\u00e8re\",\"image\":{\"@type\":\"ImageObject\",\"inLanguage\":\"fr-FR\",\"@id\":\"https:\/\/www.arte.tv\/sites\/olivierpere\/#\/schema\/person\/image\/\",\"url\":\"https:\/\/secure.gravatar.com\/avatar\/bdea7b6a2c195e2c41772429a9694758?s=96&d=mm&r=g\",\"contentUrl\":\"https:\/\/secure.gravatar.com\/avatar\/bdea7b6a2c195e2c41772429a9694758?s=96&d=mm&r=g\",\"caption\":\"Olivier P\u00e8re\"},\"url\":\"https:\/\/www.arte.tv\/sites\/olivierpere\/author\/pereolivier\/\"}]}<\/script>\n<!-- \/ Yoast SEO plugin. -->","yoast_head_json":{"title":"Cannes 2021 Jour 6 : Prix ARTE Kino YouTube au projet Cora de Evi Kalogiropoulou - Olivier P\u00e8re","robots":{"index":"index","follow":"follow","max-snippet":"max-snippet:-1","max-image-preview":"max-image-preview:large","max-video-preview":"max-video-preview:-1"},"canonical":"https:\/\/www.arte.tv\/sites\/olivierpere\/2021\/07\/12\/cannes-2021-jour-6-prix-arte-kino-youtube-au-projet-cora-de-evi-kalogiropoulou\/","og_locale":"fr_FR","og_type":"article","og_title":"Cannes 2021 Jour 6 : Prix ARTE Kino YouTube au projet Cora de Evi Kalogiropoulou - Olivier P\u00e8re","og_description":"Dans le cadre de l\u2019Atelier de la Cin\u00e9fondation organis\u00e9 chaque ann\u00e9e lors du Festival de Cannes, ARTE et YouTube ont\u2026","og_url":"https:\/\/www.arte.tv\/sites\/olivierpere\/2021\/07\/12\/cannes-2021-jour-6-prix-arte-kino-youtube-au-projet-cora-de-evi-kalogiropoulou\/","og_site_name":"Olivier P\u00e8re","article_published_time":"2021-07-12T08:36:53+00:00","article_modified_time":"2021-07-14T08:41:13+00:00","og_image":[{"width":1281,"height":1920,"url":"https:\/\/www.arte.tv\/sites\/olivierpere\/files\/20210712_artecannes_165.jpg","type":"image\/jpeg"}],"author":"Olivier P\u00e8re","twitter_misc":{"\u00c9crit par":"Olivier P\u00e8re","Dur\u00e9e de lecture estim\u00e9e":"2 minutes"},"schema":{"@context":"https:\/\/schema.org","@graph":[{"@type":"WebPage","@id":"https:\/\/www.arte.tv\/sites\/olivierpere\/2021\/07\/12\/cannes-2021-jour-6-prix-arte-kino-youtube-au-projet-cora-de-evi-kalogiropoulou\/","url":"https:\/\/www.arte.tv\/sites\/olivierpere\/2021\/07\/12\/cannes-2021-jour-6-prix-arte-kino-youtube-au-projet-cora-de-evi-kalogiropoulou\/","name":"Cannes 2021 Jour 6 : Prix ARTE Kino YouTube au projet Cora de Evi Kalogiropoulou - Olivier P\u00e8re","isPartOf":{"@id":"https:\/\/www.arte.tv\/sites\/olivierpere\/#website"},"datePublished":"2021-07-12T08:36:53+00:00","dateModified":"2021-07-14T08:41:13+00:00","author":{"@id":"https:\/\/www.arte.tv\/sites\/olivierpere\/#\/schema\/person\/dc32cd6c79be95e52d43b97a74182558"},"breadcrumb":{"@id":"https:\/\/www.arte.tv\/sites\/olivierpere\/2021\/07\/12\/cannes-2021-jour-6-prix-arte-kino-youtube-au-projet-cora-de-evi-kalogiropoulou\/#breadcrumb"},"inLanguage":"fr-FR","potentialAction":[{"@type":"ReadAction","target":["https:\/\/www.arte.tv\/sites\/olivierpere\/2021\/07\/12\/cannes-2021-jour-6-prix-arte-kino-youtube-au-projet-cora-de-evi-kalogiropoulou\/"]}]},{"@type":"BreadcrumbList","@id":"https:\/\/www.arte.tv\/sites\/olivierpere\/2021\/07\/12\/cannes-2021-jour-6-prix-arte-kino-youtube-au-projet-cora-de-evi-kalogiropoulou\/#breadcrumb","itemListElement":[{"@type":"ListItem","position":1,"name":"Home","item":"https:\/\/www.arte.tv\/sites\/olivierpere\/"},{"@type":"ListItem","position":2,"name":"Cannes 2021 Jour 6 : Prix ARTE Kino YouTube au projet Cora de Evi Kalogiropoulou"}]},{"@type":"WebSite","@id":"https:\/\/www.arte.tv\/sites\/olivierpere\/#website","url":"https:\/\/www.arte.tv\/sites\/olivierpere\/","name":"Olivier P\u00e8re","description":"","potentialAction":[{"@type":"SearchAction","target":{"@type":"EntryPoint","urlTemplate":"https:\/\/www.arte.tv\/sites\/olivierpere\/?s={search_term_string}"},"query-input":"required name=search_term_string"}],"inLanguage":"fr-FR"},{"@type":"Person","@id":"https:\/\/www.arte.tv\/sites\/olivierpere\/#\/schema\/person\/dc32cd6c79be95e52d43b97a74182558","name":"Olivier P\u00e8re","image":{"@type":"ImageObject","inLanguage":"fr-FR","@id":"https:\/\/www.arte.tv\/sites\/olivierpere\/#\/schema\/person\/image\/","url":"https:\/\/secure.gravatar.com\/avatar\/bdea7b6a2c195e2c41772429a9694758?s=96&d=mm&r=g","contentUrl":"https:\/\/secure.gravatar.com\/avatar\/bdea7b6a2c195e2c41772429a9694758?s=96&d=mm&r=g","caption":"Olivier P\u00e8re"},"url":"https:\/\/www.arte.tv\/sites\/olivierpere\/author\/pereolivier\/"}]}},"_links":{"self":[{"href":"https:\/\/www.arte.tv\/sites\/olivierpere\/wp-json\/wp\/v2\/posts\/26599"}],"collection":[{"href":"https:\/\/www.arte.tv\/sites\/olivierpere\/wp-json\/wp\/v2\/posts"}],"about":[{"href":"https:\/\/www.arte.tv\/sites\/olivierpere\/wp-json\/wp\/v2\/types\/post"}],"author":[{"embeddable":true,"href":"https:\/\/www.arte.tv\/sites\/olivierpere\/wp-json\/wp\/v2\/users\/116"}],"replies":[{"embeddable":true,"href":"https:\/\/www.arte.tv\/sites\/olivierpere\/wp-json\/wp\/v2\/comments?post=26599"}],"version-history":[{"count":2,"href":"https:\/\/www.arte.tv\/sites\/olivierpere\/wp-json\/wp\/v2\/posts\/26599\/revisions"}],"predecessor-version":[{"id":26602,"href":"https:\/\/www.arte.tv\/sites\/olivierpere\/wp-json\/wp\/v2\/posts\/26599\/revisions\/26602"}],"wp:featuredmedia":[{"embeddable":true,"href":"https:\/\/www.arte.tv\/sites\/olivierpere\/wp-json\/wp\/v2\/media\/26600"}],"wp:attachment":[{"href":"https:\/\/www.arte.tv\/sites\/olivierpere\/wp-json\/wp\/v2\/media?parent=26599"}],"wp:term":[{"taxonomy":"category","embeddable":true,"href":"https:\/\/www.arte.tv\/sites\/olivierpere\/wp-json\/wp\/v2\/categories?post=26599"},{"taxonomy":"post_tag","embeddable":true,"href":"https:\/\/www.arte.tv\/sites\/olivierpere\/wp-json\/wp\/v2\/tags?post=26599"}],"curies":[{"name":"wp","href":"https:\/\/api.w.org\/{rel}","templated":true}]}}