{"id":26551,"date":"2021-07-08T09:34:30","date_gmt":"2021-07-08T08:34:30","guid":{"rendered":"https:\/\/www.arte.tv\/sites\/olivierpere\/?p=26551"},"modified":"2021-07-11T12:53:59","modified_gmt":"2021-07-11T11:53:59","slug":"cannes-2021-jour-2-julie-en-douze-chapitres-de-joachim-trier-competition","status":"publish","type":"post","link":"https:\/\/www.arte.tv\/sites\/olivierpere\/2021\/07\/08\/cannes-2021-jour-2-julie-en-douze-chapitres-de-joachim-trier-competition\/","title":{"rendered":"Cannes 2021 Jour 2 : Julie (en douze chapitres) de Joachim Trier (comp\u00e9tition)"},"content":{"rendered":"<p><strong>Oslo, de nos jours. Julie est une jeune femme pleine de ressource, mais a\u0300 30 ans, elle cherche encore sa voie. Bien qu\u2019heureuse avec Aksel, un auteur de bandes dessin\u00e9es a\u0300 succe\u0300s plus \u00e2g\u00e9e qu\u2019elle, aimant et protecteur, elle refuse l\u2019enfant qu\u2019il de\u0301sire. Quand Julie le quitte pour Eivind, elle espe\u0300re, une fois de plus, commencer une nouvelle vie.<\/strong><\/p>\n<p><strong><em>Julie (en douze chapitres) <\/em><\/strong><strong>se pr\u00e9sente comme un prolongement, d\u00e9clin\u00e9 au f\u00e9minin, du deuxi\u00e8me long m\u00e9trage de Joachim Trier, <em>Oslo, 31 ao\u00fbt<\/em>. Le spleen suicidaire et la toxicomanie y laissent la place \u00e0 l\u2019ind\u00e9cision immature de la g\u00e9n\u00e9ration Z norv\u00e9gienne qui a beaucoup de temps pour r\u00e9fl\u00e9chir et un peu de mal \u00e0 passer \u00e0 l\u2019action. Joachim Trier, cousin scandinave d\u2019Olivier Assayas, Micka\u00ebl Hers et Mia Hansen-Love excelle \u00e0 filmer les sentiments, les relations amoureuses et le passage du temps. Le titre international d\u00e9signe ironiquement Julie comme \u00ab la pire personne au monde \u00bb mais il est pourtant difficile d\u2019imaginer une jeune femme plus attachante, \u00e9mouvante et lumineuse malgr\u00e9 ses atermoiements, \u00e0 laquelle <\/strong><strong>Renate Reinsve, v\u00e9ritable r\u00e9v\u00e9lation de ce d\u00e9but de festival, apporte bont\u00e9 et beaut\u00e9. En abordant les th\u00e8mes de l\u2019amour, du couple, de la fid\u00e9lit\u00e9, le film dessine autant le portait d\u2019une femme occidentale d\u2019aujourd\u2019hui que celui de notre \u00e9poque. Cartographe du c\u0153ur, Joachim Trier est \u00e9galement un styliste qui accorde un soin particulier \u00e0 la texture de l\u2019image (le film a \u00e9t\u00e9 tourn\u00e9 en 35mm).<\/strong> <strong>\u00ab Il m\u2019aura fallu du temps pour m\u2019attaquer a\u0300 un th\u00e8me aussi universel que l\u2019amour sans risquer de tomber dans le cliche\u0301, mais je pense avoir trouv\u00e9 l\u2019approche narrative et la forme filmique n\u00e9cessaires \u00e0\u0300 cette entreprise \u00bb d\u00e9clarait le cin\u00e9aste lors du lancement du projet. En combinant une vision intimiste \u00e0 plusieurs s\u00e9quences virtuoses o\u00f9 les effets sp\u00e9ciaux illustrent l\u2019\u00e9tat d\u2019esprit de son h\u00e9ro\u00efne, <\/strong><strong><em>Julie (en douze chapitres) <\/em><\/strong><strong>trouve un ton juste et novateur pour actualiser ces tranches de vie teint\u00e9es d\u2019ironie et de m\u00e9lancolie.<\/strong><\/p>\n<p><strong>\u00a0<\/strong><\/p>\n<p><strong>Sortie le 13 octobre, distribu\u00e9 par Memento.<\/strong><\/p>\n<div id=\"attachment_26556\" style=\"width: 1290px\" class=\"wp-caption alignnone\"><img aria-describedby=\"caption-attachment-26556\" decoding=\"async\" loading=\"lazy\" class=\"size-full wp-image-26556\" src=\"https:\/\/www.arte.tv\/sites\/olivierpere\/files\/renate-reinsve.jpg\" alt=\"Renate Reinsve \u00a9 Bertrand No\u00ebl\" width=\"1280\" height=\"1920\" srcset=\"https:\/\/www.arte.tv\/sites\/olivierpere\/files\/renate-reinsve.jpg 1280w, https:\/\/www.arte.tv\/sites\/olivierpere\/files\/renate-reinsve-187x280.jpg 187w, https:\/\/www.arte.tv\/sites\/olivierpere\/files\/renate-reinsve-512x768.jpg 512w, https:\/\/www.arte.tv\/sites\/olivierpere\/files\/renate-reinsve-768x1152.jpg 768w, https:\/\/www.arte.tv\/sites\/olivierpere\/files\/renate-reinsve-1024x1536.jpg 1024w, https:\/\/www.arte.tv\/sites\/olivierpere\/files\/renate-reinsve-580x870.jpg 580w\" sizes=\"(max-width: 1280px) 100vw, 1280px\" \/><p id=\"caption-attachment-26556\" class=\"wp-caption-text\">Renate Reinsve \u00a9 Bertrand No\u00ebl<\/p><\/div>\n","protected":false},"excerpt":{"rendered":"<p>Oslo, de nos jours. Julie est une jeune femme pleine de ressource, mais a\u0300 30 ans, elle cherche encore sa\u2026<\/p>\n","protected":false},"author":116,"featured_media":26552,"comment_status":"open","ping_status":"open","sticky":false,"template":"","format":"standard","meta":[],"categories":[9,6],"tags":[],"yoast_head":"<!-- This site is optimized with the Yoast SEO plugin v20.8 - https:\/\/yoast.com\/wordpress\/plugins\/seo\/ -->\n<title>Cannes 2021 Jour 2 : Julie (en douze chapitres) de Joachim Trier (comp\u00e9tition) - Olivier P\u00e8re<\/title>\n<meta name=\"robots\" content=\"index, follow, max-snippet:-1, max-image-preview:large, max-video-preview:-1\" \/>\n<link rel=\"canonical\" href=\"https:\/\/www.arte.tv\/sites\/olivierpere\/2021\/07\/08\/cannes-2021-jour-2-julie-en-douze-chapitres-de-joachim-trier-competition\/\" \/>\n<meta property=\"og:locale\" content=\"fr_FR\" \/>\n<meta property=\"og:type\" content=\"article\" \/>\n<meta property=\"og:title\" content=\"Cannes 2021 Jour 2 : Julie (en douze chapitres) de Joachim Trier (comp\u00e9tition) - Olivier P\u00e8re\" \/>\n<meta property=\"og:description\" content=\"Oslo, de nos jours. Julie est une jeune femme pleine de ressource, mais a\u0300 30 ans, elle cherche encore sa\u2026\" \/>\n<meta property=\"og:url\" content=\"https:\/\/www.arte.tv\/sites\/olivierpere\/2021\/07\/08\/cannes-2021-jour-2-julie-en-douze-chapitres-de-joachim-trier-competition\/\" \/>\n<meta property=\"og:site_name\" content=\"Olivier P\u00e8re\" \/>\n<meta property=\"article:published_time\" content=\"2021-07-08T08:34:30+00:00\" \/>\n<meta property=\"article:modified_time\" content=\"2021-07-11T11:53:59+00:00\" \/>\n<meta property=\"og:image\" content=\"https:\/\/www.arte.tv\/sites\/olivierpere\/files\/d94eb7db1b85568a710c0333e659facb-h-2021.jpg\" \/>\n\t<meta property=\"og:image:width\" content=\"1296\" \/>\n\t<meta property=\"og:image:height\" content=\"730\" \/>\n\t<meta property=\"og:image:type\" content=\"image\/jpeg\" \/>\n<meta name=\"author\" content=\"Olivier P\u00e8re\" \/>\n<meta name=\"twitter:label1\" content=\"\u00c9crit par\" \/>\n\t<meta name=\"twitter:data1\" content=\"Olivier P\u00e8re\" \/>\n\t<meta name=\"twitter:label2\" content=\"Dur\u00e9e de lecture estim\u00e9e\" \/>\n\t<meta name=\"twitter:data2\" content=\"2 minutes\" \/>\n<script type=\"application\/ld+json\" class=\"yoast-schema-graph\">{\"@context\":\"https:\/\/schema.org\",\"@graph\":[{\"@type\":\"WebPage\",\"@id\":\"https:\/\/www.arte.tv\/sites\/olivierpere\/2021\/07\/08\/cannes-2021-jour-2-julie-en-douze-chapitres-de-joachim-trier-competition\/\",\"url\":\"https:\/\/www.arte.tv\/sites\/olivierpere\/2021\/07\/08\/cannes-2021-jour-2-julie-en-douze-chapitres-de-joachim-trier-competition\/\",\"name\":\"Cannes 2021 Jour 2 : Julie (en douze chapitres) de Joachim Trier (comp\u00e9tition) - Olivier P\u00e8re\",\"isPartOf\":{\"@id\":\"https:\/\/www.arte.tv\/sites\/olivierpere\/#website\"},\"datePublished\":\"2021-07-08T08:34:30+00:00\",\"dateModified\":\"2021-07-11T11:53:59+00:00\",\"author\":{\"@id\":\"https:\/\/www.arte.tv\/sites\/olivierpere\/#\/schema\/person\/dc32cd6c79be95e52d43b97a74182558\"},\"breadcrumb\":{\"@id\":\"https:\/\/www.arte.tv\/sites\/olivierpere\/2021\/07\/08\/cannes-2021-jour-2-julie-en-douze-chapitres-de-joachim-trier-competition\/#breadcrumb\"},\"inLanguage\":\"fr-FR\",\"potentialAction\":[{\"@type\":\"ReadAction\",\"target\":[\"https:\/\/www.arte.tv\/sites\/olivierpere\/2021\/07\/08\/cannes-2021-jour-2-julie-en-douze-chapitres-de-joachim-trier-competition\/\"]}]},{\"@type\":\"BreadcrumbList\",\"@id\":\"https:\/\/www.arte.tv\/sites\/olivierpere\/2021\/07\/08\/cannes-2021-jour-2-julie-en-douze-chapitres-de-joachim-trier-competition\/#breadcrumb\",\"itemListElement\":[{\"@type\":\"ListItem\",\"position\":1,\"name\":\"Home\",\"item\":\"https:\/\/www.arte.tv\/sites\/olivierpere\/\"},{\"@type\":\"ListItem\",\"position\":2,\"name\":\"Cannes 2021 Jour 2 : Julie (en douze chapitres) de Joachim Trier (comp\u00e9tition)\"}]},{\"@type\":\"WebSite\",\"@id\":\"https:\/\/www.arte.tv\/sites\/olivierpere\/#website\",\"url\":\"https:\/\/www.arte.tv\/sites\/olivierpere\/\",\"name\":\"Olivier P\u00e8re\",\"description\":\"\",\"potentialAction\":[{\"@type\":\"SearchAction\",\"target\":{\"@type\":\"EntryPoint\",\"urlTemplate\":\"https:\/\/www.arte.tv\/sites\/olivierpere\/?s={search_term_string}\"},\"query-input\":\"required name=search_term_string\"}],\"inLanguage\":\"fr-FR\"},{\"@type\":\"Person\",\"@id\":\"https:\/\/www.arte.tv\/sites\/olivierpere\/#\/schema\/person\/dc32cd6c79be95e52d43b97a74182558\",\"name\":\"Olivier P\u00e8re\",\"image\":{\"@type\":\"ImageObject\",\"inLanguage\":\"fr-FR\",\"@id\":\"https:\/\/www.arte.tv\/sites\/olivierpere\/#\/schema\/person\/image\/\",\"url\":\"https:\/\/secure.gravatar.com\/avatar\/bdea7b6a2c195e2c41772429a9694758?s=96&d=mm&r=g\",\"contentUrl\":\"https:\/\/secure.gravatar.com\/avatar\/bdea7b6a2c195e2c41772429a9694758?s=96&d=mm&r=g\",\"caption\":\"Olivier P\u00e8re\"},\"url\":\"https:\/\/www.arte.tv\/sites\/olivierpere\/author\/pereolivier\/\"}]}<\/script>\n<!-- \/ Yoast SEO plugin. -->","yoast_head_json":{"title":"Cannes 2021 Jour 2 : Julie (en douze chapitres) de Joachim Trier (comp\u00e9tition) - Olivier P\u00e8re","robots":{"index":"index","follow":"follow","max-snippet":"max-snippet:-1","max-image-preview":"max-image-preview:large","max-video-preview":"max-video-preview:-1"},"canonical":"https:\/\/www.arte.tv\/sites\/olivierpere\/2021\/07\/08\/cannes-2021-jour-2-julie-en-douze-chapitres-de-joachim-trier-competition\/","og_locale":"fr_FR","og_type":"article","og_title":"Cannes 2021 Jour 2 : Julie (en douze chapitres) de Joachim Trier (comp\u00e9tition) - Olivier P\u00e8re","og_description":"Oslo, de nos jours. Julie est une jeune femme pleine de ressource, mais a\u0300 30 ans, elle cherche encore sa\u2026","og_url":"https:\/\/www.arte.tv\/sites\/olivierpere\/2021\/07\/08\/cannes-2021-jour-2-julie-en-douze-chapitres-de-joachim-trier-competition\/","og_site_name":"Olivier P\u00e8re","article_published_time":"2021-07-08T08:34:30+00:00","article_modified_time":"2021-07-11T11:53:59+00:00","og_image":[{"width":1296,"height":730,"url":"https:\/\/www.arte.tv\/sites\/olivierpere\/files\/d94eb7db1b85568a710c0333e659facb-h-2021.jpg","type":"image\/jpeg"}],"author":"Olivier P\u00e8re","twitter_misc":{"\u00c9crit par":"Olivier P\u00e8re","Dur\u00e9e de lecture estim\u00e9e":"2 minutes"},"schema":{"@context":"https:\/\/schema.org","@graph":[{"@type":"WebPage","@id":"https:\/\/www.arte.tv\/sites\/olivierpere\/2021\/07\/08\/cannes-2021-jour-2-julie-en-douze-chapitres-de-joachim-trier-competition\/","url":"https:\/\/www.arte.tv\/sites\/olivierpere\/2021\/07\/08\/cannes-2021-jour-2-julie-en-douze-chapitres-de-joachim-trier-competition\/","name":"Cannes 2021 Jour 2 : Julie (en douze chapitres) de Joachim Trier (comp\u00e9tition) - Olivier P\u00e8re","isPartOf":{"@id":"https:\/\/www.arte.tv\/sites\/olivierpere\/#website"},"datePublished":"2021-07-08T08:34:30+00:00","dateModified":"2021-07-11T11:53:59+00:00","author":{"@id":"https:\/\/www.arte.tv\/sites\/olivierpere\/#\/schema\/person\/dc32cd6c79be95e52d43b97a74182558"},"breadcrumb":{"@id":"https:\/\/www.arte.tv\/sites\/olivierpere\/2021\/07\/08\/cannes-2021-jour-2-julie-en-douze-chapitres-de-joachim-trier-competition\/#breadcrumb"},"inLanguage":"fr-FR","potentialAction":[{"@type":"ReadAction","target":["https:\/\/www.arte.tv\/sites\/olivierpere\/2021\/07\/08\/cannes-2021-jour-2-julie-en-douze-chapitres-de-joachim-trier-competition\/"]}]},{"@type":"BreadcrumbList","@id":"https:\/\/www.arte.tv\/sites\/olivierpere\/2021\/07\/08\/cannes-2021-jour-2-julie-en-douze-chapitres-de-joachim-trier-competition\/#breadcrumb","itemListElement":[{"@type":"ListItem","position":1,"name":"Home","item":"https:\/\/www.arte.tv\/sites\/olivierpere\/"},{"@type":"ListItem","position":2,"name":"Cannes 2021 Jour 2 : Julie (en douze chapitres) de Joachim Trier (comp\u00e9tition)"}]},{"@type":"WebSite","@id":"https:\/\/www.arte.tv\/sites\/olivierpere\/#website","url":"https:\/\/www.arte.tv\/sites\/olivierpere\/","name":"Olivier P\u00e8re","description":"","potentialAction":[{"@type":"SearchAction","target":{"@type":"EntryPoint","urlTemplate":"https:\/\/www.arte.tv\/sites\/olivierpere\/?s={search_term_string}"},"query-input":"required name=search_term_string"}],"inLanguage":"fr-FR"},{"@type":"Person","@id":"https:\/\/www.arte.tv\/sites\/olivierpere\/#\/schema\/person\/dc32cd6c79be95e52d43b97a74182558","name":"Olivier P\u00e8re","image":{"@type":"ImageObject","inLanguage":"fr-FR","@id":"https:\/\/www.arte.tv\/sites\/olivierpere\/#\/schema\/person\/image\/","url":"https:\/\/secure.gravatar.com\/avatar\/bdea7b6a2c195e2c41772429a9694758?s=96&d=mm&r=g","contentUrl":"https:\/\/secure.gravatar.com\/avatar\/bdea7b6a2c195e2c41772429a9694758?s=96&d=mm&r=g","caption":"Olivier P\u00e8re"},"url":"https:\/\/www.arte.tv\/sites\/olivierpere\/author\/pereolivier\/"}]}},"_links":{"self":[{"href":"https:\/\/www.arte.tv\/sites\/olivierpere\/wp-json\/wp\/v2\/posts\/26551"}],"collection":[{"href":"https:\/\/www.arte.tv\/sites\/olivierpere\/wp-json\/wp\/v2\/posts"}],"about":[{"href":"https:\/\/www.arte.tv\/sites\/olivierpere\/wp-json\/wp\/v2\/types\/post"}],"author":[{"embeddable":true,"href":"https:\/\/www.arte.tv\/sites\/olivierpere\/wp-json\/wp\/v2\/users\/116"}],"replies":[{"embeddable":true,"href":"https:\/\/www.arte.tv\/sites\/olivierpere\/wp-json\/wp\/v2\/comments?post=26551"}],"version-history":[{"count":2,"href":"https:\/\/www.arte.tv\/sites\/olivierpere\/wp-json\/wp\/v2\/posts\/26551\/revisions"}],"predecessor-version":[{"id":26557,"href":"https:\/\/www.arte.tv\/sites\/olivierpere\/wp-json\/wp\/v2\/posts\/26551\/revisions\/26557"}],"wp:featuredmedia":[{"embeddable":true,"href":"https:\/\/www.arte.tv\/sites\/olivierpere\/wp-json\/wp\/v2\/media\/26552"}],"wp:attachment":[{"href":"https:\/\/www.arte.tv\/sites\/olivierpere\/wp-json\/wp\/v2\/media?parent=26551"}],"wp:term":[{"taxonomy":"category","embeddable":true,"href":"https:\/\/www.arte.tv\/sites\/olivierpere\/wp-json\/wp\/v2\/categories?post=26551"},{"taxonomy":"post_tag","embeddable":true,"href":"https:\/\/www.arte.tv\/sites\/olivierpere\/wp-json\/wp\/v2\/tags?post=26551"}],"curies":[{"name":"wp","href":"https:\/\/api.w.org\/{rel}","templated":true}]}}