{"id":26518,"date":"2021-07-06T16:47:43","date_gmt":"2021-07-06T15:47:43","guid":{"rendered":"https:\/\/www.arte.tv\/sites\/olivierpere\/?p=26518"},"modified":"2021-07-06T16:47:43","modified_gmt":"2021-07-06T15:47:43","slug":"arte-france-cinema-coproduit-les-prochains-films-de-stephan-castang-marie-amiguet-sofia-alaoui-johanna-pyykko-et-anna-jadowska","status":"publish","type":"post","link":"https:\/\/www.arte.tv\/sites\/olivierpere\/2021\/07\/06\/arte-france-cinema-coproduit-les-prochains-films-de-stephan-castang-marie-amiguet-sofia-alaoui-johanna-pyykko-et-anna-jadowska\/","title":{"rendered":"ARTE France Cin\u00e9ma coproduit les prochains films de Stephan Castang, Marie Amiguet, Sofia Alaoui, Johanna Pyykk\u00f6 et Anna Jadowska"},"content":{"rendered":"<div class=\"program-chapo article-content article-content--col\">\n<p><strong>Le comit\u00e9 de s\u00e9lection d\u2019ARTE France Cin\u00e9ma, r\u00e9uni le 17 juin, a choisi de s\u2019engager sur trois nouveaux projets de premiers films et une coproduction internationale avec la Pologne. D\u2019autre part, ARTE France Cin\u00e9ma coproduit \u00e9galement le documentaire\u00a0<em>La Panth\u00e8re des neiges<\/em>, s\u00e9lectionn\u00e9 au Festival de Cannes 2021.<\/strong><\/p>\n<\/div>\n<div class=\"program-texte article-content article-content--col\">\n<p>&nbsp;<\/p>\n<p><strong><em>Vincent doit mourir<\/em>\u00a0de Stephan Castang (1<sup>er<\/sup>\u00a0film)<\/strong><br \/>\n<strong>Avec Karim Leklou et Vimala Pons<\/strong><br \/>\n<strong>Capricci (France), Wild West (France), Bobi Lux (France)<\/strong><\/p>\n<p><strong>Vincent, un graphiste parisien, vit une vie sans histoires jusqu&rsquo;au jour o\u00f9 il se fait attaquer d\u00e8s qu&rsquo;il croise le regard de quelqu&rsquo;un. Simple parano\u00efa individuelle ou le monde a-t-il bascul\u00e9 dans la folie ? Karim Leklou incarnera le trentenaire dans ce film de genre, premier pour le r\u00e9alisateur Stephan Castang, voguant entre thriller fantastique et com\u00e9die noire.<\/strong><\/p>\n<p><strong><em>Tournage en France en mars 2022.<\/em><\/strong><\/p>\n<p>&nbsp;<\/p>\n<p><strong><em>La Panth\u00e8re des neiges<\/em>\u00a0de Marie Amiguet (1<sup>er<\/sup>\u00a0film)<\/strong><br \/>\n<strong>Avec Vincent Munier et Sylvain Tesson<\/strong><br \/>\n<strong>Paprika Films (France), Kobalann Productions (France)<\/strong><\/p>\n<p><strong>En s\u00e9lection officielle au Festival de Cannes 2021, dans la section \u00e9ph\u00e9m\u00e8re \u00ab\u00a0Le cin\u00e9ma pour le climat\u00a0\u00bb. Au c\u0153ur des hauts plateaux tib\u00e9tains, le photographe Vincent Munier entra\u00eene Sylvain Tesson \u00e0 la recherche de la panth\u00e8re des neiges. Entour\u00e9s d\u2019une faune rare et m\u00e9connue, l&rsquo;\u00e9crivain racontera cette qu\u00eate de l&rsquo;invisible dans son livre \u00e9ponyme, prix Renaudot 2019.<\/strong><\/p>\n<p><strong><em>Tourn\u00e9 au Tibet entre septembre et octobre 2019.<br \/>\nSortie pr\u00e9vue le 1<sup>er<\/sup>\u00a0d\u00e9cembre 2021.<\/em><\/strong><\/p>\n<p>&nbsp;<\/p>\n<p><strong><em>Parmi nous<\/em>\u00a0de Sofia Alaoui (1<sup>er<\/sup>\u00a0film)<\/strong><br \/>\n<strong>Avec Ouma\u00efma Barid, Mehdi Dehbi, Fouad Oughaou et Hiam Abbass<\/strong><br \/>\n<strong>Wrong Films (France)<\/strong><\/p>\n<p><strong>Au pied des montagnes de l&rsquo;Atlas, Itto, une jeune femme fraichement mari\u00e9e, vit chez ses beaux-parents avec son mari, le temps de sa grossesse. Alors que celle-ci arrive \u00e0 terme, un \u00e9v\u00e9nement surnaturel va bouleverser leur quotidien\u2026 Pour son premier long-m\u00e9trage, Sofia Alaoui livre un voyage mystique sur le Maroc actuel, entre drame social et science-fiction.<\/strong><\/p>\n<p><strong><em>Tournage au Maroc en octobre et novembre 2021.<\/em><\/strong><\/p>\n<p>&nbsp;<\/p>\n<p><strong><em>Ebba<\/em>\u00a0de Johanna Pyykk\u00f6 (1<sup>er<\/sup>\u00a0film)<\/strong><br \/>\n<strong>Avec Maya Amina Moustache Thuv<\/strong><br \/>\n<strong>bathysphere (France), Oslo Pictures (Norv\u00e8ge)<\/strong><\/p>\n<p><strong>Ebba, 18 ans, d\u00e9couvre un homme d\u2019une grande beaut\u00e9, bless\u00e9, dans le port d\u2019Oslo. Lorsqu\u2019elle se rend compte qu\u2019il est atteint d\u2019amn\u00e9sie, elle ment et lui fait croire qu\u2019ils sont amants. Au fur et \u00e0 mesure de sa gu\u00e9rison, Ebba d\u00e9couvre qu\u2019il n\u2019est peut-\u00eatre pas aussi innocent qu\u2019elle ne l\u2019imaginait. Un jeu sur les fantasmes et les apparences, t\u00e9moignant aussi des r\u00e9alit\u00e9s des diff\u00e9rentes classes sociales dans les pays du Nord.<\/strong><\/p>\n<p><strong><em>Tournage en Norv\u00e8ge au printemps 2022.<\/em><\/strong><\/p>\n<p>&nbsp;<\/p>\n<p><strong><em>Une femme sur le toit\u00a0<\/em>de Anna Jadowska<\/strong><br \/>\n<strong>Avec Dorota Pomyka\u0142a, Bogdan Koca et Adam Bobik<\/strong><br \/>\n<strong>Blick Productions (France), Donten &amp; Lacroix Films (Pologne), GarageFilm (Su\u00e8de)<\/strong><\/p>\n<p><strong>Mira, une sage-femme d&rsquo;une soixantaine d&rsquo;ann\u00e9es, m\u00e8ne une vie irr\u00e9prochable aupr\u00e8s de son mari et de leur fils. Un matin pourtant, tout bascule lorsqu&rsquo;elle tente de braquer une banque, arm\u00e9e d\u2019un couteau de cuisine. Librement inspir\u00e9 d&rsquo;\u00e9v\u00e8nements r\u00e9els survenus en 2011 en Pologne, la r\u00e9alisatrice Anna Jadowska se plonge dans le parcours \u00e9motionnel qui a men\u00e9 \u00e0 briser cette routine.<\/strong><\/p>\n<p><strong><em>Tournage en Pologne en juin et juillet 2021.<\/em><\/strong><\/p>\n<\/div>\n","protected":false},"excerpt":{"rendered":"<p>Le comit\u00e9 de s\u00e9lection d\u2019ARTE France Cin\u00e9ma, r\u00e9uni le 17 juin, a choisi de s\u2019engager sur trois nouveaux projets de\u2026<\/p>\n","protected":false},"author":116,"featured_media":0,"comment_status":"open","ping_status":"open","sticky":false,"template":"","format":"standard","meta":[],"categories":[9,6],"tags":[],"yoast_head":"<!-- This site is optimized with the Yoast SEO plugin v20.8 - https:\/\/yoast.com\/wordpress\/plugins\/seo\/ -->\n<title>ARTE France Cin\u00e9ma coproduit les prochains films de Stephan Castang, Marie Amiguet, Sofia Alaoui, Johanna Pyykk\u00f6 et Anna Jadowska - Olivier P\u00e8re<\/title>\n<meta name=\"robots\" content=\"index, follow, max-snippet:-1, max-image-preview:large, max-video-preview:-1\" \/>\n<link rel=\"canonical\" href=\"https:\/\/www.arte.tv\/sites\/olivierpere\/2021\/07\/06\/arte-france-cinema-coproduit-les-prochains-films-de-stephan-castang-marie-amiguet-sofia-alaoui-johanna-pyykko-et-anna-jadowska\/\" \/>\n<meta property=\"og:locale\" content=\"fr_FR\" \/>\n<meta property=\"og:type\" content=\"article\" \/>\n<meta property=\"og:title\" content=\"ARTE France Cin\u00e9ma coproduit les prochains films de Stephan Castang, Marie Amiguet, Sofia Alaoui, Johanna Pyykk\u00f6 et Anna Jadowska - Olivier P\u00e8re\" \/>\n<meta property=\"og:description\" content=\"Le comit\u00e9 de s\u00e9lection d\u2019ARTE France Cin\u00e9ma, r\u00e9uni le 17 juin, a choisi de s\u2019engager sur trois nouveaux projets de\u2026\" \/>\n<meta property=\"og:url\" content=\"https:\/\/www.arte.tv\/sites\/olivierpere\/2021\/07\/06\/arte-france-cinema-coproduit-les-prochains-films-de-stephan-castang-marie-amiguet-sofia-alaoui-johanna-pyykko-et-anna-jadowska\/\" \/>\n<meta property=\"og:site_name\" content=\"Olivier P\u00e8re\" \/>\n<meta property=\"article:published_time\" content=\"2021-07-06T15:47:43+00:00\" \/>\n<meta name=\"author\" content=\"Olivier P\u00e8re\" \/>\n<meta name=\"twitter:label1\" content=\"\u00c9crit par\" \/>\n\t<meta name=\"twitter:data1\" content=\"Olivier P\u00e8re\" \/>\n\t<meta name=\"twitter:label2\" content=\"Dur\u00e9e de lecture estim\u00e9e\" \/>\n\t<meta name=\"twitter:data2\" content=\"3 minutes\" \/>\n<script type=\"application\/ld+json\" class=\"yoast-schema-graph\">{\"@context\":\"https:\/\/schema.org\",\"@graph\":[{\"@type\":\"WebPage\",\"@id\":\"https:\/\/www.arte.tv\/sites\/olivierpere\/2021\/07\/06\/arte-france-cinema-coproduit-les-prochains-films-de-stephan-castang-marie-amiguet-sofia-alaoui-johanna-pyykko-et-anna-jadowska\/\",\"url\":\"https:\/\/www.arte.tv\/sites\/olivierpere\/2021\/07\/06\/arte-france-cinema-coproduit-les-prochains-films-de-stephan-castang-marie-amiguet-sofia-alaoui-johanna-pyykko-et-anna-jadowska\/\",\"name\":\"ARTE France Cin\u00e9ma coproduit les prochains films de Stephan Castang, Marie Amiguet, Sofia Alaoui, Johanna Pyykk\u00f6 et Anna Jadowska - Olivier P\u00e8re\",\"isPartOf\":{\"@id\":\"https:\/\/www.arte.tv\/sites\/olivierpere\/#website\"},\"datePublished\":\"2021-07-06T15:47:43+00:00\",\"dateModified\":\"2021-07-06T15:47:43+00:00\",\"author\":{\"@id\":\"https:\/\/www.arte.tv\/sites\/olivierpere\/#\/schema\/person\/dc32cd6c79be95e52d43b97a74182558\"},\"breadcrumb\":{\"@id\":\"https:\/\/www.arte.tv\/sites\/olivierpere\/2021\/07\/06\/arte-france-cinema-coproduit-les-prochains-films-de-stephan-castang-marie-amiguet-sofia-alaoui-johanna-pyykko-et-anna-jadowska\/#breadcrumb\"},\"inLanguage\":\"fr-FR\",\"potentialAction\":[{\"@type\":\"ReadAction\",\"target\":[\"https:\/\/www.arte.tv\/sites\/olivierpere\/2021\/07\/06\/arte-france-cinema-coproduit-les-prochains-films-de-stephan-castang-marie-amiguet-sofia-alaoui-johanna-pyykko-et-anna-jadowska\/\"]}]},{\"@type\":\"BreadcrumbList\",\"@id\":\"https:\/\/www.arte.tv\/sites\/olivierpere\/2021\/07\/06\/arte-france-cinema-coproduit-les-prochains-films-de-stephan-castang-marie-amiguet-sofia-alaoui-johanna-pyykko-et-anna-jadowska\/#breadcrumb\",\"itemListElement\":[{\"@type\":\"ListItem\",\"position\":1,\"name\":\"Home\",\"item\":\"https:\/\/www.arte.tv\/sites\/olivierpere\/\"},{\"@type\":\"ListItem\",\"position\":2,\"name\":\"ARTE France Cin\u00e9ma coproduit les prochains films de Stephan Castang, Marie Amiguet, Sofia Alaoui, Johanna Pyykk\u00f6 et Anna Jadowska\"}]},{\"@type\":\"WebSite\",\"@id\":\"https:\/\/www.arte.tv\/sites\/olivierpere\/#website\",\"url\":\"https:\/\/www.arte.tv\/sites\/olivierpere\/\",\"name\":\"Olivier P\u00e8re\",\"description\":\"\",\"potentialAction\":[{\"@type\":\"SearchAction\",\"target\":{\"@type\":\"EntryPoint\",\"urlTemplate\":\"https:\/\/www.arte.tv\/sites\/olivierpere\/?s={search_term_string}\"},\"query-input\":\"required name=search_term_string\"}],\"inLanguage\":\"fr-FR\"},{\"@type\":\"Person\",\"@id\":\"https:\/\/www.arte.tv\/sites\/olivierpere\/#\/schema\/person\/dc32cd6c79be95e52d43b97a74182558\",\"name\":\"Olivier P\u00e8re\",\"image\":{\"@type\":\"ImageObject\",\"inLanguage\":\"fr-FR\",\"@id\":\"https:\/\/www.arte.tv\/sites\/olivierpere\/#\/schema\/person\/image\/\",\"url\":\"https:\/\/secure.gravatar.com\/avatar\/bdea7b6a2c195e2c41772429a9694758?s=96&d=mm&r=g\",\"contentUrl\":\"https:\/\/secure.gravatar.com\/avatar\/bdea7b6a2c195e2c41772429a9694758?s=96&d=mm&r=g\",\"caption\":\"Olivier P\u00e8re\"},\"url\":\"https:\/\/www.arte.tv\/sites\/olivierpere\/author\/pereolivier\/\"}]}<\/script>\n<!-- \/ Yoast SEO plugin. -->","yoast_head_json":{"title":"ARTE France Cin\u00e9ma coproduit les prochains films de Stephan Castang, Marie Amiguet, Sofia Alaoui, Johanna Pyykk\u00f6 et Anna Jadowska - Olivier P\u00e8re","robots":{"index":"index","follow":"follow","max-snippet":"max-snippet:-1","max-image-preview":"max-image-preview:large","max-video-preview":"max-video-preview:-1"},"canonical":"https:\/\/www.arte.tv\/sites\/olivierpere\/2021\/07\/06\/arte-france-cinema-coproduit-les-prochains-films-de-stephan-castang-marie-amiguet-sofia-alaoui-johanna-pyykko-et-anna-jadowska\/","og_locale":"fr_FR","og_type":"article","og_title":"ARTE France Cin\u00e9ma coproduit les prochains films de Stephan Castang, Marie Amiguet, Sofia Alaoui, Johanna Pyykk\u00f6 et Anna Jadowska - Olivier P\u00e8re","og_description":"Le comit\u00e9 de s\u00e9lection d\u2019ARTE France Cin\u00e9ma, r\u00e9uni le 17 juin, a choisi de s\u2019engager sur trois nouveaux projets de\u2026","og_url":"https:\/\/www.arte.tv\/sites\/olivierpere\/2021\/07\/06\/arte-france-cinema-coproduit-les-prochains-films-de-stephan-castang-marie-amiguet-sofia-alaoui-johanna-pyykko-et-anna-jadowska\/","og_site_name":"Olivier P\u00e8re","article_published_time":"2021-07-06T15:47:43+00:00","author":"Olivier P\u00e8re","twitter_misc":{"\u00c9crit par":"Olivier P\u00e8re","Dur\u00e9e de lecture estim\u00e9e":"3 minutes"},"schema":{"@context":"https:\/\/schema.org","@graph":[{"@type":"WebPage","@id":"https:\/\/www.arte.tv\/sites\/olivierpere\/2021\/07\/06\/arte-france-cinema-coproduit-les-prochains-films-de-stephan-castang-marie-amiguet-sofia-alaoui-johanna-pyykko-et-anna-jadowska\/","url":"https:\/\/www.arte.tv\/sites\/olivierpere\/2021\/07\/06\/arte-france-cinema-coproduit-les-prochains-films-de-stephan-castang-marie-amiguet-sofia-alaoui-johanna-pyykko-et-anna-jadowska\/","name":"ARTE France Cin\u00e9ma coproduit les prochains films de Stephan Castang, Marie Amiguet, Sofia Alaoui, Johanna Pyykk\u00f6 et Anna Jadowska - Olivier P\u00e8re","isPartOf":{"@id":"https:\/\/www.arte.tv\/sites\/olivierpere\/#website"},"datePublished":"2021-07-06T15:47:43+00:00","dateModified":"2021-07-06T15:47:43+00:00","author":{"@id":"https:\/\/www.arte.tv\/sites\/olivierpere\/#\/schema\/person\/dc32cd6c79be95e52d43b97a74182558"},"breadcrumb":{"@id":"https:\/\/www.arte.tv\/sites\/olivierpere\/2021\/07\/06\/arte-france-cinema-coproduit-les-prochains-films-de-stephan-castang-marie-amiguet-sofia-alaoui-johanna-pyykko-et-anna-jadowska\/#breadcrumb"},"inLanguage":"fr-FR","potentialAction":[{"@type":"ReadAction","target":["https:\/\/www.arte.tv\/sites\/olivierpere\/2021\/07\/06\/arte-france-cinema-coproduit-les-prochains-films-de-stephan-castang-marie-amiguet-sofia-alaoui-johanna-pyykko-et-anna-jadowska\/"]}]},{"@type":"BreadcrumbList","@id":"https:\/\/www.arte.tv\/sites\/olivierpere\/2021\/07\/06\/arte-france-cinema-coproduit-les-prochains-films-de-stephan-castang-marie-amiguet-sofia-alaoui-johanna-pyykko-et-anna-jadowska\/#breadcrumb","itemListElement":[{"@type":"ListItem","position":1,"name":"Home","item":"https:\/\/www.arte.tv\/sites\/olivierpere\/"},{"@type":"ListItem","position":2,"name":"ARTE France Cin\u00e9ma coproduit les prochains films de Stephan Castang, Marie Amiguet, Sofia Alaoui, Johanna Pyykk\u00f6 et Anna Jadowska"}]},{"@type":"WebSite","@id":"https:\/\/www.arte.tv\/sites\/olivierpere\/#website","url":"https:\/\/www.arte.tv\/sites\/olivierpere\/","name":"Olivier P\u00e8re","description":"","potentialAction":[{"@type":"SearchAction","target":{"@type":"EntryPoint","urlTemplate":"https:\/\/www.arte.tv\/sites\/olivierpere\/?s={search_term_string}"},"query-input":"required name=search_term_string"}],"inLanguage":"fr-FR"},{"@type":"Person","@id":"https:\/\/www.arte.tv\/sites\/olivierpere\/#\/schema\/person\/dc32cd6c79be95e52d43b97a74182558","name":"Olivier P\u00e8re","image":{"@type":"ImageObject","inLanguage":"fr-FR","@id":"https:\/\/www.arte.tv\/sites\/olivierpere\/#\/schema\/person\/image\/","url":"https:\/\/secure.gravatar.com\/avatar\/bdea7b6a2c195e2c41772429a9694758?s=96&d=mm&r=g","contentUrl":"https:\/\/secure.gravatar.com\/avatar\/bdea7b6a2c195e2c41772429a9694758?s=96&d=mm&r=g","caption":"Olivier P\u00e8re"},"url":"https:\/\/www.arte.tv\/sites\/olivierpere\/author\/pereolivier\/"}]}},"_links":{"self":[{"href":"https:\/\/www.arte.tv\/sites\/olivierpere\/wp-json\/wp\/v2\/posts\/26518"}],"collection":[{"href":"https:\/\/www.arte.tv\/sites\/olivierpere\/wp-json\/wp\/v2\/posts"}],"about":[{"href":"https:\/\/www.arte.tv\/sites\/olivierpere\/wp-json\/wp\/v2\/types\/post"}],"author":[{"embeddable":true,"href":"https:\/\/www.arte.tv\/sites\/olivierpere\/wp-json\/wp\/v2\/users\/116"}],"replies":[{"embeddable":true,"href":"https:\/\/www.arte.tv\/sites\/olivierpere\/wp-json\/wp\/v2\/comments?post=26518"}],"version-history":[{"count":1,"href":"https:\/\/www.arte.tv\/sites\/olivierpere\/wp-json\/wp\/v2\/posts\/26518\/revisions"}],"predecessor-version":[{"id":26519,"href":"https:\/\/www.arte.tv\/sites\/olivierpere\/wp-json\/wp\/v2\/posts\/26518\/revisions\/26519"}],"wp:attachment":[{"href":"https:\/\/www.arte.tv\/sites\/olivierpere\/wp-json\/wp\/v2\/media?parent=26518"}],"wp:term":[{"taxonomy":"category","embeddable":true,"href":"https:\/\/www.arte.tv\/sites\/olivierpere\/wp-json\/wp\/v2\/categories?post=26518"},{"taxonomy":"post_tag","embeddable":true,"href":"https:\/\/www.arte.tv\/sites\/olivierpere\/wp-json\/wp\/v2\/tags?post=26518"}],"curies":[{"name":"wp","href":"https:\/\/api.w.org\/{rel}","templated":true}]}}