{"id":26512,"date":"2021-07-04T15:57:29","date_gmt":"2021-07-04T14:57:29","guid":{"rendered":"https:\/\/www.arte.tv\/sites\/olivierpere\/?p=26512"},"modified":"2021-07-04T15:57:29","modified_gmt":"2021-07-04T14:57:29","slug":"du-sang-dans-le-desert-de-anthony-mann","status":"publish","type":"post","link":"https:\/\/www.arte.tv\/sites\/olivierpere\/2021\/07\/04\/du-sang-dans-le-desert-de-anthony-mann\/","title":{"rendered":"Du sang dans le d\u00e9sert de Anthony Mann"},"content":{"rendered":"<p><strong>ARTE diffuse <em>Du sang dans le d\u00e9sert<\/em> (<em>The Tin Star<\/em>, 1957) lundi 12 juillet \u00e0 20h55. Ce chef-d\u2019\u0153uvre du western est r\u00e9alis\u00e9 par Anthony Mann apr\u00e8s cinq classiques exemplaires du genre o\u00f9 James Stewart tenait le r\u00f4le principal. L\u2019acteur \u00e9tait d\u2019ailleurs pressenti pour interpr\u00e9ter le chasseur de primes Morg Hickmann, finalement jou\u00e9 par Henry Fonda. Le titre fran\u00e7ais se r\u00e9v\u00e8le un contre-sens total, puisque le film d\u2019Anthony Mann d\u00e9laisse les grands espaces et se d\u00e9roule presqu\u2019enti\u00e8rement dans une ville de l\u2019Ouest am\u00e9ricain. Le titre original, <em>The Tin Star<\/em> (l\u2019\u00e9toile en \u00e9tain de sh\u00e9rif), refl\u00e8te avec clart\u00e9 les th\u00e8mes de la loi et de la transmission trait\u00e9s par le film.<\/strong><\/p>\n<p><strong>L\u2019action se situe dans une bourgade dont la tranquillit\u00e9 est menac\u00e9e par un \u00e9l\u00e9ment perturbateur nomm\u00e9 Bart Bogardus, malfaiteur notoire qui s\u00e8me le d\u00e9sordre faute d\u2019avoir \u00e9t\u00e9 \u00e9lu sh\u00e9rif. Celui qui occupe ce poste, un jeune homme exp\u00e9riment\u00e9, \u00e9prouve des difficult\u00e9s \u00e0 lui tenir t\u00eate et \u00e0 se faire respecter. L\u2019arriv\u00e9e d\u2019un chasseur de primes vieillissant s\u2019av\u00e8re porteuse d\u2019espoir. D\u00e9tenteur d\u2019un savoir que le sh\u00e9rif ignore, l\u2019\u00e9tranger va accepter de l\u2019aider \u00e0 assumer ses fonctions. Ce retour \u00e0 la vie de la communaut\u00e9 lui permettra aussi de titrer un trait sur un pass\u00e9 douloureux empreint de culpabilit\u00e9. Avec ce tr\u00e8s beau film, Mann revient sur ses sujets de pr\u00e9dilection, la violence et le racisme et comment les annihiler, ou du moins les combattre. Tourn\u00e9 en noir et blanc et en VistaVision, format lanc\u00e9 par la Paramount en 1954, <em>Du sang dans le d\u00e9sert<\/em> est remarquable par le tranchant et la pr\u00e9cision de sa mise en sc\u00e8ne, qui \u00e9vacue la moindre scorie et frise la perfection. C\u2019est un condens\u00e9 de l\u2019art du western selon Mann, ici en pleine possession de ses moyens et associ\u00e9 \u00e0 deux grands acteurs de g\u00e9n\u00e9rations diff\u00e9rentes\u00a0: Henry Fonda et Anthony Perkins, d\u00e9j\u00e0 brillant trois ans avant <em>Psychose<\/em> d\u2019Alfred Hitchcock. Fonda est \u00e9gal \u00e0 lui-m\u00eame, symbole d\u2019une forme de rectitude morale associ\u00e9e \u00e0 la lassitude et au d\u00e9senchantement. Perkins \u00e9chappe \u00e0 la caricature du ben\u00eat na\u00eff et maladroit et parvient \u00e0 insuffler beaucoup de nuance \u00e0 un r\u00f4le difficile. Dans le r\u00f4le du m\u00e9chant Bogardus, assassin, raciste et comploteur, on a le plaisir de retrouver Neville Brand, figure patibulaire de la s\u00e9rie B et de la t\u00e9l\u00e9vision qui jouera \u00e9galement dans quelques productions prestigieuses au cours de sa longue carri\u00e8re.<\/strong><\/p>\n","protected":false},"excerpt":{"rendered":"<p>ARTE diffuse Du sang dans le d\u00e9sert (The Tin Star, 1957) lundi 12 juillet \u00e0 20h55. Ce chef-d\u2019\u0153uvre du western\u2026<\/p>\n","protected":false},"author":116,"featured_media":0,"comment_status":"open","ping_status":"open","sticky":false,"template":"","format":"standard","meta":[],"categories":[8],"tags":[],"yoast_head":"<!-- This site is optimized with the Yoast SEO plugin v20.8 - https:\/\/yoast.com\/wordpress\/plugins\/seo\/ -->\n<title>Du sang dans le d\u00e9sert de Anthony Mann - Olivier P\u00e8re<\/title>\n<meta name=\"robots\" content=\"index, follow, max-snippet:-1, max-image-preview:large, max-video-preview:-1\" \/>\n<link rel=\"canonical\" href=\"https:\/\/www.arte.tv\/sites\/olivierpere\/2021\/07\/04\/du-sang-dans-le-desert-de-anthony-mann\/\" \/>\n<meta property=\"og:locale\" content=\"fr_FR\" \/>\n<meta property=\"og:type\" content=\"article\" \/>\n<meta property=\"og:title\" content=\"Du sang dans le d\u00e9sert de Anthony Mann - Olivier P\u00e8re\" \/>\n<meta property=\"og:description\" content=\"ARTE diffuse Du sang dans le d\u00e9sert (The Tin Star, 1957) lundi 12 juillet \u00e0 20h55. Ce chef-d\u2019\u0153uvre du western\u2026\" \/>\n<meta property=\"og:url\" content=\"https:\/\/www.arte.tv\/sites\/olivierpere\/2021\/07\/04\/du-sang-dans-le-desert-de-anthony-mann\/\" \/>\n<meta property=\"og:site_name\" content=\"Olivier P\u00e8re\" \/>\n<meta property=\"article:published_time\" content=\"2021-07-04T14:57:29+00:00\" \/>\n<meta name=\"author\" content=\"Olivier P\u00e8re\" \/>\n<meta name=\"twitter:label1\" content=\"\u00c9crit par\" \/>\n\t<meta name=\"twitter:data1\" content=\"Olivier P\u00e8re\" \/>\n\t<meta name=\"twitter:label2\" content=\"Dur\u00e9e de lecture estim\u00e9e\" \/>\n\t<meta name=\"twitter:data2\" content=\"2 minutes\" \/>\n<script type=\"application\/ld+json\" class=\"yoast-schema-graph\">{\"@context\":\"https:\/\/schema.org\",\"@graph\":[{\"@type\":\"WebPage\",\"@id\":\"https:\/\/www.arte.tv\/sites\/olivierpere\/2021\/07\/04\/du-sang-dans-le-desert-de-anthony-mann\/\",\"url\":\"https:\/\/www.arte.tv\/sites\/olivierpere\/2021\/07\/04\/du-sang-dans-le-desert-de-anthony-mann\/\",\"name\":\"Du sang dans le d\u00e9sert de Anthony Mann - Olivier P\u00e8re\",\"isPartOf\":{\"@id\":\"https:\/\/www.arte.tv\/sites\/olivierpere\/#website\"},\"datePublished\":\"2021-07-04T14:57:29+00:00\",\"dateModified\":\"2021-07-04T14:57:29+00:00\",\"author\":{\"@id\":\"https:\/\/www.arte.tv\/sites\/olivierpere\/#\/schema\/person\/dc32cd6c79be95e52d43b97a74182558\"},\"breadcrumb\":{\"@id\":\"https:\/\/www.arte.tv\/sites\/olivierpere\/2021\/07\/04\/du-sang-dans-le-desert-de-anthony-mann\/#breadcrumb\"},\"inLanguage\":\"fr-FR\",\"potentialAction\":[{\"@type\":\"ReadAction\",\"target\":[\"https:\/\/www.arte.tv\/sites\/olivierpere\/2021\/07\/04\/du-sang-dans-le-desert-de-anthony-mann\/\"]}]},{\"@type\":\"BreadcrumbList\",\"@id\":\"https:\/\/www.arte.tv\/sites\/olivierpere\/2021\/07\/04\/du-sang-dans-le-desert-de-anthony-mann\/#breadcrumb\",\"itemListElement\":[{\"@type\":\"ListItem\",\"position\":1,\"name\":\"Home\",\"item\":\"https:\/\/www.arte.tv\/sites\/olivierpere\/\"},{\"@type\":\"ListItem\",\"position\":2,\"name\":\"Du sang dans le d\u00e9sert de Anthony Mann\"}]},{\"@type\":\"WebSite\",\"@id\":\"https:\/\/www.arte.tv\/sites\/olivierpere\/#website\",\"url\":\"https:\/\/www.arte.tv\/sites\/olivierpere\/\",\"name\":\"Olivier P\u00e8re\",\"description\":\"\",\"potentialAction\":[{\"@type\":\"SearchAction\",\"target\":{\"@type\":\"EntryPoint\",\"urlTemplate\":\"https:\/\/www.arte.tv\/sites\/olivierpere\/?s={search_term_string}\"},\"query-input\":\"required name=search_term_string\"}],\"inLanguage\":\"fr-FR\"},{\"@type\":\"Person\",\"@id\":\"https:\/\/www.arte.tv\/sites\/olivierpere\/#\/schema\/person\/dc32cd6c79be95e52d43b97a74182558\",\"name\":\"Olivier P\u00e8re\",\"image\":{\"@type\":\"ImageObject\",\"inLanguage\":\"fr-FR\",\"@id\":\"https:\/\/www.arte.tv\/sites\/olivierpere\/#\/schema\/person\/image\/\",\"url\":\"https:\/\/secure.gravatar.com\/avatar\/bdea7b6a2c195e2c41772429a9694758?s=96&d=mm&r=g\",\"contentUrl\":\"https:\/\/secure.gravatar.com\/avatar\/bdea7b6a2c195e2c41772429a9694758?s=96&d=mm&r=g\",\"caption\":\"Olivier P\u00e8re\"},\"url\":\"https:\/\/www.arte.tv\/sites\/olivierpere\/author\/pereolivier\/\"}]}<\/script>\n<!-- \/ Yoast SEO plugin. -->","yoast_head_json":{"title":"Du sang dans le d\u00e9sert de Anthony Mann - Olivier P\u00e8re","robots":{"index":"index","follow":"follow","max-snippet":"max-snippet:-1","max-image-preview":"max-image-preview:large","max-video-preview":"max-video-preview:-1"},"canonical":"https:\/\/www.arte.tv\/sites\/olivierpere\/2021\/07\/04\/du-sang-dans-le-desert-de-anthony-mann\/","og_locale":"fr_FR","og_type":"article","og_title":"Du sang dans le d\u00e9sert de Anthony Mann - Olivier P\u00e8re","og_description":"ARTE diffuse Du sang dans le d\u00e9sert (The Tin Star, 1957) lundi 12 juillet \u00e0 20h55. Ce chef-d\u2019\u0153uvre du western\u2026","og_url":"https:\/\/www.arte.tv\/sites\/olivierpere\/2021\/07\/04\/du-sang-dans-le-desert-de-anthony-mann\/","og_site_name":"Olivier P\u00e8re","article_published_time":"2021-07-04T14:57:29+00:00","author":"Olivier P\u00e8re","twitter_misc":{"\u00c9crit par":"Olivier P\u00e8re","Dur\u00e9e de lecture estim\u00e9e":"2 minutes"},"schema":{"@context":"https:\/\/schema.org","@graph":[{"@type":"WebPage","@id":"https:\/\/www.arte.tv\/sites\/olivierpere\/2021\/07\/04\/du-sang-dans-le-desert-de-anthony-mann\/","url":"https:\/\/www.arte.tv\/sites\/olivierpere\/2021\/07\/04\/du-sang-dans-le-desert-de-anthony-mann\/","name":"Du sang dans le d\u00e9sert de Anthony Mann - Olivier P\u00e8re","isPartOf":{"@id":"https:\/\/www.arte.tv\/sites\/olivierpere\/#website"},"datePublished":"2021-07-04T14:57:29+00:00","dateModified":"2021-07-04T14:57:29+00:00","author":{"@id":"https:\/\/www.arte.tv\/sites\/olivierpere\/#\/schema\/person\/dc32cd6c79be95e52d43b97a74182558"},"breadcrumb":{"@id":"https:\/\/www.arte.tv\/sites\/olivierpere\/2021\/07\/04\/du-sang-dans-le-desert-de-anthony-mann\/#breadcrumb"},"inLanguage":"fr-FR","potentialAction":[{"@type":"ReadAction","target":["https:\/\/www.arte.tv\/sites\/olivierpere\/2021\/07\/04\/du-sang-dans-le-desert-de-anthony-mann\/"]}]},{"@type":"BreadcrumbList","@id":"https:\/\/www.arte.tv\/sites\/olivierpere\/2021\/07\/04\/du-sang-dans-le-desert-de-anthony-mann\/#breadcrumb","itemListElement":[{"@type":"ListItem","position":1,"name":"Home","item":"https:\/\/www.arte.tv\/sites\/olivierpere\/"},{"@type":"ListItem","position":2,"name":"Du sang dans le d\u00e9sert de Anthony Mann"}]},{"@type":"WebSite","@id":"https:\/\/www.arte.tv\/sites\/olivierpere\/#website","url":"https:\/\/www.arte.tv\/sites\/olivierpere\/","name":"Olivier P\u00e8re","description":"","potentialAction":[{"@type":"SearchAction","target":{"@type":"EntryPoint","urlTemplate":"https:\/\/www.arte.tv\/sites\/olivierpere\/?s={search_term_string}"},"query-input":"required name=search_term_string"}],"inLanguage":"fr-FR"},{"@type":"Person","@id":"https:\/\/www.arte.tv\/sites\/olivierpere\/#\/schema\/person\/dc32cd6c79be95e52d43b97a74182558","name":"Olivier P\u00e8re","image":{"@type":"ImageObject","inLanguage":"fr-FR","@id":"https:\/\/www.arte.tv\/sites\/olivierpere\/#\/schema\/person\/image\/","url":"https:\/\/secure.gravatar.com\/avatar\/bdea7b6a2c195e2c41772429a9694758?s=96&d=mm&r=g","contentUrl":"https:\/\/secure.gravatar.com\/avatar\/bdea7b6a2c195e2c41772429a9694758?s=96&d=mm&r=g","caption":"Olivier P\u00e8re"},"url":"https:\/\/www.arte.tv\/sites\/olivierpere\/author\/pereolivier\/"}]}},"_links":{"self":[{"href":"https:\/\/www.arte.tv\/sites\/olivierpere\/wp-json\/wp\/v2\/posts\/26512"}],"collection":[{"href":"https:\/\/www.arte.tv\/sites\/olivierpere\/wp-json\/wp\/v2\/posts"}],"about":[{"href":"https:\/\/www.arte.tv\/sites\/olivierpere\/wp-json\/wp\/v2\/types\/post"}],"author":[{"embeddable":true,"href":"https:\/\/www.arte.tv\/sites\/olivierpere\/wp-json\/wp\/v2\/users\/116"}],"replies":[{"embeddable":true,"href":"https:\/\/www.arte.tv\/sites\/olivierpere\/wp-json\/wp\/v2\/comments?post=26512"}],"version-history":[{"count":1,"href":"https:\/\/www.arte.tv\/sites\/olivierpere\/wp-json\/wp\/v2\/posts\/26512\/revisions"}],"predecessor-version":[{"id":26513,"href":"https:\/\/www.arte.tv\/sites\/olivierpere\/wp-json\/wp\/v2\/posts\/26512\/revisions\/26513"}],"wp:attachment":[{"href":"https:\/\/www.arte.tv\/sites\/olivierpere\/wp-json\/wp\/v2\/media?parent=26512"}],"wp:term":[{"taxonomy":"category","embeddable":true,"href":"https:\/\/www.arte.tv\/sites\/olivierpere\/wp-json\/wp\/v2\/categories?post=26512"},{"taxonomy":"post_tag","embeddable":true,"href":"https:\/\/www.arte.tv\/sites\/olivierpere\/wp-json\/wp\/v2\/tags?post=26512"}],"curies":[{"name":"wp","href":"https:\/\/api.w.org\/{rel}","templated":true}]}}