{"id":26506,"date":"2021-07-03T06:45:16","date_gmt":"2021-07-03T05:45:16","guid":{"rendered":"https:\/\/www.arte.tv\/sites\/olivierpere\/?p=26506"},"modified":"2021-07-04T06:56:06","modified_gmt":"2021-07-04T05:56:06","slug":"une-presence-exceptionnelle-darte-au-74e-festival-de-cannes","status":"publish","type":"post","link":"https:\/\/www.arte.tv\/sites\/olivierpere\/2021\/07\/03\/une-presence-exceptionnelle-darte-au-74e-festival-de-cannes\/","title":{"rendered":"Une pr\u00e9sence exceptionnelle d\u2019ARTE au 74\u00e8me Festival de Cannes"},"content":{"rendered":"<p><strong>Cette \u00e9dition tant attendue du Festival de Cannes, de retour en force apr\u00e8s une longue p\u00e9riode de crise sanitaire, nous promet un feu d\u2019artifices avec toutes les dimensions, les couleurs et les beaut\u00e9s d\u2019un cin\u00e9ma mondial enfin lib\u00e9r\u00e9, o\u00f9 l\u2019on pourra d\u00e9couvrir de nombreux films soutenus par ARTE. Nous sommes heureux d\u2019accompagner des auteurs fran\u00e7ais et internationaux, confirm\u00e9s ou d\u00e9butants, dont les nouvelles \u0153uvres seront d\u00e9voil\u00e9es dans les diff\u00e9rentes sections cannoises, officielles ou parall\u00e8les. Aux c\u00f4t\u00e9s de grands artistes du cin\u00e9ma contemporain, pr\u00e9sents cette ann\u00e9e avec des cr\u00e9ations exceptionnelles (Leos Carax, Apichatpong Weerasethakul, Bruno Dumont, Asghar Farhadi, Ildik\u00f3 Enyedi, Kirill Serebrennikov&#8230;), il faut saluer l\u2019\u00e9mergence d\u2019une brillante g\u00e9n\u00e9ration de cin\u00e9astes, invit\u00e9s pour la premi\u00e8re fois en comp\u00e9tition, et dont ARTE sut tr\u00e8s t\u00f4t d\u00e9celer le talent : Mia Hansen-L\u00f8ve, Julia Ducournau, Nadav Lapid, Juho Kuosmanen&#8230;<\/strong><\/p>\n<p><strong>Du court au long m\u00e9trage, de la fiction au documentaire, du romanesque au politique, ce Festival de Cannes est plac\u00e9 sous le signe des \u00e9motions fortes et des passions, des larmes et des chansons, de l\u2019intime et du grand spectacle, de l\u2019inqui\u00e9tude et de l\u2019\u00e9merveillement, comme si le cin\u00e9ma, secou\u00e9 par des crises de diverses natures, toujours \u00e0 l\u2019\u00e9coute des soubresauts de l\u2019\u00e9poque, \u00e9prouvait le besoin de revenir aux fondamentaux de son existence\u00a0: soit une exp\u00e9rience collective qui se vit dans une salle et sur grand \u00e9cran, un art impur qui a su d\u00e8s ses origines mixer culture savante et populaire, ouvert \u00e0 de multiples hybridations. Partag\u00e9s entre la puissance des r\u00e9cits et les inventions formelles, le sens du tragique et la fantaisie, les films de ce festival hors-normes, qu\u2019ils soient sign\u00e9s Mathieu Amalric ou Hafsia Herzi, Arthur Harari ou Vesela Kazakova et Mina Mileva, Jean-Marie et Arnaud Larrieu ou Leyla Bouzid nous offrent des voyages au c\u0153ur de l\u2019humain, par des chemins qui n\u2019appartiennent qu\u2019au langage cin\u00e9matographique.<\/strong><\/p>\n<p><strong>Soucieuse d\u2019affirmer son soutien aux grands auteurs qu\u2019elle admire, ARTE demeure attentive \u00e0 l\u2019apparition de jeunes cin\u00e9astes. Les diff\u00e9rentes sections du Festival de Cannes nous permettront de le v\u00e9rifier en projetant une moisson de premiers films \u00ab\u00a0n\u00e9s sous une bonne \u00e9toile\u00a0\u00bb.<\/strong><\/p>\n<p><strong>Les nombreux films soutenus par ARTE d\u00e9voil\u00e9s \u00e0 Cannes, ainsi que tous les autres, nourrissent la haute ambition de notre groupe pour le 7\u00e8me art. Cet id\u00e9al irrigue aussi la politique originale et unique de diffusion des films qu\u2019ARTE d\u00e9fend \u00e0 l\u2019antenne comme sur le num\u00e9rique o\u00f9 le cin\u00e9ma, dans sa pluralit\u00e9 et sa richesse, tient une place de choix. Que la f\u00eate du cin\u00e9ma recommence, en juillet \u00e0 Cannes et toute l\u2019ann\u00e9e sur ARTE.<\/strong><\/p>\n<p>&nbsp;<\/p>\n<p>&nbsp;<\/p>\n<p><strong>SELECTION OFFICIELLE<\/strong><\/p>\n<p><strong><em><u>En comp\u00e9tition<\/u><\/em><\/strong><\/p>\n<p><strong>ANNETTE\u00a0de Leos Carax \u2013\u00a0Film d\u2019ouverture \u2013 ZDF\/ARTE France Cin\u00e9ma (Grand accord de proposition fran\u00e7aise)<\/strong><\/p>\n<p><strong>Sortie le 6 juillet<\/strong><\/p>\n<p><strong>LE GENOU D\u2019AHED\u00a0(<em>Ha\u2019Berech<\/em>) de Nadav Lapid \u2013 ZDF\/ARTE France Cin\u00e9ma (Grand accord de proposition fran\u00e7aise)<\/strong><\/p>\n<p><strong>Sortie le 15 septembre<\/strong><\/p>\n<p><strong>JULIE (EN 12 CHAPITRES)\u00a0(<em>Verdens verste menneske<\/em>) de Joachim Trier \u2013 ARTE France Cin\u00e9ma<\/strong><\/p>\n<p><strong>Sortie le 13 octobre<\/strong><\/p>\n<p><strong>COMPARTIMENT N\u00b06\u00a0(Hytti Nro 6) de Juho Kuosmanen \u2013 SR\/ARTE<\/strong><\/p>\n<p><strong>BERGMAN ISLAND\u00a0de Mia Hansen-L\u00f8ve \u2013 ARTE France Cin\u00e9ma<\/strong><\/p>\n<p><strong>Sortie le 14 juillet<\/strong><\/p>\n<p><strong>LA FI\u00c8VRE DE PETROV\u00a0(<em>Petrov\u2019s Flu<\/em>) de Kirill Serebrennikov \u2013 ZDF\/ARTE France Cin\u00e9ma (Grand accord de proposition fran\u00e7aise)<\/strong><\/p>\n<p><strong>Sortie le 1<sup>er<\/sup> d\u00e9cembre<\/strong><\/p>\n<p><strong>UN H\u00c9ROS\u00a0(<em>Ghahreman<\/em>) de Asghar Farhadi \u2013 ARTE France Cin\u00e9ma<\/strong><\/p>\n<p><strong>Sortie le 22 d\u00e9cembre<\/strong><\/p>\n<p><strong>TITANE\u00a0de Julia Ducournau \u2013 ARTE France Cin\u00e9ma<\/strong><\/p>\n<p><strong>Sortie le 14 juillet<\/strong><\/p>\n<p><strong>L\u2019HISTOIRE DE MA FEMME\u00a0(<em>A Feles\u00e9gem T\u00f6rt\u00e9nete<\/em>) de Ildik\u00f3 Enyedi \u2013 WDR\/ARTE France Cin\u00e9ma (Grand accord de proposition allemande)<\/strong><\/p>\n<p><strong>Sortie le 12 janvier<\/strong><\/p>\n<p><strong>FRANCE\u00a0de Bruno Dumont \u2013 BR\/ARTE France Cin\u00e9ma (Grand accord de proposition fran\u00e7aise)<\/strong><\/p>\n<p><strong>Sortie le 25 ao\u00fbt<\/strong><\/p>\n<p><strong>MEMORIA deApichatpong Weerasethakul \u2013 ZDF\/ARTE<\/strong><\/p>\n<p>&nbsp;<\/p>\n<p><strong><em><u>Comp\u00e9tition court m\u00e9trage<\/u><\/em><\/strong><br \/>\n<strong>PA VEND\u00a0(<em>D\u00e9plac\u00e9<\/em>) de Samir Karahoda \u2013 ZDF\/ARTE<\/strong><\/p>\n<p><strong>\u00a0<\/strong><\/p>\n<p><strong><em><u>Un Certain Regard<\/u><\/em><\/strong><\/p>\n<p><strong>ONODA \u2013 10\u00a0000 NUITS DANS LA JUNGLE\u00a0de Arthur Harari \u2013\u00a0Film d\u2019ouverture \u2013 ARTE France Cin\u00e9ma<\/strong><\/p>\n<p><strong>Sortie le 21 juillet<\/strong><\/p>\n<p><strong>BONNE M\u00c8RE\u00a0de Hafsia Herzi \u2013 ARTE France Cin\u00e9ma<\/strong><\/p>\n<p><strong>Sortie le 21 juillet<\/strong><\/p>\n<p><strong>MONEYBOYS\u00a0de C.B. Yi \u2013 1<sup>er<\/sup>\u00a0film \u2013 ARTE France Cin\u00e9ma<\/strong><\/p>\n<p><strong>Sortie le 10 novembre<\/strong><\/p>\n<p><strong>WOMEN DO CRY\u00a0de Vesela Kazakova &amp;\u00a0Mina Mileva \u2013 ARTE France Cin\u00e9ma<\/strong><\/p>\n<p><strong>NOCHE DE FUEGO\u00a0de Tatiana Huezo \u2013 ZDF\/ARTE<\/strong><\/p>\n<p><strong><em><u>Cannes Premi\u00e8re<\/u><\/em><\/strong><\/p>\n<p><strong>EVOLUTION\u00a0de Korn\u00e9l Mundrucz\u00f3 \u2013 ZDF\/ARTE<\/strong><\/p>\n<p><strong>SERRE MOI FORT\u00a0de Mathieu Amalric \u2013 BR\/ARTE France Cin\u00e9ma (Grand accord de proposition fran\u00e7aise)<\/strong><\/p>\n<p><strong>Sortie le 8 septembre<\/strong><\/p>\n<p><strong>MOTHERING SUNDAY\u00a0de Eva Husson \u2013 ZDF\/ARTE<\/strong><\/p>\n<p><strong><em><u>S\u00e9ances de minuit<\/u><\/em><\/strong><\/p>\n<p><strong>TRALALA\u00a0de\u00a0Jean-Marie &amp;\u00a0Arnaud Larrieu \u2013 ARTE France Cin\u00e9ma<\/strong><\/p>\n<p><strong>Sortie le 6 octobre<\/strong><\/p>\n<p><strong><em><u>S\u00e9ances sp\u00e9ciales<\/u><\/em><\/strong><\/p>\n<p><strong>LE MARIN DES MONTAGNES\u00a0(<em>O marinheiro das montanhas<\/em>) de Karim A\u00efnouz \u2013 documentaire \u2013 ARTE France, Unit\u00e9 Soci\u00e9t\u00e9 et Culture<\/strong><\/p>\n<p><strong><em><u>Le cin\u00e9ma pour le climat<\/u><\/em><\/strong><br \/>\n<strong>LA PANTH\u00c8RE DES NEIGES\u00a0de Marie Amiguet \u2013 1<sup>er<\/sup>\u00a0film \u2013 documentaire \u2013 ARTE France Cin\u00e9ma<\/strong><\/p>\n<p><strong>Sortie le 1er d\u00e9cembre<\/strong><\/p>\n<p><strong>I AM SO SORRY\u00a0de Zhao Liang \u2013 documentaire \u2013 ARTE France, Unit\u00e9 Soci\u00e9t\u00e9 et Culture<\/strong><\/p>\n<p><strong><em><u>\u00a0<\/u><\/em><\/strong><\/p>\n<p><strong><em><u>Cannes Cin\u00e9philes<\/u><\/em><\/strong><\/p>\n<p><strong>A LA RECHERCHE D&rsquo;ORFEU NEGRO\u00a0de Ren\u00e9 Letzgus &amp; Bernard Tournois \u2013 documentaire \u2013 ARTE GEIE<\/strong><\/p>\n<p>_______________________________________________________________________________<\/p>\n<p><strong><em><u>Quinzaine des r\u00e9alisateurs<\/u><\/em><\/strong><\/p>\n<p><strong>RETOUR \u00c0 REIMS (FRAGMENTS)\u00a0de\u00a0Jean-Gabriel P\u00e9riot \u2013 documentaire \u2013 ARTE France, Unit\u00e9 Soci\u00e9t\u00e9 et Culture<\/strong><\/p>\n<p><strong>ENTRE LES VAGUES\u00a0de\u00a0Ana\u00efs Volp\u00e9 \u2013 ARTE\/Cofinova<\/strong><\/p>\n<p><strong>A CHIARA\u00a0de Jonas Carpignano \u2013 ARTE France Cin\u00e9ma<\/strong><\/p>\n<p><strong><em><u>Semaine de la critique<\/u><\/em><\/strong><\/p>\n<p><strong>LA FEMME DU FOSSOYEUR\u00a0(<em>The Gravedigger\u2019s Wife<\/em>) de\u00a0Khadar Ayderus Ahmed \u2013 1<sup>er<\/sup>\u00a0film \u2013 ZDF\/ARTE<\/strong><\/p>\n<p><strong>PICCOLO CORPO\u00a0de\u00a0Laura Samani \u2013 1<sup>er<\/sup>\u00a0film \u2013 ARTE\/Cofinova<\/strong><\/p>\n<p><strong><em><u>S\u00e9ance du 60<sup>\u00e8me<\/sup>\u00a0anniversaire<\/u><\/em><\/strong><br \/>\n<strong>LES AMOURS D\u2019ANA\u00cfS\u00a0de\u00a0Charline Bourgeois-Tacquet \u2013 1<sup>er<\/sup>\u00a0film \u2013 ARTE France Cin\u00e9ma<\/strong><\/p>\n<p><strong>Sortie le 15 septembre<\/strong><\/p>\n<p><strong><em><u>S\u00e9ances sp\u00e9ciales<\/u><\/em><\/strong><br \/>\n<strong>BRUNO REIDAL\u00a0de\u00a0Vincent Le Port \u2013 1<sup>er<\/sup>\u00a0film \u2013 ARTE France Cin\u00e9ma<\/strong><\/p>\n<p><strong>UNE HISTOIRE D\u2019AMOUR ET DE D\u00c9SIR\u00a0de\u00a0Leyla Bouzid\u00a0&#8211; Film de cl\u00f4ture \u2013 ARTE France Cin\u00e9ma<\/strong><\/p>\n<p><strong>Sortie le 1<sup>er<\/sup> septembre<\/strong><\/p>\n<p>&nbsp;<\/p>\n","protected":false},"excerpt":{"rendered":"<p>Cette \u00e9dition tant attendue du Festival de Cannes, de retour en force apr\u00e8s une longue p\u00e9riode de crise sanitaire, nous\u2026<\/p>\n","protected":false},"author":116,"featured_media":26508,"comment_status":"open","ping_status":"open","sticky":false,"template":"","format":"standard","meta":[],"categories":[9,6],"tags":[],"yoast_head":"<!-- This site is optimized with the Yoast SEO plugin v20.8 - https:\/\/yoast.com\/wordpress\/plugins\/seo\/ -->\n<title>Une pr\u00e9sence exceptionnelle d\u2019ARTE au 74\u00e8me Festival de Cannes - Olivier P\u00e8re<\/title>\n<meta name=\"robots\" content=\"index, follow, max-snippet:-1, max-image-preview:large, max-video-preview:-1\" \/>\n<link rel=\"canonical\" href=\"https:\/\/www.arte.tv\/sites\/olivierpere\/2021\/07\/03\/une-presence-exceptionnelle-darte-au-74e-festival-de-cannes\/\" \/>\n<meta property=\"og:locale\" content=\"fr_FR\" \/>\n<meta property=\"og:type\" content=\"article\" \/>\n<meta property=\"og:title\" content=\"Une pr\u00e9sence exceptionnelle d\u2019ARTE au 74\u00e8me Festival de Cannes - Olivier P\u00e8re\" \/>\n<meta property=\"og:description\" content=\"Cette \u00e9dition tant attendue du Festival de Cannes, de retour en force apr\u00e8s une longue p\u00e9riode de crise sanitaire, nous\u2026\" \/>\n<meta property=\"og:url\" content=\"https:\/\/www.arte.tv\/sites\/olivierpere\/2021\/07\/03\/une-presence-exceptionnelle-darte-au-74e-festival-de-cannes\/\" \/>\n<meta property=\"og:site_name\" content=\"Olivier P\u00e8re\" \/>\n<meta property=\"article:published_time\" content=\"2021-07-03T05:45:16+00:00\" \/>\n<meta property=\"article:modified_time\" content=\"2021-07-04T05:56:06+00:00\" \/>\n<meta property=\"og:image\" content=\"https:\/\/www.arte.tv\/sites\/olivierpere\/files\/annette_stills_rec709-0032670_ret-hd_0_0.jpg\" \/>\n\t<meta property=\"og:image:width\" content=\"1000\" \/>\n\t<meta property=\"og:image:height\" content=\"632\" \/>\n\t<meta property=\"og:image:type\" content=\"image\/jpeg\" \/>\n<meta name=\"author\" content=\"Olivier P\u00e8re\" \/>\n<meta name=\"twitter:label1\" content=\"\u00c9crit par\" \/>\n\t<meta name=\"twitter:data1\" content=\"Olivier P\u00e8re\" \/>\n\t<meta name=\"twitter:label2\" content=\"Dur\u00e9e de lecture estim\u00e9e\" \/>\n\t<meta name=\"twitter:data2\" content=\"4 minutes\" \/>\n<script type=\"application\/ld+json\" class=\"yoast-schema-graph\">{\"@context\":\"https:\/\/schema.org\",\"@graph\":[{\"@type\":\"WebPage\",\"@id\":\"https:\/\/www.arte.tv\/sites\/olivierpere\/2021\/07\/03\/une-presence-exceptionnelle-darte-au-74e-festival-de-cannes\/\",\"url\":\"https:\/\/www.arte.tv\/sites\/olivierpere\/2021\/07\/03\/une-presence-exceptionnelle-darte-au-74e-festival-de-cannes\/\",\"name\":\"Une pr\u00e9sence exceptionnelle d\u2019ARTE au 74\u00e8me Festival de Cannes - Olivier P\u00e8re\",\"isPartOf\":{\"@id\":\"https:\/\/www.arte.tv\/sites\/olivierpere\/#website\"},\"datePublished\":\"2021-07-03T05:45:16+00:00\",\"dateModified\":\"2021-07-04T05:56:06+00:00\",\"author\":{\"@id\":\"https:\/\/www.arte.tv\/sites\/olivierpere\/#\/schema\/person\/dc32cd6c79be95e52d43b97a74182558\"},\"breadcrumb\":{\"@id\":\"https:\/\/www.arte.tv\/sites\/olivierpere\/2021\/07\/03\/une-presence-exceptionnelle-darte-au-74e-festival-de-cannes\/#breadcrumb\"},\"inLanguage\":\"fr-FR\",\"potentialAction\":[{\"@type\":\"ReadAction\",\"target\":[\"https:\/\/www.arte.tv\/sites\/olivierpere\/2021\/07\/03\/une-presence-exceptionnelle-darte-au-74e-festival-de-cannes\/\"]}]},{\"@type\":\"BreadcrumbList\",\"@id\":\"https:\/\/www.arte.tv\/sites\/olivierpere\/2021\/07\/03\/une-presence-exceptionnelle-darte-au-74e-festival-de-cannes\/#breadcrumb\",\"itemListElement\":[{\"@type\":\"ListItem\",\"position\":1,\"name\":\"Home\",\"item\":\"https:\/\/www.arte.tv\/sites\/olivierpere\/\"},{\"@type\":\"ListItem\",\"position\":2,\"name\":\"Une pr\u00e9sence exceptionnelle d\u2019ARTE au 74\u00e8me Festival de Cannes\"}]},{\"@type\":\"WebSite\",\"@id\":\"https:\/\/www.arte.tv\/sites\/olivierpere\/#website\",\"url\":\"https:\/\/www.arte.tv\/sites\/olivierpere\/\",\"name\":\"Olivier P\u00e8re\",\"description\":\"\",\"potentialAction\":[{\"@type\":\"SearchAction\",\"target\":{\"@type\":\"EntryPoint\",\"urlTemplate\":\"https:\/\/www.arte.tv\/sites\/olivierpere\/?s={search_term_string}\"},\"query-input\":\"required name=search_term_string\"}],\"inLanguage\":\"fr-FR\"},{\"@type\":\"Person\",\"@id\":\"https:\/\/www.arte.tv\/sites\/olivierpere\/#\/schema\/person\/dc32cd6c79be95e52d43b97a74182558\",\"name\":\"Olivier P\u00e8re\",\"image\":{\"@type\":\"ImageObject\",\"inLanguage\":\"fr-FR\",\"@id\":\"https:\/\/www.arte.tv\/sites\/olivierpere\/#\/schema\/person\/image\/\",\"url\":\"https:\/\/secure.gravatar.com\/avatar\/bdea7b6a2c195e2c41772429a9694758?s=96&d=mm&r=g\",\"contentUrl\":\"https:\/\/secure.gravatar.com\/avatar\/bdea7b6a2c195e2c41772429a9694758?s=96&d=mm&r=g\",\"caption\":\"Olivier P\u00e8re\"},\"url\":\"https:\/\/www.arte.tv\/sites\/olivierpere\/author\/pereolivier\/\"}]}<\/script>\n<!-- \/ Yoast SEO plugin. -->","yoast_head_json":{"title":"Une pr\u00e9sence exceptionnelle d\u2019ARTE au 74\u00e8me Festival de Cannes - Olivier P\u00e8re","robots":{"index":"index","follow":"follow","max-snippet":"max-snippet:-1","max-image-preview":"max-image-preview:large","max-video-preview":"max-video-preview:-1"},"canonical":"https:\/\/www.arte.tv\/sites\/olivierpere\/2021\/07\/03\/une-presence-exceptionnelle-darte-au-74e-festival-de-cannes\/","og_locale":"fr_FR","og_type":"article","og_title":"Une pr\u00e9sence exceptionnelle d\u2019ARTE au 74\u00e8me Festival de Cannes - Olivier P\u00e8re","og_description":"Cette \u00e9dition tant attendue du Festival de Cannes, de retour en force apr\u00e8s une longue p\u00e9riode de crise sanitaire, nous\u2026","og_url":"https:\/\/www.arte.tv\/sites\/olivierpere\/2021\/07\/03\/une-presence-exceptionnelle-darte-au-74e-festival-de-cannes\/","og_site_name":"Olivier P\u00e8re","article_published_time":"2021-07-03T05:45:16+00:00","article_modified_time":"2021-07-04T05:56:06+00:00","og_image":[{"width":1000,"height":632,"url":"https:\/\/www.arte.tv\/sites\/olivierpere\/files\/annette_stills_rec709-0032670_ret-hd_0_0.jpg","type":"image\/jpeg"}],"author":"Olivier P\u00e8re","twitter_misc":{"\u00c9crit par":"Olivier P\u00e8re","Dur\u00e9e de lecture estim\u00e9e":"4 minutes"},"schema":{"@context":"https:\/\/schema.org","@graph":[{"@type":"WebPage","@id":"https:\/\/www.arte.tv\/sites\/olivierpere\/2021\/07\/03\/une-presence-exceptionnelle-darte-au-74e-festival-de-cannes\/","url":"https:\/\/www.arte.tv\/sites\/olivierpere\/2021\/07\/03\/une-presence-exceptionnelle-darte-au-74e-festival-de-cannes\/","name":"Une pr\u00e9sence exceptionnelle d\u2019ARTE au 74\u00e8me Festival de Cannes - Olivier P\u00e8re","isPartOf":{"@id":"https:\/\/www.arte.tv\/sites\/olivierpere\/#website"},"datePublished":"2021-07-03T05:45:16+00:00","dateModified":"2021-07-04T05:56:06+00:00","author":{"@id":"https:\/\/www.arte.tv\/sites\/olivierpere\/#\/schema\/person\/dc32cd6c79be95e52d43b97a74182558"},"breadcrumb":{"@id":"https:\/\/www.arte.tv\/sites\/olivierpere\/2021\/07\/03\/une-presence-exceptionnelle-darte-au-74e-festival-de-cannes\/#breadcrumb"},"inLanguage":"fr-FR","potentialAction":[{"@type":"ReadAction","target":["https:\/\/www.arte.tv\/sites\/olivierpere\/2021\/07\/03\/une-presence-exceptionnelle-darte-au-74e-festival-de-cannes\/"]}]},{"@type":"BreadcrumbList","@id":"https:\/\/www.arte.tv\/sites\/olivierpere\/2021\/07\/03\/une-presence-exceptionnelle-darte-au-74e-festival-de-cannes\/#breadcrumb","itemListElement":[{"@type":"ListItem","position":1,"name":"Home","item":"https:\/\/www.arte.tv\/sites\/olivierpere\/"},{"@type":"ListItem","position":2,"name":"Une pr\u00e9sence exceptionnelle d\u2019ARTE au 74\u00e8me Festival de Cannes"}]},{"@type":"WebSite","@id":"https:\/\/www.arte.tv\/sites\/olivierpere\/#website","url":"https:\/\/www.arte.tv\/sites\/olivierpere\/","name":"Olivier P\u00e8re","description":"","potentialAction":[{"@type":"SearchAction","target":{"@type":"EntryPoint","urlTemplate":"https:\/\/www.arte.tv\/sites\/olivierpere\/?s={search_term_string}"},"query-input":"required name=search_term_string"}],"inLanguage":"fr-FR"},{"@type":"Person","@id":"https:\/\/www.arte.tv\/sites\/olivierpere\/#\/schema\/person\/dc32cd6c79be95e52d43b97a74182558","name":"Olivier P\u00e8re","image":{"@type":"ImageObject","inLanguage":"fr-FR","@id":"https:\/\/www.arte.tv\/sites\/olivierpere\/#\/schema\/person\/image\/","url":"https:\/\/secure.gravatar.com\/avatar\/bdea7b6a2c195e2c41772429a9694758?s=96&d=mm&r=g","contentUrl":"https:\/\/secure.gravatar.com\/avatar\/bdea7b6a2c195e2c41772429a9694758?s=96&d=mm&r=g","caption":"Olivier P\u00e8re"},"url":"https:\/\/www.arte.tv\/sites\/olivierpere\/author\/pereolivier\/"}]}},"_links":{"self":[{"href":"https:\/\/www.arte.tv\/sites\/olivierpere\/wp-json\/wp\/v2\/posts\/26506"}],"collection":[{"href":"https:\/\/www.arte.tv\/sites\/olivierpere\/wp-json\/wp\/v2\/posts"}],"about":[{"href":"https:\/\/www.arte.tv\/sites\/olivierpere\/wp-json\/wp\/v2\/types\/post"}],"author":[{"embeddable":true,"href":"https:\/\/www.arte.tv\/sites\/olivierpere\/wp-json\/wp\/v2\/users\/116"}],"replies":[{"embeddable":true,"href":"https:\/\/www.arte.tv\/sites\/olivierpere\/wp-json\/wp\/v2\/comments?post=26506"}],"version-history":[{"count":4,"href":"https:\/\/www.arte.tv\/sites\/olivierpere\/wp-json\/wp\/v2\/posts\/26506\/revisions"}],"predecessor-version":[{"id":26511,"href":"https:\/\/www.arte.tv\/sites\/olivierpere\/wp-json\/wp\/v2\/posts\/26506\/revisions\/26511"}],"wp:featuredmedia":[{"embeddable":true,"href":"https:\/\/www.arte.tv\/sites\/olivierpere\/wp-json\/wp\/v2\/media\/26508"}],"wp:attachment":[{"href":"https:\/\/www.arte.tv\/sites\/olivierpere\/wp-json\/wp\/v2\/media?parent=26506"}],"wp:term":[{"taxonomy":"category","embeddable":true,"href":"https:\/\/www.arte.tv\/sites\/olivierpere\/wp-json\/wp\/v2\/categories?post=26506"},{"taxonomy":"post_tag","embeddable":true,"href":"https:\/\/www.arte.tv\/sites\/olivierpere\/wp-json\/wp\/v2\/tags?post=26506"}],"curies":[{"name":"wp","href":"https:\/\/api.w.org\/{rel}","templated":true}]}}