{"id":26496,"date":"2021-06-16T08:32:44","date_gmt":"2021-06-16T07:32:44","guid":{"rendered":"https:\/\/www.arte.tv\/sites\/olivierpere\/?p=26496"},"modified":"2021-06-16T08:43:53","modified_gmt":"2021-06-16T07:43:53","slug":"la-nuee-conversation-avec-just-philippot","status":"publish","type":"post","link":"https:\/\/www.arte.tv\/sites\/olivierpere\/2021\/06\/16\/la-nuee-conversation-avec-just-philippot\/","title":{"rendered":"La Nu\u00e9e : conversation avec Just Philippot"},"content":{"rendered":"<p><iframe loading=\"lazy\" style=\"margin: 0 auto;background-color: #000000\" src=\"https:\/\/www.arte.tv\/player\/v6\/?lang=fr_FR&amp;version=&amp;json_url=https%3A%2F%2Fapi.arte.tv%2Fapi%2Fplayer%2Fv2%2Fconfig%2Ffr%2F095588-009-A%3Fautoplay%3Dfalse\" width=\"720\" height=\"406\" frameborder=\"0\" scrolling=\"no\"><\/iframe><\/p>\n<p><strong>Conversation avec Just Philippot, r\u00e9alisateur de <em>La Nu\u00e9e<\/em>, premier long m\u00e9trage et prototype tr\u00e8s convaincant de s\u00e9rie B fantastique produite en France qui sort aujourd&rsquo;hui dans les salles, distribu\u00e9e par The Jokers\/Capricci Films\/ Les Bookmakers. Avec Suliane Brahim, une r\u00e9v\u00e9lation, dans le r\u00f4le principal.<\/strong><\/p>\n","protected":false},"excerpt":{"rendered":"<p>Conversation avec Just Philippot, r\u00e9alisateur de La Nu\u00e9e, premier long m\u00e9trage et prototype tr\u00e8s convaincant de s\u00e9rie B fantastique produite\u2026<\/p>\n","protected":false},"author":116,"featured_media":26499,"comment_status":"open","ping_status":"open","sticky":false,"template":"","format":"standard","meta":[],"categories":[9,6,7],"tags":[],"yoast_head":"<!-- This site is optimized with the Yoast SEO plugin v20.8 - https:\/\/yoast.com\/wordpress\/plugins\/seo\/ -->\n<title>La Nu\u00e9e : conversation avec Just Philippot - Olivier P\u00e8re<\/title>\n<meta name=\"robots\" content=\"index, follow, max-snippet:-1, max-image-preview:large, max-video-preview:-1\" \/>\n<link rel=\"canonical\" href=\"https:\/\/www.arte.tv\/sites\/olivierpere\/2021\/06\/16\/la-nuee-conversation-avec-just-philippot\/\" \/>\n<meta property=\"og:locale\" content=\"fr_FR\" \/>\n<meta property=\"og:type\" content=\"article\" \/>\n<meta property=\"og:title\" content=\"La Nu\u00e9e : conversation avec Just Philippot - Olivier P\u00e8re\" \/>\n<meta property=\"og:description\" content=\"Conversation avec Just Philippot, r\u00e9alisateur de La Nu\u00e9e, premier long m\u00e9trage et prototype tr\u00e8s convaincant de s\u00e9rie B fantastique produite\u2026\" \/>\n<meta property=\"og:url\" content=\"https:\/\/www.arte.tv\/sites\/olivierpere\/2021\/06\/16\/la-nuee-conversation-avec-just-philippot\/\" \/>\n<meta property=\"og:site_name\" content=\"Olivier P\u00e8re\" \/>\n<meta property=\"article:published_time\" content=\"2021-06-16T07:32:44+00:00\" \/>\n<meta property=\"article:modified_time\" content=\"2021-06-16T07:43:53+00:00\" \/>\n<meta property=\"og:image\" content=\"https:\/\/www.arte.tv\/sites\/olivierpere\/files\/la-nuee-1450x800-c.jpg\" \/>\n\t<meta property=\"og:image:width\" content=\"1450\" \/>\n\t<meta property=\"og:image:height\" content=\"669\" \/>\n\t<meta property=\"og:image:type\" content=\"image\/jpeg\" \/>\n<meta name=\"author\" content=\"Olivier P\u00e8re\" \/>\n<meta name=\"twitter:label1\" content=\"\u00c9crit par\" \/>\n\t<meta name=\"twitter:data1\" content=\"Olivier P\u00e8re\" \/>\n\t<meta name=\"twitter:label2\" content=\"Dur\u00e9e de lecture estim\u00e9e\" \/>\n\t<meta name=\"twitter:data2\" content=\"1 minute\" \/>\n<script type=\"application\/ld+json\" class=\"yoast-schema-graph\">{\"@context\":\"https:\/\/schema.org\",\"@graph\":[{\"@type\":\"WebPage\",\"@id\":\"https:\/\/www.arte.tv\/sites\/olivierpere\/2021\/06\/16\/la-nuee-conversation-avec-just-philippot\/\",\"url\":\"https:\/\/www.arte.tv\/sites\/olivierpere\/2021\/06\/16\/la-nuee-conversation-avec-just-philippot\/\",\"name\":\"La Nu\u00e9e : conversation avec Just Philippot - Olivier P\u00e8re\",\"isPartOf\":{\"@id\":\"https:\/\/www.arte.tv\/sites\/olivierpere\/#website\"},\"datePublished\":\"2021-06-16T07:32:44+00:00\",\"dateModified\":\"2021-06-16T07:43:53+00:00\",\"author\":{\"@id\":\"https:\/\/www.arte.tv\/sites\/olivierpere\/#\/schema\/person\/dc32cd6c79be95e52d43b97a74182558\"},\"breadcrumb\":{\"@id\":\"https:\/\/www.arte.tv\/sites\/olivierpere\/2021\/06\/16\/la-nuee-conversation-avec-just-philippot\/#breadcrumb\"},\"inLanguage\":\"fr-FR\",\"potentialAction\":[{\"@type\":\"ReadAction\",\"target\":[\"https:\/\/www.arte.tv\/sites\/olivierpere\/2021\/06\/16\/la-nuee-conversation-avec-just-philippot\/\"]}]},{\"@type\":\"BreadcrumbList\",\"@id\":\"https:\/\/www.arte.tv\/sites\/olivierpere\/2021\/06\/16\/la-nuee-conversation-avec-just-philippot\/#breadcrumb\",\"itemListElement\":[{\"@type\":\"ListItem\",\"position\":1,\"name\":\"Home\",\"item\":\"https:\/\/www.arte.tv\/sites\/olivierpere\/\"},{\"@type\":\"ListItem\",\"position\":2,\"name\":\"La Nu\u00e9e : conversation avec Just Philippot\"}]},{\"@type\":\"WebSite\",\"@id\":\"https:\/\/www.arte.tv\/sites\/olivierpere\/#website\",\"url\":\"https:\/\/www.arte.tv\/sites\/olivierpere\/\",\"name\":\"Olivier P\u00e8re\",\"description\":\"\",\"potentialAction\":[{\"@type\":\"SearchAction\",\"target\":{\"@type\":\"EntryPoint\",\"urlTemplate\":\"https:\/\/www.arte.tv\/sites\/olivierpere\/?s={search_term_string}\"},\"query-input\":\"required name=search_term_string\"}],\"inLanguage\":\"fr-FR\"},{\"@type\":\"Person\",\"@id\":\"https:\/\/www.arte.tv\/sites\/olivierpere\/#\/schema\/person\/dc32cd6c79be95e52d43b97a74182558\",\"name\":\"Olivier P\u00e8re\",\"image\":{\"@type\":\"ImageObject\",\"inLanguage\":\"fr-FR\",\"@id\":\"https:\/\/www.arte.tv\/sites\/olivierpere\/#\/schema\/person\/image\/\",\"url\":\"https:\/\/secure.gravatar.com\/avatar\/bdea7b6a2c195e2c41772429a9694758?s=96&d=mm&r=g\",\"contentUrl\":\"https:\/\/secure.gravatar.com\/avatar\/bdea7b6a2c195e2c41772429a9694758?s=96&d=mm&r=g\",\"caption\":\"Olivier P\u00e8re\"},\"url\":\"https:\/\/www.arte.tv\/sites\/olivierpere\/author\/pereolivier\/\"}]}<\/script>\n<!-- \/ Yoast SEO plugin. -->","yoast_head_json":{"title":"La Nu\u00e9e : conversation avec Just Philippot - Olivier P\u00e8re","robots":{"index":"index","follow":"follow","max-snippet":"max-snippet:-1","max-image-preview":"max-image-preview:large","max-video-preview":"max-video-preview:-1"},"canonical":"https:\/\/www.arte.tv\/sites\/olivierpere\/2021\/06\/16\/la-nuee-conversation-avec-just-philippot\/","og_locale":"fr_FR","og_type":"article","og_title":"La Nu\u00e9e : conversation avec Just Philippot - Olivier P\u00e8re","og_description":"Conversation avec Just Philippot, r\u00e9alisateur de La Nu\u00e9e, premier long m\u00e9trage et prototype tr\u00e8s convaincant de s\u00e9rie B fantastique produite\u2026","og_url":"https:\/\/www.arte.tv\/sites\/olivierpere\/2021\/06\/16\/la-nuee-conversation-avec-just-philippot\/","og_site_name":"Olivier P\u00e8re","article_published_time":"2021-06-16T07:32:44+00:00","article_modified_time":"2021-06-16T07:43:53+00:00","og_image":[{"width":1450,"height":669,"url":"https:\/\/www.arte.tv\/sites\/olivierpere\/files\/la-nuee-1450x800-c.jpg","type":"image\/jpeg"}],"author":"Olivier P\u00e8re","twitter_misc":{"\u00c9crit par":"Olivier P\u00e8re","Dur\u00e9e de lecture estim\u00e9e":"1 minute"},"schema":{"@context":"https:\/\/schema.org","@graph":[{"@type":"WebPage","@id":"https:\/\/www.arte.tv\/sites\/olivierpere\/2021\/06\/16\/la-nuee-conversation-avec-just-philippot\/","url":"https:\/\/www.arte.tv\/sites\/olivierpere\/2021\/06\/16\/la-nuee-conversation-avec-just-philippot\/","name":"La Nu\u00e9e : conversation avec Just Philippot - Olivier P\u00e8re","isPartOf":{"@id":"https:\/\/www.arte.tv\/sites\/olivierpere\/#website"},"datePublished":"2021-06-16T07:32:44+00:00","dateModified":"2021-06-16T07:43:53+00:00","author":{"@id":"https:\/\/www.arte.tv\/sites\/olivierpere\/#\/schema\/person\/dc32cd6c79be95e52d43b97a74182558"},"breadcrumb":{"@id":"https:\/\/www.arte.tv\/sites\/olivierpere\/2021\/06\/16\/la-nuee-conversation-avec-just-philippot\/#breadcrumb"},"inLanguage":"fr-FR","potentialAction":[{"@type":"ReadAction","target":["https:\/\/www.arte.tv\/sites\/olivierpere\/2021\/06\/16\/la-nuee-conversation-avec-just-philippot\/"]}]},{"@type":"BreadcrumbList","@id":"https:\/\/www.arte.tv\/sites\/olivierpere\/2021\/06\/16\/la-nuee-conversation-avec-just-philippot\/#breadcrumb","itemListElement":[{"@type":"ListItem","position":1,"name":"Home","item":"https:\/\/www.arte.tv\/sites\/olivierpere\/"},{"@type":"ListItem","position":2,"name":"La Nu\u00e9e : conversation avec Just Philippot"}]},{"@type":"WebSite","@id":"https:\/\/www.arte.tv\/sites\/olivierpere\/#website","url":"https:\/\/www.arte.tv\/sites\/olivierpere\/","name":"Olivier P\u00e8re","description":"","potentialAction":[{"@type":"SearchAction","target":{"@type":"EntryPoint","urlTemplate":"https:\/\/www.arte.tv\/sites\/olivierpere\/?s={search_term_string}"},"query-input":"required name=search_term_string"}],"inLanguage":"fr-FR"},{"@type":"Person","@id":"https:\/\/www.arte.tv\/sites\/olivierpere\/#\/schema\/person\/dc32cd6c79be95e52d43b97a74182558","name":"Olivier P\u00e8re","image":{"@type":"ImageObject","inLanguage":"fr-FR","@id":"https:\/\/www.arte.tv\/sites\/olivierpere\/#\/schema\/person\/image\/","url":"https:\/\/secure.gravatar.com\/avatar\/bdea7b6a2c195e2c41772429a9694758?s=96&d=mm&r=g","contentUrl":"https:\/\/secure.gravatar.com\/avatar\/bdea7b6a2c195e2c41772429a9694758?s=96&d=mm&r=g","caption":"Olivier P\u00e8re"},"url":"https:\/\/www.arte.tv\/sites\/olivierpere\/author\/pereolivier\/"}]}},"_links":{"self":[{"href":"https:\/\/www.arte.tv\/sites\/olivierpere\/wp-json\/wp\/v2\/posts\/26496"}],"collection":[{"href":"https:\/\/www.arte.tv\/sites\/olivierpere\/wp-json\/wp\/v2\/posts"}],"about":[{"href":"https:\/\/www.arte.tv\/sites\/olivierpere\/wp-json\/wp\/v2\/types\/post"}],"author":[{"embeddable":true,"href":"https:\/\/www.arte.tv\/sites\/olivierpere\/wp-json\/wp\/v2\/users\/116"}],"replies":[{"embeddable":true,"href":"https:\/\/www.arte.tv\/sites\/olivierpere\/wp-json\/wp\/v2\/comments?post=26496"}],"version-history":[{"count":3,"href":"https:\/\/www.arte.tv\/sites\/olivierpere\/wp-json\/wp\/v2\/posts\/26496\/revisions"}],"predecessor-version":[{"id":26500,"href":"https:\/\/www.arte.tv\/sites\/olivierpere\/wp-json\/wp\/v2\/posts\/26496\/revisions\/26500"}],"wp:featuredmedia":[{"embeddable":true,"href":"https:\/\/www.arte.tv\/sites\/olivierpere\/wp-json\/wp\/v2\/media\/26499"}],"wp:attachment":[{"href":"https:\/\/www.arte.tv\/sites\/olivierpere\/wp-json\/wp\/v2\/media?parent=26496"}],"wp:term":[{"taxonomy":"category","embeddable":true,"href":"https:\/\/www.arte.tv\/sites\/olivierpere\/wp-json\/wp\/v2\/categories?post=26496"},{"taxonomy":"post_tag","embeddable":true,"href":"https:\/\/www.arte.tv\/sites\/olivierpere\/wp-json\/wp\/v2\/tags?post=26496"}],"curies":[{"name":"wp","href":"https:\/\/api.w.org\/{rel}","templated":true}]}}