{"id":26488,"date":"2021-05-14T18:16:30","date_gmt":"2021-05-14T17:16:30","guid":{"rendered":"https:\/\/www.arte.tv\/sites\/olivierpere\/?p=26488"},"modified":"2021-06-14T18:17:04","modified_gmt":"2021-06-14T17:17:04","slug":"hotel-du-nord-de-marcel-carne","status":"publish","type":"post","link":"https:\/\/www.arte.tv\/sites\/olivierpere\/2021\/05\/14\/hotel-du-nord-de-marcel-carne\/","title":{"rendered":"H\u00f4tel du Nord de Marcel Carn\u00e9"},"content":{"rendered":"<p><strong>Dans le cadre de son hommage \u00e0 Marcel Carn\u00e9, ARTE diffuse <em>H\u00f4tel du Nord<\/em> (1938) en version restaur\u00e9e lundi 5 juillet \u00e0 20h55. Le film sera suivi \u00e0 22h30 du documentaire in\u00e9dit <em>Le dr\u00f4le de drame de Marcel Carn\u00e9<\/em>, r\u00e9alis\u00e9 par Fran\u00e7ois Aym\u00e9.<\/strong><\/p>\n<p>&nbsp;<\/p>\n<p><strong><em>H\u00f4tel du Nord<\/em> demeure l\u2019un des titres les plus mythiques du cin\u00e9ma fran\u00e7ais, entr\u00e9 dans la l\u00e9gende gr\u00e2ce au fameux \u00ab atmosph\u00e8re, atmosph\u00e8re \u00bb que prononce, avec sa gouaille inimitable, Arletty sur la passerelle m\u00e9tallique du Canal Saint-Martin. Le film ne saurait se r\u00e9duire \u00e0 une seule et trop c\u00e9l\u00e8bre r\u00e9plique, ni \u00e0 une p\u00e9riode bien d\u00e9finie, celle de l\u2019avant-guerre et du \u00ab\u00a0r\u00e9alisme po\u00e9tique\u00a0\u00bb, \u00e9tiquette r\u00e9ductrice accol\u00e9e au travail de Marcel Carn\u00e9. Il s\u2019agit de l\u2019un des chefs-d\u2019\u0153uvre du cin\u00e9aste, \u00e9crit par Jean Aurenche et Henri Jeanson, avec des d\u00e9cors extraordinaires d\u2019Alexandre Trauner. Il est inspir\u00e9 par le roman \u00e0 succ\u00e8s d\u2019Eug\u00e8ne Dabit, membre du groupe de litt\u00e9rature prol\u00e9tarienne, publi\u00e9 en 1929. Sur les bords du canal, on y d\u00e9couvre les m\u00e9saventures de deux couples antinomiques, des jeunes amoureux romantiques qui ont rat\u00e9 leur suicide et une prostitu\u00e9e et son protecteur qui ne peuvent plus se supporter. L\u2019h\u00f4tel et tout le quartier ont \u00e9t\u00e9 admirablement reconstitu\u00e9s en studio. Les dialogues de Jeanson et les acteurs qui les disent sont g\u00e9niaux, d\u2019une verve et d\u2019une inventivit\u00e9 in\u00e9gal\u00e9es, mais il faut \u00e9galement saluer le talent de Carn\u00e9, capable de cr\u00e9er un univers o\u00f9 la v\u00e9rit\u00e9, celle du Paris populaire des ann\u00e9es 30, jaillit de l\u2019artifice. Le cin\u00e9aste met en sc\u00e8ne une galerie de personnages \u00e9mouvants et pittoresques, ouvriers, commer\u00e7ants, marlous et prox\u00e9n\u00e8tes qui composent un formidable tableau du prol\u00e9tariat, avec toutes les couleurs du cynisme, de la trivialit\u00e9, des \u00e9motions tragiques et de l\u2019espoir.<\/strong><\/p>\n<p>&nbsp;<\/p>\n<p><strong><em>H\u00f4tel du Nord<\/em> sera \u00e9galement disponible gratuitement en t\u00e9l\u00e9vision de rattrapage sur ARTE.tv jusqu\u2019au 3 ao\u00fbt.<\/strong><\/p>\n","protected":false},"excerpt":{"rendered":"<p>Dans le cadre de son hommage \u00e0 Marcel Carn\u00e9, ARTE diffuse H\u00f4tel du Nord (1938) en version restaur\u00e9e lundi 5\u2026<\/p>\n","protected":false},"author":116,"featured_media":0,"comment_status":"open","ping_status":"open","sticky":false,"template":"","format":"standard","meta":[],"categories":[8],"tags":[],"yoast_head":"<!-- This site is optimized with the Yoast SEO plugin v20.8 - https:\/\/yoast.com\/wordpress\/plugins\/seo\/ -->\n<title>H\u00f4tel du Nord de Marcel Carn\u00e9 - Olivier P\u00e8re<\/title>\n<meta name=\"robots\" content=\"index, follow, max-snippet:-1, max-image-preview:large, max-video-preview:-1\" \/>\n<link rel=\"canonical\" href=\"https:\/\/www.arte.tv\/sites\/olivierpere\/2021\/05\/14\/hotel-du-nord-de-marcel-carne\/\" \/>\n<meta property=\"og:locale\" content=\"fr_FR\" \/>\n<meta property=\"og:type\" content=\"article\" \/>\n<meta property=\"og:title\" content=\"H\u00f4tel du Nord de Marcel Carn\u00e9 - Olivier P\u00e8re\" \/>\n<meta property=\"og:description\" content=\"Dans le cadre de son hommage \u00e0 Marcel Carn\u00e9, ARTE diffuse H\u00f4tel du Nord (1938) en version restaur\u00e9e lundi 5\u2026\" \/>\n<meta property=\"og:url\" content=\"https:\/\/www.arte.tv\/sites\/olivierpere\/2021\/05\/14\/hotel-du-nord-de-marcel-carne\/\" \/>\n<meta property=\"og:site_name\" content=\"Olivier P\u00e8re\" \/>\n<meta property=\"article:published_time\" content=\"2021-05-14T17:16:30+00:00\" \/>\n<meta property=\"article:modified_time\" content=\"2021-06-14T17:17:04+00:00\" \/>\n<meta name=\"author\" content=\"Olivier P\u00e8re\" \/>\n<meta name=\"twitter:label1\" content=\"\u00c9crit par\" \/>\n\t<meta name=\"twitter:data1\" content=\"Olivier P\u00e8re\" \/>\n\t<meta name=\"twitter:label2\" content=\"Dur\u00e9e de lecture estim\u00e9e\" \/>\n\t<meta name=\"twitter:data2\" content=\"2 minutes\" \/>\n<script type=\"application\/ld+json\" class=\"yoast-schema-graph\">{\"@context\":\"https:\/\/schema.org\",\"@graph\":[{\"@type\":\"WebPage\",\"@id\":\"https:\/\/www.arte.tv\/sites\/olivierpere\/2021\/05\/14\/hotel-du-nord-de-marcel-carne\/\",\"url\":\"https:\/\/www.arte.tv\/sites\/olivierpere\/2021\/05\/14\/hotel-du-nord-de-marcel-carne\/\",\"name\":\"H\u00f4tel du Nord de Marcel Carn\u00e9 - Olivier P\u00e8re\",\"isPartOf\":{\"@id\":\"https:\/\/www.arte.tv\/sites\/olivierpere\/#website\"},\"datePublished\":\"2021-05-14T17:16:30+00:00\",\"dateModified\":\"2021-06-14T17:17:04+00:00\",\"author\":{\"@id\":\"https:\/\/www.arte.tv\/sites\/olivierpere\/#\/schema\/person\/dc32cd6c79be95e52d43b97a74182558\"},\"breadcrumb\":{\"@id\":\"https:\/\/www.arte.tv\/sites\/olivierpere\/2021\/05\/14\/hotel-du-nord-de-marcel-carne\/#breadcrumb\"},\"inLanguage\":\"fr-FR\",\"potentialAction\":[{\"@type\":\"ReadAction\",\"target\":[\"https:\/\/www.arte.tv\/sites\/olivierpere\/2021\/05\/14\/hotel-du-nord-de-marcel-carne\/\"]}]},{\"@type\":\"BreadcrumbList\",\"@id\":\"https:\/\/www.arte.tv\/sites\/olivierpere\/2021\/05\/14\/hotel-du-nord-de-marcel-carne\/#breadcrumb\",\"itemListElement\":[{\"@type\":\"ListItem\",\"position\":1,\"name\":\"Home\",\"item\":\"https:\/\/www.arte.tv\/sites\/olivierpere\/\"},{\"@type\":\"ListItem\",\"position\":2,\"name\":\"H\u00f4tel du Nord de Marcel Carn\u00e9\"}]},{\"@type\":\"WebSite\",\"@id\":\"https:\/\/www.arte.tv\/sites\/olivierpere\/#website\",\"url\":\"https:\/\/www.arte.tv\/sites\/olivierpere\/\",\"name\":\"Olivier P\u00e8re\",\"description\":\"\",\"potentialAction\":[{\"@type\":\"SearchAction\",\"target\":{\"@type\":\"EntryPoint\",\"urlTemplate\":\"https:\/\/www.arte.tv\/sites\/olivierpere\/?s={search_term_string}\"},\"query-input\":\"required name=search_term_string\"}],\"inLanguage\":\"fr-FR\"},{\"@type\":\"Person\",\"@id\":\"https:\/\/www.arte.tv\/sites\/olivierpere\/#\/schema\/person\/dc32cd6c79be95e52d43b97a74182558\",\"name\":\"Olivier P\u00e8re\",\"image\":{\"@type\":\"ImageObject\",\"inLanguage\":\"fr-FR\",\"@id\":\"https:\/\/www.arte.tv\/sites\/olivierpere\/#\/schema\/person\/image\/\",\"url\":\"https:\/\/secure.gravatar.com\/avatar\/bdea7b6a2c195e2c41772429a9694758?s=96&d=mm&r=g\",\"contentUrl\":\"https:\/\/secure.gravatar.com\/avatar\/bdea7b6a2c195e2c41772429a9694758?s=96&d=mm&r=g\",\"caption\":\"Olivier P\u00e8re\"},\"url\":\"https:\/\/www.arte.tv\/sites\/olivierpere\/author\/pereolivier\/\"}]}<\/script>\n<!-- \/ Yoast SEO plugin. -->","yoast_head_json":{"title":"H\u00f4tel du Nord de Marcel Carn\u00e9 - Olivier P\u00e8re","robots":{"index":"index","follow":"follow","max-snippet":"max-snippet:-1","max-image-preview":"max-image-preview:large","max-video-preview":"max-video-preview:-1"},"canonical":"https:\/\/www.arte.tv\/sites\/olivierpere\/2021\/05\/14\/hotel-du-nord-de-marcel-carne\/","og_locale":"fr_FR","og_type":"article","og_title":"H\u00f4tel du Nord de Marcel Carn\u00e9 - Olivier P\u00e8re","og_description":"Dans le cadre de son hommage \u00e0 Marcel Carn\u00e9, ARTE diffuse H\u00f4tel du Nord (1938) en version restaur\u00e9e lundi 5\u2026","og_url":"https:\/\/www.arte.tv\/sites\/olivierpere\/2021\/05\/14\/hotel-du-nord-de-marcel-carne\/","og_site_name":"Olivier P\u00e8re","article_published_time":"2021-05-14T17:16:30+00:00","article_modified_time":"2021-06-14T17:17:04+00:00","author":"Olivier P\u00e8re","twitter_misc":{"\u00c9crit par":"Olivier P\u00e8re","Dur\u00e9e de lecture estim\u00e9e":"2 minutes"},"schema":{"@context":"https:\/\/schema.org","@graph":[{"@type":"WebPage","@id":"https:\/\/www.arte.tv\/sites\/olivierpere\/2021\/05\/14\/hotel-du-nord-de-marcel-carne\/","url":"https:\/\/www.arte.tv\/sites\/olivierpere\/2021\/05\/14\/hotel-du-nord-de-marcel-carne\/","name":"H\u00f4tel du Nord de Marcel Carn\u00e9 - Olivier P\u00e8re","isPartOf":{"@id":"https:\/\/www.arte.tv\/sites\/olivierpere\/#website"},"datePublished":"2021-05-14T17:16:30+00:00","dateModified":"2021-06-14T17:17:04+00:00","author":{"@id":"https:\/\/www.arte.tv\/sites\/olivierpere\/#\/schema\/person\/dc32cd6c79be95e52d43b97a74182558"},"breadcrumb":{"@id":"https:\/\/www.arte.tv\/sites\/olivierpere\/2021\/05\/14\/hotel-du-nord-de-marcel-carne\/#breadcrumb"},"inLanguage":"fr-FR","potentialAction":[{"@type":"ReadAction","target":["https:\/\/www.arte.tv\/sites\/olivierpere\/2021\/05\/14\/hotel-du-nord-de-marcel-carne\/"]}]},{"@type":"BreadcrumbList","@id":"https:\/\/www.arte.tv\/sites\/olivierpere\/2021\/05\/14\/hotel-du-nord-de-marcel-carne\/#breadcrumb","itemListElement":[{"@type":"ListItem","position":1,"name":"Home","item":"https:\/\/www.arte.tv\/sites\/olivierpere\/"},{"@type":"ListItem","position":2,"name":"H\u00f4tel du Nord de Marcel Carn\u00e9"}]},{"@type":"WebSite","@id":"https:\/\/www.arte.tv\/sites\/olivierpere\/#website","url":"https:\/\/www.arte.tv\/sites\/olivierpere\/","name":"Olivier P\u00e8re","description":"","potentialAction":[{"@type":"SearchAction","target":{"@type":"EntryPoint","urlTemplate":"https:\/\/www.arte.tv\/sites\/olivierpere\/?s={search_term_string}"},"query-input":"required name=search_term_string"}],"inLanguage":"fr-FR"},{"@type":"Person","@id":"https:\/\/www.arte.tv\/sites\/olivierpere\/#\/schema\/person\/dc32cd6c79be95e52d43b97a74182558","name":"Olivier P\u00e8re","image":{"@type":"ImageObject","inLanguage":"fr-FR","@id":"https:\/\/www.arte.tv\/sites\/olivierpere\/#\/schema\/person\/image\/","url":"https:\/\/secure.gravatar.com\/avatar\/bdea7b6a2c195e2c41772429a9694758?s=96&d=mm&r=g","contentUrl":"https:\/\/secure.gravatar.com\/avatar\/bdea7b6a2c195e2c41772429a9694758?s=96&d=mm&r=g","caption":"Olivier P\u00e8re"},"url":"https:\/\/www.arte.tv\/sites\/olivierpere\/author\/pereolivier\/"}]}},"_links":{"self":[{"href":"https:\/\/www.arte.tv\/sites\/olivierpere\/wp-json\/wp\/v2\/posts\/26488"}],"collection":[{"href":"https:\/\/www.arte.tv\/sites\/olivierpere\/wp-json\/wp\/v2\/posts"}],"about":[{"href":"https:\/\/www.arte.tv\/sites\/olivierpere\/wp-json\/wp\/v2\/types\/post"}],"author":[{"embeddable":true,"href":"https:\/\/www.arte.tv\/sites\/olivierpere\/wp-json\/wp\/v2\/users\/116"}],"replies":[{"embeddable":true,"href":"https:\/\/www.arte.tv\/sites\/olivierpere\/wp-json\/wp\/v2\/comments?post=26488"}],"version-history":[{"count":1,"href":"https:\/\/www.arte.tv\/sites\/olivierpere\/wp-json\/wp\/v2\/posts\/26488\/revisions"}],"predecessor-version":[{"id":26489,"href":"https:\/\/www.arte.tv\/sites\/olivierpere\/wp-json\/wp\/v2\/posts\/26488\/revisions\/26489"}],"wp:attachment":[{"href":"https:\/\/www.arte.tv\/sites\/olivierpere\/wp-json\/wp\/v2\/media?parent=26488"}],"wp:term":[{"taxonomy":"category","embeddable":true,"href":"https:\/\/www.arte.tv\/sites\/olivierpere\/wp-json\/wp\/v2\/categories?post=26488"},{"taxonomy":"post_tag","embeddable":true,"href":"https:\/\/www.arte.tv\/sites\/olivierpere\/wp-json\/wp\/v2\/tags?post=26488"}],"curies":[{"name":"wp","href":"https:\/\/api.w.org\/{rel}","templated":true}]}}