{"id":26444,"date":"2021-04-30T20:21:28","date_gmt":"2021-04-30T19:21:28","guid":{"rendered":"https:\/\/www.arte.tv\/sites\/olivierpere\/?p=26444"},"modified":"2021-05-01T20:22:16","modified_gmt":"2021-05-01T19:22:16","slug":"moi-daniel-blake-de-ken-loach","status":"publish","type":"post","link":"https:\/\/www.arte.tv\/sites\/olivierpere\/2021\/04\/30\/moi-daniel-blake-de-ken-loach\/","title":{"rendered":"Moi, Daniel Blake de Ken Loach"},"content":{"rendered":"<p><strong>ARTE diffuse mercredi 19 mai \u00e0 20h55 <em>Moi, Daniel Blake (I, Daniel Blake) <\/em>de Ken Loach, qui valut au r\u00e9alisateur anglais sa deuxi\u00e8me Palme d\u2019or au Festival de Cannes en 2016.<\/strong><\/p>\n<p><strong>Le film sera suivi d\u2019un documentaire in\u00e9dit de R\u00e9mi Lain\u00e9 \u00ab\u00a0Il \u00e9tait une fois\u2026 Moi, Daniel Blake\u00a0\u00bb qui revient sur la gen\u00e8se du cinquante-cinqui\u00e8me long m\u00e9trage de Ken Loach, et ses m\u00e9thodes de travail.<\/strong><\/p>\n<p><strong>Fid\u00e8le \u00e0 son habitude, Ken Loach part d\u2019un cas particulier pour pointer du doigt les ravages du n\u00e9o-lib\u00e9ralisme. Daniel Blake, un vieux monsieur malade du coeur, ne peut plus exercer sa profession de menuiser. Ses m\u00e9decins lui interdisent de travailler, tandis qu\u2019une compagnie priv\u00e9e sous-traitant \u00ab\u00a0la chasse aux tire-au-flanc\u00a0\u00bb pour l\u2019administration le d\u00e9clare apte. Priv\u00e9 de sa pension d\u2019invalidit\u00e9 et de la moindre allocation, il est contraint de s\u2019inscrire au ch\u00f4mage. Il plonge alors dans une situation kafka\u00efenne. A 80 ans, Ken Loach n\u2019a rien perdu de sa col\u00e8re. Le cin\u00e9aste britannique prend la d\u00e9fense des oubli\u00e9s du syst\u00e8me. Il d\u00e9nonce les injustices d\u2019une administration inhumaine et la privatisation des services sociaux de son pays. Ken Loach et son sc\u00e9nariste Paul Laverty se sont livr\u00e9s \u00e0 un long travail d\u2019enqu\u00eate. Leur film se nourrit de t\u00e9moignages recueillis sur le terrain. Certaines sc\u00e8nes particuli\u00e8rement poignantes, qui expriment la d\u00e9tresse et les humiliations subies par des personnes en situation de pr\u00e9carit\u00e9, sont inspir\u00e9es d\u2019histoires vraies. Ce film bouleversant sur le combat d\u2019un homme pour survivre montre aussi l\u2019entraide au sein de la classe ouvri\u00e8re. Port\u00e9 par des com\u00e9diens parfaits de justesse, <em>Moi, Daniel Blake<\/em> est sans doute l\u2019un des meilleurs films de son auteur.<\/strong><\/p>\n<p>&nbsp;<\/p>\n<p><strong><em>Moi, Daniel Blake<\/em> sera \u00e9galement disponible gratuitement en t\u00e9l\u00e9vision de rattrapage sur ARTE.tv du 19 au 25 mai.<\/strong><\/p>\n<p>&nbsp;<\/p>\n<p>&nbsp;<\/p>\n","protected":false},"excerpt":{"rendered":"<p>ARTE diffuse mercredi 19 mai \u00e0 20h55 Moi, Daniel Blake (I, Daniel Blake) de Ken Loach, qui valut au r\u00e9alisateur\u2026<\/p>\n","protected":false},"author":116,"featured_media":0,"comment_status":"open","ping_status":"open","sticky":false,"template":"","format":"standard","meta":[],"categories":[8],"tags":[],"yoast_head":"<!-- This site is optimized with the Yoast SEO plugin v20.8 - https:\/\/yoast.com\/wordpress\/plugins\/seo\/ -->\n<title>Moi, Daniel Blake de Ken Loach - Olivier P\u00e8re<\/title>\n<meta name=\"robots\" content=\"index, follow, max-snippet:-1, max-image-preview:large, max-video-preview:-1\" \/>\n<link rel=\"canonical\" href=\"https:\/\/www.arte.tv\/sites\/olivierpere\/2021\/04\/30\/moi-daniel-blake-de-ken-loach\/\" \/>\n<meta property=\"og:locale\" content=\"fr_FR\" \/>\n<meta property=\"og:type\" content=\"article\" \/>\n<meta property=\"og:title\" content=\"Moi, Daniel Blake de Ken Loach - Olivier P\u00e8re\" \/>\n<meta property=\"og:description\" content=\"ARTE diffuse mercredi 19 mai \u00e0 20h55 Moi, Daniel Blake (I, Daniel Blake) de Ken Loach, qui valut au r\u00e9alisateur\u2026\" \/>\n<meta property=\"og:url\" content=\"https:\/\/www.arte.tv\/sites\/olivierpere\/2021\/04\/30\/moi-daniel-blake-de-ken-loach\/\" \/>\n<meta property=\"og:site_name\" content=\"Olivier P\u00e8re\" \/>\n<meta property=\"article:published_time\" content=\"2021-04-30T19:21:28+00:00\" \/>\n<meta property=\"article:modified_time\" content=\"2021-05-01T19:22:16+00:00\" \/>\n<meta name=\"author\" content=\"Olivier P\u00e8re\" \/>\n<meta name=\"twitter:label1\" content=\"\u00c9crit par\" \/>\n\t<meta name=\"twitter:data1\" content=\"Olivier P\u00e8re\" \/>\n\t<meta name=\"twitter:label2\" content=\"Dur\u00e9e de lecture estim\u00e9e\" \/>\n\t<meta name=\"twitter:data2\" content=\"2 minutes\" \/>\n<script type=\"application\/ld+json\" class=\"yoast-schema-graph\">{\"@context\":\"https:\/\/schema.org\",\"@graph\":[{\"@type\":\"WebPage\",\"@id\":\"https:\/\/www.arte.tv\/sites\/olivierpere\/2021\/04\/30\/moi-daniel-blake-de-ken-loach\/\",\"url\":\"https:\/\/www.arte.tv\/sites\/olivierpere\/2021\/04\/30\/moi-daniel-blake-de-ken-loach\/\",\"name\":\"Moi, Daniel Blake de Ken Loach - Olivier P\u00e8re\",\"isPartOf\":{\"@id\":\"https:\/\/www.arte.tv\/sites\/olivierpere\/#website\"},\"datePublished\":\"2021-04-30T19:21:28+00:00\",\"dateModified\":\"2021-05-01T19:22:16+00:00\",\"author\":{\"@id\":\"https:\/\/www.arte.tv\/sites\/olivierpere\/#\/schema\/person\/dc32cd6c79be95e52d43b97a74182558\"},\"breadcrumb\":{\"@id\":\"https:\/\/www.arte.tv\/sites\/olivierpere\/2021\/04\/30\/moi-daniel-blake-de-ken-loach\/#breadcrumb\"},\"inLanguage\":\"fr-FR\",\"potentialAction\":[{\"@type\":\"ReadAction\",\"target\":[\"https:\/\/www.arte.tv\/sites\/olivierpere\/2021\/04\/30\/moi-daniel-blake-de-ken-loach\/\"]}]},{\"@type\":\"BreadcrumbList\",\"@id\":\"https:\/\/www.arte.tv\/sites\/olivierpere\/2021\/04\/30\/moi-daniel-blake-de-ken-loach\/#breadcrumb\",\"itemListElement\":[{\"@type\":\"ListItem\",\"position\":1,\"name\":\"Home\",\"item\":\"https:\/\/www.arte.tv\/sites\/olivierpere\/\"},{\"@type\":\"ListItem\",\"position\":2,\"name\":\"Moi, Daniel Blake de Ken Loach\"}]},{\"@type\":\"WebSite\",\"@id\":\"https:\/\/www.arte.tv\/sites\/olivierpere\/#website\",\"url\":\"https:\/\/www.arte.tv\/sites\/olivierpere\/\",\"name\":\"Olivier P\u00e8re\",\"description\":\"\",\"potentialAction\":[{\"@type\":\"SearchAction\",\"target\":{\"@type\":\"EntryPoint\",\"urlTemplate\":\"https:\/\/www.arte.tv\/sites\/olivierpere\/?s={search_term_string}\"},\"query-input\":\"required name=search_term_string\"}],\"inLanguage\":\"fr-FR\"},{\"@type\":\"Person\",\"@id\":\"https:\/\/www.arte.tv\/sites\/olivierpere\/#\/schema\/person\/dc32cd6c79be95e52d43b97a74182558\",\"name\":\"Olivier P\u00e8re\",\"image\":{\"@type\":\"ImageObject\",\"inLanguage\":\"fr-FR\",\"@id\":\"https:\/\/www.arte.tv\/sites\/olivierpere\/#\/schema\/person\/image\/\",\"url\":\"https:\/\/secure.gravatar.com\/avatar\/bdea7b6a2c195e2c41772429a9694758?s=96&d=mm&r=g\",\"contentUrl\":\"https:\/\/secure.gravatar.com\/avatar\/bdea7b6a2c195e2c41772429a9694758?s=96&d=mm&r=g\",\"caption\":\"Olivier P\u00e8re\"},\"url\":\"https:\/\/www.arte.tv\/sites\/olivierpere\/author\/pereolivier\/\"}]}<\/script>\n<!-- \/ Yoast SEO plugin. -->","yoast_head_json":{"title":"Moi, Daniel Blake de Ken Loach - Olivier P\u00e8re","robots":{"index":"index","follow":"follow","max-snippet":"max-snippet:-1","max-image-preview":"max-image-preview:large","max-video-preview":"max-video-preview:-1"},"canonical":"https:\/\/www.arte.tv\/sites\/olivierpere\/2021\/04\/30\/moi-daniel-blake-de-ken-loach\/","og_locale":"fr_FR","og_type":"article","og_title":"Moi, Daniel Blake de Ken Loach - Olivier P\u00e8re","og_description":"ARTE diffuse mercredi 19 mai \u00e0 20h55 Moi, Daniel Blake (I, Daniel Blake) de Ken Loach, qui valut au r\u00e9alisateur\u2026","og_url":"https:\/\/www.arte.tv\/sites\/olivierpere\/2021\/04\/30\/moi-daniel-blake-de-ken-loach\/","og_site_name":"Olivier P\u00e8re","article_published_time":"2021-04-30T19:21:28+00:00","article_modified_time":"2021-05-01T19:22:16+00:00","author":"Olivier P\u00e8re","twitter_misc":{"\u00c9crit par":"Olivier P\u00e8re","Dur\u00e9e de lecture estim\u00e9e":"2 minutes"},"schema":{"@context":"https:\/\/schema.org","@graph":[{"@type":"WebPage","@id":"https:\/\/www.arte.tv\/sites\/olivierpere\/2021\/04\/30\/moi-daniel-blake-de-ken-loach\/","url":"https:\/\/www.arte.tv\/sites\/olivierpere\/2021\/04\/30\/moi-daniel-blake-de-ken-loach\/","name":"Moi, Daniel Blake de Ken Loach - Olivier P\u00e8re","isPartOf":{"@id":"https:\/\/www.arte.tv\/sites\/olivierpere\/#website"},"datePublished":"2021-04-30T19:21:28+00:00","dateModified":"2021-05-01T19:22:16+00:00","author":{"@id":"https:\/\/www.arte.tv\/sites\/olivierpere\/#\/schema\/person\/dc32cd6c79be95e52d43b97a74182558"},"breadcrumb":{"@id":"https:\/\/www.arte.tv\/sites\/olivierpere\/2021\/04\/30\/moi-daniel-blake-de-ken-loach\/#breadcrumb"},"inLanguage":"fr-FR","potentialAction":[{"@type":"ReadAction","target":["https:\/\/www.arte.tv\/sites\/olivierpere\/2021\/04\/30\/moi-daniel-blake-de-ken-loach\/"]}]},{"@type":"BreadcrumbList","@id":"https:\/\/www.arte.tv\/sites\/olivierpere\/2021\/04\/30\/moi-daniel-blake-de-ken-loach\/#breadcrumb","itemListElement":[{"@type":"ListItem","position":1,"name":"Home","item":"https:\/\/www.arte.tv\/sites\/olivierpere\/"},{"@type":"ListItem","position":2,"name":"Moi, Daniel Blake de Ken Loach"}]},{"@type":"WebSite","@id":"https:\/\/www.arte.tv\/sites\/olivierpere\/#website","url":"https:\/\/www.arte.tv\/sites\/olivierpere\/","name":"Olivier P\u00e8re","description":"","potentialAction":[{"@type":"SearchAction","target":{"@type":"EntryPoint","urlTemplate":"https:\/\/www.arte.tv\/sites\/olivierpere\/?s={search_term_string}"},"query-input":"required name=search_term_string"}],"inLanguage":"fr-FR"},{"@type":"Person","@id":"https:\/\/www.arte.tv\/sites\/olivierpere\/#\/schema\/person\/dc32cd6c79be95e52d43b97a74182558","name":"Olivier P\u00e8re","image":{"@type":"ImageObject","inLanguage":"fr-FR","@id":"https:\/\/www.arte.tv\/sites\/olivierpere\/#\/schema\/person\/image\/","url":"https:\/\/secure.gravatar.com\/avatar\/bdea7b6a2c195e2c41772429a9694758?s=96&d=mm&r=g","contentUrl":"https:\/\/secure.gravatar.com\/avatar\/bdea7b6a2c195e2c41772429a9694758?s=96&d=mm&r=g","caption":"Olivier P\u00e8re"},"url":"https:\/\/www.arte.tv\/sites\/olivierpere\/author\/pereolivier\/"}]}},"_links":{"self":[{"href":"https:\/\/www.arte.tv\/sites\/olivierpere\/wp-json\/wp\/v2\/posts\/26444"}],"collection":[{"href":"https:\/\/www.arte.tv\/sites\/olivierpere\/wp-json\/wp\/v2\/posts"}],"about":[{"href":"https:\/\/www.arte.tv\/sites\/olivierpere\/wp-json\/wp\/v2\/types\/post"}],"author":[{"embeddable":true,"href":"https:\/\/www.arte.tv\/sites\/olivierpere\/wp-json\/wp\/v2\/users\/116"}],"replies":[{"embeddable":true,"href":"https:\/\/www.arte.tv\/sites\/olivierpere\/wp-json\/wp\/v2\/comments?post=26444"}],"version-history":[{"count":1,"href":"https:\/\/www.arte.tv\/sites\/olivierpere\/wp-json\/wp\/v2\/posts\/26444\/revisions"}],"predecessor-version":[{"id":26445,"href":"https:\/\/www.arte.tv\/sites\/olivierpere\/wp-json\/wp\/v2\/posts\/26444\/revisions\/26445"}],"wp:attachment":[{"href":"https:\/\/www.arte.tv\/sites\/olivierpere\/wp-json\/wp\/v2\/media?parent=26444"}],"wp:term":[{"taxonomy":"category","embeddable":true,"href":"https:\/\/www.arte.tv\/sites\/olivierpere\/wp-json\/wp\/v2\/categories?post=26444"},{"taxonomy":"post_tag","embeddable":true,"href":"https:\/\/www.arte.tv\/sites\/olivierpere\/wp-json\/wp\/v2\/tags?post=26444"}],"curies":[{"name":"wp","href":"https:\/\/api.w.org\/{rel}","templated":true}]}}