{"id":26433,"date":"2021-04-26T17:49:26","date_gmt":"2021-04-26T16:49:26","guid":{"rendered":"https:\/\/www.arte.tv\/sites\/olivierpere\/?p=26433"},"modified":"2021-04-26T17:49:26","modified_gmt":"2021-04-26T16:49:26","slug":"breve-rencontre-de-david-lean","status":"publish","type":"post","link":"https:\/\/www.arte.tv\/sites\/olivierpere\/2021\/04\/26\/breve-rencontre-de-david-lean\/","title":{"rendered":"Br\u00e8ve Rencontre de David Lean"},"content":{"rendered":"<p><strong>ARTE diffuse <em>Br\u00e8ve Rencontre<\/em> (<em>Brief Encounter<\/em>) lundi 3 mai \u00e0 20h55. Le film sera \u00e9galement disponible gratuitement en t\u00e9l\u00e9vision de rattrapage sur ARTE.tv jusqu\u2019au 1<sup>er<\/sup> juin 2021.<\/strong><\/p>\n<p><strong>Les d\u00e9buts de David Lean sont marqu\u00e9s par sa rencontre avec le dramaturge No\u00ebl Coward, avec lequel il cor\u00e9alise <em>Ceux qui servent en mer<\/em> et dont il porte les \u0153uvres \u00e0 l\u2019\u00e9cran \u00e0 plusieurs reprises. <em>Br\u00e8ve Rencontre, <\/em>grand prix du festival de Cannes en 1946, constitue l\u2019apoth\u00e9ose de cette collaboration. Le film offre au r\u00e9alisateur la reconnaissance internationale, et appara\u00eet comme un signe de renouvellement du cin\u00e9ma britannique d\u2019apr\u00e8s-guerre. Le film sera rapidement consid\u00e9r\u00e9 comme l\u2019un des principaux chefs-d\u2019\u0153uvre de l\u2019histoire du cin\u00e9ma anglais, toutes p\u00e9riodes confondues. <em>Br\u00e8ve rencontre<\/em> est l\u2019adaptation d\u2019une pi\u00e8ce en un acte de Coward, <em>Still Life<\/em>. Un homme et une femme, mari\u00e9s, la quarantaine, tombent amoureux sur le quai d\u2019une gare. Ce film c\u00e9l\u00e8bre et admir\u00e9 vaut davantage que sa r\u00e9putation d\u2019anti-m\u00e9lodrame sur les tourments de l\u2019adult\u00e8re dans la grisaille de la banlieue londonienne. Lean atteint le point culminant d\u2019une certaine esth\u00e9tique de la banalit\u00e9 petite-bourgeoise qui va caract\u00e9riser une partie importante de la production britannique. L\u2019utilisation du Concerto pour piano de Rachmaninoff conf\u00e8re un suppl\u00e9ment de lyrisme \u00e0 cette histoire d\u2019amour tristement banale et triviale, interpr\u00e9t\u00e9e \u00e0 la perfection par Celia Johnson et Trevor Howard. <em>Br\u00e8ve Rencontre<\/em> saisit \u00e0 la perfection l\u2019esprit anglais, la mentalit\u00e9 d\u2019un peuple et ses contradictions, entre abn\u00e9gation, conformisme, et le d\u00e9sir br\u00fblant qui se consume sous le poids des interdits. Il faut voir <em>Br\u00e8ve Rencontre<\/em> pour comprendre ce qu\u2019\u00eatre Anglais veut dire, comme il faut voir les films d\u2019Ozu pour comprendre ce qu\u2019\u00eatre Japonais veut dire.<\/strong><\/p>\n<p>&nbsp;<\/p>\n<p>&nbsp;<\/p>\n","protected":false},"excerpt":{"rendered":"<p>ARTE diffuse Br\u00e8ve Rencontre (Brief Encounter) lundi 3 mai \u00e0 20h55. Le film sera \u00e9galement disponible gratuitement en t\u00e9l\u00e9vision de\u2026<\/p>\n","protected":false},"author":116,"featured_media":0,"comment_status":"open","ping_status":"open","sticky":false,"template":"","format":"standard","meta":[],"categories":[8],"tags":[],"yoast_head":"<!-- This site is optimized with the Yoast SEO plugin v20.8 - https:\/\/yoast.com\/wordpress\/plugins\/seo\/ -->\n<title>Br\u00e8ve Rencontre de David Lean - Olivier P\u00e8re<\/title>\n<meta name=\"robots\" content=\"index, follow, max-snippet:-1, max-image-preview:large, max-video-preview:-1\" \/>\n<link rel=\"canonical\" href=\"https:\/\/www.arte.tv\/sites\/olivierpere\/2021\/04\/26\/breve-rencontre-de-david-lean\/\" \/>\n<meta property=\"og:locale\" content=\"fr_FR\" \/>\n<meta property=\"og:type\" content=\"article\" \/>\n<meta property=\"og:title\" content=\"Br\u00e8ve Rencontre de David Lean - Olivier P\u00e8re\" \/>\n<meta property=\"og:description\" content=\"ARTE diffuse Br\u00e8ve Rencontre (Brief Encounter) lundi 3 mai \u00e0 20h55. Le film sera \u00e9galement disponible gratuitement en t\u00e9l\u00e9vision de\u2026\" \/>\n<meta property=\"og:url\" content=\"https:\/\/www.arte.tv\/sites\/olivierpere\/2021\/04\/26\/breve-rencontre-de-david-lean\/\" \/>\n<meta property=\"og:site_name\" content=\"Olivier P\u00e8re\" \/>\n<meta property=\"article:published_time\" content=\"2021-04-26T16:49:26+00:00\" \/>\n<meta name=\"author\" content=\"Olivier P\u00e8re\" \/>\n<meta name=\"twitter:label1\" content=\"\u00c9crit par\" \/>\n\t<meta name=\"twitter:data1\" content=\"Olivier P\u00e8re\" \/>\n\t<meta name=\"twitter:label2\" content=\"Dur\u00e9e de lecture estim\u00e9e\" \/>\n\t<meta name=\"twitter:data2\" content=\"2 minutes\" \/>\n<script type=\"application\/ld+json\" class=\"yoast-schema-graph\">{\"@context\":\"https:\/\/schema.org\",\"@graph\":[{\"@type\":\"WebPage\",\"@id\":\"https:\/\/www.arte.tv\/sites\/olivierpere\/2021\/04\/26\/breve-rencontre-de-david-lean\/\",\"url\":\"https:\/\/www.arte.tv\/sites\/olivierpere\/2021\/04\/26\/breve-rencontre-de-david-lean\/\",\"name\":\"Br\u00e8ve Rencontre de David Lean - Olivier P\u00e8re\",\"isPartOf\":{\"@id\":\"https:\/\/www.arte.tv\/sites\/olivierpere\/#website\"},\"datePublished\":\"2021-04-26T16:49:26+00:00\",\"dateModified\":\"2021-04-26T16:49:26+00:00\",\"author\":{\"@id\":\"https:\/\/www.arte.tv\/sites\/olivierpere\/#\/schema\/person\/dc32cd6c79be95e52d43b97a74182558\"},\"breadcrumb\":{\"@id\":\"https:\/\/www.arte.tv\/sites\/olivierpere\/2021\/04\/26\/breve-rencontre-de-david-lean\/#breadcrumb\"},\"inLanguage\":\"fr-FR\",\"potentialAction\":[{\"@type\":\"ReadAction\",\"target\":[\"https:\/\/www.arte.tv\/sites\/olivierpere\/2021\/04\/26\/breve-rencontre-de-david-lean\/\"]}]},{\"@type\":\"BreadcrumbList\",\"@id\":\"https:\/\/www.arte.tv\/sites\/olivierpere\/2021\/04\/26\/breve-rencontre-de-david-lean\/#breadcrumb\",\"itemListElement\":[{\"@type\":\"ListItem\",\"position\":1,\"name\":\"Home\",\"item\":\"https:\/\/www.arte.tv\/sites\/olivierpere\/\"},{\"@type\":\"ListItem\",\"position\":2,\"name\":\"Br\u00e8ve Rencontre de David Lean\"}]},{\"@type\":\"WebSite\",\"@id\":\"https:\/\/www.arte.tv\/sites\/olivierpere\/#website\",\"url\":\"https:\/\/www.arte.tv\/sites\/olivierpere\/\",\"name\":\"Olivier P\u00e8re\",\"description\":\"\",\"potentialAction\":[{\"@type\":\"SearchAction\",\"target\":{\"@type\":\"EntryPoint\",\"urlTemplate\":\"https:\/\/www.arte.tv\/sites\/olivierpere\/?s={search_term_string}\"},\"query-input\":\"required name=search_term_string\"}],\"inLanguage\":\"fr-FR\"},{\"@type\":\"Person\",\"@id\":\"https:\/\/www.arte.tv\/sites\/olivierpere\/#\/schema\/person\/dc32cd6c79be95e52d43b97a74182558\",\"name\":\"Olivier P\u00e8re\",\"image\":{\"@type\":\"ImageObject\",\"inLanguage\":\"fr-FR\",\"@id\":\"https:\/\/www.arte.tv\/sites\/olivierpere\/#\/schema\/person\/image\/\",\"url\":\"https:\/\/secure.gravatar.com\/avatar\/bdea7b6a2c195e2c41772429a9694758?s=96&d=mm&r=g\",\"contentUrl\":\"https:\/\/secure.gravatar.com\/avatar\/bdea7b6a2c195e2c41772429a9694758?s=96&d=mm&r=g\",\"caption\":\"Olivier P\u00e8re\"},\"url\":\"https:\/\/www.arte.tv\/sites\/olivierpere\/author\/pereolivier\/\"}]}<\/script>\n<!-- \/ Yoast SEO plugin. -->","yoast_head_json":{"title":"Br\u00e8ve Rencontre de David Lean - Olivier P\u00e8re","robots":{"index":"index","follow":"follow","max-snippet":"max-snippet:-1","max-image-preview":"max-image-preview:large","max-video-preview":"max-video-preview:-1"},"canonical":"https:\/\/www.arte.tv\/sites\/olivierpere\/2021\/04\/26\/breve-rencontre-de-david-lean\/","og_locale":"fr_FR","og_type":"article","og_title":"Br\u00e8ve Rencontre de David Lean - Olivier P\u00e8re","og_description":"ARTE diffuse Br\u00e8ve Rencontre (Brief Encounter) lundi 3 mai \u00e0 20h55. Le film sera \u00e9galement disponible gratuitement en t\u00e9l\u00e9vision de\u2026","og_url":"https:\/\/www.arte.tv\/sites\/olivierpere\/2021\/04\/26\/breve-rencontre-de-david-lean\/","og_site_name":"Olivier P\u00e8re","article_published_time":"2021-04-26T16:49:26+00:00","author":"Olivier P\u00e8re","twitter_misc":{"\u00c9crit par":"Olivier P\u00e8re","Dur\u00e9e de lecture estim\u00e9e":"2 minutes"},"schema":{"@context":"https:\/\/schema.org","@graph":[{"@type":"WebPage","@id":"https:\/\/www.arte.tv\/sites\/olivierpere\/2021\/04\/26\/breve-rencontre-de-david-lean\/","url":"https:\/\/www.arte.tv\/sites\/olivierpere\/2021\/04\/26\/breve-rencontre-de-david-lean\/","name":"Br\u00e8ve Rencontre de David Lean - Olivier P\u00e8re","isPartOf":{"@id":"https:\/\/www.arte.tv\/sites\/olivierpere\/#website"},"datePublished":"2021-04-26T16:49:26+00:00","dateModified":"2021-04-26T16:49:26+00:00","author":{"@id":"https:\/\/www.arte.tv\/sites\/olivierpere\/#\/schema\/person\/dc32cd6c79be95e52d43b97a74182558"},"breadcrumb":{"@id":"https:\/\/www.arte.tv\/sites\/olivierpere\/2021\/04\/26\/breve-rencontre-de-david-lean\/#breadcrumb"},"inLanguage":"fr-FR","potentialAction":[{"@type":"ReadAction","target":["https:\/\/www.arte.tv\/sites\/olivierpere\/2021\/04\/26\/breve-rencontre-de-david-lean\/"]}]},{"@type":"BreadcrumbList","@id":"https:\/\/www.arte.tv\/sites\/olivierpere\/2021\/04\/26\/breve-rencontre-de-david-lean\/#breadcrumb","itemListElement":[{"@type":"ListItem","position":1,"name":"Home","item":"https:\/\/www.arte.tv\/sites\/olivierpere\/"},{"@type":"ListItem","position":2,"name":"Br\u00e8ve Rencontre de David Lean"}]},{"@type":"WebSite","@id":"https:\/\/www.arte.tv\/sites\/olivierpere\/#website","url":"https:\/\/www.arte.tv\/sites\/olivierpere\/","name":"Olivier P\u00e8re","description":"","potentialAction":[{"@type":"SearchAction","target":{"@type":"EntryPoint","urlTemplate":"https:\/\/www.arte.tv\/sites\/olivierpere\/?s={search_term_string}"},"query-input":"required name=search_term_string"}],"inLanguage":"fr-FR"},{"@type":"Person","@id":"https:\/\/www.arte.tv\/sites\/olivierpere\/#\/schema\/person\/dc32cd6c79be95e52d43b97a74182558","name":"Olivier P\u00e8re","image":{"@type":"ImageObject","inLanguage":"fr-FR","@id":"https:\/\/www.arte.tv\/sites\/olivierpere\/#\/schema\/person\/image\/","url":"https:\/\/secure.gravatar.com\/avatar\/bdea7b6a2c195e2c41772429a9694758?s=96&d=mm&r=g","contentUrl":"https:\/\/secure.gravatar.com\/avatar\/bdea7b6a2c195e2c41772429a9694758?s=96&d=mm&r=g","caption":"Olivier P\u00e8re"},"url":"https:\/\/www.arte.tv\/sites\/olivierpere\/author\/pereolivier\/"}]}},"_links":{"self":[{"href":"https:\/\/www.arte.tv\/sites\/olivierpere\/wp-json\/wp\/v2\/posts\/26433"}],"collection":[{"href":"https:\/\/www.arte.tv\/sites\/olivierpere\/wp-json\/wp\/v2\/posts"}],"about":[{"href":"https:\/\/www.arte.tv\/sites\/olivierpere\/wp-json\/wp\/v2\/types\/post"}],"author":[{"embeddable":true,"href":"https:\/\/www.arte.tv\/sites\/olivierpere\/wp-json\/wp\/v2\/users\/116"}],"replies":[{"embeddable":true,"href":"https:\/\/www.arte.tv\/sites\/olivierpere\/wp-json\/wp\/v2\/comments?post=26433"}],"version-history":[{"count":1,"href":"https:\/\/www.arte.tv\/sites\/olivierpere\/wp-json\/wp\/v2\/posts\/26433\/revisions"}],"predecessor-version":[{"id":26434,"href":"https:\/\/www.arte.tv\/sites\/olivierpere\/wp-json\/wp\/v2\/posts\/26433\/revisions\/26434"}],"wp:attachment":[{"href":"https:\/\/www.arte.tv\/sites\/olivierpere\/wp-json\/wp\/v2\/media?parent=26433"}],"wp:term":[{"taxonomy":"category","embeddable":true,"href":"https:\/\/www.arte.tv\/sites\/olivierpere\/wp-json\/wp\/v2\/categories?post=26433"},{"taxonomy":"post_tag","embeddable":true,"href":"https:\/\/www.arte.tv\/sites\/olivierpere\/wp-json\/wp\/v2\/tags?post=26433"}],"curies":[{"name":"wp","href":"https:\/\/api.w.org\/{rel}","templated":true}]}}