{"id":26387,"date":"2021-03-19T12:27:39","date_gmt":"2021-03-19T11:27:39","guid":{"rendered":"https:\/\/www.arte.tv\/sites\/olivierpere\/?p=26387"},"modified":"2021-03-23T12:34:57","modified_gmt":"2021-03-23T11:34:57","slug":"le-train-de-john-frankenheimer","status":"publish","type":"post","link":"https:\/\/www.arte.tv\/sites\/olivierpere\/2021\/03\/19\/le-train-de-john-frankenheimer\/","title":{"rendered":"Le Train de John Frankenheimer"},"content":{"rendered":"<p><strong>ARTE diffuse <em>Le Train<\/em> (<em>The Train<\/em>, 1964) de John Frankenheimer dimanche 28 mars \u00e0 20h55.<\/strong><\/p>\n<p><strong><em>Le Train<\/em><\/strong><strong> s\u2019inspire d\u2019un \u00e9pisode r\u00e9el de la r\u00e9sistance fran\u00e7aise : emp\u00eacher co\u00fbte que co\u00fbte l\u2019acheminement vers l\u2019Allemagne d\u2019un chargement d\u2019\u0153uvres d\u2019art d\u2019une valeur inestimable vol\u00e9 par l\u2019occupant nazi. Un cheminot et ses complices vont faire en sorte que le convoi ferroviaire et les tableaux n\u2019arrivent jamais \u00e0 destination. Le film se distingue d\u2019autres superproductions sur la Seconde Guerre mondiale par l\u2019ambition de son propos. Au-del\u00e0 du suspens, de la reconstitution historique et de sc\u00e8nes d\u2019action extr\u00eamement spectaculaire, se dessine une r\u00e9flexion sur la place de la culture dans notre civilisation, menac\u00e9e par l\u2019h\u00e9g\u00e9monie du III\u00e8me Reich. <\/strong><\/p>\n<p><strong>Comme <em>Grand Prix<\/em>, r\u00e9alis\u00e9 deux ans plus tard,<em> Le Train <\/em>s\u2019\u00e9vertue \u00e0 brouiller les pistes au sujet de la personnalit\u00e9 de Frankenheimer. Est-il un excellent technicien, capable de mener \u00e0 bien de commandes prestigieuses et de leur insuffler un style visuel percutant, ou alors un v\u00e9ritable auteur, \u00e0 la fois visionnaire et moraliste. Frankenheimer lui-m\u00eame semble h\u00e9siter, et ses choix de carri\u00e8re ajoutent \u00e0 la confusion. Il n\u2019est insensible ni \u00e0 la reconnaissance critique de son travail, ni \u00e0 la recherche effr\u00e9n\u00e9e d\u2019\u00e9normes succ\u00e8s commerciaux. A la demande de Burt Lancaster, seul ma\u00eetre \u00e0 bord, John Frankenheimer accepte de remplacer Arthur Penn, renvoy\u00e9 apr\u00e8s quelques jours de tournage. Lancaster et Frankenheimer avaient d\u00e9j\u00e0 travaill\u00e9 ensemble sur deux films, au prix de nombreuses frictions mais avec des r\u00e9sultats artistiques probants. Conscient de la r\u00e9ussite exceptionnelle du <em>Prisonnier d\u2019Alcatraz <\/em>(o\u00f9 Frankenheimer avait succ\u00e9d\u00e9 \u00e0 Charles Crichton, lui aussi d\u00e9barqu\u00e9 par la star autocrate), Lancaster fait de nouveau appel au jeune cin\u00e9aste. Mais Frankenheimer n\u2019est pas un mercenaire, ni un docile ex\u00e9cutant. Il insuffle \u00e0 cette commande prestigieuse son style \u00e9nergique et r\u00e9aliste, sans n\u00e9gliger de la doter d\u2019une dimension morale. Sa virtuosit\u00e9 technique s\u2019ajoute \u00e0 de formidables talents de conteur, comme en t\u00e9moigne l\u2019op\u00e9ration secr\u00e8te des r\u00e9sistants, digne d\u2019un \u00e9pisode de <em>Mission : impossible<\/em>.<\/strong><\/p>\n<p><strong>\u00a0<\/strong><\/p>\n<p><strong><em>Le Train<\/em><\/strong><strong>, superproduction franco-am\u00e9ricaine dont la distribution comprend Jeanne Moreau, Suzanne Flon et Michel Simon, est disponible depuis plusieurs mois en combo blu-ray et DVD dans la collection \u00ab\u00a0La s\u00e9ance\u00a0\u00bb, \u00e9dit\u00e9 par Coin de Mire.<\/strong><\/p>\n<p>&nbsp;<\/p>\n<p><img decoding=\"async\" loading=\"lazy\" class=\"alignnone size-full wp-image-26389\" src=\"https:\/\/www.arte.tv\/sites\/olivierpere\/files\/le-train-cover.jpg\" alt=\"\" width=\"1021\" height=\"1510\" srcset=\"https:\/\/www.arte.tv\/sites\/olivierpere\/files\/le-train-cover.jpg 1021w, https:\/\/www.arte.tv\/sites\/olivierpere\/files\/le-train-cover-189x280.jpg 189w, https:\/\/www.arte.tv\/sites\/olivierpere\/files\/le-train-cover-519x768.jpg 519w, https:\/\/www.arte.tv\/sites\/olivierpere\/files\/le-train-cover-768x1136.jpg 768w, https:\/\/www.arte.tv\/sites\/olivierpere\/files\/le-train-cover-580x858.jpg 580w\" sizes=\"(max-width: 1021px) 100vw, 1021px\" \/><\/p>\n","protected":false},"excerpt":{"rendered":"<p>ARTE diffuse Le Train (The Train, 1964) de John Frankenheimer dimanche 28 mars \u00e0 20h55. Le Train s\u2019inspire d\u2019un \u00e9pisode\u2026<\/p>\n","protected":false},"author":116,"featured_media":0,"comment_status":"open","ping_status":"open","sticky":false,"template":"","format":"standard","meta":[],"categories":[8],"tags":[],"yoast_head":"<!-- This site is optimized with the Yoast SEO plugin v20.8 - https:\/\/yoast.com\/wordpress\/plugins\/seo\/ -->\n<title>Le Train de John Frankenheimer - Olivier P\u00e8re<\/title>\n<meta name=\"robots\" content=\"index, follow, max-snippet:-1, max-image-preview:large, max-video-preview:-1\" \/>\n<link rel=\"canonical\" href=\"https:\/\/www.arte.tv\/sites\/olivierpere\/2021\/03\/19\/le-train-de-john-frankenheimer\/\" \/>\n<meta property=\"og:locale\" content=\"fr_FR\" \/>\n<meta property=\"og:type\" content=\"article\" \/>\n<meta property=\"og:title\" content=\"Le Train de John Frankenheimer - Olivier P\u00e8re\" \/>\n<meta property=\"og:description\" content=\"ARTE diffuse Le Train (The Train, 1964) de John Frankenheimer dimanche 28 mars \u00e0 20h55. Le Train s\u2019inspire d\u2019un \u00e9pisode\u2026\" \/>\n<meta property=\"og:url\" content=\"https:\/\/www.arte.tv\/sites\/olivierpere\/2021\/03\/19\/le-train-de-john-frankenheimer\/\" \/>\n<meta property=\"og:site_name\" content=\"Olivier P\u00e8re\" \/>\n<meta property=\"article:published_time\" content=\"2021-03-19T11:27:39+00:00\" \/>\n<meta property=\"article:modified_time\" content=\"2021-03-23T11:34:57+00:00\" \/>\n<meta property=\"og:image\" content=\"https:\/\/www.arte.tv\/sites\/olivierpere\/files\/le-train-cover.jpg\" \/>\n<meta name=\"author\" content=\"Olivier P\u00e8re\" \/>\n<meta name=\"twitter:label1\" content=\"\u00c9crit par\" \/>\n\t<meta name=\"twitter:data1\" content=\"Olivier P\u00e8re\" \/>\n\t<meta name=\"twitter:label2\" content=\"Dur\u00e9e de lecture estim\u00e9e\" \/>\n\t<meta name=\"twitter:data2\" content=\"2 minutes\" \/>\n<script type=\"application\/ld+json\" class=\"yoast-schema-graph\">{\"@context\":\"https:\/\/schema.org\",\"@graph\":[{\"@type\":\"WebPage\",\"@id\":\"https:\/\/www.arte.tv\/sites\/olivierpere\/2021\/03\/19\/le-train-de-john-frankenheimer\/\",\"url\":\"https:\/\/www.arte.tv\/sites\/olivierpere\/2021\/03\/19\/le-train-de-john-frankenheimer\/\",\"name\":\"Le Train de John Frankenheimer - Olivier P\u00e8re\",\"isPartOf\":{\"@id\":\"https:\/\/www.arte.tv\/sites\/olivierpere\/#website\"},\"datePublished\":\"2021-03-19T11:27:39+00:00\",\"dateModified\":\"2021-03-23T11:34:57+00:00\",\"author\":{\"@id\":\"https:\/\/www.arte.tv\/sites\/olivierpere\/#\/schema\/person\/dc32cd6c79be95e52d43b97a74182558\"},\"breadcrumb\":{\"@id\":\"https:\/\/www.arte.tv\/sites\/olivierpere\/2021\/03\/19\/le-train-de-john-frankenheimer\/#breadcrumb\"},\"inLanguage\":\"fr-FR\",\"potentialAction\":[{\"@type\":\"ReadAction\",\"target\":[\"https:\/\/www.arte.tv\/sites\/olivierpere\/2021\/03\/19\/le-train-de-john-frankenheimer\/\"]}]},{\"@type\":\"BreadcrumbList\",\"@id\":\"https:\/\/www.arte.tv\/sites\/olivierpere\/2021\/03\/19\/le-train-de-john-frankenheimer\/#breadcrumb\",\"itemListElement\":[{\"@type\":\"ListItem\",\"position\":1,\"name\":\"Home\",\"item\":\"https:\/\/www.arte.tv\/sites\/olivierpere\/\"},{\"@type\":\"ListItem\",\"position\":2,\"name\":\"Le Train de John Frankenheimer\"}]},{\"@type\":\"WebSite\",\"@id\":\"https:\/\/www.arte.tv\/sites\/olivierpere\/#website\",\"url\":\"https:\/\/www.arte.tv\/sites\/olivierpere\/\",\"name\":\"Olivier P\u00e8re\",\"description\":\"\",\"potentialAction\":[{\"@type\":\"SearchAction\",\"target\":{\"@type\":\"EntryPoint\",\"urlTemplate\":\"https:\/\/www.arte.tv\/sites\/olivierpere\/?s={search_term_string}\"},\"query-input\":\"required name=search_term_string\"}],\"inLanguage\":\"fr-FR\"},{\"@type\":\"Person\",\"@id\":\"https:\/\/www.arte.tv\/sites\/olivierpere\/#\/schema\/person\/dc32cd6c79be95e52d43b97a74182558\",\"name\":\"Olivier P\u00e8re\",\"image\":{\"@type\":\"ImageObject\",\"inLanguage\":\"fr-FR\",\"@id\":\"https:\/\/www.arte.tv\/sites\/olivierpere\/#\/schema\/person\/image\/\",\"url\":\"https:\/\/secure.gravatar.com\/avatar\/bdea7b6a2c195e2c41772429a9694758?s=96&d=mm&r=g\",\"contentUrl\":\"https:\/\/secure.gravatar.com\/avatar\/bdea7b6a2c195e2c41772429a9694758?s=96&d=mm&r=g\",\"caption\":\"Olivier P\u00e8re\"},\"url\":\"https:\/\/www.arte.tv\/sites\/olivierpere\/author\/pereolivier\/\"}]}<\/script>\n<!-- \/ Yoast SEO plugin. -->","yoast_head_json":{"title":"Le Train de John Frankenheimer - Olivier P\u00e8re","robots":{"index":"index","follow":"follow","max-snippet":"max-snippet:-1","max-image-preview":"max-image-preview:large","max-video-preview":"max-video-preview:-1"},"canonical":"https:\/\/www.arte.tv\/sites\/olivierpere\/2021\/03\/19\/le-train-de-john-frankenheimer\/","og_locale":"fr_FR","og_type":"article","og_title":"Le Train de John Frankenheimer - Olivier P\u00e8re","og_description":"ARTE diffuse Le Train (The Train, 1964) de John Frankenheimer dimanche 28 mars \u00e0 20h55. Le Train s\u2019inspire d\u2019un \u00e9pisode\u2026","og_url":"https:\/\/www.arte.tv\/sites\/olivierpere\/2021\/03\/19\/le-train-de-john-frankenheimer\/","og_site_name":"Olivier P\u00e8re","article_published_time":"2021-03-19T11:27:39+00:00","article_modified_time":"2021-03-23T11:34:57+00:00","og_image":[{"url":"https:\/\/www.arte.tv\/sites\/olivierpere\/files\/le-train-cover.jpg"}],"author":"Olivier P\u00e8re","twitter_misc":{"\u00c9crit par":"Olivier P\u00e8re","Dur\u00e9e de lecture estim\u00e9e":"2 minutes"},"schema":{"@context":"https:\/\/schema.org","@graph":[{"@type":"WebPage","@id":"https:\/\/www.arte.tv\/sites\/olivierpere\/2021\/03\/19\/le-train-de-john-frankenheimer\/","url":"https:\/\/www.arte.tv\/sites\/olivierpere\/2021\/03\/19\/le-train-de-john-frankenheimer\/","name":"Le Train de John Frankenheimer - Olivier P\u00e8re","isPartOf":{"@id":"https:\/\/www.arte.tv\/sites\/olivierpere\/#website"},"datePublished":"2021-03-19T11:27:39+00:00","dateModified":"2021-03-23T11:34:57+00:00","author":{"@id":"https:\/\/www.arte.tv\/sites\/olivierpere\/#\/schema\/person\/dc32cd6c79be95e52d43b97a74182558"},"breadcrumb":{"@id":"https:\/\/www.arte.tv\/sites\/olivierpere\/2021\/03\/19\/le-train-de-john-frankenheimer\/#breadcrumb"},"inLanguage":"fr-FR","potentialAction":[{"@type":"ReadAction","target":["https:\/\/www.arte.tv\/sites\/olivierpere\/2021\/03\/19\/le-train-de-john-frankenheimer\/"]}]},{"@type":"BreadcrumbList","@id":"https:\/\/www.arte.tv\/sites\/olivierpere\/2021\/03\/19\/le-train-de-john-frankenheimer\/#breadcrumb","itemListElement":[{"@type":"ListItem","position":1,"name":"Home","item":"https:\/\/www.arte.tv\/sites\/olivierpere\/"},{"@type":"ListItem","position":2,"name":"Le Train de John Frankenheimer"}]},{"@type":"WebSite","@id":"https:\/\/www.arte.tv\/sites\/olivierpere\/#website","url":"https:\/\/www.arte.tv\/sites\/olivierpere\/","name":"Olivier P\u00e8re","description":"","potentialAction":[{"@type":"SearchAction","target":{"@type":"EntryPoint","urlTemplate":"https:\/\/www.arte.tv\/sites\/olivierpere\/?s={search_term_string}"},"query-input":"required name=search_term_string"}],"inLanguage":"fr-FR"},{"@type":"Person","@id":"https:\/\/www.arte.tv\/sites\/olivierpere\/#\/schema\/person\/dc32cd6c79be95e52d43b97a74182558","name":"Olivier P\u00e8re","image":{"@type":"ImageObject","inLanguage":"fr-FR","@id":"https:\/\/www.arte.tv\/sites\/olivierpere\/#\/schema\/person\/image\/","url":"https:\/\/secure.gravatar.com\/avatar\/bdea7b6a2c195e2c41772429a9694758?s=96&d=mm&r=g","contentUrl":"https:\/\/secure.gravatar.com\/avatar\/bdea7b6a2c195e2c41772429a9694758?s=96&d=mm&r=g","caption":"Olivier P\u00e8re"},"url":"https:\/\/www.arte.tv\/sites\/olivierpere\/author\/pereolivier\/"}]}},"_links":{"self":[{"href":"https:\/\/www.arte.tv\/sites\/olivierpere\/wp-json\/wp\/v2\/posts\/26387"}],"collection":[{"href":"https:\/\/www.arte.tv\/sites\/olivierpere\/wp-json\/wp\/v2\/posts"}],"about":[{"href":"https:\/\/www.arte.tv\/sites\/olivierpere\/wp-json\/wp\/v2\/types\/post"}],"author":[{"embeddable":true,"href":"https:\/\/www.arte.tv\/sites\/olivierpere\/wp-json\/wp\/v2\/users\/116"}],"replies":[{"embeddable":true,"href":"https:\/\/www.arte.tv\/sites\/olivierpere\/wp-json\/wp\/v2\/comments?post=26387"}],"version-history":[{"count":2,"href":"https:\/\/www.arte.tv\/sites\/olivierpere\/wp-json\/wp\/v2\/posts\/26387\/revisions"}],"predecessor-version":[{"id":26390,"href":"https:\/\/www.arte.tv\/sites\/olivierpere\/wp-json\/wp\/v2\/posts\/26387\/revisions\/26390"}],"wp:attachment":[{"href":"https:\/\/www.arte.tv\/sites\/olivierpere\/wp-json\/wp\/v2\/media?parent=26387"}],"wp:term":[{"taxonomy":"category","embeddable":true,"href":"https:\/\/www.arte.tv\/sites\/olivierpere\/wp-json\/wp\/v2\/categories?post=26387"},{"taxonomy":"post_tag","embeddable":true,"href":"https:\/\/www.arte.tv\/sites\/olivierpere\/wp-json\/wp\/v2\/tags?post=26387"}],"curies":[{"name":"wp","href":"https:\/\/api.w.org\/{rel}","templated":true}]}}