{"id":26349,"date":"2021-02-18T06:46:44","date_gmt":"2021-02-18T05:46:44","guid":{"rendered":"https:\/\/www.arte.tv\/sites\/olivierpere\/?p=26349"},"modified":"2021-02-15T06:47:39","modified_gmt":"2021-02-15T05:47:39","slug":"therese-raquin-de-marcel-carne","status":"publish","type":"post","link":"https:\/\/www.arte.tv\/sites\/olivierpere\/2021\/02\/18\/therese-raquin-de-marcel-carne\/","title":{"rendered":"Th\u00e9r\u00e8se Raquin de Marcel Carn\u00e9"},"content":{"rendered":"<p><strong>ARTE diffuse <em>Th\u00e9r\u00e8se Raquin<\/em> (1953) de Marcel Carn\u00e9 lundi 8 mars \u00e0 20h55. Le film sera \u00e9galement disponible gratuitement en t\u00e9l\u00e9vision de rattrapage sur ARTE.tv jusqu\u2019au 14 mars. A l\u2019antenne, il sera suivi d\u2019un documentaire de Mich\u00e8le Dominici, <em>Simone Signoret, figure libre<\/em>.<\/strong><\/p>\n<p><strong><em>Th\u00e9r\u00e8se Raquin<\/em> est une libre adaptation du roman de Zola, transpos\u00e9 \u00e0 Lyon dans les ann\u00e9es 50. Marcel Carn\u00e9 et son sc\u00e9nariste Charles Spaak font de Th\u00e9r\u00e8se un personnage moderne, ali\u00e9n\u00e9e par sa condition d\u2019\u00e9pouse bourgeoise. Sa vie conjugale s\u2019\u00e9coule de mani\u00e8re lugubre, entre un mari maladif et une belle-m\u00e8re acari\u00e2tre. Elle devient la ma\u00eetresse de Laurent, un camionneur italien qui tombe amoureux d\u2019elle. Les amants tuent le mari lors d\u2019une violente altercation dans un train. Le destin les rattrape sous la forme d\u2019un jeune marin qui a assist\u00e9 \u00e0 la sc\u00e8ne malgr\u00e9 lui et s\u2019improvise ma\u00eetre-chanteur. <em>Th\u00e9r\u00e8se Raquin<\/em> compte parmi les films les plus r\u00e9ussis de Marcel Carn\u00e9, dans la p\u00e9riode de l\u2019apr\u00e8s-guerre. On a coutume de traiter avec condescendance l\u2019\u0153uvre de Carn\u00e9 apr\u00e8s 1945. Il est vrai que le cin\u00e9aste a rencontr\u00e9 de nombreux revers dans la seconde moiti\u00e9 de sa carri\u00e8re, o\u00f9 des \u0153uvres ambitieuses comme <em>Juliette ou la cl\u00e9 des songes<\/em> ou La Merveilleuse Visite peuvent l\u00e9gitimement inspirer le rejet et l\u2019embarras. Mais <em>La Marie du port<\/em>, <em>L\u2019Air de Paris<\/em> ou <em>Les Assassins de l\u2019ordre<\/em> sont loin d\u2019\u00eatre des films honteux. En ce qui concerne <em>Th\u00e9r\u00e8se Raquin<\/em>, il s\u2019agit d\u2019une commande prestigieuse, produite par Raymond et Robert Hakim, qui permet \u00e0 Carn\u00e9 de renouer avec le succ\u00e8s \u2013 il recevra le Lion d\u2019argent de la meilleure r\u00e9alisation \u00e0 la Mostra de Venise. Carn\u00e9 y reste fid\u00e8le \u00e0 l\u2019expressionnisme de ses d\u00e9buts, et illustre une nouvelle fois le th\u00e8me de la fatalit\u00e9. Il signe une mise en sc\u00e8ne extr\u00eamement ma\u00eetris\u00e9e, avec un noir et blanc splendide. <em>Th\u00e9r\u00e8se Raquin<\/em> est un film \u00e0 l\u2019atmosph\u00e8re \u00e9touffante, qui b\u00e9n\u00e9ficie d\u2019une interpr\u00e9tation exceptionnelle. Simone Signoret se r\u00e9v\u00e8le inoubliable en femme tragique, avec \u00e0 ses c\u00f4t\u00e9s l\u2019\u00e9mouvant Raf Vallone, dans son premier r\u00f4le en fran\u00e7ais.<\/strong><\/p>\n<p>&nbsp;<\/p>\n","protected":false},"excerpt":{"rendered":"<p>ARTE diffuse Th\u00e9r\u00e8se Raquin (1953) de Marcel Carn\u00e9 lundi 8 mars \u00e0 20h55. Le film sera \u00e9galement disponible gratuitement en\u2026<\/p>\n","protected":false},"author":116,"featured_media":0,"comment_status":"open","ping_status":"open","sticky":false,"template":"","format":"standard","meta":[],"categories":[8],"tags":[],"yoast_head":"<!-- This site is optimized with the Yoast SEO plugin v20.8 - https:\/\/yoast.com\/wordpress\/plugins\/seo\/ -->\n<title>Th\u00e9r\u00e8se Raquin de Marcel Carn\u00e9 - Olivier P\u00e8re<\/title>\n<meta name=\"robots\" content=\"index, follow, max-snippet:-1, max-image-preview:large, max-video-preview:-1\" \/>\n<link rel=\"canonical\" href=\"https:\/\/www.arte.tv\/sites\/olivierpere\/2021\/02\/18\/therese-raquin-de-marcel-carne\/\" \/>\n<meta property=\"og:locale\" content=\"fr_FR\" \/>\n<meta property=\"og:type\" content=\"article\" \/>\n<meta property=\"og:title\" content=\"Th\u00e9r\u00e8se Raquin de Marcel Carn\u00e9 - Olivier P\u00e8re\" \/>\n<meta property=\"og:description\" content=\"ARTE diffuse Th\u00e9r\u00e8se Raquin (1953) de Marcel Carn\u00e9 lundi 8 mars \u00e0 20h55. Le film sera \u00e9galement disponible gratuitement en\u2026\" \/>\n<meta property=\"og:url\" content=\"https:\/\/www.arte.tv\/sites\/olivierpere\/2021\/02\/18\/therese-raquin-de-marcel-carne\/\" \/>\n<meta property=\"og:site_name\" content=\"Olivier P\u00e8re\" \/>\n<meta property=\"article:published_time\" content=\"2021-02-18T05:46:44+00:00\" \/>\n<meta property=\"article:modified_time\" content=\"2021-02-15T05:47:39+00:00\" \/>\n<meta name=\"author\" content=\"Olivier P\u00e8re\" \/>\n<meta name=\"twitter:label1\" content=\"\u00c9crit par\" \/>\n\t<meta name=\"twitter:data1\" content=\"Olivier P\u00e8re\" \/>\n\t<meta name=\"twitter:label2\" content=\"Dur\u00e9e de lecture estim\u00e9e\" \/>\n\t<meta name=\"twitter:data2\" content=\"2 minutes\" \/>\n<script type=\"application\/ld+json\" class=\"yoast-schema-graph\">{\"@context\":\"https:\/\/schema.org\",\"@graph\":[{\"@type\":\"WebPage\",\"@id\":\"https:\/\/www.arte.tv\/sites\/olivierpere\/2021\/02\/18\/therese-raquin-de-marcel-carne\/\",\"url\":\"https:\/\/www.arte.tv\/sites\/olivierpere\/2021\/02\/18\/therese-raquin-de-marcel-carne\/\",\"name\":\"Th\u00e9r\u00e8se Raquin de Marcel Carn\u00e9 - Olivier P\u00e8re\",\"isPartOf\":{\"@id\":\"https:\/\/www.arte.tv\/sites\/olivierpere\/#website\"},\"datePublished\":\"2021-02-18T05:46:44+00:00\",\"dateModified\":\"2021-02-15T05:47:39+00:00\",\"author\":{\"@id\":\"https:\/\/www.arte.tv\/sites\/olivierpere\/#\/schema\/person\/dc32cd6c79be95e52d43b97a74182558\"},\"breadcrumb\":{\"@id\":\"https:\/\/www.arte.tv\/sites\/olivierpere\/2021\/02\/18\/therese-raquin-de-marcel-carne\/#breadcrumb\"},\"inLanguage\":\"fr-FR\",\"potentialAction\":[{\"@type\":\"ReadAction\",\"target\":[\"https:\/\/www.arte.tv\/sites\/olivierpere\/2021\/02\/18\/therese-raquin-de-marcel-carne\/\"]}]},{\"@type\":\"BreadcrumbList\",\"@id\":\"https:\/\/www.arte.tv\/sites\/olivierpere\/2021\/02\/18\/therese-raquin-de-marcel-carne\/#breadcrumb\",\"itemListElement\":[{\"@type\":\"ListItem\",\"position\":1,\"name\":\"Home\",\"item\":\"https:\/\/www.arte.tv\/sites\/olivierpere\/\"},{\"@type\":\"ListItem\",\"position\":2,\"name\":\"Th\u00e9r\u00e8se Raquin de Marcel Carn\u00e9\"}]},{\"@type\":\"WebSite\",\"@id\":\"https:\/\/www.arte.tv\/sites\/olivierpere\/#website\",\"url\":\"https:\/\/www.arte.tv\/sites\/olivierpere\/\",\"name\":\"Olivier P\u00e8re\",\"description\":\"\",\"potentialAction\":[{\"@type\":\"SearchAction\",\"target\":{\"@type\":\"EntryPoint\",\"urlTemplate\":\"https:\/\/www.arte.tv\/sites\/olivierpere\/?s={search_term_string}\"},\"query-input\":\"required name=search_term_string\"}],\"inLanguage\":\"fr-FR\"},{\"@type\":\"Person\",\"@id\":\"https:\/\/www.arte.tv\/sites\/olivierpere\/#\/schema\/person\/dc32cd6c79be95e52d43b97a74182558\",\"name\":\"Olivier P\u00e8re\",\"image\":{\"@type\":\"ImageObject\",\"inLanguage\":\"fr-FR\",\"@id\":\"https:\/\/www.arte.tv\/sites\/olivierpere\/#\/schema\/person\/image\/\",\"url\":\"https:\/\/secure.gravatar.com\/avatar\/bdea7b6a2c195e2c41772429a9694758?s=96&d=mm&r=g\",\"contentUrl\":\"https:\/\/secure.gravatar.com\/avatar\/bdea7b6a2c195e2c41772429a9694758?s=96&d=mm&r=g\",\"caption\":\"Olivier P\u00e8re\"},\"url\":\"https:\/\/www.arte.tv\/sites\/olivierpere\/author\/pereolivier\/\"}]}<\/script>\n<!-- \/ Yoast SEO plugin. -->","yoast_head_json":{"title":"Th\u00e9r\u00e8se Raquin de Marcel Carn\u00e9 - Olivier P\u00e8re","robots":{"index":"index","follow":"follow","max-snippet":"max-snippet:-1","max-image-preview":"max-image-preview:large","max-video-preview":"max-video-preview:-1"},"canonical":"https:\/\/www.arte.tv\/sites\/olivierpere\/2021\/02\/18\/therese-raquin-de-marcel-carne\/","og_locale":"fr_FR","og_type":"article","og_title":"Th\u00e9r\u00e8se Raquin de Marcel Carn\u00e9 - Olivier P\u00e8re","og_description":"ARTE diffuse Th\u00e9r\u00e8se Raquin (1953) de Marcel Carn\u00e9 lundi 8 mars \u00e0 20h55. Le film sera \u00e9galement disponible gratuitement en\u2026","og_url":"https:\/\/www.arte.tv\/sites\/olivierpere\/2021\/02\/18\/therese-raquin-de-marcel-carne\/","og_site_name":"Olivier P\u00e8re","article_published_time":"2021-02-18T05:46:44+00:00","article_modified_time":"2021-02-15T05:47:39+00:00","author":"Olivier P\u00e8re","twitter_misc":{"\u00c9crit par":"Olivier P\u00e8re","Dur\u00e9e de lecture estim\u00e9e":"2 minutes"},"schema":{"@context":"https:\/\/schema.org","@graph":[{"@type":"WebPage","@id":"https:\/\/www.arte.tv\/sites\/olivierpere\/2021\/02\/18\/therese-raquin-de-marcel-carne\/","url":"https:\/\/www.arte.tv\/sites\/olivierpere\/2021\/02\/18\/therese-raquin-de-marcel-carne\/","name":"Th\u00e9r\u00e8se Raquin de Marcel Carn\u00e9 - Olivier P\u00e8re","isPartOf":{"@id":"https:\/\/www.arte.tv\/sites\/olivierpere\/#website"},"datePublished":"2021-02-18T05:46:44+00:00","dateModified":"2021-02-15T05:47:39+00:00","author":{"@id":"https:\/\/www.arte.tv\/sites\/olivierpere\/#\/schema\/person\/dc32cd6c79be95e52d43b97a74182558"},"breadcrumb":{"@id":"https:\/\/www.arte.tv\/sites\/olivierpere\/2021\/02\/18\/therese-raquin-de-marcel-carne\/#breadcrumb"},"inLanguage":"fr-FR","potentialAction":[{"@type":"ReadAction","target":["https:\/\/www.arte.tv\/sites\/olivierpere\/2021\/02\/18\/therese-raquin-de-marcel-carne\/"]}]},{"@type":"BreadcrumbList","@id":"https:\/\/www.arte.tv\/sites\/olivierpere\/2021\/02\/18\/therese-raquin-de-marcel-carne\/#breadcrumb","itemListElement":[{"@type":"ListItem","position":1,"name":"Home","item":"https:\/\/www.arte.tv\/sites\/olivierpere\/"},{"@type":"ListItem","position":2,"name":"Th\u00e9r\u00e8se Raquin de Marcel Carn\u00e9"}]},{"@type":"WebSite","@id":"https:\/\/www.arte.tv\/sites\/olivierpere\/#website","url":"https:\/\/www.arte.tv\/sites\/olivierpere\/","name":"Olivier P\u00e8re","description":"","potentialAction":[{"@type":"SearchAction","target":{"@type":"EntryPoint","urlTemplate":"https:\/\/www.arte.tv\/sites\/olivierpere\/?s={search_term_string}"},"query-input":"required name=search_term_string"}],"inLanguage":"fr-FR"},{"@type":"Person","@id":"https:\/\/www.arte.tv\/sites\/olivierpere\/#\/schema\/person\/dc32cd6c79be95e52d43b97a74182558","name":"Olivier P\u00e8re","image":{"@type":"ImageObject","inLanguage":"fr-FR","@id":"https:\/\/www.arte.tv\/sites\/olivierpere\/#\/schema\/person\/image\/","url":"https:\/\/secure.gravatar.com\/avatar\/bdea7b6a2c195e2c41772429a9694758?s=96&d=mm&r=g","contentUrl":"https:\/\/secure.gravatar.com\/avatar\/bdea7b6a2c195e2c41772429a9694758?s=96&d=mm&r=g","caption":"Olivier P\u00e8re"},"url":"https:\/\/www.arte.tv\/sites\/olivierpere\/author\/pereolivier\/"}]}},"_links":{"self":[{"href":"https:\/\/www.arte.tv\/sites\/olivierpere\/wp-json\/wp\/v2\/posts\/26349"}],"collection":[{"href":"https:\/\/www.arte.tv\/sites\/olivierpere\/wp-json\/wp\/v2\/posts"}],"about":[{"href":"https:\/\/www.arte.tv\/sites\/olivierpere\/wp-json\/wp\/v2\/types\/post"}],"author":[{"embeddable":true,"href":"https:\/\/www.arte.tv\/sites\/olivierpere\/wp-json\/wp\/v2\/users\/116"}],"replies":[{"embeddable":true,"href":"https:\/\/www.arte.tv\/sites\/olivierpere\/wp-json\/wp\/v2\/comments?post=26349"}],"version-history":[{"count":1,"href":"https:\/\/www.arte.tv\/sites\/olivierpere\/wp-json\/wp\/v2\/posts\/26349\/revisions"}],"predecessor-version":[{"id":26350,"href":"https:\/\/www.arte.tv\/sites\/olivierpere\/wp-json\/wp\/v2\/posts\/26349\/revisions\/26350"}],"wp:attachment":[{"href":"https:\/\/www.arte.tv\/sites\/olivierpere\/wp-json\/wp\/v2\/media?parent=26349"}],"wp:term":[{"taxonomy":"category","embeddable":true,"href":"https:\/\/www.arte.tv\/sites\/olivierpere\/wp-json\/wp\/v2\/categories?post=26349"},{"taxonomy":"post_tag","embeddable":true,"href":"https:\/\/www.arte.tv\/sites\/olivierpere\/wp-json\/wp\/v2\/tags?post=26349"}],"curies":[{"name":"wp","href":"https:\/\/api.w.org\/{rel}","templated":true}]}}