{"id":26265,"date":"2020-12-09T12:41:34","date_gmt":"2020-12-09T11:41:34","guid":{"rendered":"https:\/\/www.arte.tv\/sites\/olivierpere\/?p=26265"},"modified":"2020-12-24T12:42:05","modified_gmt":"2020-12-24T11:42:05","slug":"les-innocentes-de-anne-fontaine","status":"publish","type":"post","link":"https:\/\/www.arte.tv\/sites\/olivierpere\/2020\/12\/09\/les-innocentes-de-anne-fontaine\/","title":{"rendered":"Les Innocentes de Anne Fontaine"},"content":{"rendered":"<p><strong>ARTE diffuse <em>Les Innocentes<\/em> (2016) d\u2019Anne Fontaine mercredi 13 janvier \u00e0 20h55.<\/strong><\/p>\n<p><strong>Pologne, 1945. Une jeune interne de la Croix Rouge fran\u00e7aise d\u00e9couvre que sept religieuses sont sur le point d\u2019accoucher neuf mois apr\u00e8s l\u2019intrusion de soldats sovi\u00e9tiques dans un couvent de b\u00e9n\u00e9dictines. Fille d\u2019ouvriers communistes, elle leur vient en aide et apprend \u00e0 conna\u00eetre ces femmes recluses dans un monde secret. Le sc\u00e9nario s\u2019inspire de faits authentiques, relat\u00e9s dans le journal intime de Madeleine Pauliac, m\u00e9decin \u00e0 l\u2019h\u00f4pital militaire de Varsovie. La r\u00e9alisatrice aborde avec pudeur le sujet tabou des viols de guerre, h\u00e9las r\u00e9current \u00e0 chaque nouveau conflit et toujours d\u2019actualit\u00e9 dans certains points du globe. On estime aujourd\u2019hui que deux millions de femmes allemandes auraient \u00e9t\u00e9 viol\u00e9es par les militaires russes, en guise de repr\u00e9sailles contre les crimes nazis et avec l\u2019autorisation de leurs sup\u00e9rieurs. D\u2019autres pays comme la Pologne, mais aussi la Finlande, la Roumanie ou la Bulgarie durent payer un lourd tribut humain lors de l\u2019avanc\u00e9e des troupes sovi\u00e9tiques. La Pologne subit plus particuli\u00e8rement une double peine apr\u00e8s les destructions et les massacres commis par les nazis. Dans la r\u00e9alit\u00e9, les s\u0153urs polonaises avaient \u00e9t\u00e9 viol\u00e9es une premi\u00e8re fois par les soldats allemands lors de l\u2019invasion du pays. R\u00e9quisitoire contre les violences faites \u00e0 des femmes sans d\u00e9fense en temps de guerre, le film d\u2019Anne Fontaine propose \u00e9galement une r\u00e9flexion sur la foi et la maternit\u00e9. Malgr\u00e9 le caract\u00e8re tragique de son sujet, <em>Les Innocentes<\/em> d\u00e9livre un message d\u2019espoir et de solidarit\u00e9, avec la naissance de relations tr\u00e8s fortes entre la jeune infirmi\u00e8re et deux religieuses (les remarquables Agata Buzek et Joanna Kulig), mais aussi un m\u00e9decin juif interpr\u00e9t\u00e9 avec beaucoup de justesse par Vincent Macaigne. Une histoire exceptionnelle, une photo splendide sign\u00e9e Caroline Champetier et une actrice en \u00e9tat de gr\u00e2ce, Lou de La\u00e2ge, constituent les atouts majeurs de cette belle r\u00e9ussite, de toute \u00e9vidence l\u2019un des meilleurs films d\u2019Anne Fontaine.<\/strong><\/p>\n","protected":false},"excerpt":{"rendered":"<p>ARTE diffuse Les Innocentes (2016) d\u2019Anne Fontaine mercredi 13 janvier \u00e0 20h55. Pologne, 1945. Une jeune interne de la Croix\u2026<\/p>\n","protected":false},"author":116,"featured_media":0,"comment_status":"open","ping_status":"open","sticky":false,"template":"","format":"standard","meta":[],"categories":[8],"tags":[],"yoast_head":"<!-- This site is optimized with the Yoast SEO plugin v20.8 - https:\/\/yoast.com\/wordpress\/plugins\/seo\/ -->\n<title>Les Innocentes de Anne Fontaine - Olivier P\u00e8re<\/title>\n<meta name=\"robots\" content=\"index, follow, max-snippet:-1, max-image-preview:large, max-video-preview:-1\" \/>\n<link rel=\"canonical\" href=\"https:\/\/www.arte.tv\/sites\/olivierpere\/2020\/12\/09\/les-innocentes-de-anne-fontaine\/\" \/>\n<meta property=\"og:locale\" content=\"fr_FR\" \/>\n<meta property=\"og:type\" content=\"article\" \/>\n<meta property=\"og:title\" content=\"Les Innocentes de Anne Fontaine - Olivier P\u00e8re\" \/>\n<meta property=\"og:description\" content=\"ARTE diffuse Les Innocentes (2016) d\u2019Anne Fontaine mercredi 13 janvier \u00e0 20h55. Pologne, 1945. Une jeune interne de la Croix\u2026\" \/>\n<meta property=\"og:url\" content=\"https:\/\/www.arte.tv\/sites\/olivierpere\/2020\/12\/09\/les-innocentes-de-anne-fontaine\/\" \/>\n<meta property=\"og:site_name\" content=\"Olivier P\u00e8re\" \/>\n<meta property=\"article:published_time\" content=\"2020-12-09T11:41:34+00:00\" \/>\n<meta property=\"article:modified_time\" content=\"2020-12-24T11:42:05+00:00\" \/>\n<meta name=\"author\" content=\"Olivier P\u00e8re\" \/>\n<meta name=\"twitter:label1\" content=\"\u00c9crit par\" \/>\n\t<meta name=\"twitter:data1\" content=\"Olivier P\u00e8re\" \/>\n\t<meta name=\"twitter:label2\" content=\"Dur\u00e9e de lecture estim\u00e9e\" \/>\n\t<meta name=\"twitter:data2\" content=\"2 minutes\" \/>\n<script type=\"application\/ld+json\" class=\"yoast-schema-graph\">{\"@context\":\"https:\/\/schema.org\",\"@graph\":[{\"@type\":\"WebPage\",\"@id\":\"https:\/\/www.arte.tv\/sites\/olivierpere\/2020\/12\/09\/les-innocentes-de-anne-fontaine\/\",\"url\":\"https:\/\/www.arte.tv\/sites\/olivierpere\/2020\/12\/09\/les-innocentes-de-anne-fontaine\/\",\"name\":\"Les Innocentes de Anne Fontaine - Olivier P\u00e8re\",\"isPartOf\":{\"@id\":\"https:\/\/www.arte.tv\/sites\/olivierpere\/#website\"},\"datePublished\":\"2020-12-09T11:41:34+00:00\",\"dateModified\":\"2020-12-24T11:42:05+00:00\",\"author\":{\"@id\":\"https:\/\/www.arte.tv\/sites\/olivierpere\/#\/schema\/person\/dc32cd6c79be95e52d43b97a74182558\"},\"breadcrumb\":{\"@id\":\"https:\/\/www.arte.tv\/sites\/olivierpere\/2020\/12\/09\/les-innocentes-de-anne-fontaine\/#breadcrumb\"},\"inLanguage\":\"fr-FR\",\"potentialAction\":[{\"@type\":\"ReadAction\",\"target\":[\"https:\/\/www.arte.tv\/sites\/olivierpere\/2020\/12\/09\/les-innocentes-de-anne-fontaine\/\"]}]},{\"@type\":\"BreadcrumbList\",\"@id\":\"https:\/\/www.arte.tv\/sites\/olivierpere\/2020\/12\/09\/les-innocentes-de-anne-fontaine\/#breadcrumb\",\"itemListElement\":[{\"@type\":\"ListItem\",\"position\":1,\"name\":\"Home\",\"item\":\"https:\/\/www.arte.tv\/sites\/olivierpere\/\"},{\"@type\":\"ListItem\",\"position\":2,\"name\":\"Les Innocentes de Anne Fontaine\"}]},{\"@type\":\"WebSite\",\"@id\":\"https:\/\/www.arte.tv\/sites\/olivierpere\/#website\",\"url\":\"https:\/\/www.arte.tv\/sites\/olivierpere\/\",\"name\":\"Olivier P\u00e8re\",\"description\":\"\",\"potentialAction\":[{\"@type\":\"SearchAction\",\"target\":{\"@type\":\"EntryPoint\",\"urlTemplate\":\"https:\/\/www.arte.tv\/sites\/olivierpere\/?s={search_term_string}\"},\"query-input\":\"required name=search_term_string\"}],\"inLanguage\":\"fr-FR\"},{\"@type\":\"Person\",\"@id\":\"https:\/\/www.arte.tv\/sites\/olivierpere\/#\/schema\/person\/dc32cd6c79be95e52d43b97a74182558\",\"name\":\"Olivier P\u00e8re\",\"image\":{\"@type\":\"ImageObject\",\"inLanguage\":\"fr-FR\",\"@id\":\"https:\/\/www.arte.tv\/sites\/olivierpere\/#\/schema\/person\/image\/\",\"url\":\"https:\/\/secure.gravatar.com\/avatar\/bdea7b6a2c195e2c41772429a9694758?s=96&d=mm&r=g\",\"contentUrl\":\"https:\/\/secure.gravatar.com\/avatar\/bdea7b6a2c195e2c41772429a9694758?s=96&d=mm&r=g\",\"caption\":\"Olivier P\u00e8re\"},\"url\":\"https:\/\/www.arte.tv\/sites\/olivierpere\/author\/pereolivier\/\"}]}<\/script>\n<!-- \/ Yoast SEO plugin. -->","yoast_head_json":{"title":"Les Innocentes de Anne Fontaine - Olivier P\u00e8re","robots":{"index":"index","follow":"follow","max-snippet":"max-snippet:-1","max-image-preview":"max-image-preview:large","max-video-preview":"max-video-preview:-1"},"canonical":"https:\/\/www.arte.tv\/sites\/olivierpere\/2020\/12\/09\/les-innocentes-de-anne-fontaine\/","og_locale":"fr_FR","og_type":"article","og_title":"Les Innocentes de Anne Fontaine - Olivier P\u00e8re","og_description":"ARTE diffuse Les Innocentes (2016) d\u2019Anne Fontaine mercredi 13 janvier \u00e0 20h55. Pologne, 1945. Une jeune interne de la Croix\u2026","og_url":"https:\/\/www.arte.tv\/sites\/olivierpere\/2020\/12\/09\/les-innocentes-de-anne-fontaine\/","og_site_name":"Olivier P\u00e8re","article_published_time":"2020-12-09T11:41:34+00:00","article_modified_time":"2020-12-24T11:42:05+00:00","author":"Olivier P\u00e8re","twitter_misc":{"\u00c9crit par":"Olivier P\u00e8re","Dur\u00e9e de lecture estim\u00e9e":"2 minutes"},"schema":{"@context":"https:\/\/schema.org","@graph":[{"@type":"WebPage","@id":"https:\/\/www.arte.tv\/sites\/olivierpere\/2020\/12\/09\/les-innocentes-de-anne-fontaine\/","url":"https:\/\/www.arte.tv\/sites\/olivierpere\/2020\/12\/09\/les-innocentes-de-anne-fontaine\/","name":"Les Innocentes de Anne Fontaine - Olivier P\u00e8re","isPartOf":{"@id":"https:\/\/www.arte.tv\/sites\/olivierpere\/#website"},"datePublished":"2020-12-09T11:41:34+00:00","dateModified":"2020-12-24T11:42:05+00:00","author":{"@id":"https:\/\/www.arte.tv\/sites\/olivierpere\/#\/schema\/person\/dc32cd6c79be95e52d43b97a74182558"},"breadcrumb":{"@id":"https:\/\/www.arte.tv\/sites\/olivierpere\/2020\/12\/09\/les-innocentes-de-anne-fontaine\/#breadcrumb"},"inLanguage":"fr-FR","potentialAction":[{"@type":"ReadAction","target":["https:\/\/www.arte.tv\/sites\/olivierpere\/2020\/12\/09\/les-innocentes-de-anne-fontaine\/"]}]},{"@type":"BreadcrumbList","@id":"https:\/\/www.arte.tv\/sites\/olivierpere\/2020\/12\/09\/les-innocentes-de-anne-fontaine\/#breadcrumb","itemListElement":[{"@type":"ListItem","position":1,"name":"Home","item":"https:\/\/www.arte.tv\/sites\/olivierpere\/"},{"@type":"ListItem","position":2,"name":"Les Innocentes de Anne Fontaine"}]},{"@type":"WebSite","@id":"https:\/\/www.arte.tv\/sites\/olivierpere\/#website","url":"https:\/\/www.arte.tv\/sites\/olivierpere\/","name":"Olivier P\u00e8re","description":"","potentialAction":[{"@type":"SearchAction","target":{"@type":"EntryPoint","urlTemplate":"https:\/\/www.arte.tv\/sites\/olivierpere\/?s={search_term_string}"},"query-input":"required name=search_term_string"}],"inLanguage":"fr-FR"},{"@type":"Person","@id":"https:\/\/www.arte.tv\/sites\/olivierpere\/#\/schema\/person\/dc32cd6c79be95e52d43b97a74182558","name":"Olivier P\u00e8re","image":{"@type":"ImageObject","inLanguage":"fr-FR","@id":"https:\/\/www.arte.tv\/sites\/olivierpere\/#\/schema\/person\/image\/","url":"https:\/\/secure.gravatar.com\/avatar\/bdea7b6a2c195e2c41772429a9694758?s=96&d=mm&r=g","contentUrl":"https:\/\/secure.gravatar.com\/avatar\/bdea7b6a2c195e2c41772429a9694758?s=96&d=mm&r=g","caption":"Olivier P\u00e8re"},"url":"https:\/\/www.arte.tv\/sites\/olivierpere\/author\/pereolivier\/"}]}},"_links":{"self":[{"href":"https:\/\/www.arte.tv\/sites\/olivierpere\/wp-json\/wp\/v2\/posts\/26265"}],"collection":[{"href":"https:\/\/www.arte.tv\/sites\/olivierpere\/wp-json\/wp\/v2\/posts"}],"about":[{"href":"https:\/\/www.arte.tv\/sites\/olivierpere\/wp-json\/wp\/v2\/types\/post"}],"author":[{"embeddable":true,"href":"https:\/\/www.arte.tv\/sites\/olivierpere\/wp-json\/wp\/v2\/users\/116"}],"replies":[{"embeddable":true,"href":"https:\/\/www.arte.tv\/sites\/olivierpere\/wp-json\/wp\/v2\/comments?post=26265"}],"version-history":[{"count":1,"href":"https:\/\/www.arte.tv\/sites\/olivierpere\/wp-json\/wp\/v2\/posts\/26265\/revisions"}],"predecessor-version":[{"id":26266,"href":"https:\/\/www.arte.tv\/sites\/olivierpere\/wp-json\/wp\/v2\/posts\/26265\/revisions\/26266"}],"wp:attachment":[{"href":"https:\/\/www.arte.tv\/sites\/olivierpere\/wp-json\/wp\/v2\/media?parent=26265"}],"wp:term":[{"taxonomy":"category","embeddable":true,"href":"https:\/\/www.arte.tv\/sites\/olivierpere\/wp-json\/wp\/v2\/categories?post=26265"},{"taxonomy":"post_tag","embeddable":true,"href":"https:\/\/www.arte.tv\/sites\/olivierpere\/wp-json\/wp\/v2\/tags?post=26265"}],"curies":[{"name":"wp","href":"https:\/\/api.w.org\/{rel}","templated":true}]}}