{"id":26255,"date":"2020-12-05T13:36:28","date_gmt":"2020-12-05T12:36:28","guid":{"rendered":"https:\/\/www.arte.tv\/sites\/olivierpere\/?p=26255"},"modified":"2020-12-17T13:37:45","modified_gmt":"2020-12-17T12:37:45","slug":"fanfan-la-tulipe-de-christian-jaque","status":"publish","type":"post","link":"https:\/\/www.arte.tv\/sites\/olivierpere\/2020\/12\/05\/fanfan-la-tulipe-de-christian-jaque\/","title":{"rendered":"Fanfan la Tulipe de Christian-Jaque"},"content":{"rendered":"<p><strong>ARTE diffuse <em>Fanfan la Tulipe<\/em> (1951) de Christian-Jaque mercredi 23 d\u00e9cembre \u00e0 20h55. Grand succ\u00e8s du cin\u00e9ma fran\u00e7ais des ann\u00e9es 50, ce film connut un retentissement international extraordinaire et jouit d\u2019une cote d\u2019amour jamais d\u00e9mentie aupr\u00e8s du public de tous les \u00e2ges. On doit cette r\u00e9ussite \u00e0 Christian-Jaque, cin\u00e9aste versatile et \u00e0 la long\u00e9vit\u00e9 exceptionnelle qui navigua pendant cinq d\u00e9cennies de drames costum\u00e9s en com\u00e9dies l\u00e9g\u00e8res. <em>Fanfan la Tulipe<\/em> r\u00e9unit les principaux ingr\u00e9dients qui sourirent au r\u00e9alisateur\u00a0: l\u2019humour, l\u2019aventure, la fantaisie, l\u2019histoire de France\u2026<\/strong><\/p>\n<p><strong>La r\u00e9alisation tr\u00e9pidante de Christian-Jaque lui vaudra le prix de la mise en sc\u00e8ne au Festival de Cannes en 1952, lors d\u2019une \u00e9dition o\u00f9 pas moins de 35 longs m\u00e9trages \u00e9taient pr\u00e9sent\u00e9s en comp\u00e9tition\u00a0! Les sc\u00e9naristes du film, Ren\u00e9 Wheeler et l\u2019\u00e9crivain Ren\u00e9 Fallet, sont rejoint par le dialoguiste Henri Jeanson qui donne libre cours \u00e0 sa l\u00e9gendaire impertinence dans des r\u00e9pliques plus dr\u00f4les que m\u00e9chantes. La guerre en dentelles, les batailles et les injustices d\u00e9crites dans le film \u00e9vacuent toute cruaut\u00e9 pour ressembler \u00e0 une cour de r\u00e9cr\u00e9ation o\u00f9 s\u2019\u00e9broue le juv\u00e9nile G\u00e9rard Philipe, au gr\u00e9 de p\u00e9rip\u00e9ties o\u00f9 rien n\u2019est grave et tout finit bien. Le r\u00f4le de Fanfan va largement contribuer \u00e0 la mythologie personnelle de G\u00e9rard Philipe et va faire de lui une idole de la jeunesse \u00e0 travers le monde. Il conf\u00e8re au personnage une insolence bon-enfant et ses acrobaties et cascades, sans pr\u00e9tendre rivaliser avec Errol Flynn, pr\u00e9figurent celles de Jean Marais puis Jean-Paul Belmondo. On retiendra surtout de <em>Fanfan la Tulipe<\/em> les compositions hautes en couleur des deux \u00ab\u00a0m\u00e9chants\u00a0\u00bb du film, No\u00ebl Roquevert dans le r\u00f4le de Fier-\u00e0-bras, brutal mar\u00e9chal des logis ennemi jur\u00e9 de Fanfan et Marcel Herrand en Louis XV cynique et libertin trousseur de jupons.<\/strong><\/p>\n<p><strong><em>Fanfan la Tulipe<\/em> demeure le classique tricolore du film de cape et d\u2019\u00e9p\u00e9e, genre qui conna\u00eetra pendant vingt ans un regain de popularit\u00e9 en France et en Italie, avant de tomber en d\u00e9su\u00e9tude. \u00a0<\/strong><\/p>\n","protected":false},"excerpt":{"rendered":"<p>ARTE diffuse Fanfan la Tulipe (1951) de Christian-Jaque mercredi 23 d\u00e9cembre \u00e0 20h55. Grand succ\u00e8s du cin\u00e9ma fran\u00e7ais des ann\u00e9es\u2026<\/p>\n","protected":false},"author":116,"featured_media":0,"comment_status":"open","ping_status":"open","sticky":false,"template":"","format":"standard","meta":[],"categories":[8],"tags":[],"yoast_head":"<!-- This site is optimized with the Yoast SEO plugin v20.8 - https:\/\/yoast.com\/wordpress\/plugins\/seo\/ -->\n<title>Fanfan la Tulipe de Christian-Jaque - Olivier P\u00e8re<\/title>\n<meta name=\"robots\" content=\"index, follow, max-snippet:-1, max-image-preview:large, max-video-preview:-1\" \/>\n<link rel=\"canonical\" href=\"https:\/\/www.arte.tv\/sites\/olivierpere\/2020\/12\/05\/fanfan-la-tulipe-de-christian-jaque\/\" \/>\n<meta property=\"og:locale\" content=\"fr_FR\" \/>\n<meta property=\"og:type\" content=\"article\" \/>\n<meta property=\"og:title\" content=\"Fanfan la Tulipe de Christian-Jaque - Olivier P\u00e8re\" \/>\n<meta property=\"og:description\" content=\"ARTE diffuse Fanfan la Tulipe (1951) de Christian-Jaque mercredi 23 d\u00e9cembre \u00e0 20h55. Grand succ\u00e8s du cin\u00e9ma fran\u00e7ais des ann\u00e9es\u2026\" \/>\n<meta property=\"og:url\" content=\"https:\/\/www.arte.tv\/sites\/olivierpere\/2020\/12\/05\/fanfan-la-tulipe-de-christian-jaque\/\" \/>\n<meta property=\"og:site_name\" content=\"Olivier P\u00e8re\" \/>\n<meta property=\"article:published_time\" content=\"2020-12-05T12:36:28+00:00\" \/>\n<meta property=\"article:modified_time\" content=\"2020-12-17T12:37:45+00:00\" \/>\n<meta name=\"author\" content=\"Olivier P\u00e8re\" \/>\n<meta name=\"twitter:label1\" content=\"\u00c9crit par\" \/>\n\t<meta name=\"twitter:data1\" content=\"Olivier P\u00e8re\" \/>\n\t<meta name=\"twitter:label2\" content=\"Dur\u00e9e de lecture estim\u00e9e\" \/>\n\t<meta name=\"twitter:data2\" content=\"2 minutes\" \/>\n<script type=\"application\/ld+json\" class=\"yoast-schema-graph\">{\"@context\":\"https:\/\/schema.org\",\"@graph\":[{\"@type\":\"WebPage\",\"@id\":\"https:\/\/www.arte.tv\/sites\/olivierpere\/2020\/12\/05\/fanfan-la-tulipe-de-christian-jaque\/\",\"url\":\"https:\/\/www.arte.tv\/sites\/olivierpere\/2020\/12\/05\/fanfan-la-tulipe-de-christian-jaque\/\",\"name\":\"Fanfan la Tulipe de Christian-Jaque - Olivier P\u00e8re\",\"isPartOf\":{\"@id\":\"https:\/\/www.arte.tv\/sites\/olivierpere\/#website\"},\"datePublished\":\"2020-12-05T12:36:28+00:00\",\"dateModified\":\"2020-12-17T12:37:45+00:00\",\"author\":{\"@id\":\"https:\/\/www.arte.tv\/sites\/olivierpere\/#\/schema\/person\/dc32cd6c79be95e52d43b97a74182558\"},\"breadcrumb\":{\"@id\":\"https:\/\/www.arte.tv\/sites\/olivierpere\/2020\/12\/05\/fanfan-la-tulipe-de-christian-jaque\/#breadcrumb\"},\"inLanguage\":\"fr-FR\",\"potentialAction\":[{\"@type\":\"ReadAction\",\"target\":[\"https:\/\/www.arte.tv\/sites\/olivierpere\/2020\/12\/05\/fanfan-la-tulipe-de-christian-jaque\/\"]}]},{\"@type\":\"BreadcrumbList\",\"@id\":\"https:\/\/www.arte.tv\/sites\/olivierpere\/2020\/12\/05\/fanfan-la-tulipe-de-christian-jaque\/#breadcrumb\",\"itemListElement\":[{\"@type\":\"ListItem\",\"position\":1,\"name\":\"Home\",\"item\":\"https:\/\/www.arte.tv\/sites\/olivierpere\/\"},{\"@type\":\"ListItem\",\"position\":2,\"name\":\"Fanfan la Tulipe de Christian-Jaque\"}]},{\"@type\":\"WebSite\",\"@id\":\"https:\/\/www.arte.tv\/sites\/olivierpere\/#website\",\"url\":\"https:\/\/www.arte.tv\/sites\/olivierpere\/\",\"name\":\"Olivier P\u00e8re\",\"description\":\"\",\"potentialAction\":[{\"@type\":\"SearchAction\",\"target\":{\"@type\":\"EntryPoint\",\"urlTemplate\":\"https:\/\/www.arte.tv\/sites\/olivierpere\/?s={search_term_string}\"},\"query-input\":\"required name=search_term_string\"}],\"inLanguage\":\"fr-FR\"},{\"@type\":\"Person\",\"@id\":\"https:\/\/www.arte.tv\/sites\/olivierpere\/#\/schema\/person\/dc32cd6c79be95e52d43b97a74182558\",\"name\":\"Olivier P\u00e8re\",\"image\":{\"@type\":\"ImageObject\",\"inLanguage\":\"fr-FR\",\"@id\":\"https:\/\/www.arte.tv\/sites\/olivierpere\/#\/schema\/person\/image\/\",\"url\":\"https:\/\/secure.gravatar.com\/avatar\/bdea7b6a2c195e2c41772429a9694758?s=96&d=mm&r=g\",\"contentUrl\":\"https:\/\/secure.gravatar.com\/avatar\/bdea7b6a2c195e2c41772429a9694758?s=96&d=mm&r=g\",\"caption\":\"Olivier P\u00e8re\"},\"url\":\"https:\/\/www.arte.tv\/sites\/olivierpere\/author\/pereolivier\/\"}]}<\/script>\n<!-- \/ Yoast SEO plugin. -->","yoast_head_json":{"title":"Fanfan la Tulipe de Christian-Jaque - Olivier P\u00e8re","robots":{"index":"index","follow":"follow","max-snippet":"max-snippet:-1","max-image-preview":"max-image-preview:large","max-video-preview":"max-video-preview:-1"},"canonical":"https:\/\/www.arte.tv\/sites\/olivierpere\/2020\/12\/05\/fanfan-la-tulipe-de-christian-jaque\/","og_locale":"fr_FR","og_type":"article","og_title":"Fanfan la Tulipe de Christian-Jaque - Olivier P\u00e8re","og_description":"ARTE diffuse Fanfan la Tulipe (1951) de Christian-Jaque mercredi 23 d\u00e9cembre \u00e0 20h55. Grand succ\u00e8s du cin\u00e9ma fran\u00e7ais des ann\u00e9es\u2026","og_url":"https:\/\/www.arte.tv\/sites\/olivierpere\/2020\/12\/05\/fanfan-la-tulipe-de-christian-jaque\/","og_site_name":"Olivier P\u00e8re","article_published_time":"2020-12-05T12:36:28+00:00","article_modified_time":"2020-12-17T12:37:45+00:00","author":"Olivier P\u00e8re","twitter_misc":{"\u00c9crit par":"Olivier P\u00e8re","Dur\u00e9e de lecture estim\u00e9e":"2 minutes"},"schema":{"@context":"https:\/\/schema.org","@graph":[{"@type":"WebPage","@id":"https:\/\/www.arte.tv\/sites\/olivierpere\/2020\/12\/05\/fanfan-la-tulipe-de-christian-jaque\/","url":"https:\/\/www.arte.tv\/sites\/olivierpere\/2020\/12\/05\/fanfan-la-tulipe-de-christian-jaque\/","name":"Fanfan la Tulipe de Christian-Jaque - Olivier P\u00e8re","isPartOf":{"@id":"https:\/\/www.arte.tv\/sites\/olivierpere\/#website"},"datePublished":"2020-12-05T12:36:28+00:00","dateModified":"2020-12-17T12:37:45+00:00","author":{"@id":"https:\/\/www.arte.tv\/sites\/olivierpere\/#\/schema\/person\/dc32cd6c79be95e52d43b97a74182558"},"breadcrumb":{"@id":"https:\/\/www.arte.tv\/sites\/olivierpere\/2020\/12\/05\/fanfan-la-tulipe-de-christian-jaque\/#breadcrumb"},"inLanguage":"fr-FR","potentialAction":[{"@type":"ReadAction","target":["https:\/\/www.arte.tv\/sites\/olivierpere\/2020\/12\/05\/fanfan-la-tulipe-de-christian-jaque\/"]}]},{"@type":"BreadcrumbList","@id":"https:\/\/www.arte.tv\/sites\/olivierpere\/2020\/12\/05\/fanfan-la-tulipe-de-christian-jaque\/#breadcrumb","itemListElement":[{"@type":"ListItem","position":1,"name":"Home","item":"https:\/\/www.arte.tv\/sites\/olivierpere\/"},{"@type":"ListItem","position":2,"name":"Fanfan la Tulipe de Christian-Jaque"}]},{"@type":"WebSite","@id":"https:\/\/www.arte.tv\/sites\/olivierpere\/#website","url":"https:\/\/www.arte.tv\/sites\/olivierpere\/","name":"Olivier P\u00e8re","description":"","potentialAction":[{"@type":"SearchAction","target":{"@type":"EntryPoint","urlTemplate":"https:\/\/www.arte.tv\/sites\/olivierpere\/?s={search_term_string}"},"query-input":"required name=search_term_string"}],"inLanguage":"fr-FR"},{"@type":"Person","@id":"https:\/\/www.arte.tv\/sites\/olivierpere\/#\/schema\/person\/dc32cd6c79be95e52d43b97a74182558","name":"Olivier P\u00e8re","image":{"@type":"ImageObject","inLanguage":"fr-FR","@id":"https:\/\/www.arte.tv\/sites\/olivierpere\/#\/schema\/person\/image\/","url":"https:\/\/secure.gravatar.com\/avatar\/bdea7b6a2c195e2c41772429a9694758?s=96&d=mm&r=g","contentUrl":"https:\/\/secure.gravatar.com\/avatar\/bdea7b6a2c195e2c41772429a9694758?s=96&d=mm&r=g","caption":"Olivier P\u00e8re"},"url":"https:\/\/www.arte.tv\/sites\/olivierpere\/author\/pereolivier\/"}]}},"_links":{"self":[{"href":"https:\/\/www.arte.tv\/sites\/olivierpere\/wp-json\/wp\/v2\/posts\/26255"}],"collection":[{"href":"https:\/\/www.arte.tv\/sites\/olivierpere\/wp-json\/wp\/v2\/posts"}],"about":[{"href":"https:\/\/www.arte.tv\/sites\/olivierpere\/wp-json\/wp\/v2\/types\/post"}],"author":[{"embeddable":true,"href":"https:\/\/www.arte.tv\/sites\/olivierpere\/wp-json\/wp\/v2\/users\/116"}],"replies":[{"embeddable":true,"href":"https:\/\/www.arte.tv\/sites\/olivierpere\/wp-json\/wp\/v2\/comments?post=26255"}],"version-history":[{"count":1,"href":"https:\/\/www.arte.tv\/sites\/olivierpere\/wp-json\/wp\/v2\/posts\/26255\/revisions"}],"predecessor-version":[{"id":26256,"href":"https:\/\/www.arte.tv\/sites\/olivierpere\/wp-json\/wp\/v2\/posts\/26255\/revisions\/26256"}],"wp:attachment":[{"href":"https:\/\/www.arte.tv\/sites\/olivierpere\/wp-json\/wp\/v2\/media?parent=26255"}],"wp:term":[{"taxonomy":"category","embeddable":true,"href":"https:\/\/www.arte.tv\/sites\/olivierpere\/wp-json\/wp\/v2\/categories?post=26255"},{"taxonomy":"post_tag","embeddable":true,"href":"https:\/\/www.arte.tv\/sites\/olivierpere\/wp-json\/wp\/v2\/tags?post=26255"}],"curies":[{"name":"wp","href":"https:\/\/api.w.org\/{rel}","templated":true}]}}