{"id":26236,"date":"2020-11-25T08:52:40","date_gmt":"2020-11-25T07:52:40","guid":{"rendered":"https:\/\/www.arte.tv\/sites\/olivierpere\/?p=26236"},"modified":"2020-11-27T08:56:12","modified_gmt":"2020-11-27T07:56:12","slug":"the-guilty-de-gustav-moller","status":"publish","type":"post","link":"https:\/\/www.arte.tv\/sites\/olivierpere\/2020\/11\/25\/the-guilty-de-gustav-moller\/","title":{"rendered":"The Guilty de Gustav M\u00f6ller"},"content":{"rendered":"<p><strong>ARTE diffuse mercredi 16 d\u00e9cembre \u00e0 20h55 <em>The Guilty <\/em>(<em>Den skylidge<\/em>), r\u00e9alis\u00e9 en 2018 par Gustav M\u00f6ller. Le film sera \u00e9galement disponible gratuitement jusqu\u2019au 22 d\u00e9cembre en t\u00e9l\u00e9vision de rattrapage sur ARTE.tv.<\/strong><\/p>\n<p><strong>Un policier re\u00e7oit un appel d\u2019urgence provenant d\u2019une femme en train d\u2019\u00eatre kidnapp\u00e9e. La communication s\u2019interrompt brusquement. Arm\u00e9 de son t\u00e9l\u00e9phone, il va tenter par tous les moyens de sauver la victime des mains de son ravisseur. C\u2019est le d\u00e9but d\u2019un thriller haletant qui n\u2019accorde aucune minute de r\u00e9pit ni \u00e0 son h\u00e9ros, ni aux spectateurs.<\/strong><\/p>\n<p><strong><em>The Guilty<\/em> r\u00e9ussit l\u2019exploit d\u2019\u00eatre un thriller d\u2019une efficacit\u00e9 maximale, avec un minimum de moyens. Le film respecte les unit\u00e9s de temps et de lieu. Un d\u00e9cor de commissariat d\u00e9sert et un seul personnage confin\u00e9 toute une nuit suffisent. L\u2019id\u00e9e directrice du film est de raconter une action per\u00e7ue \u00e0 distance, uniquement gr\u00e2ce \u00e0 la bande-son. Le postulat de fameuses sc\u00e8nes d&rsquo;\u00e9coute dans <em>Conversation secr\u00e8te<\/em> de Francis Ford Coppola ou <em>Blow Out<\/em> de Brian De Palma est d\u00e9clin\u00e9 sur l\u2019int\u00e9gralit\u00e9 d\u2019un long m\u00e9trage, avec la diff\u00e9rence majeure que les sons parviennent en direct au policier, et lui demandent simultan\u00e9ment des capacit\u00e9s d\u2019improvisation et d\u2019interpr\u00e9tation, dans un terrible \u00e9tat d\u2019urgence. Cette situation nous rappelle \u00e0 quel point les apparences peuvent \u00eatre trompeuses, surtout lorsqu\u2019elles se m\u00ealent \u00e0 des \u00e9motions et des indignations l\u00e9gitimes. Avec ce premier long m\u00e9trage, le danois Gustav M\u00f6ller parvient \u00e0 transformer son unique h\u00e9ros, en m\u00eame temps que le spectateur de son film, en auditeur. Les voix humaines, mais aussi les bruits de la ville se transforment en puissants indicateurs. Ils nous permettent d\u2019imaginer des faits invisibles davantage que de restituer l\u2019exactitude des faits, de d\u00e9m\u00ealer tant bien que mal les fils d\u2019une intrigue diabolique, jusqu\u2019\u00e0 l\u2019incroyable r\u00e9v\u00e9lation finale.<\/strong><\/p>\n<p>&nbsp;<\/p>\n","protected":false},"excerpt":{"rendered":"<p>ARTE diffuse mercredi 16 d\u00e9cembre \u00e0 20h55 The Guilty (Den skylidge), r\u00e9alis\u00e9 en 2018 par Gustav M\u00f6ller. Le film sera\u2026<\/p>\n","protected":false},"author":116,"featured_media":0,"comment_status":"open","ping_status":"open","sticky":false,"template":"","format":"standard","meta":[],"categories":[8],"tags":[],"yoast_head":"<!-- This site is optimized with the Yoast SEO plugin v20.8 - https:\/\/yoast.com\/wordpress\/plugins\/seo\/ -->\n<title>The Guilty de Gustav M\u00f6ller - Olivier P\u00e8re<\/title>\n<meta name=\"robots\" content=\"index, follow, max-snippet:-1, max-image-preview:large, max-video-preview:-1\" \/>\n<link rel=\"canonical\" href=\"https:\/\/www.arte.tv\/sites\/olivierpere\/2020\/11\/25\/the-guilty-de-gustav-moller\/\" \/>\n<meta property=\"og:locale\" content=\"fr_FR\" \/>\n<meta property=\"og:type\" content=\"article\" \/>\n<meta property=\"og:title\" content=\"The Guilty de Gustav M\u00f6ller - Olivier P\u00e8re\" \/>\n<meta property=\"og:description\" content=\"ARTE diffuse mercredi 16 d\u00e9cembre \u00e0 20h55 The Guilty (Den skylidge), r\u00e9alis\u00e9 en 2018 par Gustav M\u00f6ller. Le film sera\u2026\" \/>\n<meta property=\"og:url\" content=\"https:\/\/www.arte.tv\/sites\/olivierpere\/2020\/11\/25\/the-guilty-de-gustav-moller\/\" \/>\n<meta property=\"og:site_name\" content=\"Olivier P\u00e8re\" \/>\n<meta property=\"article:published_time\" content=\"2020-11-25T07:52:40+00:00\" \/>\n<meta property=\"article:modified_time\" content=\"2020-11-27T07:56:12+00:00\" \/>\n<meta name=\"author\" content=\"Olivier P\u00e8re\" \/>\n<meta name=\"twitter:label1\" content=\"\u00c9crit par\" \/>\n\t<meta name=\"twitter:data1\" content=\"Olivier P\u00e8re\" \/>\n\t<meta name=\"twitter:label2\" content=\"Dur\u00e9e de lecture estim\u00e9e\" \/>\n\t<meta name=\"twitter:data2\" content=\"2 minutes\" \/>\n<script type=\"application\/ld+json\" class=\"yoast-schema-graph\">{\"@context\":\"https:\/\/schema.org\",\"@graph\":[{\"@type\":\"WebPage\",\"@id\":\"https:\/\/www.arte.tv\/sites\/olivierpere\/2020\/11\/25\/the-guilty-de-gustav-moller\/\",\"url\":\"https:\/\/www.arte.tv\/sites\/olivierpere\/2020\/11\/25\/the-guilty-de-gustav-moller\/\",\"name\":\"The Guilty de Gustav M\u00f6ller - Olivier P\u00e8re\",\"isPartOf\":{\"@id\":\"https:\/\/www.arte.tv\/sites\/olivierpere\/#website\"},\"datePublished\":\"2020-11-25T07:52:40+00:00\",\"dateModified\":\"2020-11-27T07:56:12+00:00\",\"author\":{\"@id\":\"https:\/\/www.arte.tv\/sites\/olivierpere\/#\/schema\/person\/dc32cd6c79be95e52d43b97a74182558\"},\"breadcrumb\":{\"@id\":\"https:\/\/www.arte.tv\/sites\/olivierpere\/2020\/11\/25\/the-guilty-de-gustav-moller\/#breadcrumb\"},\"inLanguage\":\"fr-FR\",\"potentialAction\":[{\"@type\":\"ReadAction\",\"target\":[\"https:\/\/www.arte.tv\/sites\/olivierpere\/2020\/11\/25\/the-guilty-de-gustav-moller\/\"]}]},{\"@type\":\"BreadcrumbList\",\"@id\":\"https:\/\/www.arte.tv\/sites\/olivierpere\/2020\/11\/25\/the-guilty-de-gustav-moller\/#breadcrumb\",\"itemListElement\":[{\"@type\":\"ListItem\",\"position\":1,\"name\":\"Home\",\"item\":\"https:\/\/www.arte.tv\/sites\/olivierpere\/\"},{\"@type\":\"ListItem\",\"position\":2,\"name\":\"The Guilty de Gustav M\u00f6ller\"}]},{\"@type\":\"WebSite\",\"@id\":\"https:\/\/www.arte.tv\/sites\/olivierpere\/#website\",\"url\":\"https:\/\/www.arte.tv\/sites\/olivierpere\/\",\"name\":\"Olivier P\u00e8re\",\"description\":\"\",\"potentialAction\":[{\"@type\":\"SearchAction\",\"target\":{\"@type\":\"EntryPoint\",\"urlTemplate\":\"https:\/\/www.arte.tv\/sites\/olivierpere\/?s={search_term_string}\"},\"query-input\":\"required name=search_term_string\"}],\"inLanguage\":\"fr-FR\"},{\"@type\":\"Person\",\"@id\":\"https:\/\/www.arte.tv\/sites\/olivierpere\/#\/schema\/person\/dc32cd6c79be95e52d43b97a74182558\",\"name\":\"Olivier P\u00e8re\",\"image\":{\"@type\":\"ImageObject\",\"inLanguage\":\"fr-FR\",\"@id\":\"https:\/\/www.arte.tv\/sites\/olivierpere\/#\/schema\/person\/image\/\",\"url\":\"https:\/\/secure.gravatar.com\/avatar\/bdea7b6a2c195e2c41772429a9694758?s=96&d=mm&r=g\",\"contentUrl\":\"https:\/\/secure.gravatar.com\/avatar\/bdea7b6a2c195e2c41772429a9694758?s=96&d=mm&r=g\",\"caption\":\"Olivier P\u00e8re\"},\"url\":\"https:\/\/www.arte.tv\/sites\/olivierpere\/author\/pereolivier\/\"}]}<\/script>\n<!-- \/ Yoast SEO plugin. -->","yoast_head_json":{"title":"The Guilty de Gustav M\u00f6ller - Olivier P\u00e8re","robots":{"index":"index","follow":"follow","max-snippet":"max-snippet:-1","max-image-preview":"max-image-preview:large","max-video-preview":"max-video-preview:-1"},"canonical":"https:\/\/www.arte.tv\/sites\/olivierpere\/2020\/11\/25\/the-guilty-de-gustav-moller\/","og_locale":"fr_FR","og_type":"article","og_title":"The Guilty de Gustav M\u00f6ller - Olivier P\u00e8re","og_description":"ARTE diffuse mercredi 16 d\u00e9cembre \u00e0 20h55 The Guilty (Den skylidge), r\u00e9alis\u00e9 en 2018 par Gustav M\u00f6ller. Le film sera\u2026","og_url":"https:\/\/www.arte.tv\/sites\/olivierpere\/2020\/11\/25\/the-guilty-de-gustav-moller\/","og_site_name":"Olivier P\u00e8re","article_published_time":"2020-11-25T07:52:40+00:00","article_modified_time":"2020-11-27T07:56:12+00:00","author":"Olivier P\u00e8re","twitter_misc":{"\u00c9crit par":"Olivier P\u00e8re","Dur\u00e9e de lecture estim\u00e9e":"2 minutes"},"schema":{"@context":"https:\/\/schema.org","@graph":[{"@type":"WebPage","@id":"https:\/\/www.arte.tv\/sites\/olivierpere\/2020\/11\/25\/the-guilty-de-gustav-moller\/","url":"https:\/\/www.arte.tv\/sites\/olivierpere\/2020\/11\/25\/the-guilty-de-gustav-moller\/","name":"The Guilty de Gustav M\u00f6ller - Olivier P\u00e8re","isPartOf":{"@id":"https:\/\/www.arte.tv\/sites\/olivierpere\/#website"},"datePublished":"2020-11-25T07:52:40+00:00","dateModified":"2020-11-27T07:56:12+00:00","author":{"@id":"https:\/\/www.arte.tv\/sites\/olivierpere\/#\/schema\/person\/dc32cd6c79be95e52d43b97a74182558"},"breadcrumb":{"@id":"https:\/\/www.arte.tv\/sites\/olivierpere\/2020\/11\/25\/the-guilty-de-gustav-moller\/#breadcrumb"},"inLanguage":"fr-FR","potentialAction":[{"@type":"ReadAction","target":["https:\/\/www.arte.tv\/sites\/olivierpere\/2020\/11\/25\/the-guilty-de-gustav-moller\/"]}]},{"@type":"BreadcrumbList","@id":"https:\/\/www.arte.tv\/sites\/olivierpere\/2020\/11\/25\/the-guilty-de-gustav-moller\/#breadcrumb","itemListElement":[{"@type":"ListItem","position":1,"name":"Home","item":"https:\/\/www.arte.tv\/sites\/olivierpere\/"},{"@type":"ListItem","position":2,"name":"The Guilty de Gustav M\u00f6ller"}]},{"@type":"WebSite","@id":"https:\/\/www.arte.tv\/sites\/olivierpere\/#website","url":"https:\/\/www.arte.tv\/sites\/olivierpere\/","name":"Olivier P\u00e8re","description":"","potentialAction":[{"@type":"SearchAction","target":{"@type":"EntryPoint","urlTemplate":"https:\/\/www.arte.tv\/sites\/olivierpere\/?s={search_term_string}"},"query-input":"required name=search_term_string"}],"inLanguage":"fr-FR"},{"@type":"Person","@id":"https:\/\/www.arte.tv\/sites\/olivierpere\/#\/schema\/person\/dc32cd6c79be95e52d43b97a74182558","name":"Olivier P\u00e8re","image":{"@type":"ImageObject","inLanguage":"fr-FR","@id":"https:\/\/www.arte.tv\/sites\/olivierpere\/#\/schema\/person\/image\/","url":"https:\/\/secure.gravatar.com\/avatar\/bdea7b6a2c195e2c41772429a9694758?s=96&d=mm&r=g","contentUrl":"https:\/\/secure.gravatar.com\/avatar\/bdea7b6a2c195e2c41772429a9694758?s=96&d=mm&r=g","caption":"Olivier P\u00e8re"},"url":"https:\/\/www.arte.tv\/sites\/olivierpere\/author\/pereolivier\/"}]}},"_links":{"self":[{"href":"https:\/\/www.arte.tv\/sites\/olivierpere\/wp-json\/wp\/v2\/posts\/26236"}],"collection":[{"href":"https:\/\/www.arte.tv\/sites\/olivierpere\/wp-json\/wp\/v2\/posts"}],"about":[{"href":"https:\/\/www.arte.tv\/sites\/olivierpere\/wp-json\/wp\/v2\/types\/post"}],"author":[{"embeddable":true,"href":"https:\/\/www.arte.tv\/sites\/olivierpere\/wp-json\/wp\/v2\/users\/116"}],"replies":[{"embeddable":true,"href":"https:\/\/www.arte.tv\/sites\/olivierpere\/wp-json\/wp\/v2\/comments?post=26236"}],"version-history":[{"count":2,"href":"https:\/\/www.arte.tv\/sites\/olivierpere\/wp-json\/wp\/v2\/posts\/26236\/revisions"}],"predecessor-version":[{"id":26238,"href":"https:\/\/www.arte.tv\/sites\/olivierpere\/wp-json\/wp\/v2\/posts\/26236\/revisions\/26238"}],"wp:attachment":[{"href":"https:\/\/www.arte.tv\/sites\/olivierpere\/wp-json\/wp\/v2\/media?parent=26236"}],"wp:term":[{"taxonomy":"category","embeddable":true,"href":"https:\/\/www.arte.tv\/sites\/olivierpere\/wp-json\/wp\/v2\/categories?post=26236"},{"taxonomy":"post_tag","embeddable":true,"href":"https:\/\/www.arte.tv\/sites\/olivierpere\/wp-json\/wp\/v2\/tags?post=26236"}],"curies":[{"name":"wp","href":"https:\/\/api.w.org\/{rel}","templated":true}]}}