{"id":26232,"date":"2020-11-24T19:19:26","date_gmt":"2020-11-24T18:19:26","guid":{"rendered":"https:\/\/www.arte.tv\/sites\/olivierpere\/?p=26232"},"modified":"2020-11-24T19:22:42","modified_gmt":"2020-11-24T18:22:42","slug":"arte-france-cinema-coproduit-les-prochains-longs-metrages-de-noemie-lvovsky-andre-techine-tiago-guedes-et-alexandros-avranas","status":"publish","type":"post","link":"https:\/\/www.arte.tv\/sites\/olivierpere\/2020\/11\/24\/arte-france-cinema-coproduit-les-prochains-longs-metrages-de-noemie-lvovsky-andre-techine-tiago-guedes-et-alexandros-avranas\/","title":{"rendered":"ARTE France Cin\u00e9ma coproduit les prochains longs m\u00e9trages de No\u00e9mie Lvovsky, Andr\u00e9 T\u00e9chin\u00e9, Tiago Guedes et Alexandros Avranas"},"content":{"rendered":"<p><strong>Le comit\u00e9 de s\u00e9lection d&rsquo;ARTE France Cin\u00e9ma, qui s\u2019est r\u00e9uni le 12 novembre, a d\u00e9cid\u00e9 de s&rsquo;engager sur deux nouveaux films d\u2019auteurs fran\u00e7ais et deux coproductions internationales.<\/strong><\/p>\n<p>&nbsp;<\/p>\n<p><strong><em>Les Pieds sur Terre<\/em>\u00a0de Andr\u00e9 T\u00e9chin\u00e9<\/strong><br \/>\n<strong>Production\u00a0: Curiosa Films (France)<\/strong><br \/>\n<strong>Avec\u00a0: Louis Garrel, Charlotte Gainsbourg.<\/strong><br \/>\n<strong>Lieutenant des forces fran\u00e7aises engag\u00e9es au Mali, David Faber (Louis Garrel) est gri\u00e8vement br\u00fbl\u00e9 lors de l&rsquo;explosion de son v\u00e9hicule blind\u00e9. Rapatri\u00e9 en r\u00e9animation en France, il doit commencer une longue convalescence, sous le regard inquiet mais d\u00e9vou\u00e9 de sa s\u0153ur Jeanne (Charlotte Gainsbourg). Ils se retrouvent dans la maison familiale des Alpes, entre montagne, lac et for\u00eats. Jeanne tente de renouer le lien de son fr\u00e8re avec le pass\u00e9, mais David, qui souffre d\u2019amn\u00e9sie apr\u00e8s l\u2019accident, ne para\u00eet pas soucieux de se r\u00e9concilier avec celui qu\u2019il \u00e9tait.<\/strong><\/p>\n<p>&nbsp;<\/p>\n<p><strong><em>La Grande Magie\u00a0<\/em>de No\u00e9mie Lvovsky<\/strong><br \/>\n<strong>Adapt\u00e9 librement de la pi\u00e8ce d\u2019Eduardo de Filippo<\/strong><br \/>\n<strong>Production\u00a0: Les Films du Poisson (France),\u00a0Niko Film (Allemagne)<\/strong><br \/>\n<strong>Avec\u00a0: Denis Podalyd\u00e8s, Judith Chemla, No\u00e9mie Lvovsky, Sergi Lopez, Fran\u00e7ois Morel, Jean-Luc Bideau, Anne Beno\u00eet, Anne Rotger, Armelle, Micha Lescot, Laurent Poitrenaux, Arthur Teboul, Paolo Mattei.<\/strong><br \/>\n<strong>No\u00e9mie Lvovsky se lance comme d\u00e9fi de r\u00e9aliser une com\u00e9die musicale, avec un casting de haut vol. Les chansons sont compos\u00e9es par Feu\u00a0! Chatterton et la chor\u00e9graphie a \u00e9t\u00e9 confi\u00e9e \u00e0 Caroline Marcad\u00e9. Dans les ann\u00e9es 20, dans un tr\u00e8s bel h\u00f4tel de bord de mer, Albert, un magicien un peu charlatan, fait dispara\u00eetre une jeune femme. Charles, le mari, ne la voyant pas revenir, s&rsquo;impatiente et lui r\u00e9clame. Albert lui met alors entre les mains une petite bo\u00eete en lui disant qu&rsquo;elle est \u00e0 l&rsquo;int\u00e9rieur. Charles, pr\u00e9trifi\u00e9, ne la l\u00e2chera plus.\u00a0<\/strong><\/p>\n<p>&nbsp;<\/p>\n<p><strong><em>Traces<\/em> (<em>Restos<\/em>)\u00a0de Tiago Guedes<\/strong><br \/>\n<strong>Production\u00a0: Alfama Films Production (France), Leopardo Filmes (Portugal)<\/strong><br \/>\n<strong>Un \u00e9v\u00e9nement violent transforme \u00e0 jamais la vie d\u2019un jeune gar\u00e7on. Lors d\u2019un rite de passage, inscrit dans une tradition pa\u00efenne d\u2019un petit village de Tr\u00e1s-os-montes, au nord du Portugal, ce jeune gar\u00e7on est battu brutalement par trois jeunes adolescents, le laissant avec des s\u00e9quelles irr\u00e9versibles. Laureano ne s\u2019en remettra jamais et gardera pour toujours la mentalit\u00e9 d\u2019un enfant. Vingt-cinq ans se sont \u00e9coul\u00e9s et ce gar\u00e7on est aujourd\u2019hui un homme de presque quarante ans, marginalis\u00e9 par la soci\u00e9t\u00e9, et trait\u00e9 par beaucoup comme le \u00ab fou du village \u00bb. Il habite tout seul dans une maison d\u00e9labr\u00e9e aux abords du village, et il est toujours entour\u00e9 de chiens errants. Le village f\u00eate la nuit de la Saint-Jean et pour la premi\u00e8re fois apr\u00e8s de nombreuses ann\u00e9es, les trois gar\u00e7ons, devenus hommes \u00e0 pr\u00e9sent, qui avaient battu Laureano auparavant, se r\u00e9unissent. Mais en pleine c\u00e9l\u00e9bration, on d\u00e9couvre que le fils de l\u2019un d\u2019entre eux est retrouv\u00e9 mort \u00e0 la sortie du village, victime d\u2019une meute de chiens abandonn\u00e9s. Cet \u00e9v\u00e9nement brutal vient perturber les relations de cette communaut\u00e9 villageoise.<\/strong><\/p>\n<p><strong>Le film pr\u00e9c\u00e9dent de Tiago Guedes, <em>Le Domaine<\/em>, est disponible gratuitement sur ARTE.tv et la cha\u00eene cin\u00e9ma d\u2019ARTE sur Youtube jusqu\u2019\u00e0 la fin du mois de novembre, dans le cadre de la programmation ARTE Kino S\u00e9lection.<\/strong><\/p>\n<p>&nbsp;<\/p>\n<p><strong><em>Apathie<\/em>\u00a0(<em>Apathy<\/em>, titre provisoire) de Alexandros Avranas <\/strong><br \/>\n<strong>Production\u00a0: Les Films du Worso, Elle Driver (France), Snowglobe (Danemark), Metrafilm (Russie).<\/strong><\/p>\n<p><strong>Sergei et Natalia sont des demandeurs d\u2019asile politique qui ont fui la Russie pour la Su\u00e8de avec leurs deux filles, Katja et Alina, esp\u00e9rant y trouver une vie meilleure. Leurs espoirs s\u2019effondrent quand leur demande d\u2019asile est rejet\u00e9e. Leur fille Katja, traumatis\u00e9e par ce refus, sombre soudainement dans un \u00e9tat comateux et l\u00e9thargique, le syndrome de r\u00e9signation, myst\u00e8re m\u00e9dical qui affecte principalement les enfants de r\u00e9fugi\u00e9s.<\/strong><\/p>\n<p>&nbsp;<\/p>\n","protected":false},"excerpt":{"rendered":"<p>Le comit\u00e9 de s\u00e9lection d&rsquo;ARTE France Cin\u00e9ma, qui s\u2019est r\u00e9uni le 12 novembre, a d\u00e9cid\u00e9 de s&rsquo;engager sur deux nouveaux\u2026<\/p>\n","protected":false},"author":116,"featured_media":0,"comment_status":"open","ping_status":"open","sticky":false,"template":"","format":"standard","meta":[],"categories":[9,6],"tags":[],"yoast_head":"<!-- This site is optimized with the Yoast SEO plugin v20.8 - https:\/\/yoast.com\/wordpress\/plugins\/seo\/ -->\n<title>ARTE France Cin\u00e9ma coproduit les prochains longs m\u00e9trages de No\u00e9mie Lvovsky, Andr\u00e9 T\u00e9chin\u00e9, Tiago Guedes et Alexandros Avranas - Olivier P\u00e8re<\/title>\n<meta name=\"robots\" content=\"index, follow, max-snippet:-1, max-image-preview:large, max-video-preview:-1\" \/>\n<link rel=\"canonical\" href=\"https:\/\/www.arte.tv\/sites\/olivierpere\/2020\/11\/24\/arte-france-cinema-coproduit-les-prochains-longs-metrages-de-noemie-lvovsky-andre-techine-tiago-guedes-et-alexandros-avranas\/\" \/>\n<meta property=\"og:locale\" content=\"fr_FR\" \/>\n<meta property=\"og:type\" content=\"article\" \/>\n<meta property=\"og:title\" content=\"ARTE France Cin\u00e9ma coproduit les prochains longs m\u00e9trages de No\u00e9mie Lvovsky, Andr\u00e9 T\u00e9chin\u00e9, Tiago Guedes et Alexandros Avranas - Olivier P\u00e8re\" \/>\n<meta property=\"og:description\" content=\"Le comit\u00e9 de s\u00e9lection d&rsquo;ARTE France Cin\u00e9ma, qui s\u2019est r\u00e9uni le 12 novembre, a d\u00e9cid\u00e9 de s&rsquo;engager sur deux nouveaux\u2026\" \/>\n<meta property=\"og:url\" content=\"https:\/\/www.arte.tv\/sites\/olivierpere\/2020\/11\/24\/arte-france-cinema-coproduit-les-prochains-longs-metrages-de-noemie-lvovsky-andre-techine-tiago-guedes-et-alexandros-avranas\/\" \/>\n<meta property=\"og:site_name\" content=\"Olivier P\u00e8re\" \/>\n<meta property=\"article:published_time\" content=\"2020-11-24T18:19:26+00:00\" \/>\n<meta property=\"article:modified_time\" content=\"2020-11-24T18:22:42+00:00\" \/>\n<meta name=\"author\" content=\"Olivier P\u00e8re\" \/>\n<meta name=\"twitter:label1\" content=\"\u00c9crit par\" \/>\n\t<meta name=\"twitter:data1\" content=\"Olivier P\u00e8re\" \/>\n\t<meta name=\"twitter:label2\" content=\"Dur\u00e9e de lecture estim\u00e9e\" \/>\n\t<meta name=\"twitter:data2\" content=\"3 minutes\" \/>\n<script type=\"application\/ld+json\" class=\"yoast-schema-graph\">{\"@context\":\"https:\/\/schema.org\",\"@graph\":[{\"@type\":\"WebPage\",\"@id\":\"https:\/\/www.arte.tv\/sites\/olivierpere\/2020\/11\/24\/arte-france-cinema-coproduit-les-prochains-longs-metrages-de-noemie-lvovsky-andre-techine-tiago-guedes-et-alexandros-avranas\/\",\"url\":\"https:\/\/www.arte.tv\/sites\/olivierpere\/2020\/11\/24\/arte-france-cinema-coproduit-les-prochains-longs-metrages-de-noemie-lvovsky-andre-techine-tiago-guedes-et-alexandros-avranas\/\",\"name\":\"ARTE France Cin\u00e9ma coproduit les prochains longs m\u00e9trages de No\u00e9mie Lvovsky, Andr\u00e9 T\u00e9chin\u00e9, Tiago Guedes et Alexandros Avranas - Olivier P\u00e8re\",\"isPartOf\":{\"@id\":\"https:\/\/www.arte.tv\/sites\/olivierpere\/#website\"},\"datePublished\":\"2020-11-24T18:19:26+00:00\",\"dateModified\":\"2020-11-24T18:22:42+00:00\",\"author\":{\"@id\":\"https:\/\/www.arte.tv\/sites\/olivierpere\/#\/schema\/person\/dc32cd6c79be95e52d43b97a74182558\"},\"breadcrumb\":{\"@id\":\"https:\/\/www.arte.tv\/sites\/olivierpere\/2020\/11\/24\/arte-france-cinema-coproduit-les-prochains-longs-metrages-de-noemie-lvovsky-andre-techine-tiago-guedes-et-alexandros-avranas\/#breadcrumb\"},\"inLanguage\":\"fr-FR\",\"potentialAction\":[{\"@type\":\"ReadAction\",\"target\":[\"https:\/\/www.arte.tv\/sites\/olivierpere\/2020\/11\/24\/arte-france-cinema-coproduit-les-prochains-longs-metrages-de-noemie-lvovsky-andre-techine-tiago-guedes-et-alexandros-avranas\/\"]}]},{\"@type\":\"BreadcrumbList\",\"@id\":\"https:\/\/www.arte.tv\/sites\/olivierpere\/2020\/11\/24\/arte-france-cinema-coproduit-les-prochains-longs-metrages-de-noemie-lvovsky-andre-techine-tiago-guedes-et-alexandros-avranas\/#breadcrumb\",\"itemListElement\":[{\"@type\":\"ListItem\",\"position\":1,\"name\":\"Home\",\"item\":\"https:\/\/www.arte.tv\/sites\/olivierpere\/\"},{\"@type\":\"ListItem\",\"position\":2,\"name\":\"ARTE France Cin\u00e9ma coproduit les prochains longs m\u00e9trages de No\u00e9mie Lvovsky, Andr\u00e9 T\u00e9chin\u00e9, Tiago Guedes et Alexandros Avranas\"}]},{\"@type\":\"WebSite\",\"@id\":\"https:\/\/www.arte.tv\/sites\/olivierpere\/#website\",\"url\":\"https:\/\/www.arte.tv\/sites\/olivierpere\/\",\"name\":\"Olivier P\u00e8re\",\"description\":\"\",\"potentialAction\":[{\"@type\":\"SearchAction\",\"target\":{\"@type\":\"EntryPoint\",\"urlTemplate\":\"https:\/\/www.arte.tv\/sites\/olivierpere\/?s={search_term_string}\"},\"query-input\":\"required name=search_term_string\"}],\"inLanguage\":\"fr-FR\"},{\"@type\":\"Person\",\"@id\":\"https:\/\/www.arte.tv\/sites\/olivierpere\/#\/schema\/person\/dc32cd6c79be95e52d43b97a74182558\",\"name\":\"Olivier P\u00e8re\",\"image\":{\"@type\":\"ImageObject\",\"inLanguage\":\"fr-FR\",\"@id\":\"https:\/\/www.arte.tv\/sites\/olivierpere\/#\/schema\/person\/image\/\",\"url\":\"https:\/\/secure.gravatar.com\/avatar\/bdea7b6a2c195e2c41772429a9694758?s=96&d=mm&r=g\",\"contentUrl\":\"https:\/\/secure.gravatar.com\/avatar\/bdea7b6a2c195e2c41772429a9694758?s=96&d=mm&r=g\",\"caption\":\"Olivier P\u00e8re\"},\"url\":\"https:\/\/www.arte.tv\/sites\/olivierpere\/author\/pereolivier\/\"}]}<\/script>\n<!-- \/ Yoast SEO plugin. -->","yoast_head_json":{"title":"ARTE France Cin\u00e9ma coproduit les prochains longs m\u00e9trages de No\u00e9mie Lvovsky, Andr\u00e9 T\u00e9chin\u00e9, Tiago Guedes et Alexandros Avranas - Olivier P\u00e8re","robots":{"index":"index","follow":"follow","max-snippet":"max-snippet:-1","max-image-preview":"max-image-preview:large","max-video-preview":"max-video-preview:-1"},"canonical":"https:\/\/www.arte.tv\/sites\/olivierpere\/2020\/11\/24\/arte-france-cinema-coproduit-les-prochains-longs-metrages-de-noemie-lvovsky-andre-techine-tiago-guedes-et-alexandros-avranas\/","og_locale":"fr_FR","og_type":"article","og_title":"ARTE France Cin\u00e9ma coproduit les prochains longs m\u00e9trages de No\u00e9mie Lvovsky, Andr\u00e9 T\u00e9chin\u00e9, Tiago Guedes et Alexandros Avranas - Olivier P\u00e8re","og_description":"Le comit\u00e9 de s\u00e9lection d&rsquo;ARTE France Cin\u00e9ma, qui s\u2019est r\u00e9uni le 12 novembre, a d\u00e9cid\u00e9 de s&rsquo;engager sur deux nouveaux\u2026","og_url":"https:\/\/www.arte.tv\/sites\/olivierpere\/2020\/11\/24\/arte-france-cinema-coproduit-les-prochains-longs-metrages-de-noemie-lvovsky-andre-techine-tiago-guedes-et-alexandros-avranas\/","og_site_name":"Olivier P\u00e8re","article_published_time":"2020-11-24T18:19:26+00:00","article_modified_time":"2020-11-24T18:22:42+00:00","author":"Olivier P\u00e8re","twitter_misc":{"\u00c9crit par":"Olivier P\u00e8re","Dur\u00e9e de lecture estim\u00e9e":"3 minutes"},"schema":{"@context":"https:\/\/schema.org","@graph":[{"@type":"WebPage","@id":"https:\/\/www.arte.tv\/sites\/olivierpere\/2020\/11\/24\/arte-france-cinema-coproduit-les-prochains-longs-metrages-de-noemie-lvovsky-andre-techine-tiago-guedes-et-alexandros-avranas\/","url":"https:\/\/www.arte.tv\/sites\/olivierpere\/2020\/11\/24\/arte-france-cinema-coproduit-les-prochains-longs-metrages-de-noemie-lvovsky-andre-techine-tiago-guedes-et-alexandros-avranas\/","name":"ARTE France Cin\u00e9ma coproduit les prochains longs m\u00e9trages de No\u00e9mie Lvovsky, Andr\u00e9 T\u00e9chin\u00e9, Tiago Guedes et Alexandros Avranas - Olivier P\u00e8re","isPartOf":{"@id":"https:\/\/www.arte.tv\/sites\/olivierpere\/#website"},"datePublished":"2020-11-24T18:19:26+00:00","dateModified":"2020-11-24T18:22:42+00:00","author":{"@id":"https:\/\/www.arte.tv\/sites\/olivierpere\/#\/schema\/person\/dc32cd6c79be95e52d43b97a74182558"},"breadcrumb":{"@id":"https:\/\/www.arte.tv\/sites\/olivierpere\/2020\/11\/24\/arte-france-cinema-coproduit-les-prochains-longs-metrages-de-noemie-lvovsky-andre-techine-tiago-guedes-et-alexandros-avranas\/#breadcrumb"},"inLanguage":"fr-FR","potentialAction":[{"@type":"ReadAction","target":["https:\/\/www.arte.tv\/sites\/olivierpere\/2020\/11\/24\/arte-france-cinema-coproduit-les-prochains-longs-metrages-de-noemie-lvovsky-andre-techine-tiago-guedes-et-alexandros-avranas\/"]}]},{"@type":"BreadcrumbList","@id":"https:\/\/www.arte.tv\/sites\/olivierpere\/2020\/11\/24\/arte-france-cinema-coproduit-les-prochains-longs-metrages-de-noemie-lvovsky-andre-techine-tiago-guedes-et-alexandros-avranas\/#breadcrumb","itemListElement":[{"@type":"ListItem","position":1,"name":"Home","item":"https:\/\/www.arte.tv\/sites\/olivierpere\/"},{"@type":"ListItem","position":2,"name":"ARTE France Cin\u00e9ma coproduit les prochains longs m\u00e9trages de No\u00e9mie Lvovsky, Andr\u00e9 T\u00e9chin\u00e9, Tiago Guedes et Alexandros Avranas"}]},{"@type":"WebSite","@id":"https:\/\/www.arte.tv\/sites\/olivierpere\/#website","url":"https:\/\/www.arte.tv\/sites\/olivierpere\/","name":"Olivier P\u00e8re","description":"","potentialAction":[{"@type":"SearchAction","target":{"@type":"EntryPoint","urlTemplate":"https:\/\/www.arte.tv\/sites\/olivierpere\/?s={search_term_string}"},"query-input":"required name=search_term_string"}],"inLanguage":"fr-FR"},{"@type":"Person","@id":"https:\/\/www.arte.tv\/sites\/olivierpere\/#\/schema\/person\/dc32cd6c79be95e52d43b97a74182558","name":"Olivier P\u00e8re","image":{"@type":"ImageObject","inLanguage":"fr-FR","@id":"https:\/\/www.arte.tv\/sites\/olivierpere\/#\/schema\/person\/image\/","url":"https:\/\/secure.gravatar.com\/avatar\/bdea7b6a2c195e2c41772429a9694758?s=96&d=mm&r=g","contentUrl":"https:\/\/secure.gravatar.com\/avatar\/bdea7b6a2c195e2c41772429a9694758?s=96&d=mm&r=g","caption":"Olivier P\u00e8re"},"url":"https:\/\/www.arte.tv\/sites\/olivierpere\/author\/pereolivier\/"}]}},"_links":{"self":[{"href":"https:\/\/www.arte.tv\/sites\/olivierpere\/wp-json\/wp\/v2\/posts\/26232"}],"collection":[{"href":"https:\/\/www.arte.tv\/sites\/olivierpere\/wp-json\/wp\/v2\/posts"}],"about":[{"href":"https:\/\/www.arte.tv\/sites\/olivierpere\/wp-json\/wp\/v2\/types\/post"}],"author":[{"embeddable":true,"href":"https:\/\/www.arte.tv\/sites\/olivierpere\/wp-json\/wp\/v2\/users\/116"}],"replies":[{"embeddable":true,"href":"https:\/\/www.arte.tv\/sites\/olivierpere\/wp-json\/wp\/v2\/comments?post=26232"}],"version-history":[{"count":2,"href":"https:\/\/www.arte.tv\/sites\/olivierpere\/wp-json\/wp\/v2\/posts\/26232\/revisions"}],"predecessor-version":[{"id":26234,"href":"https:\/\/www.arte.tv\/sites\/olivierpere\/wp-json\/wp\/v2\/posts\/26232\/revisions\/26234"}],"wp:attachment":[{"href":"https:\/\/www.arte.tv\/sites\/olivierpere\/wp-json\/wp\/v2\/media?parent=26232"}],"wp:term":[{"taxonomy":"category","embeddable":true,"href":"https:\/\/www.arte.tv\/sites\/olivierpere\/wp-json\/wp\/v2\/categories?post=26232"},{"taxonomy":"post_tag","embeddable":true,"href":"https:\/\/www.arte.tv\/sites\/olivierpere\/wp-json\/wp\/v2\/tags?post=26232"}],"curies":[{"name":"wp","href":"https:\/\/api.w.org\/{rel}","templated":true}]}}