{"id":26184,"date":"2020-10-27T19:05:09","date_gmt":"2020-10-27T18:05:09","guid":{"rendered":"https:\/\/www.arte.tv\/sites\/olivierpere\/?p=26184"},"modified":"2020-11-08T19:06:44","modified_gmt":"2020-11-08T18:06:44","slug":"le-jour-des-morts-vivants-de-george-a-romero","status":"publish","type":"post","link":"https:\/\/www.arte.tv\/sites\/olivierpere\/2020\/10\/27\/le-jour-des-morts-vivants-de-george-a-romero\/","title":{"rendered":"Le Jour des morts-vivants de George A. Romero"},"content":{"rendered":"<p><strong><em>Le Jour des morts-vivants<\/em>\u00a0(<em>Day of the Dead<\/em>, 1985) est le troisi\u00e8me volet, apr\u00e8s\u00a0<em>La Nuit des morts-vivants<\/em>\u00a0et\u00a0<em>Zombie<\/em>, de la saga horrifique et politique de George A. Romero. Les fans des sc\u00e8nes sanglantes qui firent la r\u00e9putation de ce cin\u00e9aste trouv\u00e8rent au moment de sa sortie le film trop bavard et s\u00e9rieux. Ils avaient tort. Le film est admirable, anxiog\u00e8ne et tendu. Il baigne dans une atmosph\u00e8re \u00e9touffante et emprunte personnages et situations au western. Les moments d\u2019horreur supportent la comparaison avec ceux des deux pr\u00e9c\u00e9dents films, gr\u00e2ce aux maquillages gore de Tom Savini. Romero filme une nouvelle fois un groupe assi\u00e9g\u00e9 : \u00e0 la maison de\u00a0<em>La Nuit\u2026<\/em>\u00a0et au centre commercial de\u00a0<em>Zombie\u00a0<\/em>succ\u00e8de un silo \u00e0 missiles souterrain, propice \u00e0 une charge contre les repr\u00e9sentants de l\u2019arm\u00e9e (des fascistes parano\u00efaques) et de la science (des savants fous). Le film reprend certains ingr\u00e9dients de <em>Zombie<\/em>, en moins spectaculaire et en beaucoup plus sombre. On y retrouve le th\u00e8me du racisme et c\u2019est une femme courageuse qui repr\u00e9sente l\u2019espoir et l\u2019intelligence dans un monde livr\u00e9 au chaos et \u00e0 la folie. Le sc\u00e9nario et les ambitions initiales de Romero ont p\u00e2ti de coupes budg\u00e9taires, mais le r\u00e9sultat se r\u00e9v\u00e8le extr\u00eamement r\u00e9ussi malgr\u00e9 le manque de moyens et un nombre limit\u00e9 de figurants pour repr\u00e9senter les hordes de zombies qui encerclent les protagonistes. Id\u00e9e g\u00e9niale, Romero inverse les donn\u00e9es de <em>La Nuit\u2026<\/em> et de <em>Zombie<\/em> : le futur de l\u2019humanit\u00e9 est d\u00e9sormais dans le camp des zombies, et l\u2019animalit\u00e9 dans celui des derniers vivants. Romero met pour la premi\u00e8re fois en sc\u00e8ne un zombie dou\u00e9 de raison, Bud, cobaye encha\u00een\u00e9 capable d\u2019exprimer des \u00e9motions humaines. Cette figure path\u00e9tique permet d\u2019envisager une domestication des morts-vivants, faute de pouvoir \u00e9radiquer le virus de r\u00e9surrection. Ce postulat passionnant fait de <em>Day of the Dead<\/em>, avec\u00a0<em>La Mouche<\/em> de David Cronenberg, un des grands films d\u2019horreur moderne, r\u00e9alis\u00e9 \u00e0 une \u00e9poque \u2013 le milieu des ann\u00e9es 80 \u2013 o\u00f9 le genre \u00e9tait rong\u00e9 par la parodie.<\/strong><\/p>\n<p><strong><em>Le Jour des morts-vivants<\/em> est disponible en coffret blu-ray collector, \u00e9dit\u00e9 par ESC.<\/strong><\/p>\n<p><img decoding=\"async\" loading=\"lazy\" class=\"alignnone size-full wp-image-26185\" src=\"https:\/\/www.arte.tv\/sites\/olivierpere\/files\/819wbgrjknl-_ac_sl1500_.jpg\" alt=\"\" width=\"958\" height=\"1500\" \/><\/p>\n","protected":false},"excerpt":{"rendered":"<p>Le Jour des morts-vivants\u00a0(Day of the Dead, 1985) est le troisi\u00e8me volet, apr\u00e8s\u00a0La Nuit des morts-vivants\u00a0et\u00a0Zombie, de la saga horrifique\u2026<\/p>\n","protected":false},"author":116,"featured_media":0,"comment_status":"open","ping_status":"open","sticky":false,"template":"","format":"standard","meta":[],"categories":[9],"tags":[],"yoast_head":"<!-- This site is optimized with the Yoast SEO plugin v20.8 - https:\/\/yoast.com\/wordpress\/plugins\/seo\/ -->\n<title>Le Jour des morts-vivants de George A. Romero - Olivier P\u00e8re<\/title>\n<meta name=\"robots\" content=\"index, follow, max-snippet:-1, max-image-preview:large, max-video-preview:-1\" \/>\n<link rel=\"canonical\" href=\"https:\/\/www.arte.tv\/sites\/olivierpere\/2020\/10\/27\/le-jour-des-morts-vivants-de-george-a-romero\/\" \/>\n<meta property=\"og:locale\" content=\"fr_FR\" \/>\n<meta property=\"og:type\" content=\"article\" \/>\n<meta property=\"og:title\" content=\"Le Jour des morts-vivants de George A. Romero - Olivier P\u00e8re\" \/>\n<meta property=\"og:description\" content=\"Le Jour des morts-vivants\u00a0(Day of the Dead, 1985) est le troisi\u00e8me volet, apr\u00e8s\u00a0La Nuit des morts-vivants\u00a0et\u00a0Zombie, de la saga horrifique\u2026\" \/>\n<meta property=\"og:url\" content=\"https:\/\/www.arte.tv\/sites\/olivierpere\/2020\/10\/27\/le-jour-des-morts-vivants-de-george-a-romero\/\" \/>\n<meta property=\"og:site_name\" content=\"Olivier P\u00e8re\" \/>\n<meta property=\"article:published_time\" content=\"2020-10-27T18:05:09+00:00\" \/>\n<meta property=\"article:modified_time\" content=\"2020-11-08T18:06:44+00:00\" \/>\n<meta property=\"og:image\" content=\"https:\/\/www.arte.tv\/sites\/olivierpere\/files\/819wbgrjknl-_ac_sl1500_.jpg\" \/>\n<meta name=\"author\" content=\"Olivier P\u00e8re\" \/>\n<meta name=\"twitter:label1\" content=\"\u00c9crit par\" \/>\n\t<meta name=\"twitter:data1\" content=\"Olivier P\u00e8re\" \/>\n\t<meta name=\"twitter:label2\" content=\"Dur\u00e9e de lecture estim\u00e9e\" \/>\n\t<meta name=\"twitter:data2\" content=\"2 minutes\" \/>\n<script type=\"application\/ld+json\" class=\"yoast-schema-graph\">{\"@context\":\"https:\/\/schema.org\",\"@graph\":[{\"@type\":\"WebPage\",\"@id\":\"https:\/\/www.arte.tv\/sites\/olivierpere\/2020\/10\/27\/le-jour-des-morts-vivants-de-george-a-romero\/\",\"url\":\"https:\/\/www.arte.tv\/sites\/olivierpere\/2020\/10\/27\/le-jour-des-morts-vivants-de-george-a-romero\/\",\"name\":\"Le Jour des morts-vivants de George A. Romero - Olivier P\u00e8re\",\"isPartOf\":{\"@id\":\"https:\/\/www.arte.tv\/sites\/olivierpere\/#website\"},\"datePublished\":\"2020-10-27T18:05:09+00:00\",\"dateModified\":\"2020-11-08T18:06:44+00:00\",\"author\":{\"@id\":\"https:\/\/www.arte.tv\/sites\/olivierpere\/#\/schema\/person\/dc32cd6c79be95e52d43b97a74182558\"},\"breadcrumb\":{\"@id\":\"https:\/\/www.arte.tv\/sites\/olivierpere\/2020\/10\/27\/le-jour-des-morts-vivants-de-george-a-romero\/#breadcrumb\"},\"inLanguage\":\"fr-FR\",\"potentialAction\":[{\"@type\":\"ReadAction\",\"target\":[\"https:\/\/www.arte.tv\/sites\/olivierpere\/2020\/10\/27\/le-jour-des-morts-vivants-de-george-a-romero\/\"]}]},{\"@type\":\"BreadcrumbList\",\"@id\":\"https:\/\/www.arte.tv\/sites\/olivierpere\/2020\/10\/27\/le-jour-des-morts-vivants-de-george-a-romero\/#breadcrumb\",\"itemListElement\":[{\"@type\":\"ListItem\",\"position\":1,\"name\":\"Home\",\"item\":\"https:\/\/www.arte.tv\/sites\/olivierpere\/\"},{\"@type\":\"ListItem\",\"position\":2,\"name\":\"Le Jour des morts-vivants de George A. Romero\"}]},{\"@type\":\"WebSite\",\"@id\":\"https:\/\/www.arte.tv\/sites\/olivierpere\/#website\",\"url\":\"https:\/\/www.arte.tv\/sites\/olivierpere\/\",\"name\":\"Olivier P\u00e8re\",\"description\":\"\",\"potentialAction\":[{\"@type\":\"SearchAction\",\"target\":{\"@type\":\"EntryPoint\",\"urlTemplate\":\"https:\/\/www.arte.tv\/sites\/olivierpere\/?s={search_term_string}\"},\"query-input\":\"required name=search_term_string\"}],\"inLanguage\":\"fr-FR\"},{\"@type\":\"Person\",\"@id\":\"https:\/\/www.arte.tv\/sites\/olivierpere\/#\/schema\/person\/dc32cd6c79be95e52d43b97a74182558\",\"name\":\"Olivier P\u00e8re\",\"image\":{\"@type\":\"ImageObject\",\"inLanguage\":\"fr-FR\",\"@id\":\"https:\/\/www.arte.tv\/sites\/olivierpere\/#\/schema\/person\/image\/\",\"url\":\"https:\/\/secure.gravatar.com\/avatar\/bdea7b6a2c195e2c41772429a9694758?s=96&d=mm&r=g\",\"contentUrl\":\"https:\/\/secure.gravatar.com\/avatar\/bdea7b6a2c195e2c41772429a9694758?s=96&d=mm&r=g\",\"caption\":\"Olivier P\u00e8re\"},\"url\":\"https:\/\/www.arte.tv\/sites\/olivierpere\/author\/pereolivier\/\"}]}<\/script>\n<!-- \/ Yoast SEO plugin. -->","yoast_head_json":{"title":"Le Jour des morts-vivants de George A. Romero - Olivier P\u00e8re","robots":{"index":"index","follow":"follow","max-snippet":"max-snippet:-1","max-image-preview":"max-image-preview:large","max-video-preview":"max-video-preview:-1"},"canonical":"https:\/\/www.arte.tv\/sites\/olivierpere\/2020\/10\/27\/le-jour-des-morts-vivants-de-george-a-romero\/","og_locale":"fr_FR","og_type":"article","og_title":"Le Jour des morts-vivants de George A. Romero - Olivier P\u00e8re","og_description":"Le Jour des morts-vivants\u00a0(Day of the Dead, 1985) est le troisi\u00e8me volet, apr\u00e8s\u00a0La Nuit des morts-vivants\u00a0et\u00a0Zombie, de la saga horrifique\u2026","og_url":"https:\/\/www.arte.tv\/sites\/olivierpere\/2020\/10\/27\/le-jour-des-morts-vivants-de-george-a-romero\/","og_site_name":"Olivier P\u00e8re","article_published_time":"2020-10-27T18:05:09+00:00","article_modified_time":"2020-11-08T18:06:44+00:00","og_image":[{"url":"https:\/\/www.arte.tv\/sites\/olivierpere\/files\/819wbgrjknl-_ac_sl1500_.jpg"}],"author":"Olivier P\u00e8re","twitter_misc":{"\u00c9crit par":"Olivier P\u00e8re","Dur\u00e9e de lecture estim\u00e9e":"2 minutes"},"schema":{"@context":"https:\/\/schema.org","@graph":[{"@type":"WebPage","@id":"https:\/\/www.arte.tv\/sites\/olivierpere\/2020\/10\/27\/le-jour-des-morts-vivants-de-george-a-romero\/","url":"https:\/\/www.arte.tv\/sites\/olivierpere\/2020\/10\/27\/le-jour-des-morts-vivants-de-george-a-romero\/","name":"Le Jour des morts-vivants de George A. Romero - Olivier P\u00e8re","isPartOf":{"@id":"https:\/\/www.arte.tv\/sites\/olivierpere\/#website"},"datePublished":"2020-10-27T18:05:09+00:00","dateModified":"2020-11-08T18:06:44+00:00","author":{"@id":"https:\/\/www.arte.tv\/sites\/olivierpere\/#\/schema\/person\/dc32cd6c79be95e52d43b97a74182558"},"breadcrumb":{"@id":"https:\/\/www.arte.tv\/sites\/olivierpere\/2020\/10\/27\/le-jour-des-morts-vivants-de-george-a-romero\/#breadcrumb"},"inLanguage":"fr-FR","potentialAction":[{"@type":"ReadAction","target":["https:\/\/www.arte.tv\/sites\/olivierpere\/2020\/10\/27\/le-jour-des-morts-vivants-de-george-a-romero\/"]}]},{"@type":"BreadcrumbList","@id":"https:\/\/www.arte.tv\/sites\/olivierpere\/2020\/10\/27\/le-jour-des-morts-vivants-de-george-a-romero\/#breadcrumb","itemListElement":[{"@type":"ListItem","position":1,"name":"Home","item":"https:\/\/www.arte.tv\/sites\/olivierpere\/"},{"@type":"ListItem","position":2,"name":"Le Jour des morts-vivants de George A. Romero"}]},{"@type":"WebSite","@id":"https:\/\/www.arte.tv\/sites\/olivierpere\/#website","url":"https:\/\/www.arte.tv\/sites\/olivierpere\/","name":"Olivier P\u00e8re","description":"","potentialAction":[{"@type":"SearchAction","target":{"@type":"EntryPoint","urlTemplate":"https:\/\/www.arte.tv\/sites\/olivierpere\/?s={search_term_string}"},"query-input":"required name=search_term_string"}],"inLanguage":"fr-FR"},{"@type":"Person","@id":"https:\/\/www.arte.tv\/sites\/olivierpere\/#\/schema\/person\/dc32cd6c79be95e52d43b97a74182558","name":"Olivier P\u00e8re","image":{"@type":"ImageObject","inLanguage":"fr-FR","@id":"https:\/\/www.arte.tv\/sites\/olivierpere\/#\/schema\/person\/image\/","url":"https:\/\/secure.gravatar.com\/avatar\/bdea7b6a2c195e2c41772429a9694758?s=96&d=mm&r=g","contentUrl":"https:\/\/secure.gravatar.com\/avatar\/bdea7b6a2c195e2c41772429a9694758?s=96&d=mm&r=g","caption":"Olivier P\u00e8re"},"url":"https:\/\/www.arte.tv\/sites\/olivierpere\/author\/pereolivier\/"}]}},"_links":{"self":[{"href":"https:\/\/www.arte.tv\/sites\/olivierpere\/wp-json\/wp\/v2\/posts\/26184"}],"collection":[{"href":"https:\/\/www.arte.tv\/sites\/olivierpere\/wp-json\/wp\/v2\/posts"}],"about":[{"href":"https:\/\/www.arte.tv\/sites\/olivierpere\/wp-json\/wp\/v2\/types\/post"}],"author":[{"embeddable":true,"href":"https:\/\/www.arte.tv\/sites\/olivierpere\/wp-json\/wp\/v2\/users\/116"}],"replies":[{"embeddable":true,"href":"https:\/\/www.arte.tv\/sites\/olivierpere\/wp-json\/wp\/v2\/comments?post=26184"}],"version-history":[{"count":1,"href":"https:\/\/www.arte.tv\/sites\/olivierpere\/wp-json\/wp\/v2\/posts\/26184\/revisions"}],"predecessor-version":[{"id":26186,"href":"https:\/\/www.arte.tv\/sites\/olivierpere\/wp-json\/wp\/v2\/posts\/26184\/revisions\/26186"}],"wp:attachment":[{"href":"https:\/\/www.arte.tv\/sites\/olivierpere\/wp-json\/wp\/v2\/media?parent=26184"}],"wp:term":[{"taxonomy":"category","embeddable":true,"href":"https:\/\/www.arte.tv\/sites\/olivierpere\/wp-json\/wp\/v2\/categories?post=26184"},{"taxonomy":"post_tag","embeddable":true,"href":"https:\/\/www.arte.tv\/sites\/olivierpere\/wp-json\/wp\/v2\/tags?post=26184"}],"curies":[{"name":"wp","href":"https:\/\/api.w.org\/{rel}","templated":true}]}}