{"id":26180,"date":"2020-10-26T19:39:29","date_gmt":"2020-10-26T18:39:29","guid":{"rendered":"https:\/\/www.arte.tv\/sites\/olivierpere\/?p=26180"},"modified":"2020-11-07T19:40:35","modified_gmt":"2020-11-07T18:40:35","slug":"le-garcu-de-maurice-pialat","status":"publish","type":"post","link":"https:\/\/www.arte.tv\/sites\/olivierpere\/2020\/10\/26\/le-garcu-de-maurice-pialat\/","title":{"rendered":"Le Gar\u00e7u de Maurice Pialat"},"content":{"rendered":"<p><strong>En 1995, Maurice Pialat retrouve G\u00e9rard Depardieu pour la quatri\u00e8me et derni\u00e8re fois, pour <em>Le Gar\u00e7u<\/em>. Il lui demande d\u2019\u00eatre son double cin\u00e9matographique, ce qui est nouveau dans leur relation.<\/strong><br \/>\n<strong>Un homme infid\u00e8le quitte sa jeune femme, mais ne parvient pas \u00e0 se d\u00e9tacher d\u2019elle, car il aime passionn\u00e9ment son fils de cinq ans et cherche \u00e0 le revoir par tous les moyens. Apr\u00e8s deux incursions dans le pass\u00e9 et des sujets emprunt\u00e9s \u00e0 des grandes figures artistiques (Bernanos, Van Gogh), <em>Le Gar\u00e7u<\/em> marque le retour de Pialat \u00e0 la veine la plus autobiographique de son \u0153uvre, dans la lign\u00e9e de <em>Nous ne vieillirons pas ensemble<\/em> et surtout de <em>La Gueule ouverte<\/em>. Les personnages de Pialat vivent d\u00e9sormais dans l\u2019aisance, l\u2019argent est d\u00e9pens\u00e9 avec ostentation, mais les relations humaines sont toujours aussi conflictuelles et douloureuses. \u00c0 la qu\u00eate du plaisir, \u00e0 la difficult\u00e9 de vivre ensemble s\u2019ajoute l\u2019hyst\u00e9rie paternelle. Le film se cl\u00f4t sur la mort du \u00ab\u00a0gar\u00e7u\u00a0\u00bb, le p\u00e8re du personnage interpr\u00e9t\u00e9 par G\u00e9rard Depardieu, qui fait \u00e9cho \u00e0 l\u2019agonie de la m\u00e8re dans <em>La Gueule ouverte<\/em>, chef-d\u2019\u0153uvre maudit de son auteur. Le film, presque d\u00e9pourvu de progression dramatique, est constitu\u00e9 d\u2019une succession de morceaux de vie capt\u00e9s avec beaucoup de sensibilit\u00e9. Ce film grave et juste, aux accents d\u00e9chirants, fut mal accueilli \u00e0 sa sortie par le public, qui se jugea sans doute de trop devant ces moments intimes. Quelle erreur. Pialat ne cherche pas l\u2019impudeur, mais il atteint \u00e0 la v\u00e9rit\u00e9 des \u00eatres et des choses. En filmant son propre fils Antoine, sentant peut-\u00eatre la fin venir (ce sera son dixi\u00e8me et ultime long m\u00e9trage, il meurt le 11 janvier 2003), Pialat se rapproche des origines du cin\u00e9ma, des fr\u00e8res Lumi\u00e8re, tout simplement.<\/strong><\/p>\n<p><strong><em>Le Gar\u00e7u<\/em>, comme d\u00e9sormais tous les longs m\u00e9trages de Maurice Pialat, est disponible en Blu-ray, \u00e9dit\u00e9 par Gaumont.<\/strong><\/p>\n<p><img decoding=\"async\" loading=\"lazy\" class=\"alignnone size-full wp-image-26181\" src=\"https:\/\/www.arte.tv\/sites\/olivierpere\/files\/le-garcu-blu-ray.jpg\" alt=\"\" width=\"400\" height=\"586\" \/><\/p>\n<p>&nbsp;<\/p>\n","protected":false},"excerpt":{"rendered":"<p>En 1995, Maurice Pialat retrouve G\u00e9rard Depardieu pour la quatri\u00e8me et derni\u00e8re fois, pour Le Gar\u00e7u. Il lui demande d\u2019\u00eatre\u2026<\/p>\n","protected":false},"author":116,"featured_media":0,"comment_status":"open","ping_status":"open","sticky":false,"template":"","format":"standard","meta":[],"categories":[9],"tags":[],"yoast_head":"<!-- This site is optimized with the Yoast SEO plugin v20.8 - https:\/\/yoast.com\/wordpress\/plugins\/seo\/ -->\n<title>Le Gar\u00e7u de Maurice Pialat - Olivier P\u00e8re<\/title>\n<meta name=\"robots\" content=\"index, follow, max-snippet:-1, max-image-preview:large, max-video-preview:-1\" \/>\n<link rel=\"canonical\" href=\"https:\/\/www.arte.tv\/sites\/olivierpere\/2020\/10\/26\/le-garcu-de-maurice-pialat\/\" \/>\n<meta property=\"og:locale\" content=\"fr_FR\" \/>\n<meta property=\"og:type\" content=\"article\" \/>\n<meta property=\"og:title\" content=\"Le Gar\u00e7u de Maurice Pialat - Olivier P\u00e8re\" \/>\n<meta property=\"og:description\" content=\"En 1995, Maurice Pialat retrouve G\u00e9rard Depardieu pour la quatri\u00e8me et derni\u00e8re fois, pour Le Gar\u00e7u. Il lui demande d\u2019\u00eatre\u2026\" \/>\n<meta property=\"og:url\" content=\"https:\/\/www.arte.tv\/sites\/olivierpere\/2020\/10\/26\/le-garcu-de-maurice-pialat\/\" \/>\n<meta property=\"og:site_name\" content=\"Olivier P\u00e8re\" \/>\n<meta property=\"article:published_time\" content=\"2020-10-26T18:39:29+00:00\" \/>\n<meta property=\"article:modified_time\" content=\"2020-11-07T18:40:35+00:00\" \/>\n<meta property=\"og:image\" content=\"https:\/\/www.arte.tv\/sites\/olivierpere\/files\/le-garcu-blu-ray.jpg\" \/>\n<meta name=\"author\" content=\"Olivier P\u00e8re\" \/>\n<meta name=\"twitter:label1\" content=\"\u00c9crit par\" \/>\n\t<meta name=\"twitter:data1\" content=\"Olivier P\u00e8re\" \/>\n\t<meta name=\"twitter:label2\" content=\"Dur\u00e9e de lecture estim\u00e9e\" \/>\n\t<meta name=\"twitter:data2\" content=\"2 minutes\" \/>\n<script type=\"application\/ld+json\" class=\"yoast-schema-graph\">{\"@context\":\"https:\/\/schema.org\",\"@graph\":[{\"@type\":\"WebPage\",\"@id\":\"https:\/\/www.arte.tv\/sites\/olivierpere\/2020\/10\/26\/le-garcu-de-maurice-pialat\/\",\"url\":\"https:\/\/www.arte.tv\/sites\/olivierpere\/2020\/10\/26\/le-garcu-de-maurice-pialat\/\",\"name\":\"Le Gar\u00e7u de Maurice Pialat - Olivier P\u00e8re\",\"isPartOf\":{\"@id\":\"https:\/\/www.arte.tv\/sites\/olivierpere\/#website\"},\"datePublished\":\"2020-10-26T18:39:29+00:00\",\"dateModified\":\"2020-11-07T18:40:35+00:00\",\"author\":{\"@id\":\"https:\/\/www.arte.tv\/sites\/olivierpere\/#\/schema\/person\/dc32cd6c79be95e52d43b97a74182558\"},\"breadcrumb\":{\"@id\":\"https:\/\/www.arte.tv\/sites\/olivierpere\/2020\/10\/26\/le-garcu-de-maurice-pialat\/#breadcrumb\"},\"inLanguage\":\"fr-FR\",\"potentialAction\":[{\"@type\":\"ReadAction\",\"target\":[\"https:\/\/www.arte.tv\/sites\/olivierpere\/2020\/10\/26\/le-garcu-de-maurice-pialat\/\"]}]},{\"@type\":\"BreadcrumbList\",\"@id\":\"https:\/\/www.arte.tv\/sites\/olivierpere\/2020\/10\/26\/le-garcu-de-maurice-pialat\/#breadcrumb\",\"itemListElement\":[{\"@type\":\"ListItem\",\"position\":1,\"name\":\"Home\",\"item\":\"https:\/\/www.arte.tv\/sites\/olivierpere\/\"},{\"@type\":\"ListItem\",\"position\":2,\"name\":\"Le Gar\u00e7u de Maurice Pialat\"}]},{\"@type\":\"WebSite\",\"@id\":\"https:\/\/www.arte.tv\/sites\/olivierpere\/#website\",\"url\":\"https:\/\/www.arte.tv\/sites\/olivierpere\/\",\"name\":\"Olivier P\u00e8re\",\"description\":\"\",\"potentialAction\":[{\"@type\":\"SearchAction\",\"target\":{\"@type\":\"EntryPoint\",\"urlTemplate\":\"https:\/\/www.arte.tv\/sites\/olivierpere\/?s={search_term_string}\"},\"query-input\":\"required name=search_term_string\"}],\"inLanguage\":\"fr-FR\"},{\"@type\":\"Person\",\"@id\":\"https:\/\/www.arte.tv\/sites\/olivierpere\/#\/schema\/person\/dc32cd6c79be95e52d43b97a74182558\",\"name\":\"Olivier P\u00e8re\",\"image\":{\"@type\":\"ImageObject\",\"inLanguage\":\"fr-FR\",\"@id\":\"https:\/\/www.arte.tv\/sites\/olivierpere\/#\/schema\/person\/image\/\",\"url\":\"https:\/\/secure.gravatar.com\/avatar\/bdea7b6a2c195e2c41772429a9694758?s=96&d=mm&r=g\",\"contentUrl\":\"https:\/\/secure.gravatar.com\/avatar\/bdea7b6a2c195e2c41772429a9694758?s=96&d=mm&r=g\",\"caption\":\"Olivier P\u00e8re\"},\"url\":\"https:\/\/www.arte.tv\/sites\/olivierpere\/author\/pereolivier\/\"}]}<\/script>\n<!-- \/ Yoast SEO plugin. -->","yoast_head_json":{"title":"Le Gar\u00e7u de Maurice Pialat - Olivier P\u00e8re","robots":{"index":"index","follow":"follow","max-snippet":"max-snippet:-1","max-image-preview":"max-image-preview:large","max-video-preview":"max-video-preview:-1"},"canonical":"https:\/\/www.arte.tv\/sites\/olivierpere\/2020\/10\/26\/le-garcu-de-maurice-pialat\/","og_locale":"fr_FR","og_type":"article","og_title":"Le Gar\u00e7u de Maurice Pialat - Olivier P\u00e8re","og_description":"En 1995, Maurice Pialat retrouve G\u00e9rard Depardieu pour la quatri\u00e8me et derni\u00e8re fois, pour Le Gar\u00e7u. Il lui demande d\u2019\u00eatre\u2026","og_url":"https:\/\/www.arte.tv\/sites\/olivierpere\/2020\/10\/26\/le-garcu-de-maurice-pialat\/","og_site_name":"Olivier P\u00e8re","article_published_time":"2020-10-26T18:39:29+00:00","article_modified_time":"2020-11-07T18:40:35+00:00","og_image":[{"url":"https:\/\/www.arte.tv\/sites\/olivierpere\/files\/le-garcu-blu-ray.jpg"}],"author":"Olivier P\u00e8re","twitter_misc":{"\u00c9crit par":"Olivier P\u00e8re","Dur\u00e9e de lecture estim\u00e9e":"2 minutes"},"schema":{"@context":"https:\/\/schema.org","@graph":[{"@type":"WebPage","@id":"https:\/\/www.arte.tv\/sites\/olivierpere\/2020\/10\/26\/le-garcu-de-maurice-pialat\/","url":"https:\/\/www.arte.tv\/sites\/olivierpere\/2020\/10\/26\/le-garcu-de-maurice-pialat\/","name":"Le Gar\u00e7u de Maurice Pialat - Olivier P\u00e8re","isPartOf":{"@id":"https:\/\/www.arte.tv\/sites\/olivierpere\/#website"},"datePublished":"2020-10-26T18:39:29+00:00","dateModified":"2020-11-07T18:40:35+00:00","author":{"@id":"https:\/\/www.arte.tv\/sites\/olivierpere\/#\/schema\/person\/dc32cd6c79be95e52d43b97a74182558"},"breadcrumb":{"@id":"https:\/\/www.arte.tv\/sites\/olivierpere\/2020\/10\/26\/le-garcu-de-maurice-pialat\/#breadcrumb"},"inLanguage":"fr-FR","potentialAction":[{"@type":"ReadAction","target":["https:\/\/www.arte.tv\/sites\/olivierpere\/2020\/10\/26\/le-garcu-de-maurice-pialat\/"]}]},{"@type":"BreadcrumbList","@id":"https:\/\/www.arte.tv\/sites\/olivierpere\/2020\/10\/26\/le-garcu-de-maurice-pialat\/#breadcrumb","itemListElement":[{"@type":"ListItem","position":1,"name":"Home","item":"https:\/\/www.arte.tv\/sites\/olivierpere\/"},{"@type":"ListItem","position":2,"name":"Le Gar\u00e7u de Maurice Pialat"}]},{"@type":"WebSite","@id":"https:\/\/www.arte.tv\/sites\/olivierpere\/#website","url":"https:\/\/www.arte.tv\/sites\/olivierpere\/","name":"Olivier P\u00e8re","description":"","potentialAction":[{"@type":"SearchAction","target":{"@type":"EntryPoint","urlTemplate":"https:\/\/www.arte.tv\/sites\/olivierpere\/?s={search_term_string}"},"query-input":"required name=search_term_string"}],"inLanguage":"fr-FR"},{"@type":"Person","@id":"https:\/\/www.arte.tv\/sites\/olivierpere\/#\/schema\/person\/dc32cd6c79be95e52d43b97a74182558","name":"Olivier P\u00e8re","image":{"@type":"ImageObject","inLanguage":"fr-FR","@id":"https:\/\/www.arte.tv\/sites\/olivierpere\/#\/schema\/person\/image\/","url":"https:\/\/secure.gravatar.com\/avatar\/bdea7b6a2c195e2c41772429a9694758?s=96&d=mm&r=g","contentUrl":"https:\/\/secure.gravatar.com\/avatar\/bdea7b6a2c195e2c41772429a9694758?s=96&d=mm&r=g","caption":"Olivier P\u00e8re"},"url":"https:\/\/www.arte.tv\/sites\/olivierpere\/author\/pereolivier\/"}]}},"_links":{"self":[{"href":"https:\/\/www.arte.tv\/sites\/olivierpere\/wp-json\/wp\/v2\/posts\/26180"}],"collection":[{"href":"https:\/\/www.arte.tv\/sites\/olivierpere\/wp-json\/wp\/v2\/posts"}],"about":[{"href":"https:\/\/www.arte.tv\/sites\/olivierpere\/wp-json\/wp\/v2\/types\/post"}],"author":[{"embeddable":true,"href":"https:\/\/www.arte.tv\/sites\/olivierpere\/wp-json\/wp\/v2\/users\/116"}],"replies":[{"embeddable":true,"href":"https:\/\/www.arte.tv\/sites\/olivierpere\/wp-json\/wp\/v2\/comments?post=26180"}],"version-history":[{"count":1,"href":"https:\/\/www.arte.tv\/sites\/olivierpere\/wp-json\/wp\/v2\/posts\/26180\/revisions"}],"predecessor-version":[{"id":26182,"href":"https:\/\/www.arte.tv\/sites\/olivierpere\/wp-json\/wp\/v2\/posts\/26180\/revisions\/26182"}],"wp:attachment":[{"href":"https:\/\/www.arte.tv\/sites\/olivierpere\/wp-json\/wp\/v2\/media?parent=26180"}],"wp:term":[{"taxonomy":"category","embeddable":true,"href":"https:\/\/www.arte.tv\/sites\/olivierpere\/wp-json\/wp\/v2\/categories?post=26180"},{"taxonomy":"post_tag","embeddable":true,"href":"https:\/\/www.arte.tv\/sites\/olivierpere\/wp-json\/wp\/v2\/tags?post=26180"}],"curies":[{"name":"wp","href":"https:\/\/api.w.org\/{rel}","templated":true}]}}