{"id":26158,"date":"2020-10-22T10:41:28","date_gmt":"2020-10-22T09:41:28","guid":{"rendered":"https:\/\/www.arte.tv\/sites\/olivierpere\/?p=26158"},"modified":"2020-11-04T10:43:08","modified_gmt":"2020-11-04T09:43:08","slug":"lhistoire-dadele-h-de-francois-truffaut","status":"publish","type":"post","link":"https:\/\/www.arte.tv\/sites\/olivierpere\/2020\/10\/22\/lhistoire-dadele-h-de-francois-truffaut\/","title":{"rendered":"L\u2019Histoire d\u2019Ad\u00e8le H. de Fran\u00e7ois Truffaut"},"content":{"rendered":"<p><strong>Dans le cadre de son cycle Fran\u00e7ois Truffaut, ARTE diffuse pour la premi\u00e8re fois en version restaur\u00e9e <em>L\u2019Histoire d\u2019Ad\u00e8le H.<\/em>, r\u00e9alis\u00e9 en 1975, mercredi 25 novembre \u00e0 20h55. Ad\u00e8le, la fille de Victor Hugo, d\u00e9barque sous un faux nom \u00e0 Halifax, en Nouvelle Ecosse, tandis que la Guerre de S\u00e9cession fait rage. Elle y poursuit un officier britannique, le lieutenant Pinson, qu\u2019elle a rencontr\u00e9 \u00e0 Guernesey quand elle vivait avec sa famille et dont elle est profond\u00e9ment \u00e9prise. Mais ce dernier demeure insensible aux souffrances de la jeune femme, prisonni\u00e8re de l\u2019illusion d\u00e9lirante d\u2019\u00eatre aim\u00e9e. Cin\u00e9aste de la passion amoureuse, Fran\u00e7ois Truffaut s\u2019aventure, dans ce film \u00e0 part dans sa carri\u00e8re, sur les territoires dangereux de la folie et du romantisme destructeur. Fran\u00e7ois Truffaut et ses sc\u00e9naristes Jean Gruault et Suzanne Schiffman ont \u00e9crit un film de fiction en restant les plus fid\u00e8les possible \u00e0 la v\u00e9ritable histoire d\u2019Ad\u00e8le H., telle qu\u2019elle est relat\u00e9e dans son journal. Il s\u2019agit d\u2019un cas pathologique, trait\u00e9 sur un mode romanesque, avec la fi\u00e8vre et l\u2019obsession qui caract\u00e9risaient Truffaut lorsqu\u2019il s\u2019aventurait sur le terrain dangereux de l\u2019amour, toujours \u00e0 sens unique. Le r\u00e9alisateur rel\u00e8ve le d\u00e9fi d\u2019un film centr\u00e9 sur un seul personnage, anim\u00e9 par une id\u00e9e fixe : un amour tragique et malheureux. Il n\u2019y a pas de contre-champ dans <em>L\u2019Histoire d\u2019Ad\u00e8le H<\/em>. Avec son g\u00e9nial directeur de la photographie Nestor Almendros, Truffaut imagine le film comme un gros plan unique sur le visage de son h\u00e9ro\u00efne. Il est impossible de dissocier<em> L\u2019Histoire d\u2019Ad\u00e8le H. <\/em>de la gr\u00e2ce \u00e9tonnante de son interpr\u00e8te, Isabelle Adjani, alors \u00e2g\u00e9e de 19 ans. Le spectateur, comme Truffaut, est happ\u00e9 par sa fascination pour la jeune actrice, qui vampirise litt\u00e9ralement ce film admirable. Pour Isabelle Adjani, <em>L\u2019Histoire d\u2019Ad\u00e8le H. <\/em>ressemble \u00e0 une pr\u00e9monition du large pan sombre et hant\u00e9 de sa filmographie \u00e0 venir, de <em>Possession<\/em> \u00e0 <em>Camille Claudel<\/em> en passant par <em>Nosferatu, fant\u00f4me de la nuit<\/em>.<\/strong><\/p>\n","protected":false},"excerpt":{"rendered":"<p>Dans le cadre de son cycle Fran\u00e7ois Truffaut, ARTE diffuse pour la premi\u00e8re fois en version restaur\u00e9e L\u2019Histoire d\u2019Ad\u00e8le H.,\u2026<\/p>\n","protected":false},"author":116,"featured_media":0,"comment_status":"open","ping_status":"open","sticky":false,"template":"","format":"standard","meta":[],"categories":[8],"tags":[],"yoast_head":"<!-- This site is optimized with the Yoast SEO plugin v20.8 - https:\/\/yoast.com\/wordpress\/plugins\/seo\/ -->\n<title>L\u2019Histoire d\u2019Ad\u00e8le H. de Fran\u00e7ois Truffaut - Olivier P\u00e8re<\/title>\n<meta name=\"robots\" content=\"index, follow, max-snippet:-1, max-image-preview:large, max-video-preview:-1\" \/>\n<link rel=\"canonical\" href=\"https:\/\/www.arte.tv\/sites\/olivierpere\/2020\/10\/22\/lhistoire-dadele-h-de-francois-truffaut\/\" \/>\n<meta property=\"og:locale\" content=\"fr_FR\" \/>\n<meta property=\"og:type\" content=\"article\" \/>\n<meta property=\"og:title\" content=\"L\u2019Histoire d\u2019Ad\u00e8le H. de Fran\u00e7ois Truffaut - Olivier P\u00e8re\" \/>\n<meta property=\"og:description\" content=\"Dans le cadre de son cycle Fran\u00e7ois Truffaut, ARTE diffuse pour la premi\u00e8re fois en version restaur\u00e9e L\u2019Histoire d\u2019Ad\u00e8le H.,\u2026\" \/>\n<meta property=\"og:url\" content=\"https:\/\/www.arte.tv\/sites\/olivierpere\/2020\/10\/22\/lhistoire-dadele-h-de-francois-truffaut\/\" \/>\n<meta property=\"og:site_name\" content=\"Olivier P\u00e8re\" \/>\n<meta property=\"article:published_time\" content=\"2020-10-22T09:41:28+00:00\" \/>\n<meta property=\"article:modified_time\" content=\"2020-11-04T09:43:08+00:00\" \/>\n<meta name=\"author\" content=\"Olivier P\u00e8re\" \/>\n<meta name=\"twitter:label1\" content=\"\u00c9crit par\" \/>\n\t<meta name=\"twitter:data1\" content=\"Olivier P\u00e8re\" \/>\n\t<meta name=\"twitter:label2\" content=\"Dur\u00e9e de lecture estim\u00e9e\" \/>\n\t<meta name=\"twitter:data2\" content=\"2 minutes\" \/>\n<script type=\"application\/ld+json\" class=\"yoast-schema-graph\">{\"@context\":\"https:\/\/schema.org\",\"@graph\":[{\"@type\":\"WebPage\",\"@id\":\"https:\/\/www.arte.tv\/sites\/olivierpere\/2020\/10\/22\/lhistoire-dadele-h-de-francois-truffaut\/\",\"url\":\"https:\/\/www.arte.tv\/sites\/olivierpere\/2020\/10\/22\/lhistoire-dadele-h-de-francois-truffaut\/\",\"name\":\"L\u2019Histoire d\u2019Ad\u00e8le H. de Fran\u00e7ois Truffaut - Olivier P\u00e8re\",\"isPartOf\":{\"@id\":\"https:\/\/www.arte.tv\/sites\/olivierpere\/#website\"},\"datePublished\":\"2020-10-22T09:41:28+00:00\",\"dateModified\":\"2020-11-04T09:43:08+00:00\",\"author\":{\"@id\":\"https:\/\/www.arte.tv\/sites\/olivierpere\/#\/schema\/person\/dc32cd6c79be95e52d43b97a74182558\"},\"breadcrumb\":{\"@id\":\"https:\/\/www.arte.tv\/sites\/olivierpere\/2020\/10\/22\/lhistoire-dadele-h-de-francois-truffaut\/#breadcrumb\"},\"inLanguage\":\"fr-FR\",\"potentialAction\":[{\"@type\":\"ReadAction\",\"target\":[\"https:\/\/www.arte.tv\/sites\/olivierpere\/2020\/10\/22\/lhistoire-dadele-h-de-francois-truffaut\/\"]}]},{\"@type\":\"BreadcrumbList\",\"@id\":\"https:\/\/www.arte.tv\/sites\/olivierpere\/2020\/10\/22\/lhistoire-dadele-h-de-francois-truffaut\/#breadcrumb\",\"itemListElement\":[{\"@type\":\"ListItem\",\"position\":1,\"name\":\"Home\",\"item\":\"https:\/\/www.arte.tv\/sites\/olivierpere\/\"},{\"@type\":\"ListItem\",\"position\":2,\"name\":\"L\u2019Histoire d\u2019Ad\u00e8le H. de Fran\u00e7ois Truffaut\"}]},{\"@type\":\"WebSite\",\"@id\":\"https:\/\/www.arte.tv\/sites\/olivierpere\/#website\",\"url\":\"https:\/\/www.arte.tv\/sites\/olivierpere\/\",\"name\":\"Olivier P\u00e8re\",\"description\":\"\",\"potentialAction\":[{\"@type\":\"SearchAction\",\"target\":{\"@type\":\"EntryPoint\",\"urlTemplate\":\"https:\/\/www.arte.tv\/sites\/olivierpere\/?s={search_term_string}\"},\"query-input\":\"required name=search_term_string\"}],\"inLanguage\":\"fr-FR\"},{\"@type\":\"Person\",\"@id\":\"https:\/\/www.arte.tv\/sites\/olivierpere\/#\/schema\/person\/dc32cd6c79be95e52d43b97a74182558\",\"name\":\"Olivier P\u00e8re\",\"image\":{\"@type\":\"ImageObject\",\"inLanguage\":\"fr-FR\",\"@id\":\"https:\/\/www.arte.tv\/sites\/olivierpere\/#\/schema\/person\/image\/\",\"url\":\"https:\/\/secure.gravatar.com\/avatar\/bdea7b6a2c195e2c41772429a9694758?s=96&d=mm&r=g\",\"contentUrl\":\"https:\/\/secure.gravatar.com\/avatar\/bdea7b6a2c195e2c41772429a9694758?s=96&d=mm&r=g\",\"caption\":\"Olivier P\u00e8re\"},\"url\":\"https:\/\/www.arte.tv\/sites\/olivierpere\/author\/pereolivier\/\"}]}<\/script>\n<!-- \/ Yoast SEO plugin. -->","yoast_head_json":{"title":"L\u2019Histoire d\u2019Ad\u00e8le H. de Fran\u00e7ois Truffaut - Olivier P\u00e8re","robots":{"index":"index","follow":"follow","max-snippet":"max-snippet:-1","max-image-preview":"max-image-preview:large","max-video-preview":"max-video-preview:-1"},"canonical":"https:\/\/www.arte.tv\/sites\/olivierpere\/2020\/10\/22\/lhistoire-dadele-h-de-francois-truffaut\/","og_locale":"fr_FR","og_type":"article","og_title":"L\u2019Histoire d\u2019Ad\u00e8le H. de Fran\u00e7ois Truffaut - Olivier P\u00e8re","og_description":"Dans le cadre de son cycle Fran\u00e7ois Truffaut, ARTE diffuse pour la premi\u00e8re fois en version restaur\u00e9e L\u2019Histoire d\u2019Ad\u00e8le H.,\u2026","og_url":"https:\/\/www.arte.tv\/sites\/olivierpere\/2020\/10\/22\/lhistoire-dadele-h-de-francois-truffaut\/","og_site_name":"Olivier P\u00e8re","article_published_time":"2020-10-22T09:41:28+00:00","article_modified_time":"2020-11-04T09:43:08+00:00","author":"Olivier P\u00e8re","twitter_misc":{"\u00c9crit par":"Olivier P\u00e8re","Dur\u00e9e de lecture estim\u00e9e":"2 minutes"},"schema":{"@context":"https:\/\/schema.org","@graph":[{"@type":"WebPage","@id":"https:\/\/www.arte.tv\/sites\/olivierpere\/2020\/10\/22\/lhistoire-dadele-h-de-francois-truffaut\/","url":"https:\/\/www.arte.tv\/sites\/olivierpere\/2020\/10\/22\/lhistoire-dadele-h-de-francois-truffaut\/","name":"L\u2019Histoire d\u2019Ad\u00e8le H. de Fran\u00e7ois Truffaut - Olivier P\u00e8re","isPartOf":{"@id":"https:\/\/www.arte.tv\/sites\/olivierpere\/#website"},"datePublished":"2020-10-22T09:41:28+00:00","dateModified":"2020-11-04T09:43:08+00:00","author":{"@id":"https:\/\/www.arte.tv\/sites\/olivierpere\/#\/schema\/person\/dc32cd6c79be95e52d43b97a74182558"},"breadcrumb":{"@id":"https:\/\/www.arte.tv\/sites\/olivierpere\/2020\/10\/22\/lhistoire-dadele-h-de-francois-truffaut\/#breadcrumb"},"inLanguage":"fr-FR","potentialAction":[{"@type":"ReadAction","target":["https:\/\/www.arte.tv\/sites\/olivierpere\/2020\/10\/22\/lhistoire-dadele-h-de-francois-truffaut\/"]}]},{"@type":"BreadcrumbList","@id":"https:\/\/www.arte.tv\/sites\/olivierpere\/2020\/10\/22\/lhistoire-dadele-h-de-francois-truffaut\/#breadcrumb","itemListElement":[{"@type":"ListItem","position":1,"name":"Home","item":"https:\/\/www.arte.tv\/sites\/olivierpere\/"},{"@type":"ListItem","position":2,"name":"L\u2019Histoire d\u2019Ad\u00e8le H. de Fran\u00e7ois Truffaut"}]},{"@type":"WebSite","@id":"https:\/\/www.arte.tv\/sites\/olivierpere\/#website","url":"https:\/\/www.arte.tv\/sites\/olivierpere\/","name":"Olivier P\u00e8re","description":"","potentialAction":[{"@type":"SearchAction","target":{"@type":"EntryPoint","urlTemplate":"https:\/\/www.arte.tv\/sites\/olivierpere\/?s={search_term_string}"},"query-input":"required name=search_term_string"}],"inLanguage":"fr-FR"},{"@type":"Person","@id":"https:\/\/www.arte.tv\/sites\/olivierpere\/#\/schema\/person\/dc32cd6c79be95e52d43b97a74182558","name":"Olivier P\u00e8re","image":{"@type":"ImageObject","inLanguage":"fr-FR","@id":"https:\/\/www.arte.tv\/sites\/olivierpere\/#\/schema\/person\/image\/","url":"https:\/\/secure.gravatar.com\/avatar\/bdea7b6a2c195e2c41772429a9694758?s=96&d=mm&r=g","contentUrl":"https:\/\/secure.gravatar.com\/avatar\/bdea7b6a2c195e2c41772429a9694758?s=96&d=mm&r=g","caption":"Olivier P\u00e8re"},"url":"https:\/\/www.arte.tv\/sites\/olivierpere\/author\/pereolivier\/"}]}},"_links":{"self":[{"href":"https:\/\/www.arte.tv\/sites\/olivierpere\/wp-json\/wp\/v2\/posts\/26158"}],"collection":[{"href":"https:\/\/www.arte.tv\/sites\/olivierpere\/wp-json\/wp\/v2\/posts"}],"about":[{"href":"https:\/\/www.arte.tv\/sites\/olivierpere\/wp-json\/wp\/v2\/types\/post"}],"author":[{"embeddable":true,"href":"https:\/\/www.arte.tv\/sites\/olivierpere\/wp-json\/wp\/v2\/users\/116"}],"replies":[{"embeddable":true,"href":"https:\/\/www.arte.tv\/sites\/olivierpere\/wp-json\/wp\/v2\/comments?post=26158"}],"version-history":[{"count":2,"href":"https:\/\/www.arte.tv\/sites\/olivierpere\/wp-json\/wp\/v2\/posts\/26158\/revisions"}],"predecessor-version":[{"id":26160,"href":"https:\/\/www.arte.tv\/sites\/olivierpere\/wp-json\/wp\/v2\/posts\/26158\/revisions\/26160"}],"wp:attachment":[{"href":"https:\/\/www.arte.tv\/sites\/olivierpere\/wp-json\/wp\/v2\/media?parent=26158"}],"wp:term":[{"taxonomy":"category","embeddable":true,"href":"https:\/\/www.arte.tv\/sites\/olivierpere\/wp-json\/wp\/v2\/categories?post=26158"},{"taxonomy":"post_tag","embeddable":true,"href":"https:\/\/www.arte.tv\/sites\/olivierpere\/wp-json\/wp\/v2\/tags?post=26158"}],"curies":[{"name":"wp","href":"https:\/\/api.w.org\/{rel}","templated":true}]}}