{"id":26156,"date":"2020-10-21T05:23:56","date_gmt":"2020-10-21T04:23:56","guid":{"rendered":"https:\/\/www.arte.tv\/sites\/olivierpere\/?p=26156"},"modified":"2020-11-04T05:28:27","modified_gmt":"2020-11-04T04:28:27","slug":"au-loin-sen-vont-les-nuages-de-aki-kaurismaki","status":"publish","type":"post","link":"https:\/\/www.arte.tv\/sites\/olivierpere\/2020\/10\/21\/au-loin-sen-vont-les-nuages-de-aki-kaurismaki\/","title":{"rendered":"Au loin s\u2019en vont les nuages de Aki Kaurism\u00e4ki"},"content":{"rendered":"<p><strong>ARTE.tv propose un cycle Aki Kaurism\u00e4ki avec cinq films qui ont b\u00e2ti la r\u00e9putation internationale du r\u00e9alisateur finlandais, disponibles gratuitement du 1<sup>er<\/sup> novembre 2020 au 30 avril 2021 : <em>Ariel<\/em>, <em>La fille aux allumettes<\/em>, <em>La Vie de Boh\u00e8me<\/em>, <em>Au loin s\u2019en vont les nuages<\/em> et <em>L\u2019Homme sans pass\u00e9<\/em>. Sous sa modestie de fa\u00e7ade et son autod\u00e9rision, Aki Kaurism\u00e4ki est un styliste capable de mettre en sc\u00e8ne avec une formidable \u00e9conomie de moyens, en noir et blanc ou en couleur, des films \u00e0 l\u2019impressionnante beaut\u00e9 plastique. Le soin maniaque apport\u00e9 au cadre et \u00e0 la lumi\u00e8re, la rigueur de chaque plan, la pr\u00e9cision et la subtilit\u00e9 des dialogues contredisent la d\u00e9sinvolture apparente du cin\u00e9aste et sa r\u00e9putation de farceur. Kaurism\u00e4ki v\u00e9n\u00e8re le cin\u00e9ma muet, Chaplin, Ozu, Bresson, Dreyer, De Sica, Melville. Conscient d\u2019arriver un peu tard dans l\u2019histoire du cin\u00e9ma, il pr\u00e9f\u00e8re se contenter de mettre en sc\u00e8ne des bons films plut\u00f4t que d\u2019impossibles chefs-d\u2019\u0153uvre. Au-del\u00e0 de l\u2019exotisme finnois son cin\u00e9ma devient vite le chantre des asociaux, des prol\u00e9taires, des habitants des faubourgs, avec des films m\u00e9lancoliques qui allient lutte des classes, culture populaire, humour noir, scepticisme inquiet \u00e0 l\u2019encontre du monde moderne et un go\u00fbt prononc\u00e9 pour le m\u00e9lodrame r\u00e9volutionnaire.\u00a0<\/strong><\/p>\n<p><strong>R\u00e9alis\u00e9 en 1996, <em>Au loin s\u2019en vont les nuages <\/em>(<em>Kauas pilvet karkaavat<\/em>) est une fable sur le ch\u00f4mage. C\u2019est aussi l\u2019un des plus beaux films de Kaurism\u00e4ki. A Helsinki, un conducteur de tramway et son \u00e9pouse, ma\u00eetre d\u2019h\u00f4tel dans un restaurant, perdent leur travail. Le couple, d\u00e9j\u00e0 \u00e9prouv\u00e9 par la mort d\u2019un enfant, se trouve soudainement d\u00e9poss\u00e9d\u00e9 de sa fragile tranquillit\u00e9. C\u2019est le d\u00e9but d\u2019un voyage au bout de la nuit. Mais le d\u00e9sespoir n\u2019est jamais une fatalit\u00e9, et les nuages finiront par s\u2019en aller. Aki Kaurism\u00e4ki croit en la solidarit\u00e9 entre prol\u00e9taires. Ses films sont toujours dignes, po\u00e9tiques et int\u00e8gres. Ils r\u00e9sistent aux mirages du progr\u00e8s, \u00e0 la marchandise spectaculaire. Formaliste et r\u00e9sistant, entour\u00e9 par sa merveilleuse troupe d\u2019acteurs, le cin\u00e9aste finlandais renoue avec l\u2019enchantement originel du cin\u00e9ma, gr\u00e2ce \u00e0 son art de l\u2019ellipse, du hors champ et de la litote. <\/strong><\/p>\n","protected":false},"excerpt":{"rendered":"<p>ARTE.tv propose un cycle Aki Kaurism\u00e4ki avec cinq films qui ont b\u00e2ti la r\u00e9putation internationale du r\u00e9alisateur finlandais, disponibles gratuitement\u2026<\/p>\n","protected":false},"author":116,"featured_media":0,"comment_status":"open","ping_status":"open","sticky":false,"template":"","format":"standard","meta":[],"categories":[8],"tags":[],"yoast_head":"<!-- This site is optimized with the Yoast SEO plugin v20.8 - https:\/\/yoast.com\/wordpress\/plugins\/seo\/ -->\n<title>Au loin s\u2019en vont les nuages de Aki Kaurism\u00e4ki - Olivier P\u00e8re<\/title>\n<meta name=\"robots\" content=\"index, follow, max-snippet:-1, max-image-preview:large, max-video-preview:-1\" \/>\n<link rel=\"canonical\" href=\"https:\/\/www.arte.tv\/sites\/olivierpere\/2020\/10\/21\/au-loin-sen-vont-les-nuages-de-aki-kaurismaki\/\" \/>\n<meta property=\"og:locale\" content=\"fr_FR\" \/>\n<meta property=\"og:type\" content=\"article\" \/>\n<meta property=\"og:title\" content=\"Au loin s\u2019en vont les nuages de Aki Kaurism\u00e4ki - Olivier P\u00e8re\" \/>\n<meta property=\"og:description\" content=\"ARTE.tv propose un cycle Aki Kaurism\u00e4ki avec cinq films qui ont b\u00e2ti la r\u00e9putation internationale du r\u00e9alisateur finlandais, disponibles gratuitement\u2026\" \/>\n<meta property=\"og:url\" content=\"https:\/\/www.arte.tv\/sites\/olivierpere\/2020\/10\/21\/au-loin-sen-vont-les-nuages-de-aki-kaurismaki\/\" \/>\n<meta property=\"og:site_name\" content=\"Olivier P\u00e8re\" \/>\n<meta property=\"article:published_time\" content=\"2020-10-21T04:23:56+00:00\" \/>\n<meta property=\"article:modified_time\" content=\"2020-11-04T04:28:27+00:00\" \/>\n<meta name=\"author\" content=\"Olivier P\u00e8re\" \/>\n<meta name=\"twitter:label1\" content=\"\u00c9crit par\" \/>\n\t<meta name=\"twitter:data1\" content=\"Olivier P\u00e8re\" \/>\n\t<meta name=\"twitter:label2\" content=\"Dur\u00e9e de lecture estim\u00e9e\" \/>\n\t<meta name=\"twitter:data2\" content=\"2 minutes\" \/>\n<script type=\"application\/ld+json\" class=\"yoast-schema-graph\">{\"@context\":\"https:\/\/schema.org\",\"@graph\":[{\"@type\":\"WebPage\",\"@id\":\"https:\/\/www.arte.tv\/sites\/olivierpere\/2020\/10\/21\/au-loin-sen-vont-les-nuages-de-aki-kaurismaki\/\",\"url\":\"https:\/\/www.arte.tv\/sites\/olivierpere\/2020\/10\/21\/au-loin-sen-vont-les-nuages-de-aki-kaurismaki\/\",\"name\":\"Au loin s\u2019en vont les nuages de Aki Kaurism\u00e4ki - Olivier P\u00e8re\",\"isPartOf\":{\"@id\":\"https:\/\/www.arte.tv\/sites\/olivierpere\/#website\"},\"datePublished\":\"2020-10-21T04:23:56+00:00\",\"dateModified\":\"2020-11-04T04:28:27+00:00\",\"author\":{\"@id\":\"https:\/\/www.arte.tv\/sites\/olivierpere\/#\/schema\/person\/dc32cd6c79be95e52d43b97a74182558\"},\"breadcrumb\":{\"@id\":\"https:\/\/www.arte.tv\/sites\/olivierpere\/2020\/10\/21\/au-loin-sen-vont-les-nuages-de-aki-kaurismaki\/#breadcrumb\"},\"inLanguage\":\"fr-FR\",\"potentialAction\":[{\"@type\":\"ReadAction\",\"target\":[\"https:\/\/www.arte.tv\/sites\/olivierpere\/2020\/10\/21\/au-loin-sen-vont-les-nuages-de-aki-kaurismaki\/\"]}]},{\"@type\":\"BreadcrumbList\",\"@id\":\"https:\/\/www.arte.tv\/sites\/olivierpere\/2020\/10\/21\/au-loin-sen-vont-les-nuages-de-aki-kaurismaki\/#breadcrumb\",\"itemListElement\":[{\"@type\":\"ListItem\",\"position\":1,\"name\":\"Home\",\"item\":\"https:\/\/www.arte.tv\/sites\/olivierpere\/\"},{\"@type\":\"ListItem\",\"position\":2,\"name\":\"Au loin s\u2019en vont les nuages de Aki Kaurism\u00e4ki\"}]},{\"@type\":\"WebSite\",\"@id\":\"https:\/\/www.arte.tv\/sites\/olivierpere\/#website\",\"url\":\"https:\/\/www.arte.tv\/sites\/olivierpere\/\",\"name\":\"Olivier P\u00e8re\",\"description\":\"\",\"potentialAction\":[{\"@type\":\"SearchAction\",\"target\":{\"@type\":\"EntryPoint\",\"urlTemplate\":\"https:\/\/www.arte.tv\/sites\/olivierpere\/?s={search_term_string}\"},\"query-input\":\"required name=search_term_string\"}],\"inLanguage\":\"fr-FR\"},{\"@type\":\"Person\",\"@id\":\"https:\/\/www.arte.tv\/sites\/olivierpere\/#\/schema\/person\/dc32cd6c79be95e52d43b97a74182558\",\"name\":\"Olivier P\u00e8re\",\"image\":{\"@type\":\"ImageObject\",\"inLanguage\":\"fr-FR\",\"@id\":\"https:\/\/www.arte.tv\/sites\/olivierpere\/#\/schema\/person\/image\/\",\"url\":\"https:\/\/secure.gravatar.com\/avatar\/bdea7b6a2c195e2c41772429a9694758?s=96&d=mm&r=g\",\"contentUrl\":\"https:\/\/secure.gravatar.com\/avatar\/bdea7b6a2c195e2c41772429a9694758?s=96&d=mm&r=g\",\"caption\":\"Olivier P\u00e8re\"},\"url\":\"https:\/\/www.arte.tv\/sites\/olivierpere\/author\/pereolivier\/\"}]}<\/script>\n<!-- \/ Yoast SEO plugin. -->","yoast_head_json":{"title":"Au loin s\u2019en vont les nuages de Aki Kaurism\u00e4ki - Olivier P\u00e8re","robots":{"index":"index","follow":"follow","max-snippet":"max-snippet:-1","max-image-preview":"max-image-preview:large","max-video-preview":"max-video-preview:-1"},"canonical":"https:\/\/www.arte.tv\/sites\/olivierpere\/2020\/10\/21\/au-loin-sen-vont-les-nuages-de-aki-kaurismaki\/","og_locale":"fr_FR","og_type":"article","og_title":"Au loin s\u2019en vont les nuages de Aki Kaurism\u00e4ki - Olivier P\u00e8re","og_description":"ARTE.tv propose un cycle Aki Kaurism\u00e4ki avec cinq films qui ont b\u00e2ti la r\u00e9putation internationale du r\u00e9alisateur finlandais, disponibles gratuitement\u2026","og_url":"https:\/\/www.arte.tv\/sites\/olivierpere\/2020\/10\/21\/au-loin-sen-vont-les-nuages-de-aki-kaurismaki\/","og_site_name":"Olivier P\u00e8re","article_published_time":"2020-10-21T04:23:56+00:00","article_modified_time":"2020-11-04T04:28:27+00:00","author":"Olivier P\u00e8re","twitter_misc":{"\u00c9crit par":"Olivier P\u00e8re","Dur\u00e9e de lecture estim\u00e9e":"2 minutes"},"schema":{"@context":"https:\/\/schema.org","@graph":[{"@type":"WebPage","@id":"https:\/\/www.arte.tv\/sites\/olivierpere\/2020\/10\/21\/au-loin-sen-vont-les-nuages-de-aki-kaurismaki\/","url":"https:\/\/www.arte.tv\/sites\/olivierpere\/2020\/10\/21\/au-loin-sen-vont-les-nuages-de-aki-kaurismaki\/","name":"Au loin s\u2019en vont les nuages de Aki Kaurism\u00e4ki - Olivier P\u00e8re","isPartOf":{"@id":"https:\/\/www.arte.tv\/sites\/olivierpere\/#website"},"datePublished":"2020-10-21T04:23:56+00:00","dateModified":"2020-11-04T04:28:27+00:00","author":{"@id":"https:\/\/www.arte.tv\/sites\/olivierpere\/#\/schema\/person\/dc32cd6c79be95e52d43b97a74182558"},"breadcrumb":{"@id":"https:\/\/www.arte.tv\/sites\/olivierpere\/2020\/10\/21\/au-loin-sen-vont-les-nuages-de-aki-kaurismaki\/#breadcrumb"},"inLanguage":"fr-FR","potentialAction":[{"@type":"ReadAction","target":["https:\/\/www.arte.tv\/sites\/olivierpere\/2020\/10\/21\/au-loin-sen-vont-les-nuages-de-aki-kaurismaki\/"]}]},{"@type":"BreadcrumbList","@id":"https:\/\/www.arte.tv\/sites\/olivierpere\/2020\/10\/21\/au-loin-sen-vont-les-nuages-de-aki-kaurismaki\/#breadcrumb","itemListElement":[{"@type":"ListItem","position":1,"name":"Home","item":"https:\/\/www.arte.tv\/sites\/olivierpere\/"},{"@type":"ListItem","position":2,"name":"Au loin s\u2019en vont les nuages de Aki Kaurism\u00e4ki"}]},{"@type":"WebSite","@id":"https:\/\/www.arte.tv\/sites\/olivierpere\/#website","url":"https:\/\/www.arte.tv\/sites\/olivierpere\/","name":"Olivier P\u00e8re","description":"","potentialAction":[{"@type":"SearchAction","target":{"@type":"EntryPoint","urlTemplate":"https:\/\/www.arte.tv\/sites\/olivierpere\/?s={search_term_string}"},"query-input":"required name=search_term_string"}],"inLanguage":"fr-FR"},{"@type":"Person","@id":"https:\/\/www.arte.tv\/sites\/olivierpere\/#\/schema\/person\/dc32cd6c79be95e52d43b97a74182558","name":"Olivier P\u00e8re","image":{"@type":"ImageObject","inLanguage":"fr-FR","@id":"https:\/\/www.arte.tv\/sites\/olivierpere\/#\/schema\/person\/image\/","url":"https:\/\/secure.gravatar.com\/avatar\/bdea7b6a2c195e2c41772429a9694758?s=96&d=mm&r=g","contentUrl":"https:\/\/secure.gravatar.com\/avatar\/bdea7b6a2c195e2c41772429a9694758?s=96&d=mm&r=g","caption":"Olivier P\u00e8re"},"url":"https:\/\/www.arte.tv\/sites\/olivierpere\/author\/pereolivier\/"}]}},"_links":{"self":[{"href":"https:\/\/www.arte.tv\/sites\/olivierpere\/wp-json\/wp\/v2\/posts\/26156"}],"collection":[{"href":"https:\/\/www.arte.tv\/sites\/olivierpere\/wp-json\/wp\/v2\/posts"}],"about":[{"href":"https:\/\/www.arte.tv\/sites\/olivierpere\/wp-json\/wp\/v2\/types\/post"}],"author":[{"embeddable":true,"href":"https:\/\/www.arte.tv\/sites\/olivierpere\/wp-json\/wp\/v2\/users\/116"}],"replies":[{"embeddable":true,"href":"https:\/\/www.arte.tv\/sites\/olivierpere\/wp-json\/wp\/v2\/comments?post=26156"}],"version-history":[{"count":1,"href":"https:\/\/www.arte.tv\/sites\/olivierpere\/wp-json\/wp\/v2\/posts\/26156\/revisions"}],"predecessor-version":[{"id":26157,"href":"https:\/\/www.arte.tv\/sites\/olivierpere\/wp-json\/wp\/v2\/posts\/26156\/revisions\/26157"}],"wp:attachment":[{"href":"https:\/\/www.arte.tv\/sites\/olivierpere\/wp-json\/wp\/v2\/media?parent=26156"}],"wp:term":[{"taxonomy":"category","embeddable":true,"href":"https:\/\/www.arte.tv\/sites\/olivierpere\/wp-json\/wp\/v2\/categories?post=26156"},{"taxonomy":"post_tag","embeddable":true,"href":"https:\/\/www.arte.tv\/sites\/olivierpere\/wp-json\/wp\/v2\/tags?post=26156"}],"curies":[{"name":"wp","href":"https:\/\/api.w.org\/{rel}","templated":true}]}}