{"id":26153,"date":"2020-10-20T17:30:28","date_gmt":"2020-10-20T16:30:28","guid":{"rendered":"https:\/\/www.arte.tv\/sites\/olivierpere\/?p=26153"},"modified":"2020-11-03T17:33:32","modified_gmt":"2020-11-03T16:33:32","slug":"mes-funerailles-a-berlin-de-guy-hamilton","status":"publish","type":"post","link":"https:\/\/www.arte.tv\/sites\/olivierpere\/2020\/10\/20\/mes-funerailles-a-berlin-de-guy-hamilton\/","title":{"rendered":"Mes fun\u00e9railles \u00e0 Berlin de Guy Hamilton"},"content":{"rendered":"<p><strong>ARTE diffuse <em>Mes Fun\u00e9railles \u00e0 Berlin<\/em> (<em>Funeral in Berlin<\/em>, 1966) de Guy Hamilton lundi 23 novembre \u00e0 23h25. L\u2019agent britannique Harry Palmer est charg\u00e9 par son sup\u00e9rieur de faire sortir de RDA un officier des services sovi\u00e9tique, responsable de la s\u00e9curit\u00e9 du Mur de Berlin, qui semble vouloir passer \u00e0 l\u2019Ouest. Mais rien ne se d\u00e9roule comme pr\u00e9vu. <em>Mes fun\u00e9railles \u00e0 Berlin<\/em> est le volet central, apr\u00e8s <em>Ipcress\u00a0: danger imm\u00e9diat<\/em> de Sidney J. Furie (le meilleur) et <em>Un cerveau d\u2019un milliard de dollars<\/em> de Ken Russell (le moins bon), d\u2019une s\u00e9rie de trois longs m\u00e9trages consacr\u00e9s aux aventures de l\u2019espion Harry Palmer, inspir\u00e9s par des romans de Len Deighton. Le contexte de la Guerre froide et les deux Allemagnes sont le th\u00e9\u00e2tre d\u2019une intrigue retorse, peu avare en doubles jeux et retournements de situations. Palmer est un anti-h\u00e9ros, fonctionnaire insolent et indisciplin\u00e9 en butte \u00e0 sa hi\u00e9rarchie. Il s\u2019agit pour les auteurs du film de proposer au mitan des ann\u00e9es 60 un antidote au super-espion viril et invuln\u00e9rable incarn\u00e9 par Sean Connery dans les premiers \u00ab James Bond \u00bb. Paradoxalement, on doit cette trilogie d\u00e9mystificatrice au coproducteur des neuf premiers films de la s\u00e9rie \u00ab James Bond \u00bb, Harry Saltzman, et de nombreux talents particip\u00e8rent \u00e0 ces deux visions antith\u00e9tiques de l\u2019espionnage : le compositeur John Barry pour <em>Ipress : danger imm\u00e9diat<\/em>, le concepteur de g\u00e9n\u00e9rique Maurice Binder pour <em>Un cerveau d\u2019un milliard de dollars<\/em>&#8230; Les d\u00e9cors de <em>Mes fun\u00e9railles \u00e0 Berlin<\/em> sont sign\u00e9s Ken Adam, l\u2019un des plus importants contributeurs des premiers \u00ab James Bond \u00bb, tandis que Guy Hamilton venait de r\u00e9aliser <em>Goldfinger<\/em> et rempilera pour trois autres films de la s\u00e9rie au d\u00e9but des ann\u00e9es 70, assurant la transition entre Sean Connery et Roger Moore. Loin des fanfaronnades, des cascades et des gadgets qui caract\u00e9risent le h\u00e9ros de Ian Fleming, Harry Palmer n\u2019est pas une mauviette pour autant. Ancien soldat rompu aux techniques de combats, amateur de jolies filles, Palmer offre \u00e0 Michael Caine l\u2019occasion d\u2019une cr\u00e9ation exceptionnelle, m\u00e9lange de d\u00e9contraction et d\u2019excentricit\u00e9, qui va participer \u00e0 la d\u00e9finition de cet acteur au d\u00e9but de sa carri\u00e8re.\u00a0<\/strong><\/p>\n","protected":false},"excerpt":{"rendered":"<p>ARTE diffuse Mes Fun\u00e9railles \u00e0 Berlin (Funeral in Berlin, 1966) de Guy Hamilton lundi 23 novembre \u00e0 23h25. L\u2019agent britannique\u2026<\/p>\n","protected":false},"author":116,"featured_media":0,"comment_status":"open","ping_status":"open","sticky":false,"template":"","format":"standard","meta":[],"categories":[8],"tags":[],"yoast_head":"<!-- This site is optimized with the Yoast SEO plugin v20.8 - https:\/\/yoast.com\/wordpress\/plugins\/seo\/ -->\n<title>Mes fun\u00e9railles \u00e0 Berlin de Guy Hamilton - Olivier P\u00e8re<\/title>\n<meta name=\"robots\" content=\"index, follow, max-snippet:-1, max-image-preview:large, max-video-preview:-1\" \/>\n<link rel=\"canonical\" href=\"https:\/\/www.arte.tv\/sites\/olivierpere\/2020\/10\/20\/mes-funerailles-a-berlin-de-guy-hamilton\/\" \/>\n<meta property=\"og:locale\" content=\"fr_FR\" \/>\n<meta property=\"og:type\" content=\"article\" \/>\n<meta property=\"og:title\" content=\"Mes fun\u00e9railles \u00e0 Berlin de Guy Hamilton - Olivier P\u00e8re\" \/>\n<meta property=\"og:description\" content=\"ARTE diffuse Mes Fun\u00e9railles \u00e0 Berlin (Funeral in Berlin, 1966) de Guy Hamilton lundi 23 novembre \u00e0 23h25. L\u2019agent britannique\u2026\" \/>\n<meta property=\"og:url\" content=\"https:\/\/www.arte.tv\/sites\/olivierpere\/2020\/10\/20\/mes-funerailles-a-berlin-de-guy-hamilton\/\" \/>\n<meta property=\"og:site_name\" content=\"Olivier P\u00e8re\" \/>\n<meta property=\"article:published_time\" content=\"2020-10-20T16:30:28+00:00\" \/>\n<meta property=\"article:modified_time\" content=\"2020-11-03T16:33:32+00:00\" \/>\n<meta name=\"author\" content=\"Olivier P\u00e8re\" \/>\n<meta name=\"twitter:label1\" content=\"\u00c9crit par\" \/>\n\t<meta name=\"twitter:data1\" content=\"Olivier P\u00e8re\" \/>\n\t<meta name=\"twitter:label2\" content=\"Dur\u00e9e de lecture estim\u00e9e\" \/>\n\t<meta name=\"twitter:data2\" content=\"2 minutes\" \/>\n<script type=\"application\/ld+json\" class=\"yoast-schema-graph\">{\"@context\":\"https:\/\/schema.org\",\"@graph\":[{\"@type\":\"WebPage\",\"@id\":\"https:\/\/www.arte.tv\/sites\/olivierpere\/2020\/10\/20\/mes-funerailles-a-berlin-de-guy-hamilton\/\",\"url\":\"https:\/\/www.arte.tv\/sites\/olivierpere\/2020\/10\/20\/mes-funerailles-a-berlin-de-guy-hamilton\/\",\"name\":\"Mes fun\u00e9railles \u00e0 Berlin de Guy Hamilton - Olivier P\u00e8re\",\"isPartOf\":{\"@id\":\"https:\/\/www.arte.tv\/sites\/olivierpere\/#website\"},\"datePublished\":\"2020-10-20T16:30:28+00:00\",\"dateModified\":\"2020-11-03T16:33:32+00:00\",\"author\":{\"@id\":\"https:\/\/www.arte.tv\/sites\/olivierpere\/#\/schema\/person\/dc32cd6c79be95e52d43b97a74182558\"},\"breadcrumb\":{\"@id\":\"https:\/\/www.arte.tv\/sites\/olivierpere\/2020\/10\/20\/mes-funerailles-a-berlin-de-guy-hamilton\/#breadcrumb\"},\"inLanguage\":\"fr-FR\",\"potentialAction\":[{\"@type\":\"ReadAction\",\"target\":[\"https:\/\/www.arte.tv\/sites\/olivierpere\/2020\/10\/20\/mes-funerailles-a-berlin-de-guy-hamilton\/\"]}]},{\"@type\":\"BreadcrumbList\",\"@id\":\"https:\/\/www.arte.tv\/sites\/olivierpere\/2020\/10\/20\/mes-funerailles-a-berlin-de-guy-hamilton\/#breadcrumb\",\"itemListElement\":[{\"@type\":\"ListItem\",\"position\":1,\"name\":\"Home\",\"item\":\"https:\/\/www.arte.tv\/sites\/olivierpere\/\"},{\"@type\":\"ListItem\",\"position\":2,\"name\":\"Mes fun\u00e9railles \u00e0 Berlin de Guy Hamilton\"}]},{\"@type\":\"WebSite\",\"@id\":\"https:\/\/www.arte.tv\/sites\/olivierpere\/#website\",\"url\":\"https:\/\/www.arte.tv\/sites\/olivierpere\/\",\"name\":\"Olivier P\u00e8re\",\"description\":\"\",\"potentialAction\":[{\"@type\":\"SearchAction\",\"target\":{\"@type\":\"EntryPoint\",\"urlTemplate\":\"https:\/\/www.arte.tv\/sites\/olivierpere\/?s={search_term_string}\"},\"query-input\":\"required name=search_term_string\"}],\"inLanguage\":\"fr-FR\"},{\"@type\":\"Person\",\"@id\":\"https:\/\/www.arte.tv\/sites\/olivierpere\/#\/schema\/person\/dc32cd6c79be95e52d43b97a74182558\",\"name\":\"Olivier P\u00e8re\",\"image\":{\"@type\":\"ImageObject\",\"inLanguage\":\"fr-FR\",\"@id\":\"https:\/\/www.arte.tv\/sites\/olivierpere\/#\/schema\/person\/image\/\",\"url\":\"https:\/\/secure.gravatar.com\/avatar\/bdea7b6a2c195e2c41772429a9694758?s=96&d=mm&r=g\",\"contentUrl\":\"https:\/\/secure.gravatar.com\/avatar\/bdea7b6a2c195e2c41772429a9694758?s=96&d=mm&r=g\",\"caption\":\"Olivier P\u00e8re\"},\"url\":\"https:\/\/www.arte.tv\/sites\/olivierpere\/author\/pereolivier\/\"}]}<\/script>\n<!-- \/ Yoast SEO plugin. -->","yoast_head_json":{"title":"Mes fun\u00e9railles \u00e0 Berlin de Guy Hamilton - Olivier P\u00e8re","robots":{"index":"index","follow":"follow","max-snippet":"max-snippet:-1","max-image-preview":"max-image-preview:large","max-video-preview":"max-video-preview:-1"},"canonical":"https:\/\/www.arte.tv\/sites\/olivierpere\/2020\/10\/20\/mes-funerailles-a-berlin-de-guy-hamilton\/","og_locale":"fr_FR","og_type":"article","og_title":"Mes fun\u00e9railles \u00e0 Berlin de Guy Hamilton - Olivier P\u00e8re","og_description":"ARTE diffuse Mes Fun\u00e9railles \u00e0 Berlin (Funeral in Berlin, 1966) de Guy Hamilton lundi 23 novembre \u00e0 23h25. L\u2019agent britannique\u2026","og_url":"https:\/\/www.arte.tv\/sites\/olivierpere\/2020\/10\/20\/mes-funerailles-a-berlin-de-guy-hamilton\/","og_site_name":"Olivier P\u00e8re","article_published_time":"2020-10-20T16:30:28+00:00","article_modified_time":"2020-11-03T16:33:32+00:00","author":"Olivier P\u00e8re","twitter_misc":{"\u00c9crit par":"Olivier P\u00e8re","Dur\u00e9e de lecture estim\u00e9e":"2 minutes"},"schema":{"@context":"https:\/\/schema.org","@graph":[{"@type":"WebPage","@id":"https:\/\/www.arte.tv\/sites\/olivierpere\/2020\/10\/20\/mes-funerailles-a-berlin-de-guy-hamilton\/","url":"https:\/\/www.arte.tv\/sites\/olivierpere\/2020\/10\/20\/mes-funerailles-a-berlin-de-guy-hamilton\/","name":"Mes fun\u00e9railles \u00e0 Berlin de Guy Hamilton - Olivier P\u00e8re","isPartOf":{"@id":"https:\/\/www.arte.tv\/sites\/olivierpere\/#website"},"datePublished":"2020-10-20T16:30:28+00:00","dateModified":"2020-11-03T16:33:32+00:00","author":{"@id":"https:\/\/www.arte.tv\/sites\/olivierpere\/#\/schema\/person\/dc32cd6c79be95e52d43b97a74182558"},"breadcrumb":{"@id":"https:\/\/www.arte.tv\/sites\/olivierpere\/2020\/10\/20\/mes-funerailles-a-berlin-de-guy-hamilton\/#breadcrumb"},"inLanguage":"fr-FR","potentialAction":[{"@type":"ReadAction","target":["https:\/\/www.arte.tv\/sites\/olivierpere\/2020\/10\/20\/mes-funerailles-a-berlin-de-guy-hamilton\/"]}]},{"@type":"BreadcrumbList","@id":"https:\/\/www.arte.tv\/sites\/olivierpere\/2020\/10\/20\/mes-funerailles-a-berlin-de-guy-hamilton\/#breadcrumb","itemListElement":[{"@type":"ListItem","position":1,"name":"Home","item":"https:\/\/www.arte.tv\/sites\/olivierpere\/"},{"@type":"ListItem","position":2,"name":"Mes fun\u00e9railles \u00e0 Berlin de Guy Hamilton"}]},{"@type":"WebSite","@id":"https:\/\/www.arte.tv\/sites\/olivierpere\/#website","url":"https:\/\/www.arte.tv\/sites\/olivierpere\/","name":"Olivier P\u00e8re","description":"","potentialAction":[{"@type":"SearchAction","target":{"@type":"EntryPoint","urlTemplate":"https:\/\/www.arte.tv\/sites\/olivierpere\/?s={search_term_string}"},"query-input":"required name=search_term_string"}],"inLanguage":"fr-FR"},{"@type":"Person","@id":"https:\/\/www.arte.tv\/sites\/olivierpere\/#\/schema\/person\/dc32cd6c79be95e52d43b97a74182558","name":"Olivier P\u00e8re","image":{"@type":"ImageObject","inLanguage":"fr-FR","@id":"https:\/\/www.arte.tv\/sites\/olivierpere\/#\/schema\/person\/image\/","url":"https:\/\/secure.gravatar.com\/avatar\/bdea7b6a2c195e2c41772429a9694758?s=96&d=mm&r=g","contentUrl":"https:\/\/secure.gravatar.com\/avatar\/bdea7b6a2c195e2c41772429a9694758?s=96&d=mm&r=g","caption":"Olivier P\u00e8re"},"url":"https:\/\/www.arte.tv\/sites\/olivierpere\/author\/pereolivier\/"}]}},"_links":{"self":[{"href":"https:\/\/www.arte.tv\/sites\/olivierpere\/wp-json\/wp\/v2\/posts\/26153"}],"collection":[{"href":"https:\/\/www.arte.tv\/sites\/olivierpere\/wp-json\/wp\/v2\/posts"}],"about":[{"href":"https:\/\/www.arte.tv\/sites\/olivierpere\/wp-json\/wp\/v2\/types\/post"}],"author":[{"embeddable":true,"href":"https:\/\/www.arte.tv\/sites\/olivierpere\/wp-json\/wp\/v2\/users\/116"}],"replies":[{"embeddable":true,"href":"https:\/\/www.arte.tv\/sites\/olivierpere\/wp-json\/wp\/v2\/comments?post=26153"}],"version-history":[{"count":1,"href":"https:\/\/www.arte.tv\/sites\/olivierpere\/wp-json\/wp\/v2\/posts\/26153\/revisions"}],"predecessor-version":[{"id":26154,"href":"https:\/\/www.arte.tv\/sites\/olivierpere\/wp-json\/wp\/v2\/posts\/26153\/revisions\/26154"}],"wp:attachment":[{"href":"https:\/\/www.arte.tv\/sites\/olivierpere\/wp-json\/wp\/v2\/media?parent=26153"}],"wp:term":[{"taxonomy":"category","embeddable":true,"href":"https:\/\/www.arte.tv\/sites\/olivierpere\/wp-json\/wp\/v2\/categories?post=26153"},{"taxonomy":"post_tag","embeddable":true,"href":"https:\/\/www.arte.tv\/sites\/olivierpere\/wp-json\/wp\/v2\/tags?post=26153"}],"curies":[{"name":"wp","href":"https:\/\/api.w.org\/{rel}","templated":true}]}}