{"id":26136,"date":"2020-10-16T10:23:13","date_gmt":"2020-10-16T09:23:13","guid":{"rendered":"https:\/\/www.arte.tv\/sites\/olivierpere\/?p=26136"},"modified":"2020-11-01T10:28:35","modified_gmt":"2020-11-01T09:28:35","slug":"lhorrible-invasion-de-john-bud-cardos","status":"publish","type":"post","link":"https:\/\/www.arte.tv\/sites\/olivierpere\/2020\/10\/16\/lhorrible-invasion-de-john-bud-cardos\/","title":{"rendered":"L\u2019Horrible Invasion de John \u00ab\u00a0Bud\u00a0\u00bb Cardos"},"content":{"rendered":"<p><strong>Au fil de son histoire, le cin\u00e9ma fantastique s\u2019est enrichi d\u2019un bestiaire monstrueux, n\u00e9 de peurs ancestrales ou plus modernes. Les araign\u00e9es, bestioles r\u00e9vulsives s\u2019il en est, occupent avec les reptiles et les grands singes le haut du podium. Elles ont inspir\u00e9 des histoires de contagion (<em>Le Mort dans le filet<\/em>, mythique nanar allemand) de prolif\u00e9ration (<em>Arachnophobie<\/em>), ou de d\u00e9mesure (le c\u00e9l\u00e8bre <em>Tarantula<\/em>). <em>L\u2019Horrible Invasion<\/em> (<em>Kingdom of the Spiders<\/em>, 1977), film terrifiant de John \u00ab\u00a0Bud\u00a0\u00bb Cardos, conte avec une redoutable efficacit\u00e9 une invasion de mygales meurtri\u00e8res. Il s\u2019agit d\u2019un remake \u00e0 peine d\u00e9guis\u00e9 des <em>Oiseaux<\/em> d\u2019Hitchcock, chef-d\u2019\u0153uvre s\u00e9minal dont il reproduit in extenso la conclusion, avec aussi la reprise de l\u2019id\u00e9e de la jeune femme blonde, sophistiqu\u00e9e et citadine dont l\u2019arriv\u00e9e dans une petite communaut\u00e9 rurale co\u00efncide avec une vague de violence et de destruction<\/strong><\/p>\n<p><strong>L\u2019action se d\u00e9roule au Texas, o\u00f9 mygales anormalement venimeuses s\u2019attaquant d\u2019abord au b\u00e9tail de la r\u00e9gion, puis aux humains jusqu\u2019\u00e0 un final apocalyptique. Les raisons de cette invasion sont d\u2019ordre \u00e9cologique, et la responsabilit\u00e9 de pulv\u00e9risations insecticides rendant les araign\u00e9es plus r\u00e9sistantes est \u00e9voqu\u00e9 \u00e0 plusieurs reprises.<\/strong><\/p>\n<p><strong>Le film poss\u00e8de l\u2019avantage de ne pas souffrir d\u2019effets sp\u00e9ciaux ringards, au contraire de nombreuses bandes fantastiques \u00e0 petit budget, car les mygales \u00e0 l\u2019\u00e9cran sont toutes \u2013 ou presque &#8211; de vraies bestioles mises en contact avec des acteurs particuli\u00e8rement courageux, ce qui g\u00e9n\u00e8re des sc\u00e8nes tr\u00e8s r\u00e9alistes et v\u00e9ritablement angoissantes. La mise en sc\u00e8ne est fonctionnelle mais le film b\u00e9n\u00e9ficie de la pr\u00e9sence de William Shatner (<em>Star Trek<\/em>) dans le r\u00f4le du h\u00e9ros v\u00e9t\u00e9rinaire et surtout de Woody Strode, superbe acteur vu chez John Ford et bien d\u2019autres grands r\u00e9alisateurs, en \u00e9leveur victime des premi\u00e8res attaques des mygales.<\/strong><\/p>\n<p><strong>John \u00ab Bud \u00bb Cardos est une figure du cin\u00e9ma d&rsquo;exploitation am\u00e9ricain. R\u00e9alisateur, cascadeur, acteur et producteur, ce natif de Saint-Louis, Missouri, a sign\u00e9 une dizaine de films. Les plus connus sont <em>L&rsquo;Horrible Invasion<\/em>\u00a0et ses araign\u00e9es poilues\u00a0(de loin son meilleur long m\u00e9trage),\u00a0<em>La Nuit des extra-terrestres <\/em>et ses aliens en p\u00e2te \u00e0 modeler, <em>Outlaw of Gor<\/em>, une piteuse \u00ab\u00a0Heroic Fantasy\u00a0\u00bb\u00a0produite par la Cannon. Il a coproduit\u00a0<em>Le Mort-vivant <\/em>de Bob Clark et collabor\u00e9 en tant qu&rsquo;acteur ou cascadeur \u00e0 de nombreuses s\u00e9ries Z\u00a0de son ami Al Adamson.\u00a0On se souvient aussi de lui pour avoir remplac\u00e9 Tobe Hooper, d\u00e9barqu\u00e9 du tournage de\u00a0<em>The Dark<\/em>\u00a0en 1979 pour \u00ab\u00a0diff\u00e9rends artistiques\u00a0\u00bb avec la production.\u00a0<em>The Dark<\/em>\u00a0est un film d\u2019horreur au climat malsain dont\u00a0l&rsquo;\u00e9l\u00e9ment fantastique du sc\u00e9nario &#8211;\u00a0le tueur en s\u00e9rie qui s\u00e8me la terreur dans Los Angeles en d\u00e9capitant et\u00a0en\u00a0br\u00fblant ses\u00a0victimes est un extra-terrestre &#8211;\u00a0ait \u00e9t\u00e9 int\u00e9gr\u00e9 au sc\u00e9nario tr\u00e8s tardivement, voire apr\u00e8s le d\u00e9but des prises de vues.<\/strong><\/p>\n<p><strong><em>L&rsquo;Horrible Invasion<\/em> est disponible pour la premi\u00e8re fois en blu-ray, \u00e9dit\u00e9 par Sidonis<\/strong><\/p>\n<p><img decoding=\"async\" loading=\"lazy\" class=\"alignnone size-full wp-image-26138\" src=\"https:\/\/www.arte.tv\/sites\/olivierpere\/files\/a299202f0a76cb8eb57eb3a629d5b8d0.png\" alt=\"\" width=\"926\" height=\"926\" \/><\/p>\n<p><img decoding=\"async\" loading=\"lazy\" class=\"alignnone size-full wp-image-26137\" src=\"https:\/\/www.arte.tv\/sites\/olivierpere\/files\/a299202f0a76cb8eb57eb3a629d5b8d0-1.png\" alt=\"\" width=\"926\" height=\"926\" \/><\/p>\n<p>&nbsp;<\/p>\n","protected":false},"excerpt":{"rendered":"<p>Au fil de son histoire, le cin\u00e9ma fantastique s\u2019est enrichi d\u2019un bestiaire monstrueux, n\u00e9 de peurs ancestrales ou plus modernes.\u2026<\/p>\n","protected":false},"author":116,"featured_media":0,"comment_status":"open","ping_status":"open","sticky":false,"template":"","format":"standard","meta":[],"categories":[9],"tags":[],"yoast_head":"<!-- This site is optimized with the Yoast SEO plugin v20.8 - https:\/\/yoast.com\/wordpress\/plugins\/seo\/ -->\n<title>L\u2019Horrible Invasion de John \u00ab\u00a0Bud\u00a0\u00bb Cardos - Olivier P\u00e8re<\/title>\n<meta name=\"robots\" content=\"index, follow, max-snippet:-1, max-image-preview:large, max-video-preview:-1\" \/>\n<link rel=\"canonical\" href=\"https:\/\/www.arte.tv\/sites\/olivierpere\/2020\/10\/16\/lhorrible-invasion-de-john-bud-cardos\/\" \/>\n<meta property=\"og:locale\" content=\"fr_FR\" \/>\n<meta property=\"og:type\" content=\"article\" \/>\n<meta property=\"og:title\" content=\"L\u2019Horrible Invasion de John \u00ab\u00a0Bud\u00a0\u00bb Cardos - Olivier P\u00e8re\" \/>\n<meta property=\"og:description\" content=\"Au fil de son histoire, le cin\u00e9ma fantastique s\u2019est enrichi d\u2019un bestiaire monstrueux, n\u00e9 de peurs ancestrales ou plus modernes.\u2026\" \/>\n<meta property=\"og:url\" content=\"https:\/\/www.arte.tv\/sites\/olivierpere\/2020\/10\/16\/lhorrible-invasion-de-john-bud-cardos\/\" \/>\n<meta property=\"og:site_name\" content=\"Olivier P\u00e8re\" \/>\n<meta property=\"article:published_time\" content=\"2020-10-16T09:23:13+00:00\" \/>\n<meta property=\"article:modified_time\" content=\"2020-11-01T09:28:35+00:00\" \/>\n<meta property=\"og:image\" content=\"https:\/\/www.arte.tv\/sites\/olivierpere\/files\/a299202f0a76cb8eb57eb3a629d5b8d0.png\" \/>\n<meta name=\"author\" content=\"Olivier P\u00e8re\" \/>\n<meta name=\"twitter:label1\" content=\"\u00c9crit par\" \/>\n\t<meta name=\"twitter:data1\" content=\"Olivier P\u00e8re\" \/>\n\t<meta name=\"twitter:label2\" content=\"Dur\u00e9e de lecture estim\u00e9e\" \/>\n\t<meta name=\"twitter:data2\" content=\"3 minutes\" \/>\n<script type=\"application\/ld+json\" class=\"yoast-schema-graph\">{\"@context\":\"https:\/\/schema.org\",\"@graph\":[{\"@type\":\"WebPage\",\"@id\":\"https:\/\/www.arte.tv\/sites\/olivierpere\/2020\/10\/16\/lhorrible-invasion-de-john-bud-cardos\/\",\"url\":\"https:\/\/www.arte.tv\/sites\/olivierpere\/2020\/10\/16\/lhorrible-invasion-de-john-bud-cardos\/\",\"name\":\"L\u2019Horrible Invasion de John \u00ab\u00a0Bud\u00a0\u00bb Cardos - Olivier P\u00e8re\",\"isPartOf\":{\"@id\":\"https:\/\/www.arte.tv\/sites\/olivierpere\/#website\"},\"datePublished\":\"2020-10-16T09:23:13+00:00\",\"dateModified\":\"2020-11-01T09:28:35+00:00\",\"author\":{\"@id\":\"https:\/\/www.arte.tv\/sites\/olivierpere\/#\/schema\/person\/dc32cd6c79be95e52d43b97a74182558\"},\"breadcrumb\":{\"@id\":\"https:\/\/www.arte.tv\/sites\/olivierpere\/2020\/10\/16\/lhorrible-invasion-de-john-bud-cardos\/#breadcrumb\"},\"inLanguage\":\"fr-FR\",\"potentialAction\":[{\"@type\":\"ReadAction\",\"target\":[\"https:\/\/www.arte.tv\/sites\/olivierpere\/2020\/10\/16\/lhorrible-invasion-de-john-bud-cardos\/\"]}]},{\"@type\":\"BreadcrumbList\",\"@id\":\"https:\/\/www.arte.tv\/sites\/olivierpere\/2020\/10\/16\/lhorrible-invasion-de-john-bud-cardos\/#breadcrumb\",\"itemListElement\":[{\"@type\":\"ListItem\",\"position\":1,\"name\":\"Home\",\"item\":\"https:\/\/www.arte.tv\/sites\/olivierpere\/\"},{\"@type\":\"ListItem\",\"position\":2,\"name\":\"L\u2019Horrible Invasion de John \u00ab\u00a0Bud\u00a0\u00bb Cardos\"}]},{\"@type\":\"WebSite\",\"@id\":\"https:\/\/www.arte.tv\/sites\/olivierpere\/#website\",\"url\":\"https:\/\/www.arte.tv\/sites\/olivierpere\/\",\"name\":\"Olivier P\u00e8re\",\"description\":\"\",\"potentialAction\":[{\"@type\":\"SearchAction\",\"target\":{\"@type\":\"EntryPoint\",\"urlTemplate\":\"https:\/\/www.arte.tv\/sites\/olivierpere\/?s={search_term_string}\"},\"query-input\":\"required name=search_term_string\"}],\"inLanguage\":\"fr-FR\"},{\"@type\":\"Person\",\"@id\":\"https:\/\/www.arte.tv\/sites\/olivierpere\/#\/schema\/person\/dc32cd6c79be95e52d43b97a74182558\",\"name\":\"Olivier P\u00e8re\",\"image\":{\"@type\":\"ImageObject\",\"inLanguage\":\"fr-FR\",\"@id\":\"https:\/\/www.arte.tv\/sites\/olivierpere\/#\/schema\/person\/image\/\",\"url\":\"https:\/\/secure.gravatar.com\/avatar\/bdea7b6a2c195e2c41772429a9694758?s=96&d=mm&r=g\",\"contentUrl\":\"https:\/\/secure.gravatar.com\/avatar\/bdea7b6a2c195e2c41772429a9694758?s=96&d=mm&r=g\",\"caption\":\"Olivier P\u00e8re\"},\"url\":\"https:\/\/www.arte.tv\/sites\/olivierpere\/author\/pereolivier\/\"}]}<\/script>\n<!-- \/ Yoast SEO plugin. -->","yoast_head_json":{"title":"L\u2019Horrible Invasion de John \u00ab\u00a0Bud\u00a0\u00bb Cardos - Olivier P\u00e8re","robots":{"index":"index","follow":"follow","max-snippet":"max-snippet:-1","max-image-preview":"max-image-preview:large","max-video-preview":"max-video-preview:-1"},"canonical":"https:\/\/www.arte.tv\/sites\/olivierpere\/2020\/10\/16\/lhorrible-invasion-de-john-bud-cardos\/","og_locale":"fr_FR","og_type":"article","og_title":"L\u2019Horrible Invasion de John \u00ab\u00a0Bud\u00a0\u00bb Cardos - Olivier P\u00e8re","og_description":"Au fil de son histoire, le cin\u00e9ma fantastique s\u2019est enrichi d\u2019un bestiaire monstrueux, n\u00e9 de peurs ancestrales ou plus modernes.\u2026","og_url":"https:\/\/www.arte.tv\/sites\/olivierpere\/2020\/10\/16\/lhorrible-invasion-de-john-bud-cardos\/","og_site_name":"Olivier P\u00e8re","article_published_time":"2020-10-16T09:23:13+00:00","article_modified_time":"2020-11-01T09:28:35+00:00","og_image":[{"url":"https:\/\/www.arte.tv\/sites\/olivierpere\/files\/a299202f0a76cb8eb57eb3a629d5b8d0.png"}],"author":"Olivier P\u00e8re","twitter_misc":{"\u00c9crit par":"Olivier P\u00e8re","Dur\u00e9e de lecture estim\u00e9e":"3 minutes"},"schema":{"@context":"https:\/\/schema.org","@graph":[{"@type":"WebPage","@id":"https:\/\/www.arte.tv\/sites\/olivierpere\/2020\/10\/16\/lhorrible-invasion-de-john-bud-cardos\/","url":"https:\/\/www.arte.tv\/sites\/olivierpere\/2020\/10\/16\/lhorrible-invasion-de-john-bud-cardos\/","name":"L\u2019Horrible Invasion de John \u00ab\u00a0Bud\u00a0\u00bb Cardos - Olivier P\u00e8re","isPartOf":{"@id":"https:\/\/www.arte.tv\/sites\/olivierpere\/#website"},"datePublished":"2020-10-16T09:23:13+00:00","dateModified":"2020-11-01T09:28:35+00:00","author":{"@id":"https:\/\/www.arte.tv\/sites\/olivierpere\/#\/schema\/person\/dc32cd6c79be95e52d43b97a74182558"},"breadcrumb":{"@id":"https:\/\/www.arte.tv\/sites\/olivierpere\/2020\/10\/16\/lhorrible-invasion-de-john-bud-cardos\/#breadcrumb"},"inLanguage":"fr-FR","potentialAction":[{"@type":"ReadAction","target":["https:\/\/www.arte.tv\/sites\/olivierpere\/2020\/10\/16\/lhorrible-invasion-de-john-bud-cardos\/"]}]},{"@type":"BreadcrumbList","@id":"https:\/\/www.arte.tv\/sites\/olivierpere\/2020\/10\/16\/lhorrible-invasion-de-john-bud-cardos\/#breadcrumb","itemListElement":[{"@type":"ListItem","position":1,"name":"Home","item":"https:\/\/www.arte.tv\/sites\/olivierpere\/"},{"@type":"ListItem","position":2,"name":"L\u2019Horrible Invasion de John \u00ab\u00a0Bud\u00a0\u00bb Cardos"}]},{"@type":"WebSite","@id":"https:\/\/www.arte.tv\/sites\/olivierpere\/#website","url":"https:\/\/www.arte.tv\/sites\/olivierpere\/","name":"Olivier P\u00e8re","description":"","potentialAction":[{"@type":"SearchAction","target":{"@type":"EntryPoint","urlTemplate":"https:\/\/www.arte.tv\/sites\/olivierpere\/?s={search_term_string}"},"query-input":"required name=search_term_string"}],"inLanguage":"fr-FR"},{"@type":"Person","@id":"https:\/\/www.arte.tv\/sites\/olivierpere\/#\/schema\/person\/dc32cd6c79be95e52d43b97a74182558","name":"Olivier P\u00e8re","image":{"@type":"ImageObject","inLanguage":"fr-FR","@id":"https:\/\/www.arte.tv\/sites\/olivierpere\/#\/schema\/person\/image\/","url":"https:\/\/secure.gravatar.com\/avatar\/bdea7b6a2c195e2c41772429a9694758?s=96&d=mm&r=g","contentUrl":"https:\/\/secure.gravatar.com\/avatar\/bdea7b6a2c195e2c41772429a9694758?s=96&d=mm&r=g","caption":"Olivier P\u00e8re"},"url":"https:\/\/www.arte.tv\/sites\/olivierpere\/author\/pereolivier\/"}]}},"_links":{"self":[{"href":"https:\/\/www.arte.tv\/sites\/olivierpere\/wp-json\/wp\/v2\/posts\/26136"}],"collection":[{"href":"https:\/\/www.arte.tv\/sites\/olivierpere\/wp-json\/wp\/v2\/posts"}],"about":[{"href":"https:\/\/www.arte.tv\/sites\/olivierpere\/wp-json\/wp\/v2\/types\/post"}],"author":[{"embeddable":true,"href":"https:\/\/www.arte.tv\/sites\/olivierpere\/wp-json\/wp\/v2\/users\/116"}],"replies":[{"embeddable":true,"href":"https:\/\/www.arte.tv\/sites\/olivierpere\/wp-json\/wp\/v2\/comments?post=26136"}],"version-history":[{"count":2,"href":"https:\/\/www.arte.tv\/sites\/olivierpere\/wp-json\/wp\/v2\/posts\/26136\/revisions"}],"predecessor-version":[{"id":26140,"href":"https:\/\/www.arte.tv\/sites\/olivierpere\/wp-json\/wp\/v2\/posts\/26136\/revisions\/26140"}],"wp:attachment":[{"href":"https:\/\/www.arte.tv\/sites\/olivierpere\/wp-json\/wp\/v2\/media?parent=26136"}],"wp:term":[{"taxonomy":"category","embeddable":true,"href":"https:\/\/www.arte.tv\/sites\/olivierpere\/wp-json\/wp\/v2\/categories?post=26136"},{"taxonomy":"post_tag","embeddable":true,"href":"https:\/\/www.arte.tv\/sites\/olivierpere\/wp-json\/wp\/v2\/tags?post=26136"}],"curies":[{"name":"wp","href":"https:\/\/api.w.org\/{rel}","templated":true}]}}