{"id":26134,"date":"2020-10-15T10:12:15","date_gmt":"2020-10-15T09:12:15","guid":{"rendered":"https:\/\/www.arte.tv\/sites\/olivierpere\/?p=26134"},"modified":"2020-11-01T10:12:52","modified_gmt":"2020-11-01T09:12:52","slug":"lechange-de-clint-eastwood","status":"publish","type":"post","link":"https:\/\/www.arte.tv\/sites\/olivierpere\/2020\/10\/15\/lechange-de-clint-eastwood\/","title":{"rendered":"L\u2019\u00c9change de Clint Eastwood"},"content":{"rendered":"<p><strong>ARTE diffuse <em>L\u2019\u00c9change<\/em> (<em>Changeling<\/em>) dimanche 22 novembre \u00e0 20h55<\/strong><\/p>\n<p><strong>Sorti en 2008, apr\u00e8s sa pr\u00e9sentation en comp\u00e9tition au Festival de Cannes, le vingt-huiti\u00e8me film de Clint Eastwood s\u2019inspire de faits r\u00e9els qui se sont d\u00e9roul\u00e9s en 1928 \u00e0 Los Angeles. Christine Collins est m\u00e8re c\u00e9libataire et op\u00e9ratrice t\u00e9l\u00e9phonique. Un apr\u00e8s-midi o\u00f9 elle a d\u00fb partir de chez elle pour faire des heures suppl\u00e9mentaires, son fils unique, \u00e2g\u00e9 de neuf ans, disparait. Christine Collins alerte la police et multiplie les d\u00e9marches pour le retrouver, en vain. Quelques mois plus tard, le LAPD lui restitue un enfant, mais ce n\u2019est pas le sien. S\u2019ensuit un v\u00e9ritable calvaire pour la jeune femme, intern\u00e9e de force dans un h\u00f4pital psychiatrique parce qu\u2019elle ose contredire la police, embarrass\u00e9e par une enqu\u00eate b\u00e2cl\u00e9e. <em>L\u2019\u00c9change<\/em> d\u00e9nonce la corruption de la hi\u00e9rarchie politique et polici\u00e8re de la ville. La police y agit comme une puissance despotique et tentaculaire, dont les exc\u00e8s r\u00e9pressifs visent \u00e0 supprimer non pas le crime mais la concurrence et toute forme d\u2019opposition. Le courageux combat de Christine Collins pour faire \u00e9clater la v\u00e9rit\u00e9 n\u2019en apparait que plus admirable. Au travers du personnage de Christine Collins, remarquablement interpr\u00e9t\u00e9 par Angelina Jolie, Eastwood glorifie la r\u00e9sistance f\u00e9minine dans un monde domin\u00e9 par le sexisme. L\u2019internement forc\u00e9 \u00e9tait alors pratique courante dans certains \u00e9tats pour r\u00e9duire au silence et \u00e0 l\u2019impuissance les prostitu\u00e9es ou les \u00e9pouses d\u00e9sob\u00e9issantes. Le cin\u00e9aste a souvent critiqu\u00e9 les institutions et donn\u00e9 la part belle \u00e0 des femme fortes dans ses films. Ces deux \u00e9l\u00e9ments constituent le c\u0153ur du r\u00e9cit de <em>L\u2019\u00c9change<\/em>. Il existe une troisi\u00e8me raison, sans doute la plus personnelle, qui permet de classe le film parmi les titres importants dans la carri\u00e8re d\u2019Eastwood. <em>L\u2019\u00c9change<\/em> s\u2019inscrit dans la lign\u00e9e d\u2019<em>Un monde parfait<\/em> et de <em>Mystic River<\/em>. Le cin\u00e9aste y aborde une nouvelle fois le th\u00e8me de l\u2019enfance pervertie et confront\u00e9e \u00e0 la violence, une mani\u00e8re pour lui de s\u2019interroger sur la part d\u2019ombre de l\u2019humanit\u00e9.<\/strong><\/p>\n<p><strong>\u00a0<\/strong><\/p>\n<p>&nbsp;<\/p>\n","protected":false},"excerpt":{"rendered":"<p>ARTE diffuse L\u2019\u00c9change (Changeling) dimanche 22 novembre \u00e0 20h55 Sorti en 2008, apr\u00e8s sa pr\u00e9sentation en comp\u00e9tition au Festival de\u2026<\/p>\n","protected":false},"author":116,"featured_media":0,"comment_status":"open","ping_status":"open","sticky":false,"template":"","format":"standard","meta":[],"categories":[8],"tags":[],"yoast_head":"<!-- This site is optimized with the Yoast SEO plugin v20.8 - https:\/\/yoast.com\/wordpress\/plugins\/seo\/ -->\n<title>L\u2019\u00c9change de Clint Eastwood - Olivier P\u00e8re<\/title>\n<meta name=\"robots\" content=\"index, follow, max-snippet:-1, max-image-preview:large, max-video-preview:-1\" \/>\n<link rel=\"canonical\" href=\"https:\/\/www.arte.tv\/sites\/olivierpere\/2020\/10\/15\/lechange-de-clint-eastwood\/\" \/>\n<meta property=\"og:locale\" content=\"fr_FR\" \/>\n<meta property=\"og:type\" content=\"article\" \/>\n<meta property=\"og:title\" content=\"L\u2019\u00c9change de Clint Eastwood - Olivier P\u00e8re\" \/>\n<meta property=\"og:description\" content=\"ARTE diffuse L\u2019\u00c9change (Changeling) dimanche 22 novembre \u00e0 20h55 Sorti en 2008, apr\u00e8s sa pr\u00e9sentation en comp\u00e9tition au Festival de\u2026\" \/>\n<meta property=\"og:url\" content=\"https:\/\/www.arte.tv\/sites\/olivierpere\/2020\/10\/15\/lechange-de-clint-eastwood\/\" \/>\n<meta property=\"og:site_name\" content=\"Olivier P\u00e8re\" \/>\n<meta property=\"article:published_time\" content=\"2020-10-15T09:12:15+00:00\" \/>\n<meta property=\"article:modified_time\" content=\"2020-11-01T09:12:52+00:00\" \/>\n<meta name=\"author\" content=\"Olivier P\u00e8re\" \/>\n<meta name=\"twitter:label1\" content=\"\u00c9crit par\" \/>\n\t<meta name=\"twitter:data1\" content=\"Olivier P\u00e8re\" \/>\n\t<meta name=\"twitter:label2\" content=\"Dur\u00e9e de lecture estim\u00e9e\" \/>\n\t<meta name=\"twitter:data2\" content=\"2 minutes\" \/>\n<script type=\"application\/ld+json\" class=\"yoast-schema-graph\">{\"@context\":\"https:\/\/schema.org\",\"@graph\":[{\"@type\":\"WebPage\",\"@id\":\"https:\/\/www.arte.tv\/sites\/olivierpere\/2020\/10\/15\/lechange-de-clint-eastwood\/\",\"url\":\"https:\/\/www.arte.tv\/sites\/olivierpere\/2020\/10\/15\/lechange-de-clint-eastwood\/\",\"name\":\"L\u2019\u00c9change de Clint Eastwood - Olivier P\u00e8re\",\"isPartOf\":{\"@id\":\"https:\/\/www.arte.tv\/sites\/olivierpere\/#website\"},\"datePublished\":\"2020-10-15T09:12:15+00:00\",\"dateModified\":\"2020-11-01T09:12:52+00:00\",\"author\":{\"@id\":\"https:\/\/www.arte.tv\/sites\/olivierpere\/#\/schema\/person\/dc32cd6c79be95e52d43b97a74182558\"},\"breadcrumb\":{\"@id\":\"https:\/\/www.arte.tv\/sites\/olivierpere\/2020\/10\/15\/lechange-de-clint-eastwood\/#breadcrumb\"},\"inLanguage\":\"fr-FR\",\"potentialAction\":[{\"@type\":\"ReadAction\",\"target\":[\"https:\/\/www.arte.tv\/sites\/olivierpere\/2020\/10\/15\/lechange-de-clint-eastwood\/\"]}]},{\"@type\":\"BreadcrumbList\",\"@id\":\"https:\/\/www.arte.tv\/sites\/olivierpere\/2020\/10\/15\/lechange-de-clint-eastwood\/#breadcrumb\",\"itemListElement\":[{\"@type\":\"ListItem\",\"position\":1,\"name\":\"Home\",\"item\":\"https:\/\/www.arte.tv\/sites\/olivierpere\/\"},{\"@type\":\"ListItem\",\"position\":2,\"name\":\"L\u2019\u00c9change de Clint Eastwood\"}]},{\"@type\":\"WebSite\",\"@id\":\"https:\/\/www.arte.tv\/sites\/olivierpere\/#website\",\"url\":\"https:\/\/www.arte.tv\/sites\/olivierpere\/\",\"name\":\"Olivier P\u00e8re\",\"description\":\"\",\"potentialAction\":[{\"@type\":\"SearchAction\",\"target\":{\"@type\":\"EntryPoint\",\"urlTemplate\":\"https:\/\/www.arte.tv\/sites\/olivierpere\/?s={search_term_string}\"},\"query-input\":\"required name=search_term_string\"}],\"inLanguage\":\"fr-FR\"},{\"@type\":\"Person\",\"@id\":\"https:\/\/www.arte.tv\/sites\/olivierpere\/#\/schema\/person\/dc32cd6c79be95e52d43b97a74182558\",\"name\":\"Olivier P\u00e8re\",\"image\":{\"@type\":\"ImageObject\",\"inLanguage\":\"fr-FR\",\"@id\":\"https:\/\/www.arte.tv\/sites\/olivierpere\/#\/schema\/person\/image\/\",\"url\":\"https:\/\/secure.gravatar.com\/avatar\/bdea7b6a2c195e2c41772429a9694758?s=96&d=mm&r=g\",\"contentUrl\":\"https:\/\/secure.gravatar.com\/avatar\/bdea7b6a2c195e2c41772429a9694758?s=96&d=mm&r=g\",\"caption\":\"Olivier P\u00e8re\"},\"url\":\"https:\/\/www.arte.tv\/sites\/olivierpere\/author\/pereolivier\/\"}]}<\/script>\n<!-- \/ Yoast SEO plugin. -->","yoast_head_json":{"title":"L\u2019\u00c9change de Clint Eastwood - Olivier P\u00e8re","robots":{"index":"index","follow":"follow","max-snippet":"max-snippet:-1","max-image-preview":"max-image-preview:large","max-video-preview":"max-video-preview:-1"},"canonical":"https:\/\/www.arte.tv\/sites\/olivierpere\/2020\/10\/15\/lechange-de-clint-eastwood\/","og_locale":"fr_FR","og_type":"article","og_title":"L\u2019\u00c9change de Clint Eastwood - Olivier P\u00e8re","og_description":"ARTE diffuse L\u2019\u00c9change (Changeling) dimanche 22 novembre \u00e0 20h55 Sorti en 2008, apr\u00e8s sa pr\u00e9sentation en comp\u00e9tition au Festival de\u2026","og_url":"https:\/\/www.arte.tv\/sites\/olivierpere\/2020\/10\/15\/lechange-de-clint-eastwood\/","og_site_name":"Olivier P\u00e8re","article_published_time":"2020-10-15T09:12:15+00:00","article_modified_time":"2020-11-01T09:12:52+00:00","author":"Olivier P\u00e8re","twitter_misc":{"\u00c9crit par":"Olivier P\u00e8re","Dur\u00e9e de lecture estim\u00e9e":"2 minutes"},"schema":{"@context":"https:\/\/schema.org","@graph":[{"@type":"WebPage","@id":"https:\/\/www.arte.tv\/sites\/olivierpere\/2020\/10\/15\/lechange-de-clint-eastwood\/","url":"https:\/\/www.arte.tv\/sites\/olivierpere\/2020\/10\/15\/lechange-de-clint-eastwood\/","name":"L\u2019\u00c9change de Clint Eastwood - Olivier P\u00e8re","isPartOf":{"@id":"https:\/\/www.arte.tv\/sites\/olivierpere\/#website"},"datePublished":"2020-10-15T09:12:15+00:00","dateModified":"2020-11-01T09:12:52+00:00","author":{"@id":"https:\/\/www.arte.tv\/sites\/olivierpere\/#\/schema\/person\/dc32cd6c79be95e52d43b97a74182558"},"breadcrumb":{"@id":"https:\/\/www.arte.tv\/sites\/olivierpere\/2020\/10\/15\/lechange-de-clint-eastwood\/#breadcrumb"},"inLanguage":"fr-FR","potentialAction":[{"@type":"ReadAction","target":["https:\/\/www.arte.tv\/sites\/olivierpere\/2020\/10\/15\/lechange-de-clint-eastwood\/"]}]},{"@type":"BreadcrumbList","@id":"https:\/\/www.arte.tv\/sites\/olivierpere\/2020\/10\/15\/lechange-de-clint-eastwood\/#breadcrumb","itemListElement":[{"@type":"ListItem","position":1,"name":"Home","item":"https:\/\/www.arte.tv\/sites\/olivierpere\/"},{"@type":"ListItem","position":2,"name":"L\u2019\u00c9change de Clint Eastwood"}]},{"@type":"WebSite","@id":"https:\/\/www.arte.tv\/sites\/olivierpere\/#website","url":"https:\/\/www.arte.tv\/sites\/olivierpere\/","name":"Olivier P\u00e8re","description":"","potentialAction":[{"@type":"SearchAction","target":{"@type":"EntryPoint","urlTemplate":"https:\/\/www.arte.tv\/sites\/olivierpere\/?s={search_term_string}"},"query-input":"required name=search_term_string"}],"inLanguage":"fr-FR"},{"@type":"Person","@id":"https:\/\/www.arte.tv\/sites\/olivierpere\/#\/schema\/person\/dc32cd6c79be95e52d43b97a74182558","name":"Olivier P\u00e8re","image":{"@type":"ImageObject","inLanguage":"fr-FR","@id":"https:\/\/www.arte.tv\/sites\/olivierpere\/#\/schema\/person\/image\/","url":"https:\/\/secure.gravatar.com\/avatar\/bdea7b6a2c195e2c41772429a9694758?s=96&d=mm&r=g","contentUrl":"https:\/\/secure.gravatar.com\/avatar\/bdea7b6a2c195e2c41772429a9694758?s=96&d=mm&r=g","caption":"Olivier P\u00e8re"},"url":"https:\/\/www.arte.tv\/sites\/olivierpere\/author\/pereolivier\/"}]}},"_links":{"self":[{"href":"https:\/\/www.arte.tv\/sites\/olivierpere\/wp-json\/wp\/v2\/posts\/26134"}],"collection":[{"href":"https:\/\/www.arte.tv\/sites\/olivierpere\/wp-json\/wp\/v2\/posts"}],"about":[{"href":"https:\/\/www.arte.tv\/sites\/olivierpere\/wp-json\/wp\/v2\/types\/post"}],"author":[{"embeddable":true,"href":"https:\/\/www.arte.tv\/sites\/olivierpere\/wp-json\/wp\/v2\/users\/116"}],"replies":[{"embeddable":true,"href":"https:\/\/www.arte.tv\/sites\/olivierpere\/wp-json\/wp\/v2\/comments?post=26134"}],"version-history":[{"count":1,"href":"https:\/\/www.arte.tv\/sites\/olivierpere\/wp-json\/wp\/v2\/posts\/26134\/revisions"}],"predecessor-version":[{"id":26135,"href":"https:\/\/www.arte.tv\/sites\/olivierpere\/wp-json\/wp\/v2\/posts\/26134\/revisions\/26135"}],"wp:attachment":[{"href":"https:\/\/www.arte.tv\/sites\/olivierpere\/wp-json\/wp\/v2\/media?parent=26134"}],"wp:term":[{"taxonomy":"category","embeddable":true,"href":"https:\/\/www.arte.tv\/sites\/olivierpere\/wp-json\/wp\/v2\/categories?post=26134"},{"taxonomy":"post_tag","embeddable":true,"href":"https:\/\/www.arte.tv\/sites\/olivierpere\/wp-json\/wp\/v2\/tags?post=26134"}],"curies":[{"name":"wp","href":"https:\/\/api.w.org\/{rel}","templated":true}]}}