{"id":26124,"date":"2020-10-13T10:25:16","date_gmt":"2020-10-13T09:25:16","guid":{"rendered":"https:\/\/www.arte.tv\/sites\/olivierpere\/?p=26124"},"modified":"2020-10-25T10:26:50","modified_gmt":"2020-10-25T09:26:50","slug":"la-priere-de-cedric-kahn","status":"publish","type":"post","link":"https:\/\/www.arte.tv\/sites\/olivierpere\/2020\/10\/13\/la-priere-de-cedric-kahn\/","title":{"rendered":"La Pri\u00e8re de C\u00e9dric Kahn"},"content":{"rendered":"<p><strong>Dans le cadre de son festival cin\u00e9ma \u00e0 l\u2019antenne, programm\u00e9 tous les deux ans pour donner un coup de projecteur aux coproductions r\u00e9centes de la cha\u00eene franco-allemande, ARTE diffuse <em>La Pri\u00e8re, <\/em>r\u00e9alis\u00e9 en 2018 par C\u00e9dric Kahn, mercredi 11 novembre \u00e0 20h55. Le film sera \u00e9galement disponible gratuitement du 4 au 17 novembre sur ARTE.tv.<\/strong> <strong>Thomas a 22 ans. Pour sortir de la d\u00e9pendance \u00e0 l\u2019h\u00e9ro\u00efne, il rejoint une communaut\u00e9\u0301 religieuse isol\u00e9e dans la montagne, loin des tentations de la ville et du monde moderne, et tenue par d\u2019anciens drogu\u00e9s qui se soignent par la pri\u00e8re. Il va y d\u00e9couvrir l\u2019amiti\u00e9\u0301, le travail, l\u2019amour et la foi\u2026 Le film de C\u00e9dric Kahn, tr\u00e8s document\u00e9 et m\u00fbri pendant de longues ann\u00e9es, s\u2019inspire des t\u00e9moignages de jeunes toxicomanes qui ont v\u00e9cu l\u2019exp\u00e9rience de son h\u00e9ros. M\u00eame s\u2019il est amen\u00e9 \u00e0 filmer un miracle, C\u00e9dric Kahn n\u2019entend pas r\u00e9aliser un film religieux.<\/strong> <strong><em>La Pri\u00e8re<\/em> met en sc\u00e8ne un personnage agnostique, qui va finalement \u00eatre touch\u00e9 par la gr\u00e2ce. Sa rencontre avec la foi va haut-del\u00e0 de la religion. La question du choix est toujours au centre du film, dont le vrai sujet est la reconstruction du lien avec les autres et avec soi-m\u00eame. C\u2019est la raison pour laquelle l\u2019incarnation est centrale dans l\u2019approche cin\u00e9matographique de Kahn, moins int\u00e9ress\u00e9 par la transcendance et la spiritualit\u00e9 que par les \u00e9lans du corps et le rapport \u00e0 la nature, qui prodigue apaisement et gu\u00e9rison.<\/strong> <strong>Ce beau film marque un retour aux sources pour C\u00e9dric Kahn, qui renoue avec le regard naturaliste de ses d\u00e9buts et son d\u00e9sir de diriger des adolescents et des com\u00e9diens non professionnels, comme dans <em>Trop de bonheur<\/em> (1994). Anthony Bajon, dans le r\u00f4le principal, est une r\u00e9v\u00e9lation. Son interpr\u00e9tation, pleine de candeur et d\u2019\u00e9motion, lui a valu l\u2019ours d\u2019argent du meilleur acteur au Festival de Berlin.<\/strong><\/p>\n<p><img decoding=\"async\" loading=\"lazy\" class=\"alignnone size-full wp-image-26125\" src=\"https:\/\/www.arte.tv\/sites\/olivierpere\/files\/0253908.jpg\" alt=\"\" width=\"1200\" height=\"1600\" \/> \u00a0<\/p>\n","protected":false},"excerpt":{"rendered":"<p>Dans le cadre de son festival cin\u00e9ma \u00e0 l\u2019antenne, programm\u00e9 tous les deux ans pour donner un coup de projecteur\u2026<\/p>\n","protected":false},"author":116,"featured_media":0,"comment_status":"open","ping_status":"open","sticky":false,"template":"","format":"standard","meta":[],"categories":[6,8],"tags":[],"yoast_head":"<!-- This site is optimized with the Yoast SEO plugin v20.8 - https:\/\/yoast.com\/wordpress\/plugins\/seo\/ -->\n<title>La Pri\u00e8re de C\u00e9dric Kahn - Olivier P\u00e8re<\/title>\n<meta name=\"robots\" content=\"index, follow, max-snippet:-1, max-image-preview:large, max-video-preview:-1\" \/>\n<link rel=\"canonical\" href=\"https:\/\/www.arte.tv\/sites\/olivierpere\/2020\/10\/13\/la-priere-de-cedric-kahn\/\" \/>\n<meta property=\"og:locale\" content=\"fr_FR\" \/>\n<meta property=\"og:type\" content=\"article\" \/>\n<meta property=\"og:title\" content=\"La Pri\u00e8re de C\u00e9dric Kahn - Olivier P\u00e8re\" \/>\n<meta property=\"og:description\" content=\"Dans le cadre de son festival cin\u00e9ma \u00e0 l\u2019antenne, programm\u00e9 tous les deux ans pour donner un coup de projecteur\u2026\" \/>\n<meta property=\"og:url\" content=\"https:\/\/www.arte.tv\/sites\/olivierpere\/2020\/10\/13\/la-priere-de-cedric-kahn\/\" \/>\n<meta property=\"og:site_name\" content=\"Olivier P\u00e8re\" \/>\n<meta property=\"article:published_time\" content=\"2020-10-13T09:25:16+00:00\" \/>\n<meta property=\"article:modified_time\" content=\"2020-10-25T09:26:50+00:00\" \/>\n<meta property=\"og:image\" content=\"https:\/\/www.arte.tv\/sites\/olivierpere\/files\/0253908.jpg\" \/>\n<meta name=\"author\" content=\"Olivier P\u00e8re\" \/>\n<meta name=\"twitter:label1\" content=\"\u00c9crit par\" \/>\n\t<meta name=\"twitter:data1\" content=\"Olivier P\u00e8re\" \/>\n\t<meta name=\"twitter:label2\" content=\"Dur\u00e9e de lecture estim\u00e9e\" \/>\n\t<meta name=\"twitter:data2\" content=\"2 minutes\" \/>\n<script type=\"application\/ld+json\" class=\"yoast-schema-graph\">{\"@context\":\"https:\/\/schema.org\",\"@graph\":[{\"@type\":\"WebPage\",\"@id\":\"https:\/\/www.arte.tv\/sites\/olivierpere\/2020\/10\/13\/la-priere-de-cedric-kahn\/\",\"url\":\"https:\/\/www.arte.tv\/sites\/olivierpere\/2020\/10\/13\/la-priere-de-cedric-kahn\/\",\"name\":\"La Pri\u00e8re de C\u00e9dric Kahn - Olivier P\u00e8re\",\"isPartOf\":{\"@id\":\"https:\/\/www.arte.tv\/sites\/olivierpere\/#website\"},\"datePublished\":\"2020-10-13T09:25:16+00:00\",\"dateModified\":\"2020-10-25T09:26:50+00:00\",\"author\":{\"@id\":\"https:\/\/www.arte.tv\/sites\/olivierpere\/#\/schema\/person\/dc32cd6c79be95e52d43b97a74182558\"},\"breadcrumb\":{\"@id\":\"https:\/\/www.arte.tv\/sites\/olivierpere\/2020\/10\/13\/la-priere-de-cedric-kahn\/#breadcrumb\"},\"inLanguage\":\"fr-FR\",\"potentialAction\":[{\"@type\":\"ReadAction\",\"target\":[\"https:\/\/www.arte.tv\/sites\/olivierpere\/2020\/10\/13\/la-priere-de-cedric-kahn\/\"]}]},{\"@type\":\"BreadcrumbList\",\"@id\":\"https:\/\/www.arte.tv\/sites\/olivierpere\/2020\/10\/13\/la-priere-de-cedric-kahn\/#breadcrumb\",\"itemListElement\":[{\"@type\":\"ListItem\",\"position\":1,\"name\":\"Home\",\"item\":\"https:\/\/www.arte.tv\/sites\/olivierpere\/\"},{\"@type\":\"ListItem\",\"position\":2,\"name\":\"La Pri\u00e8re de C\u00e9dric Kahn\"}]},{\"@type\":\"WebSite\",\"@id\":\"https:\/\/www.arte.tv\/sites\/olivierpere\/#website\",\"url\":\"https:\/\/www.arte.tv\/sites\/olivierpere\/\",\"name\":\"Olivier P\u00e8re\",\"description\":\"\",\"potentialAction\":[{\"@type\":\"SearchAction\",\"target\":{\"@type\":\"EntryPoint\",\"urlTemplate\":\"https:\/\/www.arte.tv\/sites\/olivierpere\/?s={search_term_string}\"},\"query-input\":\"required name=search_term_string\"}],\"inLanguage\":\"fr-FR\"},{\"@type\":\"Person\",\"@id\":\"https:\/\/www.arte.tv\/sites\/olivierpere\/#\/schema\/person\/dc32cd6c79be95e52d43b97a74182558\",\"name\":\"Olivier P\u00e8re\",\"image\":{\"@type\":\"ImageObject\",\"inLanguage\":\"fr-FR\",\"@id\":\"https:\/\/www.arte.tv\/sites\/olivierpere\/#\/schema\/person\/image\/\",\"url\":\"https:\/\/secure.gravatar.com\/avatar\/bdea7b6a2c195e2c41772429a9694758?s=96&d=mm&r=g\",\"contentUrl\":\"https:\/\/secure.gravatar.com\/avatar\/bdea7b6a2c195e2c41772429a9694758?s=96&d=mm&r=g\",\"caption\":\"Olivier P\u00e8re\"},\"url\":\"https:\/\/www.arte.tv\/sites\/olivierpere\/author\/pereolivier\/\"}]}<\/script>\n<!-- \/ Yoast SEO plugin. -->","yoast_head_json":{"title":"La Pri\u00e8re de C\u00e9dric Kahn - Olivier P\u00e8re","robots":{"index":"index","follow":"follow","max-snippet":"max-snippet:-1","max-image-preview":"max-image-preview:large","max-video-preview":"max-video-preview:-1"},"canonical":"https:\/\/www.arte.tv\/sites\/olivierpere\/2020\/10\/13\/la-priere-de-cedric-kahn\/","og_locale":"fr_FR","og_type":"article","og_title":"La Pri\u00e8re de C\u00e9dric Kahn - Olivier P\u00e8re","og_description":"Dans le cadre de son festival cin\u00e9ma \u00e0 l\u2019antenne, programm\u00e9 tous les deux ans pour donner un coup de projecteur\u2026","og_url":"https:\/\/www.arte.tv\/sites\/olivierpere\/2020\/10\/13\/la-priere-de-cedric-kahn\/","og_site_name":"Olivier P\u00e8re","article_published_time":"2020-10-13T09:25:16+00:00","article_modified_time":"2020-10-25T09:26:50+00:00","og_image":[{"url":"https:\/\/www.arte.tv\/sites\/olivierpere\/files\/0253908.jpg"}],"author":"Olivier P\u00e8re","twitter_misc":{"\u00c9crit par":"Olivier P\u00e8re","Dur\u00e9e de lecture estim\u00e9e":"2 minutes"},"schema":{"@context":"https:\/\/schema.org","@graph":[{"@type":"WebPage","@id":"https:\/\/www.arte.tv\/sites\/olivierpere\/2020\/10\/13\/la-priere-de-cedric-kahn\/","url":"https:\/\/www.arte.tv\/sites\/olivierpere\/2020\/10\/13\/la-priere-de-cedric-kahn\/","name":"La Pri\u00e8re de C\u00e9dric Kahn - Olivier P\u00e8re","isPartOf":{"@id":"https:\/\/www.arte.tv\/sites\/olivierpere\/#website"},"datePublished":"2020-10-13T09:25:16+00:00","dateModified":"2020-10-25T09:26:50+00:00","author":{"@id":"https:\/\/www.arte.tv\/sites\/olivierpere\/#\/schema\/person\/dc32cd6c79be95e52d43b97a74182558"},"breadcrumb":{"@id":"https:\/\/www.arte.tv\/sites\/olivierpere\/2020\/10\/13\/la-priere-de-cedric-kahn\/#breadcrumb"},"inLanguage":"fr-FR","potentialAction":[{"@type":"ReadAction","target":["https:\/\/www.arte.tv\/sites\/olivierpere\/2020\/10\/13\/la-priere-de-cedric-kahn\/"]}]},{"@type":"BreadcrumbList","@id":"https:\/\/www.arte.tv\/sites\/olivierpere\/2020\/10\/13\/la-priere-de-cedric-kahn\/#breadcrumb","itemListElement":[{"@type":"ListItem","position":1,"name":"Home","item":"https:\/\/www.arte.tv\/sites\/olivierpere\/"},{"@type":"ListItem","position":2,"name":"La Pri\u00e8re de C\u00e9dric Kahn"}]},{"@type":"WebSite","@id":"https:\/\/www.arte.tv\/sites\/olivierpere\/#website","url":"https:\/\/www.arte.tv\/sites\/olivierpere\/","name":"Olivier P\u00e8re","description":"","potentialAction":[{"@type":"SearchAction","target":{"@type":"EntryPoint","urlTemplate":"https:\/\/www.arte.tv\/sites\/olivierpere\/?s={search_term_string}"},"query-input":"required name=search_term_string"}],"inLanguage":"fr-FR"},{"@type":"Person","@id":"https:\/\/www.arte.tv\/sites\/olivierpere\/#\/schema\/person\/dc32cd6c79be95e52d43b97a74182558","name":"Olivier P\u00e8re","image":{"@type":"ImageObject","inLanguage":"fr-FR","@id":"https:\/\/www.arte.tv\/sites\/olivierpere\/#\/schema\/person\/image\/","url":"https:\/\/secure.gravatar.com\/avatar\/bdea7b6a2c195e2c41772429a9694758?s=96&d=mm&r=g","contentUrl":"https:\/\/secure.gravatar.com\/avatar\/bdea7b6a2c195e2c41772429a9694758?s=96&d=mm&r=g","caption":"Olivier P\u00e8re"},"url":"https:\/\/www.arte.tv\/sites\/olivierpere\/author\/pereolivier\/"}]}},"_links":{"self":[{"href":"https:\/\/www.arte.tv\/sites\/olivierpere\/wp-json\/wp\/v2\/posts\/26124"}],"collection":[{"href":"https:\/\/www.arte.tv\/sites\/olivierpere\/wp-json\/wp\/v2\/posts"}],"about":[{"href":"https:\/\/www.arte.tv\/sites\/olivierpere\/wp-json\/wp\/v2\/types\/post"}],"author":[{"embeddable":true,"href":"https:\/\/www.arte.tv\/sites\/olivierpere\/wp-json\/wp\/v2\/users\/116"}],"replies":[{"embeddable":true,"href":"https:\/\/www.arte.tv\/sites\/olivierpere\/wp-json\/wp\/v2\/comments?post=26124"}],"version-history":[{"count":2,"href":"https:\/\/www.arte.tv\/sites\/olivierpere\/wp-json\/wp\/v2\/posts\/26124\/revisions"}],"predecessor-version":[{"id":26127,"href":"https:\/\/www.arte.tv\/sites\/olivierpere\/wp-json\/wp\/v2\/posts\/26124\/revisions\/26127"}],"wp:attachment":[{"href":"https:\/\/www.arte.tv\/sites\/olivierpere\/wp-json\/wp\/v2\/media?parent=26124"}],"wp:term":[{"taxonomy":"category","embeddable":true,"href":"https:\/\/www.arte.tv\/sites\/olivierpere\/wp-json\/wp\/v2\/categories?post=26124"},{"taxonomy":"post_tag","embeddable":true,"href":"https:\/\/www.arte.tv\/sites\/olivierpere\/wp-json\/wp\/v2\/tags?post=26124"}],"curies":[{"name":"wp","href":"https:\/\/api.w.org\/{rel}","templated":true}]}}