{"id":26106,"date":"2020-10-09T14:58:41","date_gmt":"2020-10-09T13:58:41","guid":{"rendered":"https:\/\/www.arte.tv\/sites\/olivierpere\/?p=26106"},"modified":"2020-10-19T15:07:17","modified_gmt":"2020-10-19T14:07:17","slug":"opera-de-dario-argento-2","status":"publish","type":"post","link":"https:\/\/www.arte.tv\/sites\/olivierpere\/2020\/10\/09\/opera-de-dario-argento-2\/","title":{"rendered":"Opera de Dario Argento"},"content":{"rendered":"<p><strong>Dans le cadre d&rsquo;une programmation sp\u00e9ciale consacr\u00e9e au cin\u00e9ma fantastique, \u00e0 l&rsquo;approche d&rsquo;Halloween, ARTE diffuse <em>Opera<\/em> (1987) de Dario Argento, pr\u00e9sent\u00e9 dans sa version originale et int\u00e9grale, jeudi 29 octobre \u00e0 23h45. Le film sera \u00e9galement disponible gratuitement en t\u00e9l\u00e9vision de rattrapage sur ARTE.tv jusqu&rsquo;au 26 avril 2021.<\/strong><\/p>\n<p><strong><em>Opera<\/em> conclut avec maestria une sorte de trilogie blanche et noire d\u00e9but\u00e9e avec <em>Ten\u00e8bres<\/em> et <em>Phenomena<\/em>, dans laquelle les flamboyances baroques et les d\u00e9lires chromatiques de <em>Suspiria<\/em> et <em>Inferno<\/em> c\u00e9daient la place \u00e0 une violence expressionniste froide et d\u00e9sesp\u00e9r\u00e9e. Vu et revu en salles et sur tous les supports imaginables, <em>Opera<\/em> m\u00e9rite in fine une r\u00e9habilitation (presque) totale. Plus que jamais destin\u00e9 au grand \u00e9cran (sa mise en sc\u00e8ne en cin\u00e9mascope est ultra spectaculaire), le film ne b\u00e9n\u00e9ficia en France que d\u2019une sortie en vid\u00e9o dans une version recadr\u00e9e et s\u00e9v\u00e8rement tronqu\u00e9e, avec un nouveau titre idiot \u00ab Terreur \u00e0 l\u2019op\u00e9ra\u00a0\u00bb. <em>Opera<\/em> devra attendre plusieurs ann\u00e9es pour se relever de cet infamie, tardivement distribu\u00e9 en salles en France (par Les Films du Cam\u00e9lia) et en Blu-ray (par Le Chat qui fume). <em>Opera<\/em> est de toute \u00e9vidence l\u2019un des films les plus personnels, et donc douloureux, de Dario Argento. L\u2019histoire se d\u00e9roule dans les coulisses des repr\u00e9sentations du <em>Macbeth<\/em> de Verdi, op\u00e9ra qui a la r\u00e9putation de porter malheur, mis en sc\u00e8ne par un r\u00e9alisateur de films fantastiques, dont le passage des plateaux de cin\u00e9ma \u00e0 la sc\u00e8ne lyrique d\u00e9clenche les sarcasmes de la critique. Cette situation fait allusion \u00e0 l\u2019exp\u00e9rience humiliante d\u2019Argento, auquel on retira la direction d\u2019un <em>Rigoletto<\/em> en 1985. Les audacieuses id\u00e9es sc\u00e9nographiques du cin\u00e9aste avaient scandalis\u00e9 ses commanditaires. <em>Opera<\/em> a pour h\u00e9ro\u00efne Betty, une cantatrice d\u00e9butante pers\u00e9cut\u00e9e par un tueur en s\u00e9rie. Le maniaque torture et assassine ses victimes devant la jeune femme, ligot\u00e9e et les yeux cern\u00e9s par des aiguilles qui l\u2019obligent \u00e0 regarder le terrifiant spectacle. Argento aborde ainsi frontalement le voyeurisme et le sadomasochisme, sous-jacents dans tous ses films. <em>Opera<\/em> associe \u00e9troitement le sexe et la mort. Betty est une jeune femme frigide dont la solitude \u00e9motionnelle est troubl\u00e9e par les agressions du tueur masqu\u00e9e, film\u00e9es comme des viols. Comme dans d&rsquo;autres films d\u2019Argento l\u2019\u00e9nigme au c\u0153ur d\u2019<em>Opera<\/em> renvoie \u00e0 un trauma enfantin, progressivement d\u00e9voil\u00e9 lors de flash-backs en forme de cauchemars. L\u2019image de la mauvaise m\u00e8re traverse le film, avec le d\u00e9doublement d\u2019un personnage de fillette d\u00e9laiss\u00e9e, Betty enfant dans ses souvenirs et une petite voisine qui lui vient en aide dans un moment angoissant. <em>Opera<\/em> est un film sans amour, cruel et morbide, qui instaure des relations vici\u00e9es entre chaque personnage. La virtuosit\u00e9 de la mise en sc\u00e8ne d\u2019Argento est moins jouissive qu\u2019\u00e0 l\u2019accoutum\u00e9e, les d\u00e9chainements de violence s\u2019av\u00e8rent plus d\u00e9rangeants que lib\u00e9rateurs. Malgr\u00e9 \u2013 ou \u00e0 cause de \u2013 cela, <em>Opera<\/em> impressionne. Le film regorge d\u2019id\u00e9es de mise en sc\u00e8ne, les mouvements de cam\u00e9ra sont extraordinaires et la photographie de Ronnie Taylor tr\u00e8s inspir\u00e9e. La gestion de l\u2019espace, le d\u00e9cor labyrinthique de l\u2019appartement ou l\u2019immense atelier de l\u2019op\u00e9ra cr\u00e9ent une atmosph\u00e8re oppressante autour de Betty. La colonne sonore est une fois de plus obs\u00e9dante avec des contributions de Bill Wyman, Roger et Brian Eno et Claudio Simonetti qui participent \u00e0 l\u2019ambiance lourde et sombre du film. <em>Opera<\/em> aurait pu pr\u00e9tendre au statut de chef-d\u2019\u0153uvre avec une distribution plus convaincante. La direction d\u2019acteur et les dialogues des films d\u2019Argento ont souvent laiss\u00e9 les spectateurs perplexes, peu habitu\u00e9s \u00e0 des partis-pris de jeu totalement outr\u00e9s ou irr\u00e9alistes. Ici, Argento souffre visiblement d\u2019un manque d\u2019empathie avec ses acteurs, sans doute des deuxi\u00e8mes, ou troisi\u00e8mes choix\u2026 Ian Charleson semble peu concern\u00e9 \u2013 malade du sida, ce sera sa derni\u00e8re apparition au cin\u00e9ma avant sa disparition pr\u00e9matur\u00e9e \u2013 et Cristina Marsillach \u00e9choue \u00e0 renouer avec le charme po\u00e9tique et enfantin de Jessica Harper ou Jennifer Connelly. Urbano Barberini, bell\u00e2tre de s\u00e9rie Z, est une erreur de casting assez catastrophique. Argento avait d\u2019abord pens\u00e9 \u00e0 Sergio Castellito ou Nanni Moretti (!) dans le r\u00f4le de l\u2019inspecteur de police. Trop jeune, acteur ex\u00e9crable, Barberini contribue \u00e0 rendre la conclusion du film gu\u00e8re convaincante, point faible d\u2019<em>Opera<\/em> qui explique en partie sa mauvaise r\u00e9ception en 1987. La derni\u00e8re sc\u00e8ne du film, seul et bref moment d\u2019apaisement o\u00f9 l\u2019h\u00e9ro\u00efne, enfin lib\u00e9r\u00e9e de ses d\u00e9mons, entre en communion avec le monde v\u00e9g\u00e9tal et animal \u2013 apr\u00e8s la participation active de gros corbeaux tout au long du r\u00e9cit \u2013 fut coup\u00e9e lors de l\u2019exploitation vid\u00e9o, sans doute trop d\u00e9concertante. <em>Opera<\/em> se termine donc par une jeune femme qui se roule dans l\u2019herbe et parle \u00e0 un l\u00e9zard\u2026<\/strong><\/p>\n<p><strong>Si <em>Opera<\/em> d\u00e9gage une telle tristesse, c\u2019est aussi parce qu\u2019il constitue un v\u00e9ritable chant du cycle du grand cin\u00e9ma italien, \u00e0 la fois savant et populaire, capable de concilier \u00e9motions fortes et visions artistiques extr\u00eamement sophistiqu\u00e9es. Ce sont des fun\u00e9railles majestueuses, peut-\u00eatre inconscientes malgr\u00e9 la d\u00e9cadence dans laquelle le cin\u00e9ma italien sombrait corps et \u00e2me \u00e0 l\u2019\u00e9poque. Pour la derni\u00e8re fois Argento exhibe une virtuosit\u00e9 qui n\u2019est pas seulement la sienne, qui repose sur le savoir-faire de nombreux corps de m\u00e9tiers, techniciens, artificiers et d\u00e9corateurs de l\u2019industrie cin\u00e9matographie italienne. <em>Opera<\/em> est un ultime tour de piste, une d\u00e9monstration parfois grotesque \u2013 la cam\u00e9ra qui voltige et tourne sur elle-m\u00eame au-dessus des spectateurs de l\u2019op\u00e9ra pendant la repr\u00e9sentation de <em>Macbeth<\/em> \u2013 du g\u00e9nie artisanal du cin\u00e9ma italien, qui permit \u00e0 Argento de donner libre cours pendant vingt ans \u00e0 son inspiration baroque et tourment\u00e9e.<\/strong><\/p>\n<p><img decoding=\"async\" loading=\"lazy\" class=\"alignnone size-full wp-image-26107\" src=\"https:\/\/www.arte.tv\/sites\/olivierpere\/files\/81kntdblael-_ac_sl1500_.jpg\" alt=\"\" width=\"902\" height=\"1500\" \/><\/p>\n<p><img decoding=\"async\" loading=\"lazy\" class=\"alignnone size-full wp-image-26107\" src=\"https:\/\/www.arte.tv\/sites\/olivierpere\/files\/81kntdblael-_ac_sl1500_.jpg\" alt=\"\" width=\"902\" height=\"1500\" \/><\/p>\n","protected":false},"excerpt":{"rendered":"<p>Dans le cadre d&rsquo;une programmation sp\u00e9ciale consacr\u00e9e au cin\u00e9ma fantastique, \u00e0 l&rsquo;approche d&rsquo;Halloween, ARTE diffuse Opera (1987) de Dario Argento,\u2026<\/p>\n","protected":false},"author":116,"featured_media":0,"comment_status":"open","ping_status":"open","sticky":false,"template":"","format":"standard","meta":[],"categories":[8],"tags":[],"yoast_head":"<!-- This site is optimized with the Yoast SEO plugin v20.8 - https:\/\/yoast.com\/wordpress\/plugins\/seo\/ -->\n<title>Opera de Dario Argento - Olivier P\u00e8re<\/title>\n<meta name=\"robots\" content=\"index, follow, max-snippet:-1, max-image-preview:large, max-video-preview:-1\" \/>\n<link rel=\"canonical\" href=\"https:\/\/www.arte.tv\/sites\/olivierpere\/2020\/10\/09\/opera-de-dario-argento-2\/\" \/>\n<meta property=\"og:locale\" content=\"fr_FR\" \/>\n<meta property=\"og:type\" content=\"article\" \/>\n<meta property=\"og:title\" content=\"Opera de Dario Argento - Olivier P\u00e8re\" \/>\n<meta property=\"og:description\" content=\"Dans le cadre d&rsquo;une programmation sp\u00e9ciale consacr\u00e9e au cin\u00e9ma fantastique, \u00e0 l&rsquo;approche d&rsquo;Halloween, ARTE diffuse Opera (1987) de Dario Argento,\u2026\" \/>\n<meta property=\"og:url\" content=\"https:\/\/www.arte.tv\/sites\/olivierpere\/2020\/10\/09\/opera-de-dario-argento-2\/\" \/>\n<meta property=\"og:site_name\" content=\"Olivier P\u00e8re\" \/>\n<meta property=\"article:published_time\" content=\"2020-10-09T13:58:41+00:00\" \/>\n<meta property=\"article:modified_time\" content=\"2020-10-19T14:07:17+00:00\" \/>\n<meta property=\"og:image\" content=\"https:\/\/www.arte.tv\/sites\/olivierpere\/files\/81kntdblael-_ac_sl1500_.jpg\" \/>\n<meta name=\"author\" content=\"Olivier P\u00e8re\" \/>\n<meta name=\"twitter:label1\" content=\"\u00c9crit par\" \/>\n\t<meta name=\"twitter:data1\" content=\"Olivier P\u00e8re\" \/>\n\t<meta name=\"twitter:label2\" content=\"Dur\u00e9e de lecture estim\u00e9e\" \/>\n\t<meta name=\"twitter:data2\" content=\"5 minutes\" \/>\n<script type=\"application\/ld+json\" class=\"yoast-schema-graph\">{\"@context\":\"https:\/\/schema.org\",\"@graph\":[{\"@type\":\"WebPage\",\"@id\":\"https:\/\/www.arte.tv\/sites\/olivierpere\/2020\/10\/09\/opera-de-dario-argento-2\/\",\"url\":\"https:\/\/www.arte.tv\/sites\/olivierpere\/2020\/10\/09\/opera-de-dario-argento-2\/\",\"name\":\"Opera de Dario Argento - Olivier P\u00e8re\",\"isPartOf\":{\"@id\":\"https:\/\/www.arte.tv\/sites\/olivierpere\/#website\"},\"datePublished\":\"2020-10-09T13:58:41+00:00\",\"dateModified\":\"2020-10-19T14:07:17+00:00\",\"author\":{\"@id\":\"https:\/\/www.arte.tv\/sites\/olivierpere\/#\/schema\/person\/dc32cd6c79be95e52d43b97a74182558\"},\"breadcrumb\":{\"@id\":\"https:\/\/www.arte.tv\/sites\/olivierpere\/2020\/10\/09\/opera-de-dario-argento-2\/#breadcrumb\"},\"inLanguage\":\"fr-FR\",\"potentialAction\":[{\"@type\":\"ReadAction\",\"target\":[\"https:\/\/www.arte.tv\/sites\/olivierpere\/2020\/10\/09\/opera-de-dario-argento-2\/\"]}]},{\"@type\":\"BreadcrumbList\",\"@id\":\"https:\/\/www.arte.tv\/sites\/olivierpere\/2020\/10\/09\/opera-de-dario-argento-2\/#breadcrumb\",\"itemListElement\":[{\"@type\":\"ListItem\",\"position\":1,\"name\":\"Home\",\"item\":\"https:\/\/www.arte.tv\/sites\/olivierpere\/\"},{\"@type\":\"ListItem\",\"position\":2,\"name\":\"Opera de Dario Argento\"}]},{\"@type\":\"WebSite\",\"@id\":\"https:\/\/www.arte.tv\/sites\/olivierpere\/#website\",\"url\":\"https:\/\/www.arte.tv\/sites\/olivierpere\/\",\"name\":\"Olivier P\u00e8re\",\"description\":\"\",\"potentialAction\":[{\"@type\":\"SearchAction\",\"target\":{\"@type\":\"EntryPoint\",\"urlTemplate\":\"https:\/\/www.arte.tv\/sites\/olivierpere\/?s={search_term_string}\"},\"query-input\":\"required name=search_term_string\"}],\"inLanguage\":\"fr-FR\"},{\"@type\":\"Person\",\"@id\":\"https:\/\/www.arte.tv\/sites\/olivierpere\/#\/schema\/person\/dc32cd6c79be95e52d43b97a74182558\",\"name\":\"Olivier P\u00e8re\",\"image\":{\"@type\":\"ImageObject\",\"inLanguage\":\"fr-FR\",\"@id\":\"https:\/\/www.arte.tv\/sites\/olivierpere\/#\/schema\/person\/image\/\",\"url\":\"https:\/\/secure.gravatar.com\/avatar\/bdea7b6a2c195e2c41772429a9694758?s=96&d=mm&r=g\",\"contentUrl\":\"https:\/\/secure.gravatar.com\/avatar\/bdea7b6a2c195e2c41772429a9694758?s=96&d=mm&r=g\",\"caption\":\"Olivier P\u00e8re\"},\"url\":\"https:\/\/www.arte.tv\/sites\/olivierpere\/author\/pereolivier\/\"}]}<\/script>\n<!-- \/ Yoast SEO plugin. -->","yoast_head_json":{"title":"Opera de Dario Argento - Olivier P\u00e8re","robots":{"index":"index","follow":"follow","max-snippet":"max-snippet:-1","max-image-preview":"max-image-preview:large","max-video-preview":"max-video-preview:-1"},"canonical":"https:\/\/www.arte.tv\/sites\/olivierpere\/2020\/10\/09\/opera-de-dario-argento-2\/","og_locale":"fr_FR","og_type":"article","og_title":"Opera de Dario Argento - Olivier P\u00e8re","og_description":"Dans le cadre d&rsquo;une programmation sp\u00e9ciale consacr\u00e9e au cin\u00e9ma fantastique, \u00e0 l&rsquo;approche d&rsquo;Halloween, ARTE diffuse Opera (1987) de Dario Argento,\u2026","og_url":"https:\/\/www.arte.tv\/sites\/olivierpere\/2020\/10\/09\/opera-de-dario-argento-2\/","og_site_name":"Olivier P\u00e8re","article_published_time":"2020-10-09T13:58:41+00:00","article_modified_time":"2020-10-19T14:07:17+00:00","og_image":[{"url":"https:\/\/www.arte.tv\/sites\/olivierpere\/files\/81kntdblael-_ac_sl1500_.jpg"}],"author":"Olivier P\u00e8re","twitter_misc":{"\u00c9crit par":"Olivier P\u00e8re","Dur\u00e9e de lecture estim\u00e9e":"5 minutes"},"schema":{"@context":"https:\/\/schema.org","@graph":[{"@type":"WebPage","@id":"https:\/\/www.arte.tv\/sites\/olivierpere\/2020\/10\/09\/opera-de-dario-argento-2\/","url":"https:\/\/www.arte.tv\/sites\/olivierpere\/2020\/10\/09\/opera-de-dario-argento-2\/","name":"Opera de Dario Argento - Olivier P\u00e8re","isPartOf":{"@id":"https:\/\/www.arte.tv\/sites\/olivierpere\/#website"},"datePublished":"2020-10-09T13:58:41+00:00","dateModified":"2020-10-19T14:07:17+00:00","author":{"@id":"https:\/\/www.arte.tv\/sites\/olivierpere\/#\/schema\/person\/dc32cd6c79be95e52d43b97a74182558"},"breadcrumb":{"@id":"https:\/\/www.arte.tv\/sites\/olivierpere\/2020\/10\/09\/opera-de-dario-argento-2\/#breadcrumb"},"inLanguage":"fr-FR","potentialAction":[{"@type":"ReadAction","target":["https:\/\/www.arte.tv\/sites\/olivierpere\/2020\/10\/09\/opera-de-dario-argento-2\/"]}]},{"@type":"BreadcrumbList","@id":"https:\/\/www.arte.tv\/sites\/olivierpere\/2020\/10\/09\/opera-de-dario-argento-2\/#breadcrumb","itemListElement":[{"@type":"ListItem","position":1,"name":"Home","item":"https:\/\/www.arte.tv\/sites\/olivierpere\/"},{"@type":"ListItem","position":2,"name":"Opera de Dario Argento"}]},{"@type":"WebSite","@id":"https:\/\/www.arte.tv\/sites\/olivierpere\/#website","url":"https:\/\/www.arte.tv\/sites\/olivierpere\/","name":"Olivier P\u00e8re","description":"","potentialAction":[{"@type":"SearchAction","target":{"@type":"EntryPoint","urlTemplate":"https:\/\/www.arte.tv\/sites\/olivierpere\/?s={search_term_string}"},"query-input":"required name=search_term_string"}],"inLanguage":"fr-FR"},{"@type":"Person","@id":"https:\/\/www.arte.tv\/sites\/olivierpere\/#\/schema\/person\/dc32cd6c79be95e52d43b97a74182558","name":"Olivier P\u00e8re","image":{"@type":"ImageObject","inLanguage":"fr-FR","@id":"https:\/\/www.arte.tv\/sites\/olivierpere\/#\/schema\/person\/image\/","url":"https:\/\/secure.gravatar.com\/avatar\/bdea7b6a2c195e2c41772429a9694758?s=96&d=mm&r=g","contentUrl":"https:\/\/secure.gravatar.com\/avatar\/bdea7b6a2c195e2c41772429a9694758?s=96&d=mm&r=g","caption":"Olivier P\u00e8re"},"url":"https:\/\/www.arte.tv\/sites\/olivierpere\/author\/pereolivier\/"}]}},"_links":{"self":[{"href":"https:\/\/www.arte.tv\/sites\/olivierpere\/wp-json\/wp\/v2\/posts\/26106"}],"collection":[{"href":"https:\/\/www.arte.tv\/sites\/olivierpere\/wp-json\/wp\/v2\/posts"}],"about":[{"href":"https:\/\/www.arte.tv\/sites\/olivierpere\/wp-json\/wp\/v2\/types\/post"}],"author":[{"embeddable":true,"href":"https:\/\/www.arte.tv\/sites\/olivierpere\/wp-json\/wp\/v2\/users\/116"}],"replies":[{"embeddable":true,"href":"https:\/\/www.arte.tv\/sites\/olivierpere\/wp-json\/wp\/v2\/comments?post=26106"}],"version-history":[{"count":1,"href":"https:\/\/www.arte.tv\/sites\/olivierpere\/wp-json\/wp\/v2\/posts\/26106\/revisions"}],"predecessor-version":[{"id":26109,"href":"https:\/\/www.arte.tv\/sites\/olivierpere\/wp-json\/wp\/v2\/posts\/26106\/revisions\/26109"}],"wp:attachment":[{"href":"https:\/\/www.arte.tv\/sites\/olivierpere\/wp-json\/wp\/v2\/media?parent=26106"}],"wp:term":[{"taxonomy":"category","embeddable":true,"href":"https:\/\/www.arte.tv\/sites\/olivierpere\/wp-json\/wp\/v2\/categories?post=26106"},{"taxonomy":"post_tag","embeddable":true,"href":"https:\/\/www.arte.tv\/sites\/olivierpere\/wp-json\/wp\/v2\/tags?post=26106"}],"curies":[{"name":"wp","href":"https:\/\/api.w.org\/{rel}","templated":true}]}}