{"id":26102,"date":"2020-10-08T14:56:45","date_gmt":"2020-10-08T13:56:45","guid":{"rendered":"https:\/\/www.arte.tv\/sites\/olivierpere\/?p=26102"},"modified":"2020-10-19T14:57:53","modified_gmt":"2020-10-19T13:57:53","slug":"vivement-dimanche-de-francois-truffaut","status":"publish","type":"post","link":"https:\/\/www.arte.tv\/sites\/olivierpere\/2020\/10\/08\/vivement-dimanche-de-francois-truffaut\/","title":{"rendered":"Vivement dimanche\u00a0! de Fran\u00e7ois Truffaut"},"content":{"rendered":"<p><strong>Dans le cadre de son cycle Fran\u00e7ois Truffaut, ARTE diffuse <em>Vivement dimanche\u00a0!<\/em> (1983) lundi 26 octobre \u00e0 22h50. Le film sera \u00e9galement disponible gratuitement en t\u00e9l\u00e9vision de rattrapage pendant sept jours sur ARTE.tv.<\/strong><\/p>\n<p><strong>Dans son dernier film, avant sa disparition pr\u00e9matur\u00e9e \u00e0 l\u2019\u00e2ge de 52 ans, Fran\u00e7ois Truffaut revisite sur un mode ludique son amour de la \u00ab\u00a0s\u00e9rie noire\u00a0\u00bb am\u00e9ricaine, transpos\u00e9e dans un contexte bien fran\u00e7ais. Apr\u00e8s <em>Tirez sur le pianiste<\/em> (d\u2019apr\u00e8s David Goodis) ou <em>La mari\u00e9e \u00e9tait en noir <\/em>(d\u2019apr\u00e8s William Irish), Truffaut adapte \u00e0 sa mani\u00e8re un roman criminel de Charles Williams, <em>The Long Saturday Night<\/em>, rebaptis\u00e9 <em>Vivement dimanche !<\/em>. Une secr\u00e9taire d\u00e9cide de mener sa propre enqu\u00eate pour prouver l\u2019innocence de son patron, principal suspect d\u2019un double meurtre, et qui a pris la fuite pour \u00e9chapper \u00e0 la police. Disciple d\u2019Hitchcock, admirateur de la s\u00e9rie B hollywoodienne, Truffaut est pourtant un cin\u00e9aste qui d\u00e9teste la violence et r\u00e9pugne \u00e0 \u00e9crire des personnages de m\u00e9chants. Il choisit de traiter cette intrigue polici\u00e8re sur un mode humoristique et sentimental, en s\u2019int\u00e9ressant \u00e0 la naissance de l\u2019amour entre Fanny Ardant et Jean-Louis Trintignant. Le choix du noir et blanc et le soin apport\u00e9 aux d\u00e9cors et aux costumes participent \u00e0 l\u2019esth\u00e9tisme du d\u00e9but des ann\u00e9es 80, \u00e0 la fois r\u00e9tro et mani\u00e9riste, assez unique dans le cin\u00e9ma de Truffaut. Si le cin\u00e9aste reste fid\u00e8le \u00e0 certains complices de longue date, comme Georges Delerue (\u00e0 la musique) ou Nestor Almendros (\u00e0 l\u2019image), il travaille pour la premi\u00e8re fois avec le designer et directeur artistique Hilton McConnico, qui aura une profonde influence sur le nouveau \u00ab\u00a0look\u00a0\u00bb du cin\u00e9ma fran\u00e7ais de cette \u00e9poque, avec notamment sa participation essentielle aux films de Jean-Jacques Beineix ou Claude Miller. Ainsi McConnico con\u00e7oit-il pour Truffaut des d\u00e9cors con\u00e7us et construits en noir en blanc. Cela aboutit \u00e0 une stylisation visuelle inhabituelle chez le cin\u00e9aste de la Nouvelle Vague, qui rompt volontairement avec une certaine id\u00e9e du r\u00e9alisme pour imaginer un film plac\u00e9 sous le signe de la fantaisie et du spectacle cin\u00e9matographique.<\/strong><\/p>\n","protected":false},"excerpt":{"rendered":"<p>Dans le cadre de son cycle Fran\u00e7ois Truffaut, ARTE diffuse Vivement dimanche\u00a0! (1983) lundi 26 octobre \u00e0 22h50. Le film\u2026<\/p>\n","protected":false},"author":116,"featured_media":0,"comment_status":"open","ping_status":"open","sticky":false,"template":"","format":"standard","meta":[],"categories":[8],"tags":[],"yoast_head":"<!-- This site is optimized with the Yoast SEO plugin v20.8 - https:\/\/yoast.com\/wordpress\/plugins\/seo\/ -->\n<title>Vivement dimanche\u00a0! de Fran\u00e7ois Truffaut - Olivier P\u00e8re<\/title>\n<meta name=\"robots\" content=\"index, follow, max-snippet:-1, max-image-preview:large, max-video-preview:-1\" \/>\n<link rel=\"canonical\" href=\"https:\/\/www.arte.tv\/sites\/olivierpere\/2020\/10\/08\/vivement-dimanche-de-francois-truffaut\/\" \/>\n<meta property=\"og:locale\" content=\"fr_FR\" \/>\n<meta property=\"og:type\" content=\"article\" \/>\n<meta property=\"og:title\" content=\"Vivement dimanche\u00a0! de Fran\u00e7ois Truffaut - Olivier P\u00e8re\" \/>\n<meta property=\"og:description\" content=\"Dans le cadre de son cycle Fran\u00e7ois Truffaut, ARTE diffuse Vivement dimanche\u00a0! (1983) lundi 26 octobre \u00e0 22h50. Le film\u2026\" \/>\n<meta property=\"og:url\" content=\"https:\/\/www.arte.tv\/sites\/olivierpere\/2020\/10\/08\/vivement-dimanche-de-francois-truffaut\/\" \/>\n<meta property=\"og:site_name\" content=\"Olivier P\u00e8re\" \/>\n<meta property=\"article:published_time\" content=\"2020-10-08T13:56:45+00:00\" \/>\n<meta property=\"article:modified_time\" content=\"2020-10-19T13:57:53+00:00\" \/>\n<meta name=\"author\" content=\"Olivier P\u00e8re\" \/>\n<meta name=\"twitter:label1\" content=\"\u00c9crit par\" \/>\n\t<meta name=\"twitter:data1\" content=\"Olivier P\u00e8re\" \/>\n\t<meta name=\"twitter:label2\" content=\"Dur\u00e9e de lecture estim\u00e9e\" \/>\n\t<meta name=\"twitter:data2\" content=\"2 minutes\" \/>\n<script type=\"application\/ld+json\" class=\"yoast-schema-graph\">{\"@context\":\"https:\/\/schema.org\",\"@graph\":[{\"@type\":\"WebPage\",\"@id\":\"https:\/\/www.arte.tv\/sites\/olivierpere\/2020\/10\/08\/vivement-dimanche-de-francois-truffaut\/\",\"url\":\"https:\/\/www.arte.tv\/sites\/olivierpere\/2020\/10\/08\/vivement-dimanche-de-francois-truffaut\/\",\"name\":\"Vivement dimanche\u00a0! de Fran\u00e7ois Truffaut - Olivier P\u00e8re\",\"isPartOf\":{\"@id\":\"https:\/\/www.arte.tv\/sites\/olivierpere\/#website\"},\"datePublished\":\"2020-10-08T13:56:45+00:00\",\"dateModified\":\"2020-10-19T13:57:53+00:00\",\"author\":{\"@id\":\"https:\/\/www.arte.tv\/sites\/olivierpere\/#\/schema\/person\/dc32cd6c79be95e52d43b97a74182558\"},\"breadcrumb\":{\"@id\":\"https:\/\/www.arte.tv\/sites\/olivierpere\/2020\/10\/08\/vivement-dimanche-de-francois-truffaut\/#breadcrumb\"},\"inLanguage\":\"fr-FR\",\"potentialAction\":[{\"@type\":\"ReadAction\",\"target\":[\"https:\/\/www.arte.tv\/sites\/olivierpere\/2020\/10\/08\/vivement-dimanche-de-francois-truffaut\/\"]}]},{\"@type\":\"BreadcrumbList\",\"@id\":\"https:\/\/www.arte.tv\/sites\/olivierpere\/2020\/10\/08\/vivement-dimanche-de-francois-truffaut\/#breadcrumb\",\"itemListElement\":[{\"@type\":\"ListItem\",\"position\":1,\"name\":\"Home\",\"item\":\"https:\/\/www.arte.tv\/sites\/olivierpere\/\"},{\"@type\":\"ListItem\",\"position\":2,\"name\":\"Vivement dimanche\u00a0! de Fran\u00e7ois Truffaut\"}]},{\"@type\":\"WebSite\",\"@id\":\"https:\/\/www.arte.tv\/sites\/olivierpere\/#website\",\"url\":\"https:\/\/www.arte.tv\/sites\/olivierpere\/\",\"name\":\"Olivier P\u00e8re\",\"description\":\"\",\"potentialAction\":[{\"@type\":\"SearchAction\",\"target\":{\"@type\":\"EntryPoint\",\"urlTemplate\":\"https:\/\/www.arte.tv\/sites\/olivierpere\/?s={search_term_string}\"},\"query-input\":\"required name=search_term_string\"}],\"inLanguage\":\"fr-FR\"},{\"@type\":\"Person\",\"@id\":\"https:\/\/www.arte.tv\/sites\/olivierpere\/#\/schema\/person\/dc32cd6c79be95e52d43b97a74182558\",\"name\":\"Olivier P\u00e8re\",\"image\":{\"@type\":\"ImageObject\",\"inLanguage\":\"fr-FR\",\"@id\":\"https:\/\/www.arte.tv\/sites\/olivierpere\/#\/schema\/person\/image\/\",\"url\":\"https:\/\/secure.gravatar.com\/avatar\/bdea7b6a2c195e2c41772429a9694758?s=96&d=mm&r=g\",\"contentUrl\":\"https:\/\/secure.gravatar.com\/avatar\/bdea7b6a2c195e2c41772429a9694758?s=96&d=mm&r=g\",\"caption\":\"Olivier P\u00e8re\"},\"url\":\"https:\/\/www.arte.tv\/sites\/olivierpere\/author\/pereolivier\/\"}]}<\/script>\n<!-- \/ Yoast SEO plugin. -->","yoast_head_json":{"title":"Vivement dimanche\u00a0! de Fran\u00e7ois Truffaut - Olivier P\u00e8re","robots":{"index":"index","follow":"follow","max-snippet":"max-snippet:-1","max-image-preview":"max-image-preview:large","max-video-preview":"max-video-preview:-1"},"canonical":"https:\/\/www.arte.tv\/sites\/olivierpere\/2020\/10\/08\/vivement-dimanche-de-francois-truffaut\/","og_locale":"fr_FR","og_type":"article","og_title":"Vivement dimanche\u00a0! de Fran\u00e7ois Truffaut - Olivier P\u00e8re","og_description":"Dans le cadre de son cycle Fran\u00e7ois Truffaut, ARTE diffuse Vivement dimanche\u00a0! (1983) lundi 26 octobre \u00e0 22h50. Le film\u2026","og_url":"https:\/\/www.arte.tv\/sites\/olivierpere\/2020\/10\/08\/vivement-dimanche-de-francois-truffaut\/","og_site_name":"Olivier P\u00e8re","article_published_time":"2020-10-08T13:56:45+00:00","article_modified_time":"2020-10-19T13:57:53+00:00","author":"Olivier P\u00e8re","twitter_misc":{"\u00c9crit par":"Olivier P\u00e8re","Dur\u00e9e de lecture estim\u00e9e":"2 minutes"},"schema":{"@context":"https:\/\/schema.org","@graph":[{"@type":"WebPage","@id":"https:\/\/www.arte.tv\/sites\/olivierpere\/2020\/10\/08\/vivement-dimanche-de-francois-truffaut\/","url":"https:\/\/www.arte.tv\/sites\/olivierpere\/2020\/10\/08\/vivement-dimanche-de-francois-truffaut\/","name":"Vivement dimanche\u00a0! de Fran\u00e7ois Truffaut - Olivier P\u00e8re","isPartOf":{"@id":"https:\/\/www.arte.tv\/sites\/olivierpere\/#website"},"datePublished":"2020-10-08T13:56:45+00:00","dateModified":"2020-10-19T13:57:53+00:00","author":{"@id":"https:\/\/www.arte.tv\/sites\/olivierpere\/#\/schema\/person\/dc32cd6c79be95e52d43b97a74182558"},"breadcrumb":{"@id":"https:\/\/www.arte.tv\/sites\/olivierpere\/2020\/10\/08\/vivement-dimanche-de-francois-truffaut\/#breadcrumb"},"inLanguage":"fr-FR","potentialAction":[{"@type":"ReadAction","target":["https:\/\/www.arte.tv\/sites\/olivierpere\/2020\/10\/08\/vivement-dimanche-de-francois-truffaut\/"]}]},{"@type":"BreadcrumbList","@id":"https:\/\/www.arte.tv\/sites\/olivierpere\/2020\/10\/08\/vivement-dimanche-de-francois-truffaut\/#breadcrumb","itemListElement":[{"@type":"ListItem","position":1,"name":"Home","item":"https:\/\/www.arte.tv\/sites\/olivierpere\/"},{"@type":"ListItem","position":2,"name":"Vivement dimanche\u00a0! de Fran\u00e7ois Truffaut"}]},{"@type":"WebSite","@id":"https:\/\/www.arte.tv\/sites\/olivierpere\/#website","url":"https:\/\/www.arte.tv\/sites\/olivierpere\/","name":"Olivier P\u00e8re","description":"","potentialAction":[{"@type":"SearchAction","target":{"@type":"EntryPoint","urlTemplate":"https:\/\/www.arte.tv\/sites\/olivierpere\/?s={search_term_string}"},"query-input":"required name=search_term_string"}],"inLanguage":"fr-FR"},{"@type":"Person","@id":"https:\/\/www.arte.tv\/sites\/olivierpere\/#\/schema\/person\/dc32cd6c79be95e52d43b97a74182558","name":"Olivier P\u00e8re","image":{"@type":"ImageObject","inLanguage":"fr-FR","@id":"https:\/\/www.arte.tv\/sites\/olivierpere\/#\/schema\/person\/image\/","url":"https:\/\/secure.gravatar.com\/avatar\/bdea7b6a2c195e2c41772429a9694758?s=96&d=mm&r=g","contentUrl":"https:\/\/secure.gravatar.com\/avatar\/bdea7b6a2c195e2c41772429a9694758?s=96&d=mm&r=g","caption":"Olivier P\u00e8re"},"url":"https:\/\/www.arte.tv\/sites\/olivierpere\/author\/pereolivier\/"}]}},"_links":{"self":[{"href":"https:\/\/www.arte.tv\/sites\/olivierpere\/wp-json\/wp\/v2\/posts\/26102"}],"collection":[{"href":"https:\/\/www.arte.tv\/sites\/olivierpere\/wp-json\/wp\/v2\/posts"}],"about":[{"href":"https:\/\/www.arte.tv\/sites\/olivierpere\/wp-json\/wp\/v2\/types\/post"}],"author":[{"embeddable":true,"href":"https:\/\/www.arte.tv\/sites\/olivierpere\/wp-json\/wp\/v2\/users\/116"}],"replies":[{"embeddable":true,"href":"https:\/\/www.arte.tv\/sites\/olivierpere\/wp-json\/wp\/v2\/comments?post=26102"}],"version-history":[{"count":1,"href":"https:\/\/www.arte.tv\/sites\/olivierpere\/wp-json\/wp\/v2\/posts\/26102\/revisions"}],"predecessor-version":[{"id":26103,"href":"https:\/\/www.arte.tv\/sites\/olivierpere\/wp-json\/wp\/v2\/posts\/26102\/revisions\/26103"}],"wp:attachment":[{"href":"https:\/\/www.arte.tv\/sites\/olivierpere\/wp-json\/wp\/v2\/media?parent=26102"}],"wp:term":[{"taxonomy":"category","embeddable":true,"href":"https:\/\/www.arte.tv\/sites\/olivierpere\/wp-json\/wp\/v2\/categories?post=26102"},{"taxonomy":"post_tag","embeddable":true,"href":"https:\/\/www.arte.tv\/sites\/olivierpere\/wp-json\/wp\/v2\/tags?post=26102"}],"curies":[{"name":"wp","href":"https:\/\/api.w.org\/{rel}","templated":true}]}}