{"id":26076,"date":"2020-09-05T15:04:25","date_gmt":"2020-09-05T14:04:25","guid":{"rendered":"https:\/\/www.arte.tv\/sites\/olivierpere\/?p=26076"},"modified":"2020-10-15T15:06:21","modified_gmt":"2020-10-15T14:06:21","slug":"les-revoltes-de-lan-2000-de-narciso-ibanez-serrador","status":"publish","type":"post","link":"https:\/\/www.arte.tv\/sites\/olivierpere\/2020\/09\/05\/les-revoltes-de-lan-2000-de-narciso-ibanez-serrador\/","title":{"rendered":"Les R\u00e9volt\u00e9s de l&rsquo;an 2000 de Narciso Ib\u00e1\u00f1ez Serrador"},"content":{"rendered":"<p><strong>Pour les Espagnols, Narciso Ib\u00e1\u00f1ez Serrador demeure avant tout une figure extr\u00eamement populaire de la t\u00e9l\u00e9vision publique. Entre les ann\u00e9es 60 et 2000, il y a r\u00e9alis\u00e9 une quantit\u00e9 innombrable de programmes, s\u00e9ries, t\u00e9l\u00e9films ou \u00e9missions. Il \u00e9tait m\u00eame devenu une pr\u00e9sence famili\u00e8re en pr\u00e9sentant lui-m\u00eame, \u00e0 la mani\u00e8re d\u2019Alfred Hitchcock, une collection de films d\u2019\u00e9pouvante produite pour le petit \u00e9cran, \u00ab\u00a0Pel\u00edculas para no dormir\u00a0\u00bb.<\/strong><\/p>\n<p><strong>Hors des fronti\u00e8res ib\u00e9riques, Serrador est essentiellement c\u00e9l\u00e8bre, aupr\u00e8s des cin\u00e9philes, pour avoir r\u00e9alis\u00e9 deux films fantastiques, qui demeurent ses seuls longs m\u00e9trages de cin\u00e9ma\u00a0: <em>La R\u00e9sidence<\/em> (1971), un huis-clos gothique et morbide dans un pensionnat de jeunes filles et <em>Les R\u00e9volt\u00e9s de l&rsquo;an 2000<\/em> (<em>\u00bfQui\u00e9n puede matar a un ni\u00f1o?<\/em>, 1976). Si <em>La R\u00e9sidence<\/em> s\u2019inscrit dans une certaine tradition de l\u2019\u00e9pouvante europ\u00e9enne, sous l\u2019influence des films de Terence Fisher, Mario Bava ou Riccardo Freda, Les R\u00e9volt\u00e9s de l\u2019an 2000 emprunte un chemin bien plus solitaire, et se r\u00e9v\u00e8le une entreprise unique et sans lendemain. Cette \u00e9tonnante parabole sur la violence du monde moderne permet d&rsquo;entrevoir la singularit\u00e9 d&rsquo;un fantastique solaire, et d&rsquo;une approche typiquement m\u00e9diterran\u00e9enne de la mise en sc\u00e8ne de la peur et de l&rsquo;angoisse. Le long g\u00e9n\u00e9rique introductif se d\u00e9voile lentement, entrecoup\u00e9 d\u2019extraits d\u2019archives et d\u2019actualit\u00e9s qui t\u00e9moignent des horreurs du XX\u00e8me si\u00e8cle, commises par les hommes contre les hommes (camps d\u2019extermination nazis, guerre du Vietnam, g\u00e9nocides et famines en Inde ou en Afrique). L\u2019accent est mis sur la souffrance des enfants, victimes comme les autres de la folie homicide et des crimes de masse. L\u2019effroi que provoquent ces images documentaires ne peut que rendre d\u00e9risoire le danger associ\u00e9 aux cr\u00e9atures surnaturelles ou aux psychopathes, personnages r\u00e9currents des films d\u2019\u00e9pouvante. C\u2019est donc le parti-pris de la banalit\u00e9 qu\u2019adopte Serrador. Son film d\u00e9bute dans le cadre touristique d\u2019une station baln\u00e9aire en pleine p\u00e9riode estivale, puis s\u2019installe sur une \u00eele en apparence idyllique. La r\u00e9volte d\u2019enfants assassins, r\u00e9unis en une meute silencieuse, apparait comme une all\u00e9gorie tr\u00e8s lisible de la r\u00e9appropriation de la violence par une humanit\u00e9 innocente et r\u00e9guli\u00e8rement sacrifi\u00e9e. Serrador instaure avec talent une atmosph\u00e8re de plus en plus inqui\u00e9tante, en filmant des espaces quotidiens d\u00e9sert\u00e9s, et en adoptant le point de vue d\u2019un couple de vacanciers anglais. La grossesse de la femme amplifie le sentiment de danger, tandis que s\u2019installe progressivement un climat de terreur sans retour. L\u2019influence principale des <em>R\u00e9volt\u00e9s de l&rsquo;an 2000 <\/em>demeure <em>La Nuit des morts vivants <\/em>de George A. Romero, r\u00e9alis\u00e9 en 1968 et v\u00e9ritable manifeste, esth\u00e9tique et politique, de l\u2019horreur moderne. Serrador remplace les zombies anonymes et path\u00e9tiques de Romero par des enfants mus par une pulsion destructrice et la haine des adultes. Les personnages de son film sont confront\u00e9s \u00e0 une situation in\u00e9dite\u00a0: comment se d\u00e9fendre contre des assaillants qui poss\u00e8dent les traits ang\u00e9liques de gar\u00e7ons et filles \u00e2g\u00e9s d\u2019une dizaine d\u2019ann\u00e9es\u00a0? Ainsi, le cin\u00e9aste espagnol transgresse deux tabous\u00a0: l\u2019enfance criminelle et le meurtre d\u2019un enfant. L\u2019autre particularit\u00e9 du film de Serrador est de se d\u00e9rouler enti\u00e8rement sous un soleil de plomb. <em>Les R\u00e9volt\u00e9s de l&rsquo;an 2000 <\/em>invente une terreur blanche et plate, sans zone d\u2019ombre ni distorsion visuelle, en totale opposition avec l\u2019h\u00e9ritage expressionniste du cin\u00e9ma fantastique. L\u2019objectivit\u00e9 des faits mis en sc\u00e8ne, leur implacable crudit\u00e9 ne font qu\u2019exacerber le constat d\u2019apocalypse du film, qui ne se contente pas d\u2019accumuler les images choquantes, et r\u00e9ussit \u00e0 exprimer un scandale ontologique.<\/strong><\/p>\n<p><strong><em>Les R\u00e9volt\u00e9s de l&rsquo;an 2000 <\/em>vient d\u2019\u00eatre r\u00e9\u00e9dit\u00e9, en salles et en Blu-ray, par Carlotta Films.<\/strong><\/p>\n<p>&nbsp;<\/p>\n<p><img decoding=\"async\" loading=\"lazy\" class=\"alignnone size-full wp-image-26077\" src=\"https:\/\/www.arte.tv\/sites\/olivierpere\/files\/aff-les-revoltes-de-lan-2000-hd.jpg\" alt=\"\" width=\"1500\" height=\"1999\" srcset=\"https:\/\/www.arte.tv\/sites\/olivierpere\/files\/aff-les-revoltes-de-lan-2000-hd.jpg 1500w, https:\/\/www.arte.tv\/sites\/olivierpere\/files\/aff-les-revoltes-de-lan-2000-hd-210x280.jpg 210w, https:\/\/www.arte.tv\/sites\/olivierpere\/files\/aff-les-revoltes-de-lan-2000-hd-576x768.jpg 576w, https:\/\/www.arte.tv\/sites\/olivierpere\/files\/aff-les-revoltes-de-lan-2000-hd-768x1023.jpg 768w, https:\/\/www.arte.tv\/sites\/olivierpere\/files\/aff-les-revoltes-de-lan-2000-hd-1153x1536.jpg 1153w, https:\/\/www.arte.tv\/sites\/olivierpere\/files\/aff-les-revoltes-de-lan-2000-hd-580x773.jpg 580w\" sizes=\"(max-width: 1500px) 100vw, 1500px\" \/><\/p>\n","protected":false},"excerpt":{"rendered":"<p>Pour les Espagnols, Narciso Ib\u00e1\u00f1ez Serrador demeure avant tout une figure extr\u00eamement populaire de la t\u00e9l\u00e9vision publique. Entre les ann\u00e9es\u2026<\/p>\n","protected":false},"author":116,"featured_media":0,"comment_status":"open","ping_status":"open","sticky":false,"template":"","format":"standard","meta":[],"categories":[9],"tags":[],"yoast_head":"<!-- This site is optimized with the Yoast SEO plugin v20.8 - https:\/\/yoast.com\/wordpress\/plugins\/seo\/ -->\n<title>Les R\u00e9volt\u00e9s de l&#039;an 2000 de Narciso Ib\u00e1\u00f1ez Serrador - Olivier P\u00e8re<\/title>\n<meta name=\"robots\" content=\"index, follow, max-snippet:-1, max-image-preview:large, max-video-preview:-1\" \/>\n<link rel=\"canonical\" href=\"https:\/\/www.arte.tv\/sites\/olivierpere\/2020\/09\/05\/les-revoltes-de-lan-2000-de-narciso-ibanez-serrador\/\" \/>\n<meta property=\"og:locale\" content=\"fr_FR\" \/>\n<meta property=\"og:type\" content=\"article\" \/>\n<meta property=\"og:title\" content=\"Les R\u00e9volt\u00e9s de l&#039;an 2000 de Narciso Ib\u00e1\u00f1ez Serrador - Olivier P\u00e8re\" \/>\n<meta property=\"og:description\" content=\"Pour les Espagnols, Narciso Ib\u00e1\u00f1ez Serrador demeure avant tout une figure extr\u00eamement populaire de la t\u00e9l\u00e9vision publique. Entre les ann\u00e9es\u2026\" \/>\n<meta property=\"og:url\" content=\"https:\/\/www.arte.tv\/sites\/olivierpere\/2020\/09\/05\/les-revoltes-de-lan-2000-de-narciso-ibanez-serrador\/\" \/>\n<meta property=\"og:site_name\" content=\"Olivier P\u00e8re\" \/>\n<meta property=\"article:published_time\" content=\"2020-09-05T14:04:25+00:00\" \/>\n<meta property=\"article:modified_time\" content=\"2020-10-15T14:06:21+00:00\" \/>\n<meta property=\"og:image\" content=\"https:\/\/www.arte.tv\/sites\/olivierpere\/files\/aff-les-revoltes-de-lan-2000-hd.jpg\" \/>\n<meta name=\"author\" content=\"Olivier P\u00e8re\" \/>\n<meta name=\"twitter:label1\" content=\"\u00c9crit par\" \/>\n\t<meta name=\"twitter:data1\" content=\"Olivier P\u00e8re\" \/>\n\t<meta name=\"twitter:label2\" content=\"Dur\u00e9e de lecture estim\u00e9e\" \/>\n\t<meta name=\"twitter:data2\" content=\"3 minutes\" \/>\n<script type=\"application\/ld+json\" class=\"yoast-schema-graph\">{\"@context\":\"https:\/\/schema.org\",\"@graph\":[{\"@type\":\"WebPage\",\"@id\":\"https:\/\/www.arte.tv\/sites\/olivierpere\/2020\/09\/05\/les-revoltes-de-lan-2000-de-narciso-ibanez-serrador\/\",\"url\":\"https:\/\/www.arte.tv\/sites\/olivierpere\/2020\/09\/05\/les-revoltes-de-lan-2000-de-narciso-ibanez-serrador\/\",\"name\":\"Les R\u00e9volt\u00e9s de l'an 2000 de Narciso Ib\u00e1\u00f1ez Serrador - Olivier P\u00e8re\",\"isPartOf\":{\"@id\":\"https:\/\/www.arte.tv\/sites\/olivierpere\/#website\"},\"datePublished\":\"2020-09-05T14:04:25+00:00\",\"dateModified\":\"2020-10-15T14:06:21+00:00\",\"author\":{\"@id\":\"https:\/\/www.arte.tv\/sites\/olivierpere\/#\/schema\/person\/dc32cd6c79be95e52d43b97a74182558\"},\"breadcrumb\":{\"@id\":\"https:\/\/www.arte.tv\/sites\/olivierpere\/2020\/09\/05\/les-revoltes-de-lan-2000-de-narciso-ibanez-serrador\/#breadcrumb\"},\"inLanguage\":\"fr-FR\",\"potentialAction\":[{\"@type\":\"ReadAction\",\"target\":[\"https:\/\/www.arte.tv\/sites\/olivierpere\/2020\/09\/05\/les-revoltes-de-lan-2000-de-narciso-ibanez-serrador\/\"]}]},{\"@type\":\"BreadcrumbList\",\"@id\":\"https:\/\/www.arte.tv\/sites\/olivierpere\/2020\/09\/05\/les-revoltes-de-lan-2000-de-narciso-ibanez-serrador\/#breadcrumb\",\"itemListElement\":[{\"@type\":\"ListItem\",\"position\":1,\"name\":\"Home\",\"item\":\"https:\/\/www.arte.tv\/sites\/olivierpere\/\"},{\"@type\":\"ListItem\",\"position\":2,\"name\":\"Les R\u00e9volt\u00e9s de l&rsquo;an 2000 de Narciso Ib\u00e1\u00f1ez Serrador\"}]},{\"@type\":\"WebSite\",\"@id\":\"https:\/\/www.arte.tv\/sites\/olivierpere\/#website\",\"url\":\"https:\/\/www.arte.tv\/sites\/olivierpere\/\",\"name\":\"Olivier P\u00e8re\",\"description\":\"\",\"potentialAction\":[{\"@type\":\"SearchAction\",\"target\":{\"@type\":\"EntryPoint\",\"urlTemplate\":\"https:\/\/www.arte.tv\/sites\/olivierpere\/?s={search_term_string}\"},\"query-input\":\"required name=search_term_string\"}],\"inLanguage\":\"fr-FR\"},{\"@type\":\"Person\",\"@id\":\"https:\/\/www.arte.tv\/sites\/olivierpere\/#\/schema\/person\/dc32cd6c79be95e52d43b97a74182558\",\"name\":\"Olivier P\u00e8re\",\"image\":{\"@type\":\"ImageObject\",\"inLanguage\":\"fr-FR\",\"@id\":\"https:\/\/www.arte.tv\/sites\/olivierpere\/#\/schema\/person\/image\/\",\"url\":\"https:\/\/secure.gravatar.com\/avatar\/bdea7b6a2c195e2c41772429a9694758?s=96&d=mm&r=g\",\"contentUrl\":\"https:\/\/secure.gravatar.com\/avatar\/bdea7b6a2c195e2c41772429a9694758?s=96&d=mm&r=g\",\"caption\":\"Olivier P\u00e8re\"},\"url\":\"https:\/\/www.arte.tv\/sites\/olivierpere\/author\/pereolivier\/\"}]}<\/script>\n<!-- \/ Yoast SEO plugin. -->","yoast_head_json":{"title":"Les R\u00e9volt\u00e9s de l'an 2000 de Narciso Ib\u00e1\u00f1ez Serrador - Olivier P\u00e8re","robots":{"index":"index","follow":"follow","max-snippet":"max-snippet:-1","max-image-preview":"max-image-preview:large","max-video-preview":"max-video-preview:-1"},"canonical":"https:\/\/www.arte.tv\/sites\/olivierpere\/2020\/09\/05\/les-revoltes-de-lan-2000-de-narciso-ibanez-serrador\/","og_locale":"fr_FR","og_type":"article","og_title":"Les R\u00e9volt\u00e9s de l'an 2000 de Narciso Ib\u00e1\u00f1ez Serrador - Olivier P\u00e8re","og_description":"Pour les Espagnols, Narciso Ib\u00e1\u00f1ez Serrador demeure avant tout une figure extr\u00eamement populaire de la t\u00e9l\u00e9vision publique. Entre les ann\u00e9es\u2026","og_url":"https:\/\/www.arte.tv\/sites\/olivierpere\/2020\/09\/05\/les-revoltes-de-lan-2000-de-narciso-ibanez-serrador\/","og_site_name":"Olivier P\u00e8re","article_published_time":"2020-09-05T14:04:25+00:00","article_modified_time":"2020-10-15T14:06:21+00:00","og_image":[{"url":"https:\/\/www.arte.tv\/sites\/olivierpere\/files\/aff-les-revoltes-de-lan-2000-hd.jpg"}],"author":"Olivier P\u00e8re","twitter_misc":{"\u00c9crit par":"Olivier P\u00e8re","Dur\u00e9e de lecture estim\u00e9e":"3 minutes"},"schema":{"@context":"https:\/\/schema.org","@graph":[{"@type":"WebPage","@id":"https:\/\/www.arte.tv\/sites\/olivierpere\/2020\/09\/05\/les-revoltes-de-lan-2000-de-narciso-ibanez-serrador\/","url":"https:\/\/www.arte.tv\/sites\/olivierpere\/2020\/09\/05\/les-revoltes-de-lan-2000-de-narciso-ibanez-serrador\/","name":"Les R\u00e9volt\u00e9s de l'an 2000 de Narciso Ib\u00e1\u00f1ez Serrador - Olivier P\u00e8re","isPartOf":{"@id":"https:\/\/www.arte.tv\/sites\/olivierpere\/#website"},"datePublished":"2020-09-05T14:04:25+00:00","dateModified":"2020-10-15T14:06:21+00:00","author":{"@id":"https:\/\/www.arte.tv\/sites\/olivierpere\/#\/schema\/person\/dc32cd6c79be95e52d43b97a74182558"},"breadcrumb":{"@id":"https:\/\/www.arte.tv\/sites\/olivierpere\/2020\/09\/05\/les-revoltes-de-lan-2000-de-narciso-ibanez-serrador\/#breadcrumb"},"inLanguage":"fr-FR","potentialAction":[{"@type":"ReadAction","target":["https:\/\/www.arte.tv\/sites\/olivierpere\/2020\/09\/05\/les-revoltes-de-lan-2000-de-narciso-ibanez-serrador\/"]}]},{"@type":"BreadcrumbList","@id":"https:\/\/www.arte.tv\/sites\/olivierpere\/2020\/09\/05\/les-revoltes-de-lan-2000-de-narciso-ibanez-serrador\/#breadcrumb","itemListElement":[{"@type":"ListItem","position":1,"name":"Home","item":"https:\/\/www.arte.tv\/sites\/olivierpere\/"},{"@type":"ListItem","position":2,"name":"Les R\u00e9volt\u00e9s de l&rsquo;an 2000 de Narciso Ib\u00e1\u00f1ez Serrador"}]},{"@type":"WebSite","@id":"https:\/\/www.arte.tv\/sites\/olivierpere\/#website","url":"https:\/\/www.arte.tv\/sites\/olivierpere\/","name":"Olivier P\u00e8re","description":"","potentialAction":[{"@type":"SearchAction","target":{"@type":"EntryPoint","urlTemplate":"https:\/\/www.arte.tv\/sites\/olivierpere\/?s={search_term_string}"},"query-input":"required name=search_term_string"}],"inLanguage":"fr-FR"},{"@type":"Person","@id":"https:\/\/www.arte.tv\/sites\/olivierpere\/#\/schema\/person\/dc32cd6c79be95e52d43b97a74182558","name":"Olivier P\u00e8re","image":{"@type":"ImageObject","inLanguage":"fr-FR","@id":"https:\/\/www.arte.tv\/sites\/olivierpere\/#\/schema\/person\/image\/","url":"https:\/\/secure.gravatar.com\/avatar\/bdea7b6a2c195e2c41772429a9694758?s=96&d=mm&r=g","contentUrl":"https:\/\/secure.gravatar.com\/avatar\/bdea7b6a2c195e2c41772429a9694758?s=96&d=mm&r=g","caption":"Olivier P\u00e8re"},"url":"https:\/\/www.arte.tv\/sites\/olivierpere\/author\/pereolivier\/"}]}},"_links":{"self":[{"href":"https:\/\/www.arte.tv\/sites\/olivierpere\/wp-json\/wp\/v2\/posts\/26076"}],"collection":[{"href":"https:\/\/www.arte.tv\/sites\/olivierpere\/wp-json\/wp\/v2\/posts"}],"about":[{"href":"https:\/\/www.arte.tv\/sites\/olivierpere\/wp-json\/wp\/v2\/types\/post"}],"author":[{"embeddable":true,"href":"https:\/\/www.arte.tv\/sites\/olivierpere\/wp-json\/wp\/v2\/users\/116"}],"replies":[{"embeddable":true,"href":"https:\/\/www.arte.tv\/sites\/olivierpere\/wp-json\/wp\/v2\/comments?post=26076"}],"version-history":[{"count":1,"href":"https:\/\/www.arte.tv\/sites\/olivierpere\/wp-json\/wp\/v2\/posts\/26076\/revisions"}],"predecessor-version":[{"id":26078,"href":"https:\/\/www.arte.tv\/sites\/olivierpere\/wp-json\/wp\/v2\/posts\/26076\/revisions\/26078"}],"wp:attachment":[{"href":"https:\/\/www.arte.tv\/sites\/olivierpere\/wp-json\/wp\/v2\/media?parent=26076"}],"wp:term":[{"taxonomy":"category","embeddable":true,"href":"https:\/\/www.arte.tv\/sites\/olivierpere\/wp-json\/wp\/v2\/categories?post=26076"},{"taxonomy":"post_tag","embeddable":true,"href":"https:\/\/www.arte.tv\/sites\/olivierpere\/wp-json\/wp\/v2\/tags?post=26076"}],"curies":[{"name":"wp","href":"https:\/\/api.w.org\/{rel}","templated":true}]}}