{"id":26052,"date":"2020-10-04T13:22:17","date_gmt":"2020-10-04T12:22:17","guid":{"rendered":"https:\/\/www.arte.tv\/sites\/olivierpere\/?p=26052"},"modified":"2020-10-12T15:32:11","modified_gmt":"2020-10-12T14:32:11","slug":"la-mariee-etait-en-noir-de-francois-truffaut","status":"publish","type":"post","link":"https:\/\/www.arte.tv\/sites\/olivierpere\/2020\/10\/04\/la-mariee-etait-en-noir-de-francois-truffaut\/","title":{"rendered":"La mari\u00e9e \u00e9tait en noir de Fran\u00e7ois Truffaut"},"content":{"rendered":"<p><strong>ARTE diffuse<em> La mari\u00e9e \u00e9tait en noir<\/em> (1968) dans le cadre de son cycle Fran\u00e7ois Truffaut, lundi 19 octobre \u00e0 20h55. Veuve le jour de son mariage, Julie Kohler se transforme en ange de la vengeance et \u00e9limine un \u00e0 un les responsables de la mort de son \u00e9poux, l\u2019amour de sa vie. Mal aim\u00e9 par les ex\u00e9g\u00e8tes du cin\u00e9aste et par son auteur lui-m\u00eame, <em>La mari\u00e9e \u00e9tait en noir<\/em> est un film \u00e9trange dans lequel Truffaut tente d\u2019appliquer les principes de son ma\u00eetre Alfred Hitchcock, sans pour autant renoncer \u00e0 sa propre personnalit\u00e9 de cin\u00e9aste. Cela donne un r\u00e9sultat paradoxal. Les citations visuelles ou musicales \u2013 Truffaut emprunte \u00e0 Hitchcock son compositeur f\u00e9tiche, Bernard Herrmann \u2013 ne font que souligner les diff\u00e9rences qui existent entre <em>La mari\u00e9e \u00e9tait en noir<\/em> et les films du cin\u00e9aste anglais. Truffaut ne laisse pas vraiment la place au suspens, et refuse de diaboliser les coupables, d\u00e9crits comme des \u00e9chantillons de masculinit\u00e9 ridicules ou path\u00e9tiques \u2013 ils sont interpr\u00e9t\u00e9s par les g\u00e9niaux Michel Bouquet, Michael Lonsdale ou Charles Denner. Truffaut, fran\u00e7ais jusqu\u2019au bout des ongles, ne parvient jamais au niveau de sophistication et de \u00ab\u00a0glamour\u00a0\u00bb de son mod\u00e8le. Il y a dans son film une trivialit\u00e9 ins\u00e9parable des personnages et des d\u00e9cors qu\u2019il d\u00e9crit, malgr\u00e9 des intentions d\u00e9r\u00e9alisantes qui emm\u00e8nent parfois <em>La mari\u00e9e \u00e9tait en noir <\/em>sur les territoires de l\u2019onirisme. Jeanne Moreau hante le film comme un fant\u00f4me. Elle ex\u00e9cute son plan de mani\u00e8re m\u00e9thodique, avec une sorte de folie froide. <em>La mari\u00e9e \u00e9tait en noir<\/em> rejoint les grands films monomaniaques de Truffaut, qui imagine une h\u00e9ro\u00efne obs\u00e9d\u00e9e par la mort. Le programme de cette adaptation fran\u00e7aise d\u2019un roman de William Irish fait immanquablement penser \u00e0 <em>Kill Bill<\/em>. Quentin Tarantino a pourtant d\u00e9clar\u00e9 n\u2019avoir jamais vu le film de Truffaut.<\/strong><\/p>\n","protected":false},"excerpt":{"rendered":"<p>ARTE diffuse La mari\u00e9e \u00e9tait en noir (1968) dans le cadre de son cycle Fran\u00e7ois Truffaut, lundi 19 octobre \u00e0\u2026<\/p>\n","protected":false},"author":116,"featured_media":0,"comment_status":"open","ping_status":"open","sticky":false,"template":"","format":"standard","meta":[],"categories":[8],"tags":[],"yoast_head":"<!-- This site is optimized with the Yoast SEO plugin v20.8 - https:\/\/yoast.com\/wordpress\/plugins\/seo\/ -->\n<title>La mari\u00e9e \u00e9tait en noir de Fran\u00e7ois Truffaut - Olivier P\u00e8re<\/title>\n<meta name=\"robots\" content=\"index, follow, max-snippet:-1, max-image-preview:large, max-video-preview:-1\" \/>\n<link rel=\"canonical\" href=\"https:\/\/www.arte.tv\/sites\/olivierpere\/2020\/10\/04\/la-mariee-etait-en-noir-de-francois-truffaut\/\" \/>\n<meta property=\"og:locale\" content=\"fr_FR\" \/>\n<meta property=\"og:type\" content=\"article\" \/>\n<meta property=\"og:title\" content=\"La mari\u00e9e \u00e9tait en noir de Fran\u00e7ois Truffaut - Olivier P\u00e8re\" \/>\n<meta property=\"og:description\" content=\"ARTE diffuse La mari\u00e9e \u00e9tait en noir (1968) dans le cadre de son cycle Fran\u00e7ois Truffaut, lundi 19 octobre \u00e0\u2026\" \/>\n<meta property=\"og:url\" content=\"https:\/\/www.arte.tv\/sites\/olivierpere\/2020\/10\/04\/la-mariee-etait-en-noir-de-francois-truffaut\/\" \/>\n<meta property=\"og:site_name\" content=\"Olivier P\u00e8re\" \/>\n<meta property=\"article:published_time\" content=\"2020-10-04T12:22:17+00:00\" \/>\n<meta property=\"article:modified_time\" content=\"2020-10-12T14:32:11+00:00\" \/>\n<meta name=\"author\" content=\"Olivier P\u00e8re\" \/>\n<meta name=\"twitter:label1\" content=\"\u00c9crit par\" \/>\n\t<meta name=\"twitter:data1\" content=\"Olivier P\u00e8re\" \/>\n\t<meta name=\"twitter:label2\" content=\"Dur\u00e9e de lecture estim\u00e9e\" \/>\n\t<meta name=\"twitter:data2\" content=\"2 minutes\" \/>\n<script type=\"application\/ld+json\" class=\"yoast-schema-graph\">{\"@context\":\"https:\/\/schema.org\",\"@graph\":[{\"@type\":\"WebPage\",\"@id\":\"https:\/\/www.arte.tv\/sites\/olivierpere\/2020\/10\/04\/la-mariee-etait-en-noir-de-francois-truffaut\/\",\"url\":\"https:\/\/www.arte.tv\/sites\/olivierpere\/2020\/10\/04\/la-mariee-etait-en-noir-de-francois-truffaut\/\",\"name\":\"La mari\u00e9e \u00e9tait en noir de Fran\u00e7ois Truffaut - Olivier P\u00e8re\",\"isPartOf\":{\"@id\":\"https:\/\/www.arte.tv\/sites\/olivierpere\/#website\"},\"datePublished\":\"2020-10-04T12:22:17+00:00\",\"dateModified\":\"2020-10-12T14:32:11+00:00\",\"author\":{\"@id\":\"https:\/\/www.arte.tv\/sites\/olivierpere\/#\/schema\/person\/dc32cd6c79be95e52d43b97a74182558\"},\"breadcrumb\":{\"@id\":\"https:\/\/www.arte.tv\/sites\/olivierpere\/2020\/10\/04\/la-mariee-etait-en-noir-de-francois-truffaut\/#breadcrumb\"},\"inLanguage\":\"fr-FR\",\"potentialAction\":[{\"@type\":\"ReadAction\",\"target\":[\"https:\/\/www.arte.tv\/sites\/olivierpere\/2020\/10\/04\/la-mariee-etait-en-noir-de-francois-truffaut\/\"]}]},{\"@type\":\"BreadcrumbList\",\"@id\":\"https:\/\/www.arte.tv\/sites\/olivierpere\/2020\/10\/04\/la-mariee-etait-en-noir-de-francois-truffaut\/#breadcrumb\",\"itemListElement\":[{\"@type\":\"ListItem\",\"position\":1,\"name\":\"Home\",\"item\":\"https:\/\/www.arte.tv\/sites\/olivierpere\/\"},{\"@type\":\"ListItem\",\"position\":2,\"name\":\"La mari\u00e9e \u00e9tait en noir de Fran\u00e7ois Truffaut\"}]},{\"@type\":\"WebSite\",\"@id\":\"https:\/\/www.arte.tv\/sites\/olivierpere\/#website\",\"url\":\"https:\/\/www.arte.tv\/sites\/olivierpere\/\",\"name\":\"Olivier P\u00e8re\",\"description\":\"\",\"potentialAction\":[{\"@type\":\"SearchAction\",\"target\":{\"@type\":\"EntryPoint\",\"urlTemplate\":\"https:\/\/www.arte.tv\/sites\/olivierpere\/?s={search_term_string}\"},\"query-input\":\"required name=search_term_string\"}],\"inLanguage\":\"fr-FR\"},{\"@type\":\"Person\",\"@id\":\"https:\/\/www.arte.tv\/sites\/olivierpere\/#\/schema\/person\/dc32cd6c79be95e52d43b97a74182558\",\"name\":\"Olivier P\u00e8re\",\"image\":{\"@type\":\"ImageObject\",\"inLanguage\":\"fr-FR\",\"@id\":\"https:\/\/www.arte.tv\/sites\/olivierpere\/#\/schema\/person\/image\/\",\"url\":\"https:\/\/secure.gravatar.com\/avatar\/bdea7b6a2c195e2c41772429a9694758?s=96&d=mm&r=g\",\"contentUrl\":\"https:\/\/secure.gravatar.com\/avatar\/bdea7b6a2c195e2c41772429a9694758?s=96&d=mm&r=g\",\"caption\":\"Olivier P\u00e8re\"},\"url\":\"https:\/\/www.arte.tv\/sites\/olivierpere\/author\/pereolivier\/\"}]}<\/script>\n<!-- \/ Yoast SEO plugin. -->","yoast_head_json":{"title":"La mari\u00e9e \u00e9tait en noir de Fran\u00e7ois Truffaut - Olivier P\u00e8re","robots":{"index":"index","follow":"follow","max-snippet":"max-snippet:-1","max-image-preview":"max-image-preview:large","max-video-preview":"max-video-preview:-1"},"canonical":"https:\/\/www.arte.tv\/sites\/olivierpere\/2020\/10\/04\/la-mariee-etait-en-noir-de-francois-truffaut\/","og_locale":"fr_FR","og_type":"article","og_title":"La mari\u00e9e \u00e9tait en noir de Fran\u00e7ois Truffaut - Olivier P\u00e8re","og_description":"ARTE diffuse La mari\u00e9e \u00e9tait en noir (1968) dans le cadre de son cycle Fran\u00e7ois Truffaut, lundi 19 octobre \u00e0\u2026","og_url":"https:\/\/www.arte.tv\/sites\/olivierpere\/2020\/10\/04\/la-mariee-etait-en-noir-de-francois-truffaut\/","og_site_name":"Olivier P\u00e8re","article_published_time":"2020-10-04T12:22:17+00:00","article_modified_time":"2020-10-12T14:32:11+00:00","author":"Olivier P\u00e8re","twitter_misc":{"\u00c9crit par":"Olivier P\u00e8re","Dur\u00e9e de lecture estim\u00e9e":"2 minutes"},"schema":{"@context":"https:\/\/schema.org","@graph":[{"@type":"WebPage","@id":"https:\/\/www.arte.tv\/sites\/olivierpere\/2020\/10\/04\/la-mariee-etait-en-noir-de-francois-truffaut\/","url":"https:\/\/www.arte.tv\/sites\/olivierpere\/2020\/10\/04\/la-mariee-etait-en-noir-de-francois-truffaut\/","name":"La mari\u00e9e \u00e9tait en noir de Fran\u00e7ois Truffaut - Olivier P\u00e8re","isPartOf":{"@id":"https:\/\/www.arte.tv\/sites\/olivierpere\/#website"},"datePublished":"2020-10-04T12:22:17+00:00","dateModified":"2020-10-12T14:32:11+00:00","author":{"@id":"https:\/\/www.arte.tv\/sites\/olivierpere\/#\/schema\/person\/dc32cd6c79be95e52d43b97a74182558"},"breadcrumb":{"@id":"https:\/\/www.arte.tv\/sites\/olivierpere\/2020\/10\/04\/la-mariee-etait-en-noir-de-francois-truffaut\/#breadcrumb"},"inLanguage":"fr-FR","potentialAction":[{"@type":"ReadAction","target":["https:\/\/www.arte.tv\/sites\/olivierpere\/2020\/10\/04\/la-mariee-etait-en-noir-de-francois-truffaut\/"]}]},{"@type":"BreadcrumbList","@id":"https:\/\/www.arte.tv\/sites\/olivierpere\/2020\/10\/04\/la-mariee-etait-en-noir-de-francois-truffaut\/#breadcrumb","itemListElement":[{"@type":"ListItem","position":1,"name":"Home","item":"https:\/\/www.arte.tv\/sites\/olivierpere\/"},{"@type":"ListItem","position":2,"name":"La mari\u00e9e \u00e9tait en noir de Fran\u00e7ois Truffaut"}]},{"@type":"WebSite","@id":"https:\/\/www.arte.tv\/sites\/olivierpere\/#website","url":"https:\/\/www.arte.tv\/sites\/olivierpere\/","name":"Olivier P\u00e8re","description":"","potentialAction":[{"@type":"SearchAction","target":{"@type":"EntryPoint","urlTemplate":"https:\/\/www.arte.tv\/sites\/olivierpere\/?s={search_term_string}"},"query-input":"required name=search_term_string"}],"inLanguage":"fr-FR"},{"@type":"Person","@id":"https:\/\/www.arte.tv\/sites\/olivierpere\/#\/schema\/person\/dc32cd6c79be95e52d43b97a74182558","name":"Olivier P\u00e8re","image":{"@type":"ImageObject","inLanguage":"fr-FR","@id":"https:\/\/www.arte.tv\/sites\/olivierpere\/#\/schema\/person\/image\/","url":"https:\/\/secure.gravatar.com\/avatar\/bdea7b6a2c195e2c41772429a9694758?s=96&d=mm&r=g","contentUrl":"https:\/\/secure.gravatar.com\/avatar\/bdea7b6a2c195e2c41772429a9694758?s=96&d=mm&r=g","caption":"Olivier P\u00e8re"},"url":"https:\/\/www.arte.tv\/sites\/olivierpere\/author\/pereolivier\/"}]}},"_links":{"self":[{"href":"https:\/\/www.arte.tv\/sites\/olivierpere\/wp-json\/wp\/v2\/posts\/26052"}],"collection":[{"href":"https:\/\/www.arte.tv\/sites\/olivierpere\/wp-json\/wp\/v2\/posts"}],"about":[{"href":"https:\/\/www.arte.tv\/sites\/olivierpere\/wp-json\/wp\/v2\/types\/post"}],"author":[{"embeddable":true,"href":"https:\/\/www.arte.tv\/sites\/olivierpere\/wp-json\/wp\/v2\/users\/116"}],"replies":[{"embeddable":true,"href":"https:\/\/www.arte.tv\/sites\/olivierpere\/wp-json\/wp\/v2\/comments?post=26052"}],"version-history":[{"count":2,"href":"https:\/\/www.arte.tv\/sites\/olivierpere\/wp-json\/wp\/v2\/posts\/26052\/revisions"}],"predecessor-version":[{"id":26060,"href":"https:\/\/www.arte.tv\/sites\/olivierpere\/wp-json\/wp\/v2\/posts\/26052\/revisions\/26060"}],"wp:attachment":[{"href":"https:\/\/www.arte.tv\/sites\/olivierpere\/wp-json\/wp\/v2\/media?parent=26052"}],"wp:term":[{"taxonomy":"category","embeddable":true,"href":"https:\/\/www.arte.tv\/sites\/olivierpere\/wp-json\/wp\/v2\/categories?post=26052"},{"taxonomy":"post_tag","embeddable":true,"href":"https:\/\/www.arte.tv\/sites\/olivierpere\/wp-json\/wp\/v2\/tags?post=26052"}],"curies":[{"name":"wp","href":"https:\/\/api.w.org\/{rel}","templated":true}]}}