{"id":26038,"date":"2020-10-02T10:47:54","date_gmt":"2020-10-02T09:47:54","guid":{"rendered":"https:\/\/www.arte.tv\/sites\/olivierpere\/?p=26038"},"modified":"2020-10-19T14:27:14","modified_gmt":"2020-10-19T13:27:14","slug":"enemy-de-denis-villeneuve","status":"publish","type":"post","link":"https:\/\/www.arte.tv\/sites\/olivierpere\/2020\/10\/02\/enemy-de-denis-villeneuve\/","title":{"rendered":"Enemy de Denis Villeneuve"},"content":{"rendered":"<p><strong>ARTE diffuse mercredi 14 octobre \u00e0 20h55 <em>Enemy, <\/em>r\u00e9alis\u00e9 en 2013 par Denis Villeneuve. Le film sera \u00e9galement disponible gratuitement en t\u00e9l\u00e9vision de rattrapage jusqu&rsquo;au 20 octobre sur ARTE.tv.<\/strong><\/p>\n<p><strong>C\u2019est peut-\u00eatre le meilleur film du cin\u00e9aste canadien, librement adapt\u00e9 du roman <em>L\u2019Autre comme moi<\/em> de l\u2019\u00e9crivain portugais Jos\u00e9 Saramago, Prix Nobel de litt\u00e9rature. De son propre aveu, Villeneuve s\u2019est empar\u00e9 du livre de Saragamo pour exprimer dans <em>Enemy <\/em>des \u00e9motions et des exp\u00e9riences largement autobiographiques, relatives \u00e0 la conjugalit\u00e9 et \u00e0 la masculinit\u00e9. <em>Enemy<\/em>, ou comment raconter une histoire simple d\u2019infid\u00e9lit\u00e9 et de couple, mais de mani\u00e8re fascinante et totalement impr\u00e9visible, aux confins du cin\u00e9ma fantastique. Un professeur timor\u00e9, insatisfait de sa vie professionnelle et sentimentale, d\u00e9couvre par hasard l\u2019existence d\u2019un acteur de seconde zone, fantasque et volage, qui lui ressemble trait pour trait. Il m\u00e8ne une enqu\u00eate et parvient \u00e0 entrer en contact avec son sosie, dont la ravissante \u00e9pouse est enceinte. Le r\u00e9alisateur canadien Denis Villeneuve renouvelle avec beaucoup de talent le th\u00e8me du double au cin\u00e9ma. Il est plus exact de parler de d\u00e9doublement et de projection mentale au sujet d\u2019<em>Enemy<\/em>, qui explore la psych\u00e9 d\u2019un homme englu\u00e9 dans une situation inextricable. Dans le sillage d\u2019Hitchcock et de Polanski, Villeneuve signe un thriller psychologique racont\u00e9 du point de vue du subconscient de son personnage principal, remarquablement interpr\u00e9t\u00e9 par Jake Gyllenhall. Construit comme un labyrinthe \u00e9nigmatique, <em>Enemy <\/em>dresse le portrait d\u2019un homme en lutte contre ses propres d\u00e9mons, terroris\u00e9 par ses devoirs d\u2019homme, d\u2019\u00e9poux et de futur p\u00e8re. Les visions d\u2019araign\u00e9es dans le film symbolisent son angoisse devant les femmes de sa vie, m\u00e8re, \u00e9pouse et ma\u00eetresse. L\u2019aran\u00e9ide g\u00e9ante qui appara\u00eet furtivement au milieu de gratte-ciels est inspir\u00e9e par la sculpture monumentale de la plasticienne Louise Bourgeois, justement intitul\u00e9e \u00ab\u00a0maman\u00a0\u00bb. La crainte des femmes et le fardeau qu\u2019elles repr\u00e9sentent pour Adam\/Anthony ouvre dans <em>Enemy<\/em> une perspective crypto-gay, encourag\u00e9e par plusieurs sc\u00e8nes d\u2019intimit\u00e9 clandestine (chambre d\u2019h\u00f4tel, ascenseur) et de conversations cod\u00e9es entre hommes.<\/strong><\/p>\n<p>&nbsp;<\/p>\n<p>&nbsp;<\/p>\n","protected":false},"excerpt":{"rendered":"<p>ARTE diffuse mercredi 14 octobre \u00e0 20h55 Enemy, r\u00e9alis\u00e9 en 2013 par Denis Villeneuve. Le film sera \u00e9galement disponible gratuitement\u2026<\/p>\n","protected":false},"author":116,"featured_media":0,"comment_status":"open","ping_status":"open","sticky":false,"template":"","format":"standard","meta":[],"categories":[8],"tags":[],"yoast_head":"<!-- This site is optimized with the Yoast SEO plugin v20.8 - https:\/\/yoast.com\/wordpress\/plugins\/seo\/ -->\n<title>Enemy de Denis Villeneuve - Olivier P\u00e8re<\/title>\n<meta name=\"robots\" content=\"index, follow, max-snippet:-1, max-image-preview:large, max-video-preview:-1\" \/>\n<link rel=\"canonical\" href=\"https:\/\/www.arte.tv\/sites\/olivierpere\/2020\/10\/02\/enemy-de-denis-villeneuve\/\" \/>\n<meta property=\"og:locale\" content=\"fr_FR\" \/>\n<meta property=\"og:type\" content=\"article\" \/>\n<meta property=\"og:title\" content=\"Enemy de Denis Villeneuve - Olivier P\u00e8re\" \/>\n<meta property=\"og:description\" content=\"ARTE diffuse mercredi 14 octobre \u00e0 20h55 Enemy, r\u00e9alis\u00e9 en 2013 par Denis Villeneuve. Le film sera \u00e9galement disponible gratuitement\u2026\" \/>\n<meta property=\"og:url\" content=\"https:\/\/www.arte.tv\/sites\/olivierpere\/2020\/10\/02\/enemy-de-denis-villeneuve\/\" \/>\n<meta property=\"og:site_name\" content=\"Olivier P\u00e8re\" \/>\n<meta property=\"article:published_time\" content=\"2020-10-02T09:47:54+00:00\" \/>\n<meta property=\"article:modified_time\" content=\"2020-10-19T13:27:14+00:00\" \/>\n<meta name=\"author\" content=\"Olivier P\u00e8re\" \/>\n<meta name=\"twitter:label1\" content=\"\u00c9crit par\" \/>\n\t<meta name=\"twitter:data1\" content=\"Olivier P\u00e8re\" \/>\n\t<meta name=\"twitter:label2\" content=\"Dur\u00e9e de lecture estim\u00e9e\" \/>\n\t<meta name=\"twitter:data2\" content=\"2 minutes\" \/>\n<script type=\"application\/ld+json\" class=\"yoast-schema-graph\">{\"@context\":\"https:\/\/schema.org\",\"@graph\":[{\"@type\":\"WebPage\",\"@id\":\"https:\/\/www.arte.tv\/sites\/olivierpere\/2020\/10\/02\/enemy-de-denis-villeneuve\/\",\"url\":\"https:\/\/www.arte.tv\/sites\/olivierpere\/2020\/10\/02\/enemy-de-denis-villeneuve\/\",\"name\":\"Enemy de Denis Villeneuve - Olivier P\u00e8re\",\"isPartOf\":{\"@id\":\"https:\/\/www.arte.tv\/sites\/olivierpere\/#website\"},\"datePublished\":\"2020-10-02T09:47:54+00:00\",\"dateModified\":\"2020-10-19T13:27:14+00:00\",\"author\":{\"@id\":\"https:\/\/www.arte.tv\/sites\/olivierpere\/#\/schema\/person\/dc32cd6c79be95e52d43b97a74182558\"},\"breadcrumb\":{\"@id\":\"https:\/\/www.arte.tv\/sites\/olivierpere\/2020\/10\/02\/enemy-de-denis-villeneuve\/#breadcrumb\"},\"inLanguage\":\"fr-FR\",\"potentialAction\":[{\"@type\":\"ReadAction\",\"target\":[\"https:\/\/www.arte.tv\/sites\/olivierpere\/2020\/10\/02\/enemy-de-denis-villeneuve\/\"]}]},{\"@type\":\"BreadcrumbList\",\"@id\":\"https:\/\/www.arte.tv\/sites\/olivierpere\/2020\/10\/02\/enemy-de-denis-villeneuve\/#breadcrumb\",\"itemListElement\":[{\"@type\":\"ListItem\",\"position\":1,\"name\":\"Home\",\"item\":\"https:\/\/www.arte.tv\/sites\/olivierpere\/\"},{\"@type\":\"ListItem\",\"position\":2,\"name\":\"Enemy de Denis Villeneuve\"}]},{\"@type\":\"WebSite\",\"@id\":\"https:\/\/www.arte.tv\/sites\/olivierpere\/#website\",\"url\":\"https:\/\/www.arte.tv\/sites\/olivierpere\/\",\"name\":\"Olivier P\u00e8re\",\"description\":\"\",\"potentialAction\":[{\"@type\":\"SearchAction\",\"target\":{\"@type\":\"EntryPoint\",\"urlTemplate\":\"https:\/\/www.arte.tv\/sites\/olivierpere\/?s={search_term_string}\"},\"query-input\":\"required name=search_term_string\"}],\"inLanguage\":\"fr-FR\"},{\"@type\":\"Person\",\"@id\":\"https:\/\/www.arte.tv\/sites\/olivierpere\/#\/schema\/person\/dc32cd6c79be95e52d43b97a74182558\",\"name\":\"Olivier P\u00e8re\",\"image\":{\"@type\":\"ImageObject\",\"inLanguage\":\"fr-FR\",\"@id\":\"https:\/\/www.arte.tv\/sites\/olivierpere\/#\/schema\/person\/image\/\",\"url\":\"https:\/\/secure.gravatar.com\/avatar\/bdea7b6a2c195e2c41772429a9694758?s=96&d=mm&r=g\",\"contentUrl\":\"https:\/\/secure.gravatar.com\/avatar\/bdea7b6a2c195e2c41772429a9694758?s=96&d=mm&r=g\",\"caption\":\"Olivier P\u00e8re\"},\"url\":\"https:\/\/www.arte.tv\/sites\/olivierpere\/author\/pereolivier\/\"}]}<\/script>\n<!-- \/ Yoast SEO plugin. -->","yoast_head_json":{"title":"Enemy de Denis Villeneuve - Olivier P\u00e8re","robots":{"index":"index","follow":"follow","max-snippet":"max-snippet:-1","max-image-preview":"max-image-preview:large","max-video-preview":"max-video-preview:-1"},"canonical":"https:\/\/www.arte.tv\/sites\/olivierpere\/2020\/10\/02\/enemy-de-denis-villeneuve\/","og_locale":"fr_FR","og_type":"article","og_title":"Enemy de Denis Villeneuve - Olivier P\u00e8re","og_description":"ARTE diffuse mercredi 14 octobre \u00e0 20h55 Enemy, r\u00e9alis\u00e9 en 2013 par Denis Villeneuve. Le film sera \u00e9galement disponible gratuitement\u2026","og_url":"https:\/\/www.arte.tv\/sites\/olivierpere\/2020\/10\/02\/enemy-de-denis-villeneuve\/","og_site_name":"Olivier P\u00e8re","article_published_time":"2020-10-02T09:47:54+00:00","article_modified_time":"2020-10-19T13:27:14+00:00","author":"Olivier P\u00e8re","twitter_misc":{"\u00c9crit par":"Olivier P\u00e8re","Dur\u00e9e de lecture estim\u00e9e":"2 minutes"},"schema":{"@context":"https:\/\/schema.org","@graph":[{"@type":"WebPage","@id":"https:\/\/www.arte.tv\/sites\/olivierpere\/2020\/10\/02\/enemy-de-denis-villeneuve\/","url":"https:\/\/www.arte.tv\/sites\/olivierpere\/2020\/10\/02\/enemy-de-denis-villeneuve\/","name":"Enemy de Denis Villeneuve - Olivier P\u00e8re","isPartOf":{"@id":"https:\/\/www.arte.tv\/sites\/olivierpere\/#website"},"datePublished":"2020-10-02T09:47:54+00:00","dateModified":"2020-10-19T13:27:14+00:00","author":{"@id":"https:\/\/www.arte.tv\/sites\/olivierpere\/#\/schema\/person\/dc32cd6c79be95e52d43b97a74182558"},"breadcrumb":{"@id":"https:\/\/www.arte.tv\/sites\/olivierpere\/2020\/10\/02\/enemy-de-denis-villeneuve\/#breadcrumb"},"inLanguage":"fr-FR","potentialAction":[{"@type":"ReadAction","target":["https:\/\/www.arte.tv\/sites\/olivierpere\/2020\/10\/02\/enemy-de-denis-villeneuve\/"]}]},{"@type":"BreadcrumbList","@id":"https:\/\/www.arte.tv\/sites\/olivierpere\/2020\/10\/02\/enemy-de-denis-villeneuve\/#breadcrumb","itemListElement":[{"@type":"ListItem","position":1,"name":"Home","item":"https:\/\/www.arte.tv\/sites\/olivierpere\/"},{"@type":"ListItem","position":2,"name":"Enemy de Denis Villeneuve"}]},{"@type":"WebSite","@id":"https:\/\/www.arte.tv\/sites\/olivierpere\/#website","url":"https:\/\/www.arte.tv\/sites\/olivierpere\/","name":"Olivier P\u00e8re","description":"","potentialAction":[{"@type":"SearchAction","target":{"@type":"EntryPoint","urlTemplate":"https:\/\/www.arte.tv\/sites\/olivierpere\/?s={search_term_string}"},"query-input":"required name=search_term_string"}],"inLanguage":"fr-FR"},{"@type":"Person","@id":"https:\/\/www.arte.tv\/sites\/olivierpere\/#\/schema\/person\/dc32cd6c79be95e52d43b97a74182558","name":"Olivier P\u00e8re","image":{"@type":"ImageObject","inLanguage":"fr-FR","@id":"https:\/\/www.arte.tv\/sites\/olivierpere\/#\/schema\/person\/image\/","url":"https:\/\/secure.gravatar.com\/avatar\/bdea7b6a2c195e2c41772429a9694758?s=96&d=mm&r=g","contentUrl":"https:\/\/secure.gravatar.com\/avatar\/bdea7b6a2c195e2c41772429a9694758?s=96&d=mm&r=g","caption":"Olivier P\u00e8re"},"url":"https:\/\/www.arte.tv\/sites\/olivierpere\/author\/pereolivier\/"}]}},"_links":{"self":[{"href":"https:\/\/www.arte.tv\/sites\/olivierpere\/wp-json\/wp\/v2\/posts\/26038"}],"collection":[{"href":"https:\/\/www.arte.tv\/sites\/olivierpere\/wp-json\/wp\/v2\/posts"}],"about":[{"href":"https:\/\/www.arte.tv\/sites\/olivierpere\/wp-json\/wp\/v2\/types\/post"}],"author":[{"embeddable":true,"href":"https:\/\/www.arte.tv\/sites\/olivierpere\/wp-json\/wp\/v2\/users\/116"}],"replies":[{"embeddable":true,"href":"https:\/\/www.arte.tv\/sites\/olivierpere\/wp-json\/wp\/v2\/comments?post=26038"}],"version-history":[{"count":3,"href":"https:\/\/www.arte.tv\/sites\/olivierpere\/wp-json\/wp\/v2\/posts\/26038\/revisions"}],"predecessor-version":[{"id":26101,"href":"https:\/\/www.arte.tv\/sites\/olivierpere\/wp-json\/wp\/v2\/posts\/26038\/revisions\/26101"}],"wp:attachment":[{"href":"https:\/\/www.arte.tv\/sites\/olivierpere\/wp-json\/wp\/v2\/media?parent=26038"}],"wp:term":[{"taxonomy":"category","embeddable":true,"href":"https:\/\/www.arte.tv\/sites\/olivierpere\/wp-json\/wp\/v2\/categories?post=26038"},{"taxonomy":"post_tag","embeddable":true,"href":"https:\/\/www.arte.tv\/sites\/olivierpere\/wp-json\/wp\/v2\/tags?post=26038"}],"curies":[{"name":"wp","href":"https:\/\/api.w.org\/{rel}","templated":true}]}}