{"id":26012,"date":"2020-09-28T06:38:07","date_gmt":"2020-09-28T05:38:07","guid":{"rendered":"https:\/\/www.arte.tv\/sites\/olivierpere\/?p=26012"},"modified":"2020-09-29T06:38:43","modified_gmt":"2020-09-29T05:38:43","slug":"zero-dark-thirty-de-kathryn-bigelow","status":"publish","type":"post","link":"https:\/\/www.arte.tv\/sites\/olivierpere\/2020\/09\/28\/zero-dark-thirty-de-kathryn-bigelow\/","title":{"rendered":"Zero Dark Thirty de Kathryn Bigelow"},"content":{"rendered":"<p><strong>Le cycle consacr\u00e9 \u00e0 Kathryn Bigelow se poursuit sur ARTE avec la diffusion dimanche 4 octobre \u00e0 20h55 de<em> Zero Dark Thirty<\/em> (2012). Apr\u00e8s <em>D\u00e9mineurs<\/em> et avant <em>Detroit<\/em>, la cin\u00e9aste puise son inspiration dans l\u2019histoire contemporaine des \u00c9tats-Unis, en s\u2019emparant d\u2019un sujet \u00e0 l\u2019actualit\u00e9 encore chaude au moment de la sortie du film. <em>Zero Dark Thirty<\/em> relate la longue traque d\u2019Oussama Ben Laden par la CIA, qui d\u00e9bute au lendemain des attentats du 11 septembre 2001 et va durer pr\u00e8s de dix ans. L\u2019agent Maya, interpr\u00e9t\u00e9 par Jessica Chastain, remonte \u00e0 force d\u2019obstination et parfois au p\u00e9ril de sa vie la fili\u00e8re djihadiste, jusqu\u2019\u00e0 la d\u00e9couverte de la cache du chef terroriste \u00e0 Abbott\u0101b\u0101d, au Pakistan. Sp\u00e9cialiste des ambiances viriles, Kathryn Bigelow dresse le portrait d\u2019une femme d\u00e9termin\u00e9e et impliqu\u00e9e sur le terrain des op\u00e9rations, qui avance sans crainte dans un univers d\u2019hommes, capable d\u2019inspirer le respect \u00e0 des agents du renseignement ou des militaires. Au-del\u00e0 de son professionnalisme \u00e0 toute \u00e9preuve, Maya est une h\u00e9ro\u00efne qui transforme sa mission en croisade personnelle et obsessionnelle, \u00e0 la poursuite d\u2019une chim\u00e8re qui la hante. Bigelow et son sc\u00e9nariste Mark Boal devaient commencer le tournage d\u2019un film sur la bataille de Tora Bora en d\u00e9cembre 2001 et l\u2019\u00e9chec de la capture de Ben Laden en Afghanistan. L\u2019annonce de sa mort le 2 mai 2011 les obligea \u00e0 revoir enti\u00e8rement leur projet. Le film ne cache rien des m\u00e9thodes r\u00e9elles de la CIA pour retrouver Ben Laden, y compris l\u2019utilisation de la torture dans les camps de prisonniers. La reconstitution de la prise d\u2019assaut nocturne de la maison fortifi\u00e9e, par un commando des forces sp\u00e9ciales de la marine de guerre des \u00c9tats-Unis, est film\u00e9e en temps r\u00e9el, soit 45 minutes environ. Ce morceau de bravoure vient clore un film sous haute tension, remarquablement mis en sc\u00e8ne.<\/strong><\/p>\n<p>&nbsp;<\/p>\n","protected":false},"excerpt":{"rendered":"<p>Le cycle consacr\u00e9 \u00e0 Kathryn Bigelow se poursuit sur ARTE avec la diffusion dimanche 4 octobre \u00e0 20h55 de Zero\u2026<\/p>\n","protected":false},"author":116,"featured_media":0,"comment_status":"open","ping_status":"open","sticky":false,"template":"","format":"standard","meta":[],"categories":[8],"tags":[],"yoast_head":"<!-- This site is optimized with the Yoast SEO plugin v20.8 - https:\/\/yoast.com\/wordpress\/plugins\/seo\/ -->\n<title>Zero Dark Thirty de Kathryn Bigelow - Olivier P\u00e8re<\/title>\n<meta name=\"robots\" content=\"index, follow, max-snippet:-1, max-image-preview:large, max-video-preview:-1\" \/>\n<link rel=\"canonical\" href=\"https:\/\/www.arte.tv\/sites\/olivierpere\/2020\/09\/28\/zero-dark-thirty-de-kathryn-bigelow\/\" \/>\n<meta property=\"og:locale\" content=\"fr_FR\" \/>\n<meta property=\"og:type\" content=\"article\" \/>\n<meta property=\"og:title\" content=\"Zero Dark Thirty de Kathryn Bigelow - Olivier P\u00e8re\" \/>\n<meta property=\"og:description\" content=\"Le cycle consacr\u00e9 \u00e0 Kathryn Bigelow se poursuit sur ARTE avec la diffusion dimanche 4 octobre \u00e0 20h55 de Zero\u2026\" \/>\n<meta property=\"og:url\" content=\"https:\/\/www.arte.tv\/sites\/olivierpere\/2020\/09\/28\/zero-dark-thirty-de-kathryn-bigelow\/\" \/>\n<meta property=\"og:site_name\" content=\"Olivier P\u00e8re\" \/>\n<meta property=\"article:published_time\" content=\"2020-09-28T05:38:07+00:00\" \/>\n<meta property=\"article:modified_time\" content=\"2020-09-29T05:38:43+00:00\" \/>\n<meta name=\"author\" content=\"Olivier P\u00e8re\" \/>\n<meta name=\"twitter:label1\" content=\"\u00c9crit par\" \/>\n\t<meta name=\"twitter:data1\" content=\"Olivier P\u00e8re\" \/>\n\t<meta name=\"twitter:label2\" content=\"Dur\u00e9e de lecture estim\u00e9e\" \/>\n\t<meta name=\"twitter:data2\" content=\"2 minutes\" \/>\n<script type=\"application\/ld+json\" class=\"yoast-schema-graph\">{\"@context\":\"https:\/\/schema.org\",\"@graph\":[{\"@type\":\"WebPage\",\"@id\":\"https:\/\/www.arte.tv\/sites\/olivierpere\/2020\/09\/28\/zero-dark-thirty-de-kathryn-bigelow\/\",\"url\":\"https:\/\/www.arte.tv\/sites\/olivierpere\/2020\/09\/28\/zero-dark-thirty-de-kathryn-bigelow\/\",\"name\":\"Zero Dark Thirty de Kathryn Bigelow - Olivier P\u00e8re\",\"isPartOf\":{\"@id\":\"https:\/\/www.arte.tv\/sites\/olivierpere\/#website\"},\"datePublished\":\"2020-09-28T05:38:07+00:00\",\"dateModified\":\"2020-09-29T05:38:43+00:00\",\"author\":{\"@id\":\"https:\/\/www.arte.tv\/sites\/olivierpere\/#\/schema\/person\/dc32cd6c79be95e52d43b97a74182558\"},\"breadcrumb\":{\"@id\":\"https:\/\/www.arte.tv\/sites\/olivierpere\/2020\/09\/28\/zero-dark-thirty-de-kathryn-bigelow\/#breadcrumb\"},\"inLanguage\":\"fr-FR\",\"potentialAction\":[{\"@type\":\"ReadAction\",\"target\":[\"https:\/\/www.arte.tv\/sites\/olivierpere\/2020\/09\/28\/zero-dark-thirty-de-kathryn-bigelow\/\"]}]},{\"@type\":\"BreadcrumbList\",\"@id\":\"https:\/\/www.arte.tv\/sites\/olivierpere\/2020\/09\/28\/zero-dark-thirty-de-kathryn-bigelow\/#breadcrumb\",\"itemListElement\":[{\"@type\":\"ListItem\",\"position\":1,\"name\":\"Home\",\"item\":\"https:\/\/www.arte.tv\/sites\/olivierpere\/\"},{\"@type\":\"ListItem\",\"position\":2,\"name\":\"Zero Dark Thirty de Kathryn Bigelow\"}]},{\"@type\":\"WebSite\",\"@id\":\"https:\/\/www.arte.tv\/sites\/olivierpere\/#website\",\"url\":\"https:\/\/www.arte.tv\/sites\/olivierpere\/\",\"name\":\"Olivier P\u00e8re\",\"description\":\"\",\"potentialAction\":[{\"@type\":\"SearchAction\",\"target\":{\"@type\":\"EntryPoint\",\"urlTemplate\":\"https:\/\/www.arte.tv\/sites\/olivierpere\/?s={search_term_string}\"},\"query-input\":\"required name=search_term_string\"}],\"inLanguage\":\"fr-FR\"},{\"@type\":\"Person\",\"@id\":\"https:\/\/www.arte.tv\/sites\/olivierpere\/#\/schema\/person\/dc32cd6c79be95e52d43b97a74182558\",\"name\":\"Olivier P\u00e8re\",\"image\":{\"@type\":\"ImageObject\",\"inLanguage\":\"fr-FR\",\"@id\":\"https:\/\/www.arte.tv\/sites\/olivierpere\/#\/schema\/person\/image\/\",\"url\":\"https:\/\/secure.gravatar.com\/avatar\/bdea7b6a2c195e2c41772429a9694758?s=96&d=mm&r=g\",\"contentUrl\":\"https:\/\/secure.gravatar.com\/avatar\/bdea7b6a2c195e2c41772429a9694758?s=96&d=mm&r=g\",\"caption\":\"Olivier P\u00e8re\"},\"url\":\"https:\/\/www.arte.tv\/sites\/olivierpere\/author\/pereolivier\/\"}]}<\/script>\n<!-- \/ Yoast SEO plugin. -->","yoast_head_json":{"title":"Zero Dark Thirty de Kathryn Bigelow - Olivier P\u00e8re","robots":{"index":"index","follow":"follow","max-snippet":"max-snippet:-1","max-image-preview":"max-image-preview:large","max-video-preview":"max-video-preview:-1"},"canonical":"https:\/\/www.arte.tv\/sites\/olivierpere\/2020\/09\/28\/zero-dark-thirty-de-kathryn-bigelow\/","og_locale":"fr_FR","og_type":"article","og_title":"Zero Dark Thirty de Kathryn Bigelow - Olivier P\u00e8re","og_description":"Le cycle consacr\u00e9 \u00e0 Kathryn Bigelow se poursuit sur ARTE avec la diffusion dimanche 4 octobre \u00e0 20h55 de Zero\u2026","og_url":"https:\/\/www.arte.tv\/sites\/olivierpere\/2020\/09\/28\/zero-dark-thirty-de-kathryn-bigelow\/","og_site_name":"Olivier P\u00e8re","article_published_time":"2020-09-28T05:38:07+00:00","article_modified_time":"2020-09-29T05:38:43+00:00","author":"Olivier P\u00e8re","twitter_misc":{"\u00c9crit par":"Olivier P\u00e8re","Dur\u00e9e de lecture estim\u00e9e":"2 minutes"},"schema":{"@context":"https:\/\/schema.org","@graph":[{"@type":"WebPage","@id":"https:\/\/www.arte.tv\/sites\/olivierpere\/2020\/09\/28\/zero-dark-thirty-de-kathryn-bigelow\/","url":"https:\/\/www.arte.tv\/sites\/olivierpere\/2020\/09\/28\/zero-dark-thirty-de-kathryn-bigelow\/","name":"Zero Dark Thirty de Kathryn Bigelow - Olivier P\u00e8re","isPartOf":{"@id":"https:\/\/www.arte.tv\/sites\/olivierpere\/#website"},"datePublished":"2020-09-28T05:38:07+00:00","dateModified":"2020-09-29T05:38:43+00:00","author":{"@id":"https:\/\/www.arte.tv\/sites\/olivierpere\/#\/schema\/person\/dc32cd6c79be95e52d43b97a74182558"},"breadcrumb":{"@id":"https:\/\/www.arte.tv\/sites\/olivierpere\/2020\/09\/28\/zero-dark-thirty-de-kathryn-bigelow\/#breadcrumb"},"inLanguage":"fr-FR","potentialAction":[{"@type":"ReadAction","target":["https:\/\/www.arte.tv\/sites\/olivierpere\/2020\/09\/28\/zero-dark-thirty-de-kathryn-bigelow\/"]}]},{"@type":"BreadcrumbList","@id":"https:\/\/www.arte.tv\/sites\/olivierpere\/2020\/09\/28\/zero-dark-thirty-de-kathryn-bigelow\/#breadcrumb","itemListElement":[{"@type":"ListItem","position":1,"name":"Home","item":"https:\/\/www.arte.tv\/sites\/olivierpere\/"},{"@type":"ListItem","position":2,"name":"Zero Dark Thirty de Kathryn Bigelow"}]},{"@type":"WebSite","@id":"https:\/\/www.arte.tv\/sites\/olivierpere\/#website","url":"https:\/\/www.arte.tv\/sites\/olivierpere\/","name":"Olivier P\u00e8re","description":"","potentialAction":[{"@type":"SearchAction","target":{"@type":"EntryPoint","urlTemplate":"https:\/\/www.arte.tv\/sites\/olivierpere\/?s={search_term_string}"},"query-input":"required name=search_term_string"}],"inLanguage":"fr-FR"},{"@type":"Person","@id":"https:\/\/www.arte.tv\/sites\/olivierpere\/#\/schema\/person\/dc32cd6c79be95e52d43b97a74182558","name":"Olivier P\u00e8re","image":{"@type":"ImageObject","inLanguage":"fr-FR","@id":"https:\/\/www.arte.tv\/sites\/olivierpere\/#\/schema\/person\/image\/","url":"https:\/\/secure.gravatar.com\/avatar\/bdea7b6a2c195e2c41772429a9694758?s=96&d=mm&r=g","contentUrl":"https:\/\/secure.gravatar.com\/avatar\/bdea7b6a2c195e2c41772429a9694758?s=96&d=mm&r=g","caption":"Olivier P\u00e8re"},"url":"https:\/\/www.arte.tv\/sites\/olivierpere\/author\/pereolivier\/"}]}},"_links":{"self":[{"href":"https:\/\/www.arte.tv\/sites\/olivierpere\/wp-json\/wp\/v2\/posts\/26012"}],"collection":[{"href":"https:\/\/www.arte.tv\/sites\/olivierpere\/wp-json\/wp\/v2\/posts"}],"about":[{"href":"https:\/\/www.arte.tv\/sites\/olivierpere\/wp-json\/wp\/v2\/types\/post"}],"author":[{"embeddable":true,"href":"https:\/\/www.arte.tv\/sites\/olivierpere\/wp-json\/wp\/v2\/users\/116"}],"replies":[{"embeddable":true,"href":"https:\/\/www.arte.tv\/sites\/olivierpere\/wp-json\/wp\/v2\/comments?post=26012"}],"version-history":[{"count":1,"href":"https:\/\/www.arte.tv\/sites\/olivierpere\/wp-json\/wp\/v2\/posts\/26012\/revisions"}],"predecessor-version":[{"id":26013,"href":"https:\/\/www.arte.tv\/sites\/olivierpere\/wp-json\/wp\/v2\/posts\/26012\/revisions\/26013"}],"wp:attachment":[{"href":"https:\/\/www.arte.tv\/sites\/olivierpere\/wp-json\/wp\/v2\/media?parent=26012"}],"wp:term":[{"taxonomy":"category","embeddable":true,"href":"https:\/\/www.arte.tv\/sites\/olivierpere\/wp-json\/wp\/v2\/categories?post=26012"},{"taxonomy":"post_tag","embeddable":true,"href":"https:\/\/www.arte.tv\/sites\/olivierpere\/wp-json\/wp\/v2\/tags?post=26012"}],"curies":[{"name":"wp","href":"https:\/\/api.w.org\/{rel}","templated":true}]}}