{"id":26007,"date":"2020-09-27T20:07:20","date_gmt":"2020-09-27T19:07:20","guid":{"rendered":"https:\/\/www.arte.tv\/sites\/olivierpere\/?p=26007"},"modified":"2020-09-27T20:07:20","modified_gmt":"2020-09-27T19:07:20","slug":"demineurs-de-kathryn-bigelow","status":"publish","type":"post","link":"https:\/\/www.arte.tv\/sites\/olivierpere\/2020\/09\/27\/demineurs-de-kathryn-bigelow\/","title":{"rendered":"D\u00e9mineurs de Kathryn Bigelow"},"content":{"rendered":"<p><strong>Dans le cadre de son cycle consacr\u00e9 \u00e0 la cin\u00e9aste am\u00e9ricaine Kathryn Bigelow, ARTE diffuse <em>D\u00e9mineurs<\/em> (<em>The Hurt Locker<\/em>, 2008) lundi 28 septembre \u00e0 22h50.<\/strong><\/p>\n<p><strong>Durant la seconde guerre d\u2019Irak, une \u00e9quipe am\u00e9ricaine de d\u00e9minage a pour mission de d\u00e9samorcer les nombreux engins explosifs de fabrication artisanale cach\u00e9s dans les rues de Bagdad. A sa t\u00eate, un sergent de premi\u00e8re classe cynique et d\u00e9sabus\u00e9 qui semble \u00e9prouver du plaisir \u00e0 exercer l\u2019un des m\u00e9tiers les plus dangereux du monde, en prenant parfois des risques inconsid\u00e9r\u00e9s. Sp\u00e9cialiste de l\u2019action, Kathryn Bigelow a consacr\u00e9 plusieurs films \u2013 le plus c\u00e9l\u00e8bre \u00e9tant <em>Point Break<\/em> &#8211; aux d\u00e9charges d\u2019adr\u00e9naline provoqu\u00e9es par des situations extr\u00eames, et par la proximit\u00e9 de la mort. <em>D\u00e9mineurs<\/em> \u00e9chappe \u00e0 la moindre tentation spectaculaire et entend nous plonger dans une ambiance r\u00e9aliste o\u00f9 r\u00e8gne la peur. La cin\u00e9aste s\u2019y int\u00e9resse \u00e0 un soldat expert en d\u00e9minage, victime d\u2019une d\u2019addiction aux zones de guerre, incapable de d\u00e9crocher. Le style du film, sans g\u00e9n\u00e9rique ni grand mouvement de cam\u00e9ra, \u00e9voque les images brutes d\u2019un reportage. <em>D\u00e9mineurs<\/em> accorde autant d\u2019importance aux longues plages d\u2019attente qu\u2019aux moments intenses d\u2019op\u00e9rations o\u00f9 le temps s\u2019acc\u00e9l\u00e8re et la vie ne tient plus qu\u2019\u00e0 un fil. Certaines s\u00e9quences sont \u00e0 couper le souffle. La cin\u00e9aste r\u00e9v\u00e8le un acteur extr\u00eamement charismatique, Jeremy Renner, dans le r\u00f4le du sergent t\u00eate br\u00fbl\u00e9e. Avec <em>D\u00e9mineurs<\/em>, Kathryn Bigelow est entr\u00e9e dans l\u2019histoire en devenant la premi\u00e8re femme \u00e0 obtenir l\u2019Oscar du meilleur r\u00e9alisateur. <em>D\u00e9mineurs<\/em>, production ind\u00e9pendante au budget modeste, a remport\u00e9 cinq autres statuettes en 2010, dont celle du meilleur film. Ce pari r\u00e9ussi marque un nouveau d\u00e9part triomphal dans la carri\u00e8re de la cin\u00e9aste, apr\u00e8s une s\u00e9rie d\u2019\u00e9checs commerciaux.<\/strong><\/p>\n<p>&nbsp;<\/p>\n","protected":false},"excerpt":{"rendered":"<p>Dans le cadre de son cycle consacr\u00e9 \u00e0 la cin\u00e9aste am\u00e9ricaine Kathryn Bigelow, ARTE diffuse D\u00e9mineurs (The Hurt Locker, 2008)\u2026<\/p>\n","protected":false},"author":116,"featured_media":0,"comment_status":"open","ping_status":"open","sticky":false,"template":"","format":"standard","meta":[],"categories":[8],"tags":[],"yoast_head":"<!-- This site is optimized with the Yoast SEO plugin v20.8 - https:\/\/yoast.com\/wordpress\/plugins\/seo\/ -->\n<title>D\u00e9mineurs de Kathryn Bigelow - Olivier P\u00e8re<\/title>\n<meta name=\"robots\" content=\"index, follow, max-snippet:-1, max-image-preview:large, max-video-preview:-1\" \/>\n<link rel=\"canonical\" href=\"https:\/\/www.arte.tv\/sites\/olivierpere\/2020\/09\/27\/demineurs-de-kathryn-bigelow\/\" \/>\n<meta property=\"og:locale\" content=\"fr_FR\" \/>\n<meta property=\"og:type\" content=\"article\" \/>\n<meta property=\"og:title\" content=\"D\u00e9mineurs de Kathryn Bigelow - Olivier P\u00e8re\" \/>\n<meta property=\"og:description\" content=\"Dans le cadre de son cycle consacr\u00e9 \u00e0 la cin\u00e9aste am\u00e9ricaine Kathryn Bigelow, ARTE diffuse D\u00e9mineurs (The Hurt Locker, 2008)\u2026\" \/>\n<meta property=\"og:url\" content=\"https:\/\/www.arte.tv\/sites\/olivierpere\/2020\/09\/27\/demineurs-de-kathryn-bigelow\/\" \/>\n<meta property=\"og:site_name\" content=\"Olivier P\u00e8re\" \/>\n<meta property=\"article:published_time\" content=\"2020-09-27T19:07:20+00:00\" \/>\n<meta name=\"author\" content=\"Olivier P\u00e8re\" \/>\n<meta name=\"twitter:label1\" content=\"\u00c9crit par\" \/>\n\t<meta name=\"twitter:data1\" content=\"Olivier P\u00e8re\" \/>\n\t<meta name=\"twitter:label2\" content=\"Dur\u00e9e de lecture estim\u00e9e\" \/>\n\t<meta name=\"twitter:data2\" content=\"2 minutes\" \/>\n<script type=\"application\/ld+json\" class=\"yoast-schema-graph\">{\"@context\":\"https:\/\/schema.org\",\"@graph\":[{\"@type\":\"WebPage\",\"@id\":\"https:\/\/www.arte.tv\/sites\/olivierpere\/2020\/09\/27\/demineurs-de-kathryn-bigelow\/\",\"url\":\"https:\/\/www.arte.tv\/sites\/olivierpere\/2020\/09\/27\/demineurs-de-kathryn-bigelow\/\",\"name\":\"D\u00e9mineurs de Kathryn Bigelow - Olivier P\u00e8re\",\"isPartOf\":{\"@id\":\"https:\/\/www.arte.tv\/sites\/olivierpere\/#website\"},\"datePublished\":\"2020-09-27T19:07:20+00:00\",\"dateModified\":\"2020-09-27T19:07:20+00:00\",\"author\":{\"@id\":\"https:\/\/www.arte.tv\/sites\/olivierpere\/#\/schema\/person\/dc32cd6c79be95e52d43b97a74182558\"},\"breadcrumb\":{\"@id\":\"https:\/\/www.arte.tv\/sites\/olivierpere\/2020\/09\/27\/demineurs-de-kathryn-bigelow\/#breadcrumb\"},\"inLanguage\":\"fr-FR\",\"potentialAction\":[{\"@type\":\"ReadAction\",\"target\":[\"https:\/\/www.arte.tv\/sites\/olivierpere\/2020\/09\/27\/demineurs-de-kathryn-bigelow\/\"]}]},{\"@type\":\"BreadcrumbList\",\"@id\":\"https:\/\/www.arte.tv\/sites\/olivierpere\/2020\/09\/27\/demineurs-de-kathryn-bigelow\/#breadcrumb\",\"itemListElement\":[{\"@type\":\"ListItem\",\"position\":1,\"name\":\"Home\",\"item\":\"https:\/\/www.arte.tv\/sites\/olivierpere\/\"},{\"@type\":\"ListItem\",\"position\":2,\"name\":\"D\u00e9mineurs de Kathryn Bigelow\"}]},{\"@type\":\"WebSite\",\"@id\":\"https:\/\/www.arte.tv\/sites\/olivierpere\/#website\",\"url\":\"https:\/\/www.arte.tv\/sites\/olivierpere\/\",\"name\":\"Olivier P\u00e8re\",\"description\":\"\",\"potentialAction\":[{\"@type\":\"SearchAction\",\"target\":{\"@type\":\"EntryPoint\",\"urlTemplate\":\"https:\/\/www.arte.tv\/sites\/olivierpere\/?s={search_term_string}\"},\"query-input\":\"required name=search_term_string\"}],\"inLanguage\":\"fr-FR\"},{\"@type\":\"Person\",\"@id\":\"https:\/\/www.arte.tv\/sites\/olivierpere\/#\/schema\/person\/dc32cd6c79be95e52d43b97a74182558\",\"name\":\"Olivier P\u00e8re\",\"image\":{\"@type\":\"ImageObject\",\"inLanguage\":\"fr-FR\",\"@id\":\"https:\/\/www.arte.tv\/sites\/olivierpere\/#\/schema\/person\/image\/\",\"url\":\"https:\/\/secure.gravatar.com\/avatar\/bdea7b6a2c195e2c41772429a9694758?s=96&d=mm&r=g\",\"contentUrl\":\"https:\/\/secure.gravatar.com\/avatar\/bdea7b6a2c195e2c41772429a9694758?s=96&d=mm&r=g\",\"caption\":\"Olivier P\u00e8re\"},\"url\":\"https:\/\/www.arte.tv\/sites\/olivierpere\/author\/pereolivier\/\"}]}<\/script>\n<!-- \/ Yoast SEO plugin. -->","yoast_head_json":{"title":"D\u00e9mineurs de Kathryn Bigelow - Olivier P\u00e8re","robots":{"index":"index","follow":"follow","max-snippet":"max-snippet:-1","max-image-preview":"max-image-preview:large","max-video-preview":"max-video-preview:-1"},"canonical":"https:\/\/www.arte.tv\/sites\/olivierpere\/2020\/09\/27\/demineurs-de-kathryn-bigelow\/","og_locale":"fr_FR","og_type":"article","og_title":"D\u00e9mineurs de Kathryn Bigelow - Olivier P\u00e8re","og_description":"Dans le cadre de son cycle consacr\u00e9 \u00e0 la cin\u00e9aste am\u00e9ricaine Kathryn Bigelow, ARTE diffuse D\u00e9mineurs (The Hurt Locker, 2008)\u2026","og_url":"https:\/\/www.arte.tv\/sites\/olivierpere\/2020\/09\/27\/demineurs-de-kathryn-bigelow\/","og_site_name":"Olivier P\u00e8re","article_published_time":"2020-09-27T19:07:20+00:00","author":"Olivier P\u00e8re","twitter_misc":{"\u00c9crit par":"Olivier P\u00e8re","Dur\u00e9e de lecture estim\u00e9e":"2 minutes"},"schema":{"@context":"https:\/\/schema.org","@graph":[{"@type":"WebPage","@id":"https:\/\/www.arte.tv\/sites\/olivierpere\/2020\/09\/27\/demineurs-de-kathryn-bigelow\/","url":"https:\/\/www.arte.tv\/sites\/olivierpere\/2020\/09\/27\/demineurs-de-kathryn-bigelow\/","name":"D\u00e9mineurs de Kathryn Bigelow - Olivier P\u00e8re","isPartOf":{"@id":"https:\/\/www.arte.tv\/sites\/olivierpere\/#website"},"datePublished":"2020-09-27T19:07:20+00:00","dateModified":"2020-09-27T19:07:20+00:00","author":{"@id":"https:\/\/www.arte.tv\/sites\/olivierpere\/#\/schema\/person\/dc32cd6c79be95e52d43b97a74182558"},"breadcrumb":{"@id":"https:\/\/www.arte.tv\/sites\/olivierpere\/2020\/09\/27\/demineurs-de-kathryn-bigelow\/#breadcrumb"},"inLanguage":"fr-FR","potentialAction":[{"@type":"ReadAction","target":["https:\/\/www.arte.tv\/sites\/olivierpere\/2020\/09\/27\/demineurs-de-kathryn-bigelow\/"]}]},{"@type":"BreadcrumbList","@id":"https:\/\/www.arte.tv\/sites\/olivierpere\/2020\/09\/27\/demineurs-de-kathryn-bigelow\/#breadcrumb","itemListElement":[{"@type":"ListItem","position":1,"name":"Home","item":"https:\/\/www.arte.tv\/sites\/olivierpere\/"},{"@type":"ListItem","position":2,"name":"D\u00e9mineurs de Kathryn Bigelow"}]},{"@type":"WebSite","@id":"https:\/\/www.arte.tv\/sites\/olivierpere\/#website","url":"https:\/\/www.arte.tv\/sites\/olivierpere\/","name":"Olivier P\u00e8re","description":"","potentialAction":[{"@type":"SearchAction","target":{"@type":"EntryPoint","urlTemplate":"https:\/\/www.arte.tv\/sites\/olivierpere\/?s={search_term_string}"},"query-input":"required name=search_term_string"}],"inLanguage":"fr-FR"},{"@type":"Person","@id":"https:\/\/www.arte.tv\/sites\/olivierpere\/#\/schema\/person\/dc32cd6c79be95e52d43b97a74182558","name":"Olivier P\u00e8re","image":{"@type":"ImageObject","inLanguage":"fr-FR","@id":"https:\/\/www.arte.tv\/sites\/olivierpere\/#\/schema\/person\/image\/","url":"https:\/\/secure.gravatar.com\/avatar\/bdea7b6a2c195e2c41772429a9694758?s=96&d=mm&r=g","contentUrl":"https:\/\/secure.gravatar.com\/avatar\/bdea7b6a2c195e2c41772429a9694758?s=96&d=mm&r=g","caption":"Olivier P\u00e8re"},"url":"https:\/\/www.arte.tv\/sites\/olivierpere\/author\/pereolivier\/"}]}},"_links":{"self":[{"href":"https:\/\/www.arte.tv\/sites\/olivierpere\/wp-json\/wp\/v2\/posts\/26007"}],"collection":[{"href":"https:\/\/www.arte.tv\/sites\/olivierpere\/wp-json\/wp\/v2\/posts"}],"about":[{"href":"https:\/\/www.arte.tv\/sites\/olivierpere\/wp-json\/wp\/v2\/types\/post"}],"author":[{"embeddable":true,"href":"https:\/\/www.arte.tv\/sites\/olivierpere\/wp-json\/wp\/v2\/users\/116"}],"replies":[{"embeddable":true,"href":"https:\/\/www.arte.tv\/sites\/olivierpere\/wp-json\/wp\/v2\/comments?post=26007"}],"version-history":[{"count":1,"href":"https:\/\/www.arte.tv\/sites\/olivierpere\/wp-json\/wp\/v2\/posts\/26007\/revisions"}],"predecessor-version":[{"id":26008,"href":"https:\/\/www.arte.tv\/sites\/olivierpere\/wp-json\/wp\/v2\/posts\/26007\/revisions\/26008"}],"wp:attachment":[{"href":"https:\/\/www.arte.tv\/sites\/olivierpere\/wp-json\/wp\/v2\/media?parent=26007"}],"wp:term":[{"taxonomy":"category","embeddable":true,"href":"https:\/\/www.arte.tv\/sites\/olivierpere\/wp-json\/wp\/v2\/categories?post=26007"},{"taxonomy":"post_tag","embeddable":true,"href":"https:\/\/www.arte.tv\/sites\/olivierpere\/wp-json\/wp\/v2\/tags?post=26007"}],"curies":[{"name":"wp","href":"https:\/\/api.w.org\/{rel}","templated":true}]}}