{"id":26005,"date":"2020-09-26T15:44:57","date_gmt":"2020-09-26T14:44:57","guid":{"rendered":"https:\/\/www.arte.tv\/sites\/olivierpere\/?p=26005"},"modified":"2020-09-27T15:46:17","modified_gmt":"2020-09-27T14:46:17","slug":"detroit-de-kathryn-bigelow","status":"publish","type":"post","link":"https:\/\/www.arte.tv\/sites\/olivierpere\/2020\/09\/26\/detroit-de-kathryn-bigelow\/","title":{"rendered":"Detroit de Kathryn Bigelow"},"content":{"rendered":"<p><strong>ARTE inaugure son cycle consacr\u00e9 \u00e0 Kathryn Bigelow en diffusant <em>Detroit<\/em> (2017), le dernier film en date de la r\u00e9alisatrice, dimanche 27 septembre \u00e0 20h55.<\/strong><\/p>\n<p><strong>En juillet 1967, d\u2019importantes \u00e9meutes ont lieu dans la ville de Detroit, pour protester contre la s\u00e9gr\u00e9gation raciale aux \u00c9tats-Unis et la guerre du Vietnam. C\u2019est dans ce contexte explosif qu\u2019une intervention de police dans un motel va d\u00e9boucher sur une bavure criminelle mue par le racisme, le sadisme et le sentiment d\u2019impunit\u00e9 de jeunes membres de forces de l\u2019ordre. Apr\u00e8s des films consacr\u00e9s \u00e0 la criminalit\u00e9, aux op\u00e9rations militaires ou \u00e0 la lutte contre le terrorisme, Kathryn Bigelow poursuit sa r\u00e9flexion sur la place de la violence dans l\u2019Am\u00e9rique moderne. Elle retrouve pour <em>Detroit<\/em> le sc\u00e9nariste et journaliste Mark Boal, qui avait d\u00e9j\u00e0 \u00e9crit <em>D\u00e9mineurs<\/em> et <em>Zero Dark Thirty<\/em>. On a le droit d\u2019appr\u00e9hender cette s\u00e9rie de films r\u00e9alis\u00e9s cons\u00e9cutivement comme une trilogie, opus majeur \u00e0 l\u2019int\u00e9rieur de son oeuvre. Apr\u00e8s un regard critique sur la guerre en Irak et la traque de Ben Laden, la reconstitution d\u2019une page honteuse de l\u2019histoire de son pays permet \u00e0 Bigelow et Boal de d\u00e9noncer un scandale \u00e0 l\u2019actualit\u00e9 toujours aussi br\u00fblante, celui des injustices dont sont victimes les citoyens noirs sur le sol am\u00e9ricain. Le style percutant de la cin\u00e9aste s\u2019accompagne ici d\u2019une gestion magistrale du temps et de l\u2019espace, pour d\u00e9crire une ville en proie au chaos, et des hommes qui basculent dans l\u2019inhumanit\u00e9. Dans <em>Detroit<\/em>, Bigelow radicalise son propos et son travail de cin\u00e9aste. En accord avec le sujet et le traitement de son film, elle renonce \u00e0 la pr\u00e9sence de vedettes au g\u00e9n\u00e9rique, avantageusement remplac\u00e9es par d\u2019excellents jeunes com\u00e9diens. L\u2019approche hyper r\u00e9aliste de Bigelow, entre faux reportage et cauchemar \u00e9veill\u00e9, la situe dans la lign\u00e9e directe de r\u00e9alisateurs tels que John Frankenheimer, William Friedkin ou Michael Mann.<\/strong><\/p>\n","protected":false},"excerpt":{"rendered":"<p>ARTE inaugure son cycle consacr\u00e9 \u00e0 Kathryn Bigelow en diffusant Detroit (2017), le dernier film en date de la r\u00e9alisatrice,\u2026<\/p>\n","protected":false},"author":116,"featured_media":0,"comment_status":"open","ping_status":"open","sticky":false,"template":"","format":"standard","meta":[],"categories":[8],"tags":[],"yoast_head":"<!-- This site is optimized with the Yoast SEO plugin v20.8 - https:\/\/yoast.com\/wordpress\/plugins\/seo\/ -->\n<title>Detroit de Kathryn Bigelow - Olivier P\u00e8re<\/title>\n<meta name=\"robots\" content=\"index, follow, max-snippet:-1, max-image-preview:large, max-video-preview:-1\" \/>\n<link rel=\"canonical\" href=\"https:\/\/www.arte.tv\/sites\/olivierpere\/2020\/09\/26\/detroit-de-kathryn-bigelow\/\" \/>\n<meta property=\"og:locale\" content=\"fr_FR\" \/>\n<meta property=\"og:type\" content=\"article\" \/>\n<meta property=\"og:title\" content=\"Detroit de Kathryn Bigelow - Olivier P\u00e8re\" \/>\n<meta property=\"og:description\" content=\"ARTE inaugure son cycle consacr\u00e9 \u00e0 Kathryn Bigelow en diffusant Detroit (2017), le dernier film en date de la r\u00e9alisatrice,\u2026\" \/>\n<meta property=\"og:url\" content=\"https:\/\/www.arte.tv\/sites\/olivierpere\/2020\/09\/26\/detroit-de-kathryn-bigelow\/\" \/>\n<meta property=\"og:site_name\" content=\"Olivier P\u00e8re\" \/>\n<meta property=\"article:published_time\" content=\"2020-09-26T14:44:57+00:00\" \/>\n<meta property=\"article:modified_time\" content=\"2020-09-27T14:46:17+00:00\" \/>\n<meta name=\"author\" content=\"Olivier P\u00e8re\" \/>\n<meta name=\"twitter:label1\" content=\"\u00c9crit par\" \/>\n\t<meta name=\"twitter:data1\" content=\"Olivier P\u00e8re\" \/>\n\t<meta name=\"twitter:label2\" content=\"Dur\u00e9e de lecture estim\u00e9e\" \/>\n\t<meta name=\"twitter:data2\" content=\"2 minutes\" \/>\n<script type=\"application\/ld+json\" class=\"yoast-schema-graph\">{\"@context\":\"https:\/\/schema.org\",\"@graph\":[{\"@type\":\"WebPage\",\"@id\":\"https:\/\/www.arte.tv\/sites\/olivierpere\/2020\/09\/26\/detroit-de-kathryn-bigelow\/\",\"url\":\"https:\/\/www.arte.tv\/sites\/olivierpere\/2020\/09\/26\/detroit-de-kathryn-bigelow\/\",\"name\":\"Detroit de Kathryn Bigelow - Olivier P\u00e8re\",\"isPartOf\":{\"@id\":\"https:\/\/www.arte.tv\/sites\/olivierpere\/#website\"},\"datePublished\":\"2020-09-26T14:44:57+00:00\",\"dateModified\":\"2020-09-27T14:46:17+00:00\",\"author\":{\"@id\":\"https:\/\/www.arte.tv\/sites\/olivierpere\/#\/schema\/person\/dc32cd6c79be95e52d43b97a74182558\"},\"breadcrumb\":{\"@id\":\"https:\/\/www.arte.tv\/sites\/olivierpere\/2020\/09\/26\/detroit-de-kathryn-bigelow\/#breadcrumb\"},\"inLanguage\":\"fr-FR\",\"potentialAction\":[{\"@type\":\"ReadAction\",\"target\":[\"https:\/\/www.arte.tv\/sites\/olivierpere\/2020\/09\/26\/detroit-de-kathryn-bigelow\/\"]}]},{\"@type\":\"BreadcrumbList\",\"@id\":\"https:\/\/www.arte.tv\/sites\/olivierpere\/2020\/09\/26\/detroit-de-kathryn-bigelow\/#breadcrumb\",\"itemListElement\":[{\"@type\":\"ListItem\",\"position\":1,\"name\":\"Home\",\"item\":\"https:\/\/www.arte.tv\/sites\/olivierpere\/\"},{\"@type\":\"ListItem\",\"position\":2,\"name\":\"Detroit de Kathryn Bigelow\"}]},{\"@type\":\"WebSite\",\"@id\":\"https:\/\/www.arte.tv\/sites\/olivierpere\/#website\",\"url\":\"https:\/\/www.arte.tv\/sites\/olivierpere\/\",\"name\":\"Olivier P\u00e8re\",\"description\":\"\",\"potentialAction\":[{\"@type\":\"SearchAction\",\"target\":{\"@type\":\"EntryPoint\",\"urlTemplate\":\"https:\/\/www.arte.tv\/sites\/olivierpere\/?s={search_term_string}\"},\"query-input\":\"required name=search_term_string\"}],\"inLanguage\":\"fr-FR\"},{\"@type\":\"Person\",\"@id\":\"https:\/\/www.arte.tv\/sites\/olivierpere\/#\/schema\/person\/dc32cd6c79be95e52d43b97a74182558\",\"name\":\"Olivier P\u00e8re\",\"image\":{\"@type\":\"ImageObject\",\"inLanguage\":\"fr-FR\",\"@id\":\"https:\/\/www.arte.tv\/sites\/olivierpere\/#\/schema\/person\/image\/\",\"url\":\"https:\/\/secure.gravatar.com\/avatar\/bdea7b6a2c195e2c41772429a9694758?s=96&d=mm&r=g\",\"contentUrl\":\"https:\/\/secure.gravatar.com\/avatar\/bdea7b6a2c195e2c41772429a9694758?s=96&d=mm&r=g\",\"caption\":\"Olivier P\u00e8re\"},\"url\":\"https:\/\/www.arte.tv\/sites\/olivierpere\/author\/pereolivier\/\"}]}<\/script>\n<!-- \/ Yoast SEO plugin. -->","yoast_head_json":{"title":"Detroit de Kathryn Bigelow - Olivier P\u00e8re","robots":{"index":"index","follow":"follow","max-snippet":"max-snippet:-1","max-image-preview":"max-image-preview:large","max-video-preview":"max-video-preview:-1"},"canonical":"https:\/\/www.arte.tv\/sites\/olivierpere\/2020\/09\/26\/detroit-de-kathryn-bigelow\/","og_locale":"fr_FR","og_type":"article","og_title":"Detroit de Kathryn Bigelow - Olivier P\u00e8re","og_description":"ARTE inaugure son cycle consacr\u00e9 \u00e0 Kathryn Bigelow en diffusant Detroit (2017), le dernier film en date de la r\u00e9alisatrice,\u2026","og_url":"https:\/\/www.arte.tv\/sites\/olivierpere\/2020\/09\/26\/detroit-de-kathryn-bigelow\/","og_site_name":"Olivier P\u00e8re","article_published_time":"2020-09-26T14:44:57+00:00","article_modified_time":"2020-09-27T14:46:17+00:00","author":"Olivier P\u00e8re","twitter_misc":{"\u00c9crit par":"Olivier P\u00e8re","Dur\u00e9e de lecture estim\u00e9e":"2 minutes"},"schema":{"@context":"https:\/\/schema.org","@graph":[{"@type":"WebPage","@id":"https:\/\/www.arte.tv\/sites\/olivierpere\/2020\/09\/26\/detroit-de-kathryn-bigelow\/","url":"https:\/\/www.arte.tv\/sites\/olivierpere\/2020\/09\/26\/detroit-de-kathryn-bigelow\/","name":"Detroit de Kathryn Bigelow - Olivier P\u00e8re","isPartOf":{"@id":"https:\/\/www.arte.tv\/sites\/olivierpere\/#website"},"datePublished":"2020-09-26T14:44:57+00:00","dateModified":"2020-09-27T14:46:17+00:00","author":{"@id":"https:\/\/www.arte.tv\/sites\/olivierpere\/#\/schema\/person\/dc32cd6c79be95e52d43b97a74182558"},"breadcrumb":{"@id":"https:\/\/www.arte.tv\/sites\/olivierpere\/2020\/09\/26\/detroit-de-kathryn-bigelow\/#breadcrumb"},"inLanguage":"fr-FR","potentialAction":[{"@type":"ReadAction","target":["https:\/\/www.arte.tv\/sites\/olivierpere\/2020\/09\/26\/detroit-de-kathryn-bigelow\/"]}]},{"@type":"BreadcrumbList","@id":"https:\/\/www.arte.tv\/sites\/olivierpere\/2020\/09\/26\/detroit-de-kathryn-bigelow\/#breadcrumb","itemListElement":[{"@type":"ListItem","position":1,"name":"Home","item":"https:\/\/www.arte.tv\/sites\/olivierpere\/"},{"@type":"ListItem","position":2,"name":"Detroit de Kathryn Bigelow"}]},{"@type":"WebSite","@id":"https:\/\/www.arte.tv\/sites\/olivierpere\/#website","url":"https:\/\/www.arte.tv\/sites\/olivierpere\/","name":"Olivier P\u00e8re","description":"","potentialAction":[{"@type":"SearchAction","target":{"@type":"EntryPoint","urlTemplate":"https:\/\/www.arte.tv\/sites\/olivierpere\/?s={search_term_string}"},"query-input":"required name=search_term_string"}],"inLanguage":"fr-FR"},{"@type":"Person","@id":"https:\/\/www.arte.tv\/sites\/olivierpere\/#\/schema\/person\/dc32cd6c79be95e52d43b97a74182558","name":"Olivier P\u00e8re","image":{"@type":"ImageObject","inLanguage":"fr-FR","@id":"https:\/\/www.arte.tv\/sites\/olivierpere\/#\/schema\/person\/image\/","url":"https:\/\/secure.gravatar.com\/avatar\/bdea7b6a2c195e2c41772429a9694758?s=96&d=mm&r=g","contentUrl":"https:\/\/secure.gravatar.com\/avatar\/bdea7b6a2c195e2c41772429a9694758?s=96&d=mm&r=g","caption":"Olivier P\u00e8re"},"url":"https:\/\/www.arte.tv\/sites\/olivierpere\/author\/pereolivier\/"}]}},"_links":{"self":[{"href":"https:\/\/www.arte.tv\/sites\/olivierpere\/wp-json\/wp\/v2\/posts\/26005"}],"collection":[{"href":"https:\/\/www.arte.tv\/sites\/olivierpere\/wp-json\/wp\/v2\/posts"}],"about":[{"href":"https:\/\/www.arte.tv\/sites\/olivierpere\/wp-json\/wp\/v2\/types\/post"}],"author":[{"embeddable":true,"href":"https:\/\/www.arte.tv\/sites\/olivierpere\/wp-json\/wp\/v2\/users\/116"}],"replies":[{"embeddable":true,"href":"https:\/\/www.arte.tv\/sites\/olivierpere\/wp-json\/wp\/v2\/comments?post=26005"}],"version-history":[{"count":1,"href":"https:\/\/www.arte.tv\/sites\/olivierpere\/wp-json\/wp\/v2\/posts\/26005\/revisions"}],"predecessor-version":[{"id":26006,"href":"https:\/\/www.arte.tv\/sites\/olivierpere\/wp-json\/wp\/v2\/posts\/26005\/revisions\/26006"}],"wp:attachment":[{"href":"https:\/\/www.arte.tv\/sites\/olivierpere\/wp-json\/wp\/v2\/media?parent=26005"}],"wp:term":[{"taxonomy":"category","embeddable":true,"href":"https:\/\/www.arte.tv\/sites\/olivierpere\/wp-json\/wp\/v2\/categories?post=26005"},{"taxonomy":"post_tag","embeddable":true,"href":"https:\/\/www.arte.tv\/sites\/olivierpere\/wp-json\/wp\/v2\/tags?post=26005"}],"curies":[{"name":"wp","href":"https:\/\/api.w.org\/{rel}","templated":true}]}}