{"id":25994,"date":"2020-09-25T18:33:31","date_gmt":"2020-09-25T17:33:31","guid":{"rendered":"https:\/\/www.arte.tv\/sites\/olivierpere\/?p=25994"},"modified":"2020-09-25T18:33:31","modified_gmt":"2020-09-25T17:33:31","slug":"prix-arte-kino-international-au-projet-el-dia-de-mi-bestia-de-camila-beltran","status":"publish","type":"post","link":"https:\/\/www.arte.tv\/sites\/olivierpere\/2020\/09\/25\/prix-arte-kino-international-au-projet-el-dia-de-mi-bestia-de-camila-beltran\/","title":{"rendered":"Prix ARTE Kino International au projet El d\u00eda de mi bestia de Camila Beltr\u00e1n"},"content":{"rendered":"<p><strong>Dans le cadre du Forum de Coproduction Europe-Am\u00e9rique Latine du Festival de San Sebasti\u00e1n, le Prix ARTE Kino International, d\u2019un montant de 6\u00a0000 \u20ac, a \u00e9t\u00e9 d\u00e9cern\u00e9 le vendredi 25 septembre au projet de long m\u00e9trage <em>El d\u00eda de mi bestia,<\/em> premier film de la r\u00e9alisatrice colombienne Camila Beltr\u00e1n.<\/strong><\/p>\n<p><strong>\u00a0<\/strong><\/p>\n<p><strong><em>El d\u00eda de mi bestia <\/em><\/strong><\/p>\n<p><strong>R\u00e9alis\u00e9 par Camila Beltr\u00e1n <\/strong><\/p>\n<p><strong>Produit par\u00a0: Daniel Garc\u00eda \u2013 D\u00eda Fragma F\u00e1brica de Pel\u00edculas \u2013 Colombie,<\/strong><\/p>\n<p><strong>Lionel Massol &#8211; Films Grand Huit \u2013 France.<\/strong><\/p>\n<p><strong>\u00a0<\/strong><\/p>\n<p><strong>N\u00e9e \u00e0 Bogot\u00e1 en 1984, Camila Beltr\u00e1n est d\u2019abord remarqu\u00e9e pour ses films exp\u00e9rimentaux <em>Le soleil brille<\/em> (2007) et <em>La mala hija<\/em> (2010). Son premier court m\u00e9trage de fiction, <em>Pedro Malheur<\/em> (2013), obtient la mention sp\u00e9ciale du jury au Festival de Clermont-Ferrand. Elle pr\u00e9pare <em>El d\u00eda de mi bestia<\/em>, son premier long m\u00e9trage. Situ\u00e9 \u00e0 Bogota en 1999, le r\u00e9cit est inspir\u00e9 par les souvenirs d\u2019adolescence de la r\u00e9alisatrice. Il superpose la r\u00e9alit\u00e9 avec son monde imaginaire, il \u00e9voque son corps qui change ainsi qu\u2019une proph\u00e9tie selon laquelle le fils du diable va naitre dans la ville.<\/strong><\/p>\n<p><strong>Le Prix ARTE Kino International est une aide au d\u00e9veloppement pour des projets de longs m\u00e9trages. Il est remis dans de nombreux festivals internationaux dont notamment Cannes, Berlin, Locarno, Rotterdam, Rome, Sarajevo, Buenos Aires, Busan et Les Arcs. Cette aide permet d\u2019aider de jeunes r\u00e9alisateurs et producteurs du monde entier dans le d\u00e9veloppement de leurs projets.<\/strong><\/p>\n<p><strong>\u00a0<\/strong><\/p>\n<p><strong>\u00a0<\/strong><\/p>\n","protected":false},"excerpt":{"rendered":"<p>Dans le cadre du Forum de Coproduction Europe-Am\u00e9rique Latine du Festival de San Sebasti\u00e1n, le Prix ARTE Kino International, d\u2019un\u2026<\/p>\n","protected":false},"author":116,"featured_media":0,"comment_status":"open","ping_status":"open","sticky":false,"template":"","format":"standard","meta":[],"categories":[9],"tags":[],"yoast_head":"<!-- This site is optimized with the Yoast SEO plugin v20.8 - https:\/\/yoast.com\/wordpress\/plugins\/seo\/ -->\n<title>Prix ARTE Kino International au projet El d\u00eda de mi bestia de Camila Beltr\u00e1n - Olivier P\u00e8re<\/title>\n<meta name=\"robots\" content=\"index, follow, max-snippet:-1, max-image-preview:large, max-video-preview:-1\" \/>\n<link rel=\"canonical\" href=\"https:\/\/www.arte.tv\/sites\/olivierpere\/2020\/09\/25\/prix-arte-kino-international-au-projet-el-dia-de-mi-bestia-de-camila-beltran\/\" \/>\n<meta property=\"og:locale\" content=\"fr_FR\" \/>\n<meta property=\"og:type\" content=\"article\" \/>\n<meta property=\"og:title\" content=\"Prix ARTE Kino International au projet El d\u00eda de mi bestia de Camila Beltr\u00e1n - Olivier P\u00e8re\" \/>\n<meta property=\"og:description\" content=\"Dans le cadre du Forum de Coproduction Europe-Am\u00e9rique Latine du Festival de San Sebasti\u00e1n, le Prix ARTE Kino International, d\u2019un\u2026\" \/>\n<meta property=\"og:url\" content=\"https:\/\/www.arte.tv\/sites\/olivierpere\/2020\/09\/25\/prix-arte-kino-international-au-projet-el-dia-de-mi-bestia-de-camila-beltran\/\" \/>\n<meta property=\"og:site_name\" content=\"Olivier P\u00e8re\" \/>\n<meta property=\"article:published_time\" content=\"2020-09-25T17:33:31+00:00\" \/>\n<meta name=\"author\" content=\"Olivier P\u00e8re\" \/>\n<meta name=\"twitter:label1\" content=\"\u00c9crit par\" \/>\n\t<meta name=\"twitter:data1\" content=\"Olivier P\u00e8re\" \/>\n\t<meta name=\"twitter:label2\" content=\"Dur\u00e9e de lecture estim\u00e9e\" \/>\n\t<meta name=\"twitter:data2\" content=\"1 minute\" \/>\n<script type=\"application\/ld+json\" class=\"yoast-schema-graph\">{\"@context\":\"https:\/\/schema.org\",\"@graph\":[{\"@type\":\"WebPage\",\"@id\":\"https:\/\/www.arte.tv\/sites\/olivierpere\/2020\/09\/25\/prix-arte-kino-international-au-projet-el-dia-de-mi-bestia-de-camila-beltran\/\",\"url\":\"https:\/\/www.arte.tv\/sites\/olivierpere\/2020\/09\/25\/prix-arte-kino-international-au-projet-el-dia-de-mi-bestia-de-camila-beltran\/\",\"name\":\"Prix ARTE Kino International au projet El d\u00eda de mi bestia de Camila Beltr\u00e1n - Olivier P\u00e8re\",\"isPartOf\":{\"@id\":\"https:\/\/www.arte.tv\/sites\/olivierpere\/#website\"},\"datePublished\":\"2020-09-25T17:33:31+00:00\",\"dateModified\":\"2020-09-25T17:33:31+00:00\",\"author\":{\"@id\":\"https:\/\/www.arte.tv\/sites\/olivierpere\/#\/schema\/person\/dc32cd6c79be95e52d43b97a74182558\"},\"breadcrumb\":{\"@id\":\"https:\/\/www.arte.tv\/sites\/olivierpere\/2020\/09\/25\/prix-arte-kino-international-au-projet-el-dia-de-mi-bestia-de-camila-beltran\/#breadcrumb\"},\"inLanguage\":\"fr-FR\",\"potentialAction\":[{\"@type\":\"ReadAction\",\"target\":[\"https:\/\/www.arte.tv\/sites\/olivierpere\/2020\/09\/25\/prix-arte-kino-international-au-projet-el-dia-de-mi-bestia-de-camila-beltran\/\"]}]},{\"@type\":\"BreadcrumbList\",\"@id\":\"https:\/\/www.arte.tv\/sites\/olivierpere\/2020\/09\/25\/prix-arte-kino-international-au-projet-el-dia-de-mi-bestia-de-camila-beltran\/#breadcrumb\",\"itemListElement\":[{\"@type\":\"ListItem\",\"position\":1,\"name\":\"Home\",\"item\":\"https:\/\/www.arte.tv\/sites\/olivierpere\/\"},{\"@type\":\"ListItem\",\"position\":2,\"name\":\"Prix ARTE Kino International au projet El d\u00eda de mi bestia de Camila Beltr\u00e1n\"}]},{\"@type\":\"WebSite\",\"@id\":\"https:\/\/www.arte.tv\/sites\/olivierpere\/#website\",\"url\":\"https:\/\/www.arte.tv\/sites\/olivierpere\/\",\"name\":\"Olivier P\u00e8re\",\"description\":\"\",\"potentialAction\":[{\"@type\":\"SearchAction\",\"target\":{\"@type\":\"EntryPoint\",\"urlTemplate\":\"https:\/\/www.arte.tv\/sites\/olivierpere\/?s={search_term_string}\"},\"query-input\":\"required name=search_term_string\"}],\"inLanguage\":\"fr-FR\"},{\"@type\":\"Person\",\"@id\":\"https:\/\/www.arte.tv\/sites\/olivierpere\/#\/schema\/person\/dc32cd6c79be95e52d43b97a74182558\",\"name\":\"Olivier P\u00e8re\",\"image\":{\"@type\":\"ImageObject\",\"inLanguage\":\"fr-FR\",\"@id\":\"https:\/\/www.arte.tv\/sites\/olivierpere\/#\/schema\/person\/image\/\",\"url\":\"https:\/\/secure.gravatar.com\/avatar\/bdea7b6a2c195e2c41772429a9694758?s=96&d=mm&r=g\",\"contentUrl\":\"https:\/\/secure.gravatar.com\/avatar\/bdea7b6a2c195e2c41772429a9694758?s=96&d=mm&r=g\",\"caption\":\"Olivier P\u00e8re\"},\"url\":\"https:\/\/www.arte.tv\/sites\/olivierpere\/author\/pereolivier\/\"}]}<\/script>\n<!-- \/ Yoast SEO plugin. -->","yoast_head_json":{"title":"Prix ARTE Kino International au projet El d\u00eda de mi bestia de Camila Beltr\u00e1n - Olivier P\u00e8re","robots":{"index":"index","follow":"follow","max-snippet":"max-snippet:-1","max-image-preview":"max-image-preview:large","max-video-preview":"max-video-preview:-1"},"canonical":"https:\/\/www.arte.tv\/sites\/olivierpere\/2020\/09\/25\/prix-arte-kino-international-au-projet-el-dia-de-mi-bestia-de-camila-beltran\/","og_locale":"fr_FR","og_type":"article","og_title":"Prix ARTE Kino International au projet El d\u00eda de mi bestia de Camila Beltr\u00e1n - Olivier P\u00e8re","og_description":"Dans le cadre du Forum de Coproduction Europe-Am\u00e9rique Latine du Festival de San Sebasti\u00e1n, le Prix ARTE Kino International, d\u2019un\u2026","og_url":"https:\/\/www.arte.tv\/sites\/olivierpere\/2020\/09\/25\/prix-arte-kino-international-au-projet-el-dia-de-mi-bestia-de-camila-beltran\/","og_site_name":"Olivier P\u00e8re","article_published_time":"2020-09-25T17:33:31+00:00","author":"Olivier P\u00e8re","twitter_misc":{"\u00c9crit par":"Olivier P\u00e8re","Dur\u00e9e de lecture estim\u00e9e":"1 minute"},"schema":{"@context":"https:\/\/schema.org","@graph":[{"@type":"WebPage","@id":"https:\/\/www.arte.tv\/sites\/olivierpere\/2020\/09\/25\/prix-arte-kino-international-au-projet-el-dia-de-mi-bestia-de-camila-beltran\/","url":"https:\/\/www.arte.tv\/sites\/olivierpere\/2020\/09\/25\/prix-arte-kino-international-au-projet-el-dia-de-mi-bestia-de-camila-beltran\/","name":"Prix ARTE Kino International au projet El d\u00eda de mi bestia de Camila Beltr\u00e1n - Olivier P\u00e8re","isPartOf":{"@id":"https:\/\/www.arte.tv\/sites\/olivierpere\/#website"},"datePublished":"2020-09-25T17:33:31+00:00","dateModified":"2020-09-25T17:33:31+00:00","author":{"@id":"https:\/\/www.arte.tv\/sites\/olivierpere\/#\/schema\/person\/dc32cd6c79be95e52d43b97a74182558"},"breadcrumb":{"@id":"https:\/\/www.arte.tv\/sites\/olivierpere\/2020\/09\/25\/prix-arte-kino-international-au-projet-el-dia-de-mi-bestia-de-camila-beltran\/#breadcrumb"},"inLanguage":"fr-FR","potentialAction":[{"@type":"ReadAction","target":["https:\/\/www.arte.tv\/sites\/olivierpere\/2020\/09\/25\/prix-arte-kino-international-au-projet-el-dia-de-mi-bestia-de-camila-beltran\/"]}]},{"@type":"BreadcrumbList","@id":"https:\/\/www.arte.tv\/sites\/olivierpere\/2020\/09\/25\/prix-arte-kino-international-au-projet-el-dia-de-mi-bestia-de-camila-beltran\/#breadcrumb","itemListElement":[{"@type":"ListItem","position":1,"name":"Home","item":"https:\/\/www.arte.tv\/sites\/olivierpere\/"},{"@type":"ListItem","position":2,"name":"Prix ARTE Kino International au projet El d\u00eda de mi bestia de Camila Beltr\u00e1n"}]},{"@type":"WebSite","@id":"https:\/\/www.arte.tv\/sites\/olivierpere\/#website","url":"https:\/\/www.arte.tv\/sites\/olivierpere\/","name":"Olivier P\u00e8re","description":"","potentialAction":[{"@type":"SearchAction","target":{"@type":"EntryPoint","urlTemplate":"https:\/\/www.arte.tv\/sites\/olivierpere\/?s={search_term_string}"},"query-input":"required name=search_term_string"}],"inLanguage":"fr-FR"},{"@type":"Person","@id":"https:\/\/www.arte.tv\/sites\/olivierpere\/#\/schema\/person\/dc32cd6c79be95e52d43b97a74182558","name":"Olivier P\u00e8re","image":{"@type":"ImageObject","inLanguage":"fr-FR","@id":"https:\/\/www.arte.tv\/sites\/olivierpere\/#\/schema\/person\/image\/","url":"https:\/\/secure.gravatar.com\/avatar\/bdea7b6a2c195e2c41772429a9694758?s=96&d=mm&r=g","contentUrl":"https:\/\/secure.gravatar.com\/avatar\/bdea7b6a2c195e2c41772429a9694758?s=96&d=mm&r=g","caption":"Olivier P\u00e8re"},"url":"https:\/\/www.arte.tv\/sites\/olivierpere\/author\/pereolivier\/"}]}},"_links":{"self":[{"href":"https:\/\/www.arte.tv\/sites\/olivierpere\/wp-json\/wp\/v2\/posts\/25994"}],"collection":[{"href":"https:\/\/www.arte.tv\/sites\/olivierpere\/wp-json\/wp\/v2\/posts"}],"about":[{"href":"https:\/\/www.arte.tv\/sites\/olivierpere\/wp-json\/wp\/v2\/types\/post"}],"author":[{"embeddable":true,"href":"https:\/\/www.arte.tv\/sites\/olivierpere\/wp-json\/wp\/v2\/users\/116"}],"replies":[{"embeddable":true,"href":"https:\/\/www.arte.tv\/sites\/olivierpere\/wp-json\/wp\/v2\/comments?post=25994"}],"version-history":[{"count":1,"href":"https:\/\/www.arte.tv\/sites\/olivierpere\/wp-json\/wp\/v2\/posts\/25994\/revisions"}],"predecessor-version":[{"id":25995,"href":"https:\/\/www.arte.tv\/sites\/olivierpere\/wp-json\/wp\/v2\/posts\/25994\/revisions\/25995"}],"wp:attachment":[{"href":"https:\/\/www.arte.tv\/sites\/olivierpere\/wp-json\/wp\/v2\/media?parent=25994"}],"wp:term":[{"taxonomy":"category","embeddable":true,"href":"https:\/\/www.arte.tv\/sites\/olivierpere\/wp-json\/wp\/v2\/categories?post=25994"},{"taxonomy":"post_tag","embeddable":true,"href":"https:\/\/www.arte.tv\/sites\/olivierpere\/wp-json\/wp\/v2\/tags?post=25994"}],"curies":[{"name":"wp","href":"https:\/\/api.w.org\/{rel}","templated":true}]}}