{"id":25978,"date":"2020-08-30T20:04:07","date_gmt":"2020-08-30T19:04:07","guid":{"rendered":"https:\/\/www.arte.tv\/sites\/olivierpere\/?p=25978"},"modified":"2020-09-21T20:11:59","modified_gmt":"2020-09-21T19:11:59","slug":"maigret-tend-un-piege-et-maigret-et-laffaire-saint-fiacre-de-jean-delannoy","status":"publish","type":"post","link":"https:\/\/www.arte.tv\/sites\/olivierpere\/2020\/08\/30\/maigret-tend-un-piege-et-maigret-et-laffaire-saint-fiacre-de-jean-delannoy\/","title":{"rendered":"Maigret tend un pi\u00e8ge et Maigret et l&rsquo;affaire Saint-Fiacre de Jean Delannoy"},"content":{"rendered":"<p><strong>Dans la carri\u00e8re tristounette de Jean Delannoy repr\u00e9sentant officiel d\u2019un certain cin\u00e9ma tricolore \u00ab de qualit\u00e9 \u00bb adepte des adaptations litt\u00e9raires ou des sujets historique <em>Maigret tend un pi\u00e8ge<\/em> (1958) fait figure de r\u00e9ussite exceptionnelle. Cette enqu\u00eate du commissaire Maigret d\u2019apr\u00e8s le roman \u00e9ponyme de Simenon se hisse dans le haut du panier des nombreux films policiers produits en France dans les ann\u00e9es 50 et 60. C\u2019est la premi\u00e8re fois que Jean Gabin incarne le fameux commissaire \u2013 il reprendra la d\u00e9froque de Maigret dans<em>\u00a0Maigret<\/em>\u00a0<em>et l\u2019affaire Saint-Fiacre<\/em>\u00a0toujours sous la direction de Delannoy en 1959 et dans l\u2019inf\u00e9rieur\u00a0<em>Maigret voit rouge<\/em>\u00a0de Gilles Grangier en 1963.\u00a0<em>Maigret tend un pi\u00e8ge<\/em>\u00a0poss\u00e8de la particularit\u00e9 en cette fin des ann\u00e9es 50 de retranscrire la traque d\u2019un tueur en s\u00e9rie op\u00e9rant en plein c\u0153ur du vieux quartier du Marais \u00e0 Paris, plut\u00f4t que de s\u2019appesantir sur le folklore des gangsters de Pigalle. Il en r\u00e9sulte une enqu\u00eate qui m\u00eale la m\u00e9ticulosit\u00e9 de la police scientifique aux intuitions de Maigret, fin psychologue et repr\u00e9sentant de m\u00e9thodes archa\u00efques mains n\u00e9anmoins probantes dans la d\u00e9couverte de la v\u00e9rit\u00e9. Certes Delannoy n\u2019atteint pas la s\u00e9cheresse visionnaire d\u2019un Fritz Lang (<em>La Cinqui\u00e8me Victime<\/em>, r\u00e9alis\u00e9 un an plus t\u00f4t) mais il d\u00e9montre une r\u00e9elle inspiration dans le traitement des sc\u00e8nes de suspens et d\u2019angoisse, qui d\u00e9notent au milieu d\u2019un certain pittoresque parisien. Le premier meurtre, aux alentours de la Places des Vosges, privil\u00e9gie les plans en cam\u00e9ra subjective o\u00f9 le cin\u00e9aste adopte le point de vue du tueur, avec ses gants de cuir noir en amorce. De tels proc\u00e9d\u00e9s deviendront des figures r\u00e9currentes du \u00ab\u00a0giallo\u00a0\u00bb, ces thrillers horrifiques transalpins centr\u00e9s sur les d\u00e9lits de sadiques \u00e0 l\u2019identit\u00e9 myst\u00e9rieuse. Delannoy pr\u00e9curseur de Dario Argento, qui l\u2019eut cru\u00a0? Sans doute leurs r\u00e9f\u00e9rences communes sont-elle Fritz Lang et Alfred Hitchcock, ma\u00eetres du crime et de la psychose au cin\u00e9ma. Toujours est-il que\u00a0<em>Maigret tend un pi\u00e8ge<\/em>\u00a0surprend par sa sobri\u00e9t\u00e9 et ses d\u00e9tails \u00e9tranges \u2013 un boucher vaguement suspect dissimule son visage derri\u00e8re une t\u00eate de cochon sur une photo. M\u00eame Michel Audiard responsable des dialogues n\u2019en rajoute pas dans la truculence parigote. La seconde partie du film se concentre sur le portrait d\u2019un psychopathe impuissant couv\u00e9 par une m\u00e8re monstrueuse et prot\u00e9g\u00e9e par une \u00e9pouse \u00e0 la sexualit\u00e9 r\u00e9prim\u00e9e, pr\u00e9texte \u00e0 une peinture peu reluisante de la \u00ab\u00a0bonne\u00a0\u00bb soci\u00e9t\u00e9. Interpr\u00e9tations inoubliables de Jean Dessailly en homme enfant, Annie Girardot en bourgeoise frustr\u00e9e et Lucienne Bogaert en veuve haineuse. Tous les seconds r\u00f4les sont remarquables et composent un tableau saisissant du Paris de l\u2019\u00e9poque. Jean Gabin se montre tr\u00e8s \u00e0 son aise en h\u00e9ros de Simenon, un auteur qu\u2019il fr\u00e9quentera r\u00e9guli\u00e8rement \u00e0 l\u2019\u00e9cran. Moins c\u00e9l\u00e9br\u00e9 que\u00a0<em>Touchez pas au grisbi<\/em>\u00a0ou\u00a0<em>La V\u00e9rit\u00e9 sur B\u00e9b\u00e9 Donge<\/em>,\u00a0<em>Maigret tend un pi\u00e8ge<\/em>\u00a0est pourtant un mod\u00e8le du genre policier, un film qu\u2019on ne se lasse pas de voir et de revoir, pour son ambiance, ses \u00e9tudes de caract\u00e8res et sa redoutable efficacit\u00e9.<\/strong><\/p>\n<p><strong>Le succ\u00e8s de\u00a0<em>Maigret tend un pi\u00e8ge<\/em>\u00a0(1958) entra\u00eene la production l\u2019ann\u00e9e suivante d\u2019une nouvelle adaptation d\u2019un roman de Simenon avec Jean Gabin dans le r\u00f4le de Maigret et Jean Delannoy au sc\u00e9nario et derri\u00e8re la cam\u00e9ra. Le choix se porte sur\u00a0<em>L\u2019Affaire Saint-Fiacre<\/em>, paru en 1932. Les deux films sont tr\u00e8s diff\u00e9rents. Le premier se d\u00e9roulait dans le quartier du Marais \u00e0 Paris et d\u00e9crivait la traque d\u2019un tueur en s\u00e9rie. Le second nous plonge dans l\u2019atmosph\u00e8re sinistre d\u2019un petit village o\u00f9 la ch\u00e2telaine a \u00e9t\u00e9 retrouv\u00e9e morte pendant la messe. Le commissaire Maigret \u00e9tait revenu \u00e0 Saint-Fiacre la veille \u00e0 la demande de la comtesse, qui avait re\u00e7u une lettre de menace. Pour Maigret, qui a v\u00e9cu enfant dans le village \u2013 son p\u00e8re \u00e9tait le r\u00e9gisseur du ch\u00e2teau de Saint-Fiacre \u2013 les retrouvailles avec la comtesse et l\u2019enqu\u00eate sur son d\u00e9c\u00e8s r\u00e9veillent des souvenirs enfouis. Le film fonctionne comme un \u00ab\u00a0whodunit\u00a0\u00bb classique dans lequel plusieurs personnages plus ou moins antipathiques vont successivement attirer les soup\u00e7ons du spectateur, jusqu\u2019\u00e0 la r\u00e9v\u00e9lation finale du (ou des) coupable(s). Tandis que Maigret n\u2019accordait que peu d\u2019importance \u00e0 l\u2019enqu\u00eate dans le roman, absorb\u00e9 par ses souvenirs, le film le restitue dans sa situation habituelle de fin limier qui hume la psych\u00e9 de chaque homme (suspect) qui croise son chemin. Le film charrie le pessimisme foncier qui \u00e9tait la norme dans un certain cin\u00e9ma psychologique fran\u00e7ais des ann\u00e9es 50. L\u2019envie, la l\u00e2chet\u00e9 morale, la m\u00e9diocrit\u00e9 et la cupidit\u00e9 caract\u00e9rise les individus que rencontre Maigret \u00e0 Saint-Fiacre, du fils de la comtesse \u00e0 son secr\u00e9taire gigolo, en passant par le cur\u00e9 du village qui n\u2019est pas \u00e9pargn\u00e9. C\u2019est l\u2019argent, et l\u2019app\u00e2t du gain qui pervertissent les rapports humains\u2026<\/strong><\/p>\n<p><strong>L\u2019int\u00e9r\u00eat de\u00a0<em>Maigret et l\u2019affaire Saint-Fiacre<\/em>\u00a0r\u00e9side ailleurs\u00a0: dans la relation amoureuse secr\u00e8te qui liait Maigret enfant et la jeune comtesse, objet de des premiers d\u00e9sirs sexuels du gar\u00e7onnet. Ces souvenirs joyeux sont confess\u00e9s par Maigret \u00e0 la vieille dame lors de leurs retrouvailles. Ils \u00e9taient partag\u00e9s.<\/strong><\/p>\n<p><strong>Apr\u00e8s la crise cardiaque mortelle de la comtesse, son corps nu est expos\u00e9 sur son lit. Le m\u00e9decin vient de l\u2019examiner. Maigret regarde l\u2019air absent un cadavre de femme \u00e2g\u00e9e qui avait autrefois \u00e9veill\u00e9 en lui des \u00e9mois pr\u00e9-pub\u00e8res. Le m\u00e9decin fait un commentaire grivois sur l\u2019\u00e9tat de conservation de la morte, dont les relations tarifi\u00e9es avec des gigolos \u00e9taient connues dans le village. Quelque chose de la crudit\u00e9 sexuelle des romans de Simenon passe bri\u00e8vement dans le film de Delannoy.<\/strong><\/p>\n<p><strong>Les deux films, ainsi que <em>Maigret voit rouge<\/em> de Gilles Grangier ont \u00e9t\u00e9 \u00e9dit\u00e9s en combo DVD\/blu-ray, version restaur\u00e9e, dans la belle collection \u00ab\u00a0la s\u00e9ance\u00a0\u00bb chez Coin de mire.<\/strong><\/p>\n<p><img decoding=\"async\" loading=\"lazy\" class=\"alignnone size-full wp-image-25980\" src=\"https:\/\/www.arte.tv\/sites\/olivierpere\/files\/covermaigrettendunpiege.jpg\" alt=\"\" width=\"1019\" height=\"1500\" srcset=\"https:\/\/www.arte.tv\/sites\/olivierpere\/files\/covermaigrettendunpiege.jpg 1019w, https:\/\/www.arte.tv\/sites\/olivierpere\/files\/covermaigrettendunpiege-190x280.jpg 190w, https:\/\/www.arte.tv\/sites\/olivierpere\/files\/covermaigrettendunpiege-522x768.jpg 522w, https:\/\/www.arte.tv\/sites\/olivierpere\/files\/covermaigrettendunpiege-768x1131.jpg 768w, https:\/\/www.arte.tv\/sites\/olivierpere\/files\/covermaigrettendunpiege-580x854.jpg 580w\" sizes=\"(max-width: 1019px) 100vw, 1019px\" \/><\/p>\n<p><img decoding=\"async\" loading=\"lazy\" class=\"alignnone size-full wp-image-25981\" src=\"https:\/\/www.arte.tv\/sites\/olivierpere\/files\/covermaigretetlaffairesaintfiacre.jpg\" alt=\"\" width=\"1017\" height=\"1500\" \/><\/p>\n","protected":false},"excerpt":{"rendered":"<p>Dans la carri\u00e8re tristounette de Jean Delannoy repr\u00e9sentant officiel d\u2019un certain cin\u00e9ma tricolore \u00ab de qualit\u00e9 \u00bb adepte des adaptations\u2026<\/p>\n","protected":false},"author":116,"featured_media":0,"comment_status":"open","ping_status":"open","sticky":false,"template":"","format":"standard","meta":[],"categories":[9],"tags":[],"yoast_head":"<!-- This site is optimized with the Yoast SEO plugin v20.8 - https:\/\/yoast.com\/wordpress\/plugins\/seo\/ -->\n<title>Maigret tend un pi\u00e8ge et Maigret et l&#039;affaire Saint-Fiacre de Jean Delannoy - Olivier P\u00e8re<\/title>\n<meta name=\"robots\" content=\"index, follow, max-snippet:-1, max-image-preview:large, max-video-preview:-1\" \/>\n<link rel=\"canonical\" href=\"https:\/\/www.arte.tv\/sites\/olivierpere\/2020\/08\/30\/maigret-tend-un-piege-et-maigret-et-laffaire-saint-fiacre-de-jean-delannoy\/\" \/>\n<meta property=\"og:locale\" content=\"fr_FR\" \/>\n<meta property=\"og:type\" content=\"article\" \/>\n<meta property=\"og:title\" content=\"Maigret tend un pi\u00e8ge et Maigret et l&#039;affaire Saint-Fiacre de Jean Delannoy - Olivier P\u00e8re\" \/>\n<meta property=\"og:description\" content=\"Dans la carri\u00e8re tristounette de Jean Delannoy repr\u00e9sentant officiel d\u2019un certain cin\u00e9ma tricolore \u00ab de qualit\u00e9 \u00bb adepte des adaptations\u2026\" \/>\n<meta property=\"og:url\" content=\"https:\/\/www.arte.tv\/sites\/olivierpere\/2020\/08\/30\/maigret-tend-un-piege-et-maigret-et-laffaire-saint-fiacre-de-jean-delannoy\/\" \/>\n<meta property=\"og:site_name\" content=\"Olivier P\u00e8re\" \/>\n<meta property=\"article:published_time\" content=\"2020-08-30T19:04:07+00:00\" \/>\n<meta property=\"article:modified_time\" content=\"2020-09-21T19:11:59+00:00\" \/>\n<meta property=\"og:image\" content=\"https:\/\/www.arte.tv\/sites\/olivierpere\/files\/covermaigrettendunpiege.jpg\" \/>\n<meta name=\"author\" content=\"Olivier P\u00e8re\" \/>\n<meta name=\"twitter:label1\" content=\"\u00c9crit par\" \/>\n\t<meta name=\"twitter:data1\" content=\"Olivier P\u00e8re\" \/>\n\t<meta name=\"twitter:label2\" content=\"Dur\u00e9e de lecture estim\u00e9e\" \/>\n\t<meta name=\"twitter:data2\" content=\"5 minutes\" \/>\n<script type=\"application\/ld+json\" class=\"yoast-schema-graph\">{\"@context\":\"https:\/\/schema.org\",\"@graph\":[{\"@type\":\"WebPage\",\"@id\":\"https:\/\/www.arte.tv\/sites\/olivierpere\/2020\/08\/30\/maigret-tend-un-piege-et-maigret-et-laffaire-saint-fiacre-de-jean-delannoy\/\",\"url\":\"https:\/\/www.arte.tv\/sites\/olivierpere\/2020\/08\/30\/maigret-tend-un-piege-et-maigret-et-laffaire-saint-fiacre-de-jean-delannoy\/\",\"name\":\"Maigret tend un pi\u00e8ge et Maigret et l'affaire Saint-Fiacre de Jean Delannoy - Olivier P\u00e8re\",\"isPartOf\":{\"@id\":\"https:\/\/www.arte.tv\/sites\/olivierpere\/#website\"},\"datePublished\":\"2020-08-30T19:04:07+00:00\",\"dateModified\":\"2020-09-21T19:11:59+00:00\",\"author\":{\"@id\":\"https:\/\/www.arte.tv\/sites\/olivierpere\/#\/schema\/person\/dc32cd6c79be95e52d43b97a74182558\"},\"breadcrumb\":{\"@id\":\"https:\/\/www.arte.tv\/sites\/olivierpere\/2020\/08\/30\/maigret-tend-un-piege-et-maigret-et-laffaire-saint-fiacre-de-jean-delannoy\/#breadcrumb\"},\"inLanguage\":\"fr-FR\",\"potentialAction\":[{\"@type\":\"ReadAction\",\"target\":[\"https:\/\/www.arte.tv\/sites\/olivierpere\/2020\/08\/30\/maigret-tend-un-piege-et-maigret-et-laffaire-saint-fiacre-de-jean-delannoy\/\"]}]},{\"@type\":\"BreadcrumbList\",\"@id\":\"https:\/\/www.arte.tv\/sites\/olivierpere\/2020\/08\/30\/maigret-tend-un-piege-et-maigret-et-laffaire-saint-fiacre-de-jean-delannoy\/#breadcrumb\",\"itemListElement\":[{\"@type\":\"ListItem\",\"position\":1,\"name\":\"Home\",\"item\":\"https:\/\/www.arte.tv\/sites\/olivierpere\/\"},{\"@type\":\"ListItem\",\"position\":2,\"name\":\"Maigret tend un pi\u00e8ge et Maigret et l&rsquo;affaire Saint-Fiacre de Jean Delannoy\"}]},{\"@type\":\"WebSite\",\"@id\":\"https:\/\/www.arte.tv\/sites\/olivierpere\/#website\",\"url\":\"https:\/\/www.arte.tv\/sites\/olivierpere\/\",\"name\":\"Olivier P\u00e8re\",\"description\":\"\",\"potentialAction\":[{\"@type\":\"SearchAction\",\"target\":{\"@type\":\"EntryPoint\",\"urlTemplate\":\"https:\/\/www.arte.tv\/sites\/olivierpere\/?s={search_term_string}\"},\"query-input\":\"required name=search_term_string\"}],\"inLanguage\":\"fr-FR\"},{\"@type\":\"Person\",\"@id\":\"https:\/\/www.arte.tv\/sites\/olivierpere\/#\/schema\/person\/dc32cd6c79be95e52d43b97a74182558\",\"name\":\"Olivier P\u00e8re\",\"image\":{\"@type\":\"ImageObject\",\"inLanguage\":\"fr-FR\",\"@id\":\"https:\/\/www.arte.tv\/sites\/olivierpere\/#\/schema\/person\/image\/\",\"url\":\"https:\/\/secure.gravatar.com\/avatar\/bdea7b6a2c195e2c41772429a9694758?s=96&d=mm&r=g\",\"contentUrl\":\"https:\/\/secure.gravatar.com\/avatar\/bdea7b6a2c195e2c41772429a9694758?s=96&d=mm&r=g\",\"caption\":\"Olivier P\u00e8re\"},\"url\":\"https:\/\/www.arte.tv\/sites\/olivierpere\/author\/pereolivier\/\"}]}<\/script>\n<!-- \/ Yoast SEO plugin. -->","yoast_head_json":{"title":"Maigret tend un pi\u00e8ge et Maigret et l'affaire Saint-Fiacre de Jean Delannoy - Olivier P\u00e8re","robots":{"index":"index","follow":"follow","max-snippet":"max-snippet:-1","max-image-preview":"max-image-preview:large","max-video-preview":"max-video-preview:-1"},"canonical":"https:\/\/www.arte.tv\/sites\/olivierpere\/2020\/08\/30\/maigret-tend-un-piege-et-maigret-et-laffaire-saint-fiacre-de-jean-delannoy\/","og_locale":"fr_FR","og_type":"article","og_title":"Maigret tend un pi\u00e8ge et Maigret et l'affaire Saint-Fiacre de Jean Delannoy - Olivier P\u00e8re","og_description":"Dans la carri\u00e8re tristounette de Jean Delannoy repr\u00e9sentant officiel d\u2019un certain cin\u00e9ma tricolore \u00ab de qualit\u00e9 \u00bb adepte des adaptations\u2026","og_url":"https:\/\/www.arte.tv\/sites\/olivierpere\/2020\/08\/30\/maigret-tend-un-piege-et-maigret-et-laffaire-saint-fiacre-de-jean-delannoy\/","og_site_name":"Olivier P\u00e8re","article_published_time":"2020-08-30T19:04:07+00:00","article_modified_time":"2020-09-21T19:11:59+00:00","og_image":[{"url":"https:\/\/www.arte.tv\/sites\/olivierpere\/files\/covermaigrettendunpiege.jpg"}],"author":"Olivier P\u00e8re","twitter_misc":{"\u00c9crit par":"Olivier P\u00e8re","Dur\u00e9e de lecture estim\u00e9e":"5 minutes"},"schema":{"@context":"https:\/\/schema.org","@graph":[{"@type":"WebPage","@id":"https:\/\/www.arte.tv\/sites\/olivierpere\/2020\/08\/30\/maigret-tend-un-piege-et-maigret-et-laffaire-saint-fiacre-de-jean-delannoy\/","url":"https:\/\/www.arte.tv\/sites\/olivierpere\/2020\/08\/30\/maigret-tend-un-piege-et-maigret-et-laffaire-saint-fiacre-de-jean-delannoy\/","name":"Maigret tend un pi\u00e8ge et Maigret et l'affaire Saint-Fiacre de Jean Delannoy - Olivier P\u00e8re","isPartOf":{"@id":"https:\/\/www.arte.tv\/sites\/olivierpere\/#website"},"datePublished":"2020-08-30T19:04:07+00:00","dateModified":"2020-09-21T19:11:59+00:00","author":{"@id":"https:\/\/www.arte.tv\/sites\/olivierpere\/#\/schema\/person\/dc32cd6c79be95e52d43b97a74182558"},"breadcrumb":{"@id":"https:\/\/www.arte.tv\/sites\/olivierpere\/2020\/08\/30\/maigret-tend-un-piege-et-maigret-et-laffaire-saint-fiacre-de-jean-delannoy\/#breadcrumb"},"inLanguage":"fr-FR","potentialAction":[{"@type":"ReadAction","target":["https:\/\/www.arte.tv\/sites\/olivierpere\/2020\/08\/30\/maigret-tend-un-piege-et-maigret-et-laffaire-saint-fiacre-de-jean-delannoy\/"]}]},{"@type":"BreadcrumbList","@id":"https:\/\/www.arte.tv\/sites\/olivierpere\/2020\/08\/30\/maigret-tend-un-piege-et-maigret-et-laffaire-saint-fiacre-de-jean-delannoy\/#breadcrumb","itemListElement":[{"@type":"ListItem","position":1,"name":"Home","item":"https:\/\/www.arte.tv\/sites\/olivierpere\/"},{"@type":"ListItem","position":2,"name":"Maigret tend un pi\u00e8ge et Maigret et l&rsquo;affaire Saint-Fiacre de Jean Delannoy"}]},{"@type":"WebSite","@id":"https:\/\/www.arte.tv\/sites\/olivierpere\/#website","url":"https:\/\/www.arte.tv\/sites\/olivierpere\/","name":"Olivier P\u00e8re","description":"","potentialAction":[{"@type":"SearchAction","target":{"@type":"EntryPoint","urlTemplate":"https:\/\/www.arte.tv\/sites\/olivierpere\/?s={search_term_string}"},"query-input":"required name=search_term_string"}],"inLanguage":"fr-FR"},{"@type":"Person","@id":"https:\/\/www.arte.tv\/sites\/olivierpere\/#\/schema\/person\/dc32cd6c79be95e52d43b97a74182558","name":"Olivier P\u00e8re","image":{"@type":"ImageObject","inLanguage":"fr-FR","@id":"https:\/\/www.arte.tv\/sites\/olivierpere\/#\/schema\/person\/image\/","url":"https:\/\/secure.gravatar.com\/avatar\/bdea7b6a2c195e2c41772429a9694758?s=96&d=mm&r=g","contentUrl":"https:\/\/secure.gravatar.com\/avatar\/bdea7b6a2c195e2c41772429a9694758?s=96&d=mm&r=g","caption":"Olivier P\u00e8re"},"url":"https:\/\/www.arte.tv\/sites\/olivierpere\/author\/pereolivier\/"}]}},"_links":{"self":[{"href":"https:\/\/www.arte.tv\/sites\/olivierpere\/wp-json\/wp\/v2\/posts\/25978"}],"collection":[{"href":"https:\/\/www.arte.tv\/sites\/olivierpere\/wp-json\/wp\/v2\/posts"}],"about":[{"href":"https:\/\/www.arte.tv\/sites\/olivierpere\/wp-json\/wp\/v2\/types\/post"}],"author":[{"embeddable":true,"href":"https:\/\/www.arte.tv\/sites\/olivierpere\/wp-json\/wp\/v2\/users\/116"}],"replies":[{"embeddable":true,"href":"https:\/\/www.arte.tv\/sites\/olivierpere\/wp-json\/wp\/v2\/comments?post=25978"}],"version-history":[{"count":2,"href":"https:\/\/www.arte.tv\/sites\/olivierpere\/wp-json\/wp\/v2\/posts\/25978\/revisions"}],"predecessor-version":[{"id":25982,"href":"https:\/\/www.arte.tv\/sites\/olivierpere\/wp-json\/wp\/v2\/posts\/25978\/revisions\/25982"}],"wp:attachment":[{"href":"https:\/\/www.arte.tv\/sites\/olivierpere\/wp-json\/wp\/v2\/media?parent=25978"}],"wp:term":[{"taxonomy":"category","embeddable":true,"href":"https:\/\/www.arte.tv\/sites\/olivierpere\/wp-json\/wp\/v2\/categories?post=25978"},{"taxonomy":"post_tag","embeddable":true,"href":"https:\/\/www.arte.tv\/sites\/olivierpere\/wp-json\/wp\/v2\/tags?post=25978"}],"curies":[{"name":"wp","href":"https:\/\/api.w.org\/{rel}","templated":true}]}}