{"id":25951,"date":"2020-08-23T12:28:02","date_gmt":"2020-08-23T11:28:02","guid":{"rendered":"https:\/\/www.arte.tv\/sites\/olivierpere\/?p=25951"},"modified":"2020-09-08T12:28:41","modified_gmt":"2020-09-08T11:28:41","slug":"madame-hyde-de-serge-bozon","status":"publish","type":"post","link":"https:\/\/www.arte.tv\/sites\/olivierpere\/2020\/08\/23\/madame-hyde-de-serge-bozon\/","title":{"rendered":"Madame Hyde de Serge Bozon"},"content":{"rendered":"<p><strong>Dans le cadre de son cycle Isabelle Huppert, ARTE diffuse mercredi 9 septembre \u00e0 20h55 <em>Madame Hyde, <\/em>r\u00e9alis\u00e9 en 2014 par Serge Bozon. Le film sera \u00e9galement disponible gratuitement en t\u00e9l\u00e9vision de rattrapage sur ARTE.tv jusqu\u2019au 16 septembre 2020.<\/strong><\/p>\n<p>&nbsp;<\/p>\n<p><strong><em>Madame Hyde<\/em> est l\u2019adaptation moderne, et f\u00e9minine, du c\u00e9l\u00e8bre livre de Stevenson. Serge Bozon a transpos\u00e9 l\u2019histoire dans un lyc\u00e9e technique de banlieue. Cette com\u00e9die pas comme les autres s\u2019inscrit dans une tendance du cin\u00e9ma fantastique fran\u00e7ais, \u00e0 la fois social et po\u00e9tique, qui va des <em>Yeux sans visage<\/em> de Georges Franju \u00e0 <em>De bruit et de fureur<\/em> de Jean-Claude Brisseau, prochainement sur ARTE. Serge Bozon, depuis <em>Mods<\/em>, cultive un art de la dissonance avec des films musicaux, burlesques, tragicomiques qui bousculent nos habitudes et inventent une nouvelle forme de s\u00e9rie B d\u2019auteur dans le cin\u00e9ma fran\u00e7ais, des objets filmiques de contrebande entre Godard et Mocky.<\/strong><\/p>\n<p><strong>Cette fois-ci, Bozon reste fid\u00e8le \u00e0 certaines de ses pr\u00e9occupations profondes \u2013 comment montrer la France d\u2019aujourd\u2019hui, ceux qui l\u2019habitent et la constituent \u2013 mais affine son propos, le rend plus lisible.<\/strong><\/p>\n<p><strong>Le grand sujet du film de Bozon, comme celui de Brisseau, c\u2019est la transmission du savoir, l\u2019importance de l\u2019\u00e9ducation. L\u2019accident de laboratoire de Madame G\u00e9quil va transformer son corps, mais aussi sa fa\u00e7on d\u2019enseigner. Sa m\u00e9tamorphose va d\u2019abord lui apporter une certaine satisfaction, une puissance, puis la forcer \u00e0 s\u2019attaquer \u00e0 ce qui compte le plus pour elle, ses \u00e9l\u00e8ves. L\u2019utilisation inhabituelle des effets sp\u00e9ciaux, la clart\u00e9 de la mise en sc\u00e8ne et l\u2019anti-naturalisme du jeu des com\u00e9diens d\u00e9tonnent et donnent naissance \u00e0 une \u0153uvre profond\u00e9ment originale.<\/strong><\/p>\n<p><strong>Isabelle Huppert r\u00e9ussit une nouvelle fois \u00e0 nous surprendre en interpr\u00e9tant une prof de physique craintive et timide, \u00e0 l\u2019oppos\u00e9 de ses r\u00f4les de femmes fortes. Elle est entour\u00e9e par deux acteurs formidables, Romain Duris en proviseur excentrique et Jos\u00e9 Garcia en mari au foyer, amoureux fou de son \u00e9pouse.<\/strong><\/p>\n","protected":false},"excerpt":{"rendered":"<p>Dans le cadre de son cycle Isabelle Huppert, ARTE diffuse mercredi 9 septembre \u00e0 20h55 Madame Hyde, r\u00e9alis\u00e9 en 2014\u2026<\/p>\n","protected":false},"author":116,"featured_media":0,"comment_status":"open","ping_status":"open","sticky":false,"template":"","format":"standard","meta":[],"categories":[6,8],"tags":[],"yoast_head":"<!-- This site is optimized with the Yoast SEO plugin v20.8 - https:\/\/yoast.com\/wordpress\/plugins\/seo\/ -->\n<title>Madame Hyde de Serge Bozon - Olivier P\u00e8re<\/title>\n<meta name=\"robots\" content=\"index, follow, max-snippet:-1, max-image-preview:large, max-video-preview:-1\" \/>\n<link rel=\"canonical\" href=\"https:\/\/www.arte.tv\/sites\/olivierpere\/2020\/08\/23\/madame-hyde-de-serge-bozon\/\" \/>\n<meta property=\"og:locale\" content=\"fr_FR\" \/>\n<meta property=\"og:type\" content=\"article\" \/>\n<meta property=\"og:title\" content=\"Madame Hyde de Serge Bozon - Olivier P\u00e8re\" \/>\n<meta property=\"og:description\" content=\"Dans le cadre de son cycle Isabelle Huppert, ARTE diffuse mercredi 9 septembre \u00e0 20h55 Madame Hyde, r\u00e9alis\u00e9 en 2014\u2026\" \/>\n<meta property=\"og:url\" content=\"https:\/\/www.arte.tv\/sites\/olivierpere\/2020\/08\/23\/madame-hyde-de-serge-bozon\/\" \/>\n<meta property=\"og:site_name\" content=\"Olivier P\u00e8re\" \/>\n<meta property=\"article:published_time\" content=\"2020-08-23T11:28:02+00:00\" \/>\n<meta property=\"article:modified_time\" content=\"2020-09-08T11:28:41+00:00\" \/>\n<meta name=\"author\" content=\"Olivier P\u00e8re\" \/>\n<meta name=\"twitter:label1\" content=\"\u00c9crit par\" \/>\n\t<meta name=\"twitter:data1\" content=\"Olivier P\u00e8re\" \/>\n\t<meta name=\"twitter:label2\" content=\"Dur\u00e9e de lecture estim\u00e9e\" \/>\n\t<meta name=\"twitter:data2\" content=\"2 minutes\" \/>\n<script type=\"application\/ld+json\" class=\"yoast-schema-graph\">{\"@context\":\"https:\/\/schema.org\",\"@graph\":[{\"@type\":\"WebPage\",\"@id\":\"https:\/\/www.arte.tv\/sites\/olivierpere\/2020\/08\/23\/madame-hyde-de-serge-bozon\/\",\"url\":\"https:\/\/www.arte.tv\/sites\/olivierpere\/2020\/08\/23\/madame-hyde-de-serge-bozon\/\",\"name\":\"Madame Hyde de Serge Bozon - Olivier P\u00e8re\",\"isPartOf\":{\"@id\":\"https:\/\/www.arte.tv\/sites\/olivierpere\/#website\"},\"datePublished\":\"2020-08-23T11:28:02+00:00\",\"dateModified\":\"2020-09-08T11:28:41+00:00\",\"author\":{\"@id\":\"https:\/\/www.arte.tv\/sites\/olivierpere\/#\/schema\/person\/dc32cd6c79be95e52d43b97a74182558\"},\"breadcrumb\":{\"@id\":\"https:\/\/www.arte.tv\/sites\/olivierpere\/2020\/08\/23\/madame-hyde-de-serge-bozon\/#breadcrumb\"},\"inLanguage\":\"fr-FR\",\"potentialAction\":[{\"@type\":\"ReadAction\",\"target\":[\"https:\/\/www.arte.tv\/sites\/olivierpere\/2020\/08\/23\/madame-hyde-de-serge-bozon\/\"]}]},{\"@type\":\"BreadcrumbList\",\"@id\":\"https:\/\/www.arte.tv\/sites\/olivierpere\/2020\/08\/23\/madame-hyde-de-serge-bozon\/#breadcrumb\",\"itemListElement\":[{\"@type\":\"ListItem\",\"position\":1,\"name\":\"Home\",\"item\":\"https:\/\/www.arte.tv\/sites\/olivierpere\/\"},{\"@type\":\"ListItem\",\"position\":2,\"name\":\"Madame Hyde de Serge Bozon\"}]},{\"@type\":\"WebSite\",\"@id\":\"https:\/\/www.arte.tv\/sites\/olivierpere\/#website\",\"url\":\"https:\/\/www.arte.tv\/sites\/olivierpere\/\",\"name\":\"Olivier P\u00e8re\",\"description\":\"\",\"potentialAction\":[{\"@type\":\"SearchAction\",\"target\":{\"@type\":\"EntryPoint\",\"urlTemplate\":\"https:\/\/www.arte.tv\/sites\/olivierpere\/?s={search_term_string}\"},\"query-input\":\"required name=search_term_string\"}],\"inLanguage\":\"fr-FR\"},{\"@type\":\"Person\",\"@id\":\"https:\/\/www.arte.tv\/sites\/olivierpere\/#\/schema\/person\/dc32cd6c79be95e52d43b97a74182558\",\"name\":\"Olivier P\u00e8re\",\"image\":{\"@type\":\"ImageObject\",\"inLanguage\":\"fr-FR\",\"@id\":\"https:\/\/www.arte.tv\/sites\/olivierpere\/#\/schema\/person\/image\/\",\"url\":\"https:\/\/secure.gravatar.com\/avatar\/bdea7b6a2c195e2c41772429a9694758?s=96&d=mm&r=g\",\"contentUrl\":\"https:\/\/secure.gravatar.com\/avatar\/bdea7b6a2c195e2c41772429a9694758?s=96&d=mm&r=g\",\"caption\":\"Olivier P\u00e8re\"},\"url\":\"https:\/\/www.arte.tv\/sites\/olivierpere\/author\/pereolivier\/\"}]}<\/script>\n<!-- \/ Yoast SEO plugin. -->","yoast_head_json":{"title":"Madame Hyde de Serge Bozon - Olivier P\u00e8re","robots":{"index":"index","follow":"follow","max-snippet":"max-snippet:-1","max-image-preview":"max-image-preview:large","max-video-preview":"max-video-preview:-1"},"canonical":"https:\/\/www.arte.tv\/sites\/olivierpere\/2020\/08\/23\/madame-hyde-de-serge-bozon\/","og_locale":"fr_FR","og_type":"article","og_title":"Madame Hyde de Serge Bozon - Olivier P\u00e8re","og_description":"Dans le cadre de son cycle Isabelle Huppert, ARTE diffuse mercredi 9 septembre \u00e0 20h55 Madame Hyde, r\u00e9alis\u00e9 en 2014\u2026","og_url":"https:\/\/www.arte.tv\/sites\/olivierpere\/2020\/08\/23\/madame-hyde-de-serge-bozon\/","og_site_name":"Olivier P\u00e8re","article_published_time":"2020-08-23T11:28:02+00:00","article_modified_time":"2020-09-08T11:28:41+00:00","author":"Olivier P\u00e8re","twitter_misc":{"\u00c9crit par":"Olivier P\u00e8re","Dur\u00e9e de lecture estim\u00e9e":"2 minutes"},"schema":{"@context":"https:\/\/schema.org","@graph":[{"@type":"WebPage","@id":"https:\/\/www.arte.tv\/sites\/olivierpere\/2020\/08\/23\/madame-hyde-de-serge-bozon\/","url":"https:\/\/www.arte.tv\/sites\/olivierpere\/2020\/08\/23\/madame-hyde-de-serge-bozon\/","name":"Madame Hyde de Serge Bozon - Olivier P\u00e8re","isPartOf":{"@id":"https:\/\/www.arte.tv\/sites\/olivierpere\/#website"},"datePublished":"2020-08-23T11:28:02+00:00","dateModified":"2020-09-08T11:28:41+00:00","author":{"@id":"https:\/\/www.arte.tv\/sites\/olivierpere\/#\/schema\/person\/dc32cd6c79be95e52d43b97a74182558"},"breadcrumb":{"@id":"https:\/\/www.arte.tv\/sites\/olivierpere\/2020\/08\/23\/madame-hyde-de-serge-bozon\/#breadcrumb"},"inLanguage":"fr-FR","potentialAction":[{"@type":"ReadAction","target":["https:\/\/www.arte.tv\/sites\/olivierpere\/2020\/08\/23\/madame-hyde-de-serge-bozon\/"]}]},{"@type":"BreadcrumbList","@id":"https:\/\/www.arte.tv\/sites\/olivierpere\/2020\/08\/23\/madame-hyde-de-serge-bozon\/#breadcrumb","itemListElement":[{"@type":"ListItem","position":1,"name":"Home","item":"https:\/\/www.arte.tv\/sites\/olivierpere\/"},{"@type":"ListItem","position":2,"name":"Madame Hyde de Serge Bozon"}]},{"@type":"WebSite","@id":"https:\/\/www.arte.tv\/sites\/olivierpere\/#website","url":"https:\/\/www.arte.tv\/sites\/olivierpere\/","name":"Olivier P\u00e8re","description":"","potentialAction":[{"@type":"SearchAction","target":{"@type":"EntryPoint","urlTemplate":"https:\/\/www.arte.tv\/sites\/olivierpere\/?s={search_term_string}"},"query-input":"required name=search_term_string"}],"inLanguage":"fr-FR"},{"@type":"Person","@id":"https:\/\/www.arte.tv\/sites\/olivierpere\/#\/schema\/person\/dc32cd6c79be95e52d43b97a74182558","name":"Olivier P\u00e8re","image":{"@type":"ImageObject","inLanguage":"fr-FR","@id":"https:\/\/www.arte.tv\/sites\/olivierpere\/#\/schema\/person\/image\/","url":"https:\/\/secure.gravatar.com\/avatar\/bdea7b6a2c195e2c41772429a9694758?s=96&d=mm&r=g","contentUrl":"https:\/\/secure.gravatar.com\/avatar\/bdea7b6a2c195e2c41772429a9694758?s=96&d=mm&r=g","caption":"Olivier P\u00e8re"},"url":"https:\/\/www.arte.tv\/sites\/olivierpere\/author\/pereolivier\/"}]}},"_links":{"self":[{"href":"https:\/\/www.arte.tv\/sites\/olivierpere\/wp-json\/wp\/v2\/posts\/25951"}],"collection":[{"href":"https:\/\/www.arte.tv\/sites\/olivierpere\/wp-json\/wp\/v2\/posts"}],"about":[{"href":"https:\/\/www.arte.tv\/sites\/olivierpere\/wp-json\/wp\/v2\/types\/post"}],"author":[{"embeddable":true,"href":"https:\/\/www.arte.tv\/sites\/olivierpere\/wp-json\/wp\/v2\/users\/116"}],"replies":[{"embeddable":true,"href":"https:\/\/www.arte.tv\/sites\/olivierpere\/wp-json\/wp\/v2\/comments?post=25951"}],"version-history":[{"count":1,"href":"https:\/\/www.arte.tv\/sites\/olivierpere\/wp-json\/wp\/v2\/posts\/25951\/revisions"}],"predecessor-version":[{"id":25952,"href":"https:\/\/www.arte.tv\/sites\/olivierpere\/wp-json\/wp\/v2\/posts\/25951\/revisions\/25952"}],"wp:attachment":[{"href":"https:\/\/www.arte.tv\/sites\/olivierpere\/wp-json\/wp\/v2\/media?parent=25951"}],"wp:term":[{"taxonomy":"category","embeddable":true,"href":"https:\/\/www.arte.tv\/sites\/olivierpere\/wp-json\/wp\/v2\/categories?post=25951"},{"taxonomy":"post_tag","embeddable":true,"href":"https:\/\/www.arte.tv\/sites\/olivierpere\/wp-json\/wp\/v2\/tags?post=25951"}],"curies":[{"name":"wp","href":"https:\/\/api.w.org\/{rel}","templated":true}]}}