{"id":25849,"date":"2020-06-27T02:05:04","date_gmt":"2020-06-27T01:05:04","guid":{"rendered":"https:\/\/www.arte.tv\/sites\/olivierpere\/?p=25849"},"modified":"2020-06-24T12:08:47","modified_gmt":"2020-06-24T11:08:47","slug":"les-maudits-de-rene-clement","status":"publish","type":"post","link":"https:\/\/www.arte.tv\/sites\/olivierpere\/2020\/06\/27\/les-maudits-de-rene-clement\/","title":{"rendered":"Les Maudits de Ren\u00e9 Cl\u00e9ment"},"content":{"rendered":"<p><strong>ARTE diffuse <em>Les Maudits<\/em> (1947) de Ren\u00e9 Cl\u00e9ment lundi 20 juillet \u00e0 20h55.<\/strong><\/p>\n<p><strong>En avril 1945, peu avant la chute de Berlin, des nazis et des collaborateurs de diverses nations prennent la fuite dans un sous-marin, en direction de l\u2019Am\u00e9rique du sud, soit pour y continuer la lutte, soit pour s\u2019y faire oublier. Lors d\u2019une escale au large des c\u00f4tes fran\u00e7aises, ils enl\u00e8vent un m\u00e9decin pour soigner une passag\u00e8re bless\u00e9e. Les tensions et les haines ne cessent de s\u2019exacerber tout au long du voyage. Avec ce troisi\u00e8me long m\u00e9trage, Ren\u00e9 Cl\u00e9ment poursuit son cycle sur la Seconde Guerre mondiale. Apr\u00e8s <em>La Bataille du rail<\/em> et <em>Le P\u00e8re tranquille<\/em>, consacr\u00e9s \u00e0 la R\u00e9sistance, il s\u2019int\u00e9resse ici aux vaincus, ren\u00e9gats du nazisme, des trafics et tous genres et de la collaboration. <em>Les Maudits<\/em> observe \u00e0 la loupe un groupe humain particuli\u00e8rement rance, confin\u00e9 dans l\u2019espace \u00e9touffant d\u2019un U-471. Cl\u00e9ment et ses sc\u00e9naristes \u2013 parmi lesquels Jacques R\u00e9my et Jacques Companeez \u2013 \u00e9pousent la noirceur du cin\u00e9ma fran\u00e7ais de l\u2019imm\u00e9diat apr\u00e8s-guerre, en mettant en sc\u00e8ne des personnages ignobles, simples voyous ou hitl\u00e9riens fanatiques qui finissent par s\u2019entretuer. Le jeune cin\u00e9aste fait preuve d\u2019une grande virtuosit\u00e9 technique, et parvient \u00e0 recr\u00e9er une atmosph\u00e8re tr\u00e8s r\u00e9aliste dans des d\u00e9cors de studio. Il fait construire un sous-marin capable d\u2019accueillir une \u00e9quipe de tournage, mais qui respecte l\u2019exigu\u00eft\u00e9 oppressante des salles de machines et des cabines. Le directeur de la photographie Henri Alekan accomplit un travail visuel remarquable qui inscrit le travail de Cl\u00e9ment dans une certaine tradition fran\u00e7aise, mais aussi celle, plus anglo-saxonne, du film noir. La s\u00e9quence de la mise \u00e0 mort d\u2019un agent local, interpr\u00e9t\u00e9 par Dalio, est digne des meilleurs thrillers am\u00e9ricains de l\u2019\u00e9poque.<\/strong><\/p>\n","protected":false},"excerpt":{"rendered":"<p>ARTE diffuse Les Maudits (1947) de Ren\u00e9 Cl\u00e9ment lundi 20 juillet \u00e0 20h55. En avril 1945, peu avant la chute\u2026<\/p>\n","protected":false},"author":116,"featured_media":0,"comment_status":"open","ping_status":"open","sticky":false,"template":"","format":"standard","meta":[],"categories":[8],"tags":[],"yoast_head":"<!-- This site is optimized with the Yoast SEO plugin v20.8 - https:\/\/yoast.com\/wordpress\/plugins\/seo\/ -->\n<title>Les Maudits de Ren\u00e9 Cl\u00e9ment - Olivier P\u00e8re<\/title>\n<meta name=\"robots\" content=\"index, follow, max-snippet:-1, max-image-preview:large, max-video-preview:-1\" \/>\n<link rel=\"canonical\" href=\"https:\/\/www.arte.tv\/sites\/olivierpere\/2020\/06\/27\/les-maudits-de-rene-clement\/\" \/>\n<meta property=\"og:locale\" content=\"fr_FR\" \/>\n<meta property=\"og:type\" content=\"article\" \/>\n<meta property=\"og:title\" content=\"Les Maudits de Ren\u00e9 Cl\u00e9ment - Olivier P\u00e8re\" \/>\n<meta property=\"og:description\" content=\"ARTE diffuse Les Maudits (1947) de Ren\u00e9 Cl\u00e9ment lundi 20 juillet \u00e0 20h55. En avril 1945, peu avant la chute\u2026\" \/>\n<meta property=\"og:url\" content=\"https:\/\/www.arte.tv\/sites\/olivierpere\/2020\/06\/27\/les-maudits-de-rene-clement\/\" \/>\n<meta property=\"og:site_name\" content=\"Olivier P\u00e8re\" \/>\n<meta property=\"article:published_time\" content=\"2020-06-27T01:05:04+00:00\" \/>\n<meta property=\"article:modified_time\" content=\"2020-06-24T11:08:47+00:00\" \/>\n<meta name=\"author\" content=\"Olivier P\u00e8re\" \/>\n<meta name=\"twitter:label1\" content=\"\u00c9crit par\" \/>\n\t<meta name=\"twitter:data1\" content=\"Olivier P\u00e8re\" \/>\n\t<meta name=\"twitter:label2\" content=\"Dur\u00e9e de lecture estim\u00e9e\" \/>\n\t<meta name=\"twitter:data2\" content=\"2 minutes\" \/>\n<script type=\"application\/ld+json\" class=\"yoast-schema-graph\">{\"@context\":\"https:\/\/schema.org\",\"@graph\":[{\"@type\":\"WebPage\",\"@id\":\"https:\/\/www.arte.tv\/sites\/olivierpere\/2020\/06\/27\/les-maudits-de-rene-clement\/\",\"url\":\"https:\/\/www.arte.tv\/sites\/olivierpere\/2020\/06\/27\/les-maudits-de-rene-clement\/\",\"name\":\"Les Maudits de Ren\u00e9 Cl\u00e9ment - Olivier P\u00e8re\",\"isPartOf\":{\"@id\":\"https:\/\/www.arte.tv\/sites\/olivierpere\/#website\"},\"datePublished\":\"2020-06-27T01:05:04+00:00\",\"dateModified\":\"2020-06-24T11:08:47+00:00\",\"author\":{\"@id\":\"https:\/\/www.arte.tv\/sites\/olivierpere\/#\/schema\/person\/dc32cd6c79be95e52d43b97a74182558\"},\"breadcrumb\":{\"@id\":\"https:\/\/www.arte.tv\/sites\/olivierpere\/2020\/06\/27\/les-maudits-de-rene-clement\/#breadcrumb\"},\"inLanguage\":\"fr-FR\",\"potentialAction\":[{\"@type\":\"ReadAction\",\"target\":[\"https:\/\/www.arte.tv\/sites\/olivierpere\/2020\/06\/27\/les-maudits-de-rene-clement\/\"]}]},{\"@type\":\"BreadcrumbList\",\"@id\":\"https:\/\/www.arte.tv\/sites\/olivierpere\/2020\/06\/27\/les-maudits-de-rene-clement\/#breadcrumb\",\"itemListElement\":[{\"@type\":\"ListItem\",\"position\":1,\"name\":\"Home\",\"item\":\"https:\/\/www.arte.tv\/sites\/olivierpere\/\"},{\"@type\":\"ListItem\",\"position\":2,\"name\":\"Les Maudits de Ren\u00e9 Cl\u00e9ment\"}]},{\"@type\":\"WebSite\",\"@id\":\"https:\/\/www.arte.tv\/sites\/olivierpere\/#website\",\"url\":\"https:\/\/www.arte.tv\/sites\/olivierpere\/\",\"name\":\"Olivier P\u00e8re\",\"description\":\"\",\"potentialAction\":[{\"@type\":\"SearchAction\",\"target\":{\"@type\":\"EntryPoint\",\"urlTemplate\":\"https:\/\/www.arte.tv\/sites\/olivierpere\/?s={search_term_string}\"},\"query-input\":\"required name=search_term_string\"}],\"inLanguage\":\"fr-FR\"},{\"@type\":\"Person\",\"@id\":\"https:\/\/www.arte.tv\/sites\/olivierpere\/#\/schema\/person\/dc32cd6c79be95e52d43b97a74182558\",\"name\":\"Olivier P\u00e8re\",\"image\":{\"@type\":\"ImageObject\",\"inLanguage\":\"fr-FR\",\"@id\":\"https:\/\/www.arte.tv\/sites\/olivierpere\/#\/schema\/person\/image\/\",\"url\":\"https:\/\/secure.gravatar.com\/avatar\/bdea7b6a2c195e2c41772429a9694758?s=96&d=mm&r=g\",\"contentUrl\":\"https:\/\/secure.gravatar.com\/avatar\/bdea7b6a2c195e2c41772429a9694758?s=96&d=mm&r=g\",\"caption\":\"Olivier P\u00e8re\"},\"url\":\"https:\/\/www.arte.tv\/sites\/olivierpere\/author\/pereolivier\/\"}]}<\/script>\n<!-- \/ Yoast SEO plugin. -->","yoast_head_json":{"title":"Les Maudits de Ren\u00e9 Cl\u00e9ment - Olivier P\u00e8re","robots":{"index":"index","follow":"follow","max-snippet":"max-snippet:-1","max-image-preview":"max-image-preview:large","max-video-preview":"max-video-preview:-1"},"canonical":"https:\/\/www.arte.tv\/sites\/olivierpere\/2020\/06\/27\/les-maudits-de-rene-clement\/","og_locale":"fr_FR","og_type":"article","og_title":"Les Maudits de Ren\u00e9 Cl\u00e9ment - Olivier P\u00e8re","og_description":"ARTE diffuse Les Maudits (1947) de Ren\u00e9 Cl\u00e9ment lundi 20 juillet \u00e0 20h55. En avril 1945, peu avant la chute\u2026","og_url":"https:\/\/www.arte.tv\/sites\/olivierpere\/2020\/06\/27\/les-maudits-de-rene-clement\/","og_site_name":"Olivier P\u00e8re","article_published_time":"2020-06-27T01:05:04+00:00","article_modified_time":"2020-06-24T11:08:47+00:00","author":"Olivier P\u00e8re","twitter_misc":{"\u00c9crit par":"Olivier P\u00e8re","Dur\u00e9e de lecture estim\u00e9e":"2 minutes"},"schema":{"@context":"https:\/\/schema.org","@graph":[{"@type":"WebPage","@id":"https:\/\/www.arte.tv\/sites\/olivierpere\/2020\/06\/27\/les-maudits-de-rene-clement\/","url":"https:\/\/www.arte.tv\/sites\/olivierpere\/2020\/06\/27\/les-maudits-de-rene-clement\/","name":"Les Maudits de Ren\u00e9 Cl\u00e9ment - Olivier P\u00e8re","isPartOf":{"@id":"https:\/\/www.arte.tv\/sites\/olivierpere\/#website"},"datePublished":"2020-06-27T01:05:04+00:00","dateModified":"2020-06-24T11:08:47+00:00","author":{"@id":"https:\/\/www.arte.tv\/sites\/olivierpere\/#\/schema\/person\/dc32cd6c79be95e52d43b97a74182558"},"breadcrumb":{"@id":"https:\/\/www.arte.tv\/sites\/olivierpere\/2020\/06\/27\/les-maudits-de-rene-clement\/#breadcrumb"},"inLanguage":"fr-FR","potentialAction":[{"@type":"ReadAction","target":["https:\/\/www.arte.tv\/sites\/olivierpere\/2020\/06\/27\/les-maudits-de-rene-clement\/"]}]},{"@type":"BreadcrumbList","@id":"https:\/\/www.arte.tv\/sites\/olivierpere\/2020\/06\/27\/les-maudits-de-rene-clement\/#breadcrumb","itemListElement":[{"@type":"ListItem","position":1,"name":"Home","item":"https:\/\/www.arte.tv\/sites\/olivierpere\/"},{"@type":"ListItem","position":2,"name":"Les Maudits de Ren\u00e9 Cl\u00e9ment"}]},{"@type":"WebSite","@id":"https:\/\/www.arte.tv\/sites\/olivierpere\/#website","url":"https:\/\/www.arte.tv\/sites\/olivierpere\/","name":"Olivier P\u00e8re","description":"","potentialAction":[{"@type":"SearchAction","target":{"@type":"EntryPoint","urlTemplate":"https:\/\/www.arte.tv\/sites\/olivierpere\/?s={search_term_string}"},"query-input":"required name=search_term_string"}],"inLanguage":"fr-FR"},{"@type":"Person","@id":"https:\/\/www.arte.tv\/sites\/olivierpere\/#\/schema\/person\/dc32cd6c79be95e52d43b97a74182558","name":"Olivier P\u00e8re","image":{"@type":"ImageObject","inLanguage":"fr-FR","@id":"https:\/\/www.arte.tv\/sites\/olivierpere\/#\/schema\/person\/image\/","url":"https:\/\/secure.gravatar.com\/avatar\/bdea7b6a2c195e2c41772429a9694758?s=96&d=mm&r=g","contentUrl":"https:\/\/secure.gravatar.com\/avatar\/bdea7b6a2c195e2c41772429a9694758?s=96&d=mm&r=g","caption":"Olivier P\u00e8re"},"url":"https:\/\/www.arte.tv\/sites\/olivierpere\/author\/pereolivier\/"}]}},"_links":{"self":[{"href":"https:\/\/www.arte.tv\/sites\/olivierpere\/wp-json\/wp\/v2\/posts\/25849"}],"collection":[{"href":"https:\/\/www.arte.tv\/sites\/olivierpere\/wp-json\/wp\/v2\/posts"}],"about":[{"href":"https:\/\/www.arte.tv\/sites\/olivierpere\/wp-json\/wp\/v2\/types\/post"}],"author":[{"embeddable":true,"href":"https:\/\/www.arte.tv\/sites\/olivierpere\/wp-json\/wp\/v2\/users\/116"}],"replies":[{"embeddable":true,"href":"https:\/\/www.arte.tv\/sites\/olivierpere\/wp-json\/wp\/v2\/comments?post=25849"}],"version-history":[{"count":1,"href":"https:\/\/www.arte.tv\/sites\/olivierpere\/wp-json\/wp\/v2\/posts\/25849\/revisions"}],"predecessor-version":[{"id":25850,"href":"https:\/\/www.arte.tv\/sites\/olivierpere\/wp-json\/wp\/v2\/posts\/25849\/revisions\/25850"}],"wp:attachment":[{"href":"https:\/\/www.arte.tv\/sites\/olivierpere\/wp-json\/wp\/v2\/media?parent=25849"}],"wp:term":[{"taxonomy":"category","embeddable":true,"href":"https:\/\/www.arte.tv\/sites\/olivierpere\/wp-json\/wp\/v2\/categories?post=25849"},{"taxonomy":"post_tag","embeddable":true,"href":"https:\/\/www.arte.tv\/sites\/olivierpere\/wp-json\/wp\/v2\/tags?post=25849"}],"curies":[{"name":"wp","href":"https:\/\/api.w.org\/{rel}","templated":true}]}}