{"id":25840,"date":"2020-06-24T03:18:13","date_gmt":"2020-06-24T02:18:13","guid":{"rendered":"https:\/\/www.arte.tv\/sites\/olivierpere\/?p=25840"},"modified":"2020-06-22T14:20:42","modified_gmt":"2020-06-22T13:20:42","slug":"fitzcarraldo-de-werner-herzog","status":"publish","type":"post","link":"https:\/\/www.arte.tv\/sites\/olivierpere\/2020\/06\/24\/fitzcarraldo-de-werner-herzog\/","title":{"rendered":"Fitzcarraldo de Werner Herzog"},"content":{"rendered":"<p><strong>Dans le cadre de sa programmation \u00ab\u00a0Summer of Dreams\u00a0\u00bb, ARTE diffuse <em>Fitzcarraldo <\/em>(1982) de Werner Herzog lundi 6 juillet \u00e0 22h45. Aguirre est le premier conqu\u00e9rant de l\u2019inutile dans l\u2019\u0153uvre de Herzog, avant Fitzcarraldo et Cobra Verde, tous interpr\u00e9t\u00e9s par Klaus Kinski. On peut y voir des autoportraits d\u00e9guis\u00e9s de Herzog lui-m\u00eame, qui semble accorder un plaisir masochiste de plus en plus \u00e9vident \u00e0 organiser des tournages d\u00e9sastreux ou \u00e9puisants, mais quand m\u00eame sous contr\u00f4le \u2013 Herzog se vante souvent qu\u2019aucune personne n\u2019a jamais \u00e9t\u00e9 gri\u00e8vement bless\u00e9 sur l\u2019un de ses tournages, assertion que ne pourraient revendiquer les producteurs de blockbusters hollywoodiens. Le point culminant de cette obsession du risque sera l\u2019aventure de <em>Fitzcarraldo<\/em>. D\u00e9but\u00e9 en 1979 avec Jason Robards et Mick Jagger dans les r\u00f4les principaux, le film qui raconte l\u2019histoire d\u2019un aventurier irlandais d\u00e9termin\u00e9 \u00e0 construire un op\u00e9ra en pleine jungle amazonienne est interrompu \u00e0 cause de la maladie de Robards et du d\u00e9sistement de Jagger. Alors que tout le monde lui conseille d\u2019abandonner, Herzog recommence le tournage avec son acteur f\u00e9tiche Klaus Kinski et le termine en 1982. Le clou du film, qui voit Fitzcarraldo faire franchir \u00e0 un bateau de 300 tonnes une montagne pour rejoindre un second fleuve, fut r\u00e9ellement accompli par Herzog et son \u00e9quipe apr\u00e8s plusieurs mois d\u2019efforts. Un formidable documentaire, <em>Burden of Dreams<\/em>\u00a0de Les Blank retrace l\u2019odyss\u00e9e du tournage et montre Herzog au travail. Le cin\u00e9aste est obstin\u00e9 au dernier degr\u00e9 mais pas si fou que cela. C\u2019est un excellent meneur d\u2019hommes, port\u00e9 par un \u00e9vident mysticisme de la cr\u00e9ation.\u00a0Des anecdotes savoureuses furent colport\u00e9es \u00e0 sati\u00e9t\u00e9 par la presse : comment Herzog a menac\u00e9 de tuer Kinski avec son pistolet s\u2019il quittait le tournage, comment les Indiens ont propos\u00e9 \u00e0 Herzog de tuer Kinski tellement l\u2019acteur \u00e9tait insupportable\u2026<\/strong><\/p>\n","protected":false},"excerpt":{"rendered":"<p>Dans le cadre de sa programmation \u00ab\u00a0Summer of Dreams\u00a0\u00bb, ARTE diffuse Fitzcarraldo (1982) de Werner Herzog lundi 6 juillet \u00e0\u2026<\/p>\n","protected":false},"author":116,"featured_media":0,"comment_status":"open","ping_status":"open","sticky":false,"template":"","format":"standard","meta":[],"categories":[8],"tags":[],"yoast_head":"<!-- This site is optimized with the Yoast SEO plugin v20.8 - https:\/\/yoast.com\/wordpress\/plugins\/seo\/ -->\n<title>Fitzcarraldo de Werner Herzog - Olivier P\u00e8re<\/title>\n<meta name=\"robots\" content=\"index, follow, max-snippet:-1, max-image-preview:large, max-video-preview:-1\" \/>\n<link rel=\"canonical\" href=\"https:\/\/www.arte.tv\/sites\/olivierpere\/2020\/06\/24\/fitzcarraldo-de-werner-herzog\/\" \/>\n<meta property=\"og:locale\" content=\"fr_FR\" \/>\n<meta property=\"og:type\" content=\"article\" \/>\n<meta property=\"og:title\" content=\"Fitzcarraldo de Werner Herzog - Olivier P\u00e8re\" \/>\n<meta property=\"og:description\" content=\"Dans le cadre de sa programmation \u00ab\u00a0Summer of Dreams\u00a0\u00bb, ARTE diffuse Fitzcarraldo (1982) de Werner Herzog lundi 6 juillet \u00e0\u2026\" \/>\n<meta property=\"og:url\" content=\"https:\/\/www.arte.tv\/sites\/olivierpere\/2020\/06\/24\/fitzcarraldo-de-werner-herzog\/\" \/>\n<meta property=\"og:site_name\" content=\"Olivier P\u00e8re\" \/>\n<meta property=\"article:published_time\" content=\"2020-06-24T02:18:13+00:00\" \/>\n<meta property=\"article:modified_time\" content=\"2020-06-22T13:20:42+00:00\" \/>\n<meta name=\"author\" content=\"Olivier P\u00e8re\" \/>\n<meta name=\"twitter:label1\" content=\"\u00c9crit par\" \/>\n\t<meta name=\"twitter:data1\" content=\"Olivier P\u00e8re\" \/>\n\t<meta name=\"twitter:label2\" content=\"Dur\u00e9e de lecture estim\u00e9e\" \/>\n\t<meta name=\"twitter:data2\" content=\"2 minutes\" \/>\n<script type=\"application\/ld+json\" class=\"yoast-schema-graph\">{\"@context\":\"https:\/\/schema.org\",\"@graph\":[{\"@type\":\"WebPage\",\"@id\":\"https:\/\/www.arte.tv\/sites\/olivierpere\/2020\/06\/24\/fitzcarraldo-de-werner-herzog\/\",\"url\":\"https:\/\/www.arte.tv\/sites\/olivierpere\/2020\/06\/24\/fitzcarraldo-de-werner-herzog\/\",\"name\":\"Fitzcarraldo de Werner Herzog - Olivier P\u00e8re\",\"isPartOf\":{\"@id\":\"https:\/\/www.arte.tv\/sites\/olivierpere\/#website\"},\"datePublished\":\"2020-06-24T02:18:13+00:00\",\"dateModified\":\"2020-06-22T13:20:42+00:00\",\"author\":{\"@id\":\"https:\/\/www.arte.tv\/sites\/olivierpere\/#\/schema\/person\/dc32cd6c79be95e52d43b97a74182558\"},\"breadcrumb\":{\"@id\":\"https:\/\/www.arte.tv\/sites\/olivierpere\/2020\/06\/24\/fitzcarraldo-de-werner-herzog\/#breadcrumb\"},\"inLanguage\":\"fr-FR\",\"potentialAction\":[{\"@type\":\"ReadAction\",\"target\":[\"https:\/\/www.arte.tv\/sites\/olivierpere\/2020\/06\/24\/fitzcarraldo-de-werner-herzog\/\"]}]},{\"@type\":\"BreadcrumbList\",\"@id\":\"https:\/\/www.arte.tv\/sites\/olivierpere\/2020\/06\/24\/fitzcarraldo-de-werner-herzog\/#breadcrumb\",\"itemListElement\":[{\"@type\":\"ListItem\",\"position\":1,\"name\":\"Home\",\"item\":\"https:\/\/www.arte.tv\/sites\/olivierpere\/\"},{\"@type\":\"ListItem\",\"position\":2,\"name\":\"Fitzcarraldo de Werner Herzog\"}]},{\"@type\":\"WebSite\",\"@id\":\"https:\/\/www.arte.tv\/sites\/olivierpere\/#website\",\"url\":\"https:\/\/www.arte.tv\/sites\/olivierpere\/\",\"name\":\"Olivier P\u00e8re\",\"description\":\"\",\"potentialAction\":[{\"@type\":\"SearchAction\",\"target\":{\"@type\":\"EntryPoint\",\"urlTemplate\":\"https:\/\/www.arte.tv\/sites\/olivierpere\/?s={search_term_string}\"},\"query-input\":\"required name=search_term_string\"}],\"inLanguage\":\"fr-FR\"},{\"@type\":\"Person\",\"@id\":\"https:\/\/www.arte.tv\/sites\/olivierpere\/#\/schema\/person\/dc32cd6c79be95e52d43b97a74182558\",\"name\":\"Olivier P\u00e8re\",\"image\":{\"@type\":\"ImageObject\",\"inLanguage\":\"fr-FR\",\"@id\":\"https:\/\/www.arte.tv\/sites\/olivierpere\/#\/schema\/person\/image\/\",\"url\":\"https:\/\/secure.gravatar.com\/avatar\/bdea7b6a2c195e2c41772429a9694758?s=96&d=mm&r=g\",\"contentUrl\":\"https:\/\/secure.gravatar.com\/avatar\/bdea7b6a2c195e2c41772429a9694758?s=96&d=mm&r=g\",\"caption\":\"Olivier P\u00e8re\"},\"url\":\"https:\/\/www.arte.tv\/sites\/olivierpere\/author\/pereolivier\/\"}]}<\/script>\n<!-- \/ Yoast SEO plugin. -->","yoast_head_json":{"title":"Fitzcarraldo de Werner Herzog - Olivier P\u00e8re","robots":{"index":"index","follow":"follow","max-snippet":"max-snippet:-1","max-image-preview":"max-image-preview:large","max-video-preview":"max-video-preview:-1"},"canonical":"https:\/\/www.arte.tv\/sites\/olivierpere\/2020\/06\/24\/fitzcarraldo-de-werner-herzog\/","og_locale":"fr_FR","og_type":"article","og_title":"Fitzcarraldo de Werner Herzog - Olivier P\u00e8re","og_description":"Dans le cadre de sa programmation \u00ab\u00a0Summer of Dreams\u00a0\u00bb, ARTE diffuse Fitzcarraldo (1982) de Werner Herzog lundi 6 juillet \u00e0\u2026","og_url":"https:\/\/www.arte.tv\/sites\/olivierpere\/2020\/06\/24\/fitzcarraldo-de-werner-herzog\/","og_site_name":"Olivier P\u00e8re","article_published_time":"2020-06-24T02:18:13+00:00","article_modified_time":"2020-06-22T13:20:42+00:00","author":"Olivier P\u00e8re","twitter_misc":{"\u00c9crit par":"Olivier P\u00e8re","Dur\u00e9e de lecture estim\u00e9e":"2 minutes"},"schema":{"@context":"https:\/\/schema.org","@graph":[{"@type":"WebPage","@id":"https:\/\/www.arte.tv\/sites\/olivierpere\/2020\/06\/24\/fitzcarraldo-de-werner-herzog\/","url":"https:\/\/www.arte.tv\/sites\/olivierpere\/2020\/06\/24\/fitzcarraldo-de-werner-herzog\/","name":"Fitzcarraldo de Werner Herzog - Olivier P\u00e8re","isPartOf":{"@id":"https:\/\/www.arte.tv\/sites\/olivierpere\/#website"},"datePublished":"2020-06-24T02:18:13+00:00","dateModified":"2020-06-22T13:20:42+00:00","author":{"@id":"https:\/\/www.arte.tv\/sites\/olivierpere\/#\/schema\/person\/dc32cd6c79be95e52d43b97a74182558"},"breadcrumb":{"@id":"https:\/\/www.arte.tv\/sites\/olivierpere\/2020\/06\/24\/fitzcarraldo-de-werner-herzog\/#breadcrumb"},"inLanguage":"fr-FR","potentialAction":[{"@type":"ReadAction","target":["https:\/\/www.arte.tv\/sites\/olivierpere\/2020\/06\/24\/fitzcarraldo-de-werner-herzog\/"]}]},{"@type":"BreadcrumbList","@id":"https:\/\/www.arte.tv\/sites\/olivierpere\/2020\/06\/24\/fitzcarraldo-de-werner-herzog\/#breadcrumb","itemListElement":[{"@type":"ListItem","position":1,"name":"Home","item":"https:\/\/www.arte.tv\/sites\/olivierpere\/"},{"@type":"ListItem","position":2,"name":"Fitzcarraldo de Werner Herzog"}]},{"@type":"WebSite","@id":"https:\/\/www.arte.tv\/sites\/olivierpere\/#website","url":"https:\/\/www.arte.tv\/sites\/olivierpere\/","name":"Olivier P\u00e8re","description":"","potentialAction":[{"@type":"SearchAction","target":{"@type":"EntryPoint","urlTemplate":"https:\/\/www.arte.tv\/sites\/olivierpere\/?s={search_term_string}"},"query-input":"required name=search_term_string"}],"inLanguage":"fr-FR"},{"@type":"Person","@id":"https:\/\/www.arte.tv\/sites\/olivierpere\/#\/schema\/person\/dc32cd6c79be95e52d43b97a74182558","name":"Olivier P\u00e8re","image":{"@type":"ImageObject","inLanguage":"fr-FR","@id":"https:\/\/www.arte.tv\/sites\/olivierpere\/#\/schema\/person\/image\/","url":"https:\/\/secure.gravatar.com\/avatar\/bdea7b6a2c195e2c41772429a9694758?s=96&d=mm&r=g","contentUrl":"https:\/\/secure.gravatar.com\/avatar\/bdea7b6a2c195e2c41772429a9694758?s=96&d=mm&r=g","caption":"Olivier P\u00e8re"},"url":"https:\/\/www.arte.tv\/sites\/olivierpere\/author\/pereolivier\/"}]}},"_links":{"self":[{"href":"https:\/\/www.arte.tv\/sites\/olivierpere\/wp-json\/wp\/v2\/posts\/25840"}],"collection":[{"href":"https:\/\/www.arte.tv\/sites\/olivierpere\/wp-json\/wp\/v2\/posts"}],"about":[{"href":"https:\/\/www.arte.tv\/sites\/olivierpere\/wp-json\/wp\/v2\/types\/post"}],"author":[{"embeddable":true,"href":"https:\/\/www.arte.tv\/sites\/olivierpere\/wp-json\/wp\/v2\/users\/116"}],"replies":[{"embeddable":true,"href":"https:\/\/www.arte.tv\/sites\/olivierpere\/wp-json\/wp\/v2\/comments?post=25840"}],"version-history":[{"count":2,"href":"https:\/\/www.arte.tv\/sites\/olivierpere\/wp-json\/wp\/v2\/posts\/25840\/revisions"}],"predecessor-version":[{"id":25842,"href":"https:\/\/www.arte.tv\/sites\/olivierpere\/wp-json\/wp\/v2\/posts\/25840\/revisions\/25842"}],"wp:attachment":[{"href":"https:\/\/www.arte.tv\/sites\/olivierpere\/wp-json\/wp\/v2\/media?parent=25840"}],"wp:term":[{"taxonomy":"category","embeddable":true,"href":"https:\/\/www.arte.tv\/sites\/olivierpere\/wp-json\/wp\/v2\/categories?post=25840"},{"taxonomy":"post_tag","embeddable":true,"href":"https:\/\/www.arte.tv\/sites\/olivierpere\/wp-json\/wp\/v2\/tags?post=25840"}],"curies":[{"name":"wp","href":"https:\/\/api.w.org\/{rel}","templated":true}]}}