{"id":25838,"date":"2020-06-23T02:13:41","date_gmt":"2020-06-23T01:13:41","guid":{"rendered":"https:\/\/www.arte.tv\/sites\/olivierpere\/?p=25838"},"modified":"2020-06-22T14:14:13","modified_gmt":"2020-06-22T13:14:13","slug":"la-maison-du-docteur-edwardes-de-alfred-hitchcock","status":"publish","type":"post","link":"https:\/\/www.arte.tv\/sites\/olivierpere\/2020\/06\/23\/la-maison-du-docteur-edwardes-de-alfred-hitchcock\/","title":{"rendered":"La Maison du docteur Edwardes de Alfred Hitchcock"},"content":{"rendered":"<p><strong>Dans le cadre de sa programmation \u00ab\u00a0Summer of Dreams\u00a0\u00bb, ARTE diffuse <em>La Maison du docteur Edwardes<\/em> (<em>Spellbound<\/em>, 1945) lundi 6 juillet \u00e0 20h55. Ce film d\u2019Alfred Hitchcock est c\u00e9l\u00e8bre pour proposer une vulgarisation de la psychanalyse. Dans une clinique psychiatrique, l\u2019interpr\u00e9tation d\u2019un r\u00eave va permettre la gu\u00e9rison d\u2019un malade atteint d\u2019un complexe de culpabilit\u00e9, mais aussi de r\u00e9soudre une intrigue criminelle aux ramifications impr\u00e9visibles. Cette production hollywoodienne de prestige est \u00e9crite par Ben Hecht pour David O. Selznick, alors \u00e0 la t\u00eate de la MGM. Le producteur et directeur de studio a confi\u00e9 \u00e0 Salvador Dali une longue s\u00e9quence de cauchemar qui sera finalement fragment\u00e9e en quatre parties. Le peintre surr\u00e9aliste, qui jouissait d\u2019une immense popularit\u00e9 aux \u00c9tats-Unis, projette de cr\u00e9er plusieurs tableaux vivants qui seront abandonn\u00e9s, trop compliqu\u00e9s ou impossibles \u00e0 int\u00e9grer dans un long m\u00e9trage commercial. Si les visions de l\u2019artiste g\u00e9nial finissent par s\u2019int\u00e9grer tant bien que mal au reste du m\u00e9trage, Alfred Hitchcock sait donner \u00e0 ses propres images une valeur onirique, comme par exemple ce revolver film\u00e9 en gros plan qui se retourne vers le spectateur, ou cette sc\u00e8ne de descente \u00e0 ski d\u2019une montagne enneig\u00e9e. Comme dans un certain nombre de ses films, le cin\u00e9aste associe dans le m\u00eame mouvement narratif une histoire d\u2019amour et une enqu\u00eate polici\u00e8re. Une psychiatre cherche la v\u00e9rit\u00e9 sur l\u2019homme qu\u2019elle a rencontr\u00e9 et qui l\u2019a imm\u00e9diatement s\u00e9duite. Cet homme se r\u00e9v\u00e8le un imposteur frapp\u00e9 d\u2019amn\u00e9sie et m\u00eal\u00e9 \u00e0 la disparition du myst\u00e9rieux docteur Edwardes. Hitchcock met en sc\u00e8ne une double qu\u00eate, celle d\u2019une identit\u00e9 perdue, et celle d\u2019un assassin cach\u00e9. La photographie du film sublime la beaut\u00e9 de ses deux stars, Ingrid Bergman et Gregory Peck, dans une forme de quintessence du \u00ab\u00a0glamour\u00a0\u00bb hollywoodien.<\/strong><\/p>\n<p>&nbsp;<\/p>\n<p>&nbsp;<\/p>\n<p>&nbsp;<\/p>\n","protected":false},"excerpt":{"rendered":"<p>Dans le cadre de sa programmation \u00ab\u00a0Summer of Dreams\u00a0\u00bb, ARTE diffuse La Maison du docteur Edwardes (Spellbound, 1945) lundi 6\u2026<\/p>\n","protected":false},"author":116,"featured_media":0,"comment_status":"open","ping_status":"open","sticky":false,"template":"","format":"standard","meta":[],"categories":[8],"tags":[],"yoast_head":"<!-- This site is optimized with the Yoast SEO plugin v20.8 - https:\/\/yoast.com\/wordpress\/plugins\/seo\/ -->\n<title>La Maison du docteur Edwardes de Alfred Hitchcock - Olivier P\u00e8re<\/title>\n<meta name=\"robots\" content=\"index, follow, max-snippet:-1, max-image-preview:large, max-video-preview:-1\" \/>\n<link rel=\"canonical\" href=\"https:\/\/www.arte.tv\/sites\/olivierpere\/2020\/06\/23\/la-maison-du-docteur-edwardes-de-alfred-hitchcock\/\" \/>\n<meta property=\"og:locale\" content=\"fr_FR\" \/>\n<meta property=\"og:type\" content=\"article\" \/>\n<meta property=\"og:title\" content=\"La Maison du docteur Edwardes de Alfred Hitchcock - Olivier P\u00e8re\" \/>\n<meta property=\"og:description\" content=\"Dans le cadre de sa programmation \u00ab\u00a0Summer of Dreams\u00a0\u00bb, ARTE diffuse La Maison du docteur Edwardes (Spellbound, 1945) lundi 6\u2026\" \/>\n<meta property=\"og:url\" content=\"https:\/\/www.arte.tv\/sites\/olivierpere\/2020\/06\/23\/la-maison-du-docteur-edwardes-de-alfred-hitchcock\/\" \/>\n<meta property=\"og:site_name\" content=\"Olivier P\u00e8re\" \/>\n<meta property=\"article:published_time\" content=\"2020-06-23T01:13:41+00:00\" \/>\n<meta property=\"article:modified_time\" content=\"2020-06-22T13:14:13+00:00\" \/>\n<meta name=\"author\" content=\"Olivier P\u00e8re\" \/>\n<meta name=\"twitter:label1\" content=\"\u00c9crit par\" \/>\n\t<meta name=\"twitter:data1\" content=\"Olivier P\u00e8re\" \/>\n\t<meta name=\"twitter:label2\" content=\"Dur\u00e9e de lecture estim\u00e9e\" \/>\n\t<meta name=\"twitter:data2\" content=\"2 minutes\" \/>\n<script type=\"application\/ld+json\" class=\"yoast-schema-graph\">{\"@context\":\"https:\/\/schema.org\",\"@graph\":[{\"@type\":\"WebPage\",\"@id\":\"https:\/\/www.arte.tv\/sites\/olivierpere\/2020\/06\/23\/la-maison-du-docteur-edwardes-de-alfred-hitchcock\/\",\"url\":\"https:\/\/www.arte.tv\/sites\/olivierpere\/2020\/06\/23\/la-maison-du-docteur-edwardes-de-alfred-hitchcock\/\",\"name\":\"La Maison du docteur Edwardes de Alfred Hitchcock - Olivier P\u00e8re\",\"isPartOf\":{\"@id\":\"https:\/\/www.arte.tv\/sites\/olivierpere\/#website\"},\"datePublished\":\"2020-06-23T01:13:41+00:00\",\"dateModified\":\"2020-06-22T13:14:13+00:00\",\"author\":{\"@id\":\"https:\/\/www.arte.tv\/sites\/olivierpere\/#\/schema\/person\/dc32cd6c79be95e52d43b97a74182558\"},\"breadcrumb\":{\"@id\":\"https:\/\/www.arte.tv\/sites\/olivierpere\/2020\/06\/23\/la-maison-du-docteur-edwardes-de-alfred-hitchcock\/#breadcrumb\"},\"inLanguage\":\"fr-FR\",\"potentialAction\":[{\"@type\":\"ReadAction\",\"target\":[\"https:\/\/www.arte.tv\/sites\/olivierpere\/2020\/06\/23\/la-maison-du-docteur-edwardes-de-alfred-hitchcock\/\"]}]},{\"@type\":\"BreadcrumbList\",\"@id\":\"https:\/\/www.arte.tv\/sites\/olivierpere\/2020\/06\/23\/la-maison-du-docteur-edwardes-de-alfred-hitchcock\/#breadcrumb\",\"itemListElement\":[{\"@type\":\"ListItem\",\"position\":1,\"name\":\"Home\",\"item\":\"https:\/\/www.arte.tv\/sites\/olivierpere\/\"},{\"@type\":\"ListItem\",\"position\":2,\"name\":\"La Maison du docteur Edwardes de Alfred Hitchcock\"}]},{\"@type\":\"WebSite\",\"@id\":\"https:\/\/www.arte.tv\/sites\/olivierpere\/#website\",\"url\":\"https:\/\/www.arte.tv\/sites\/olivierpere\/\",\"name\":\"Olivier P\u00e8re\",\"description\":\"\",\"potentialAction\":[{\"@type\":\"SearchAction\",\"target\":{\"@type\":\"EntryPoint\",\"urlTemplate\":\"https:\/\/www.arte.tv\/sites\/olivierpere\/?s={search_term_string}\"},\"query-input\":\"required name=search_term_string\"}],\"inLanguage\":\"fr-FR\"},{\"@type\":\"Person\",\"@id\":\"https:\/\/www.arte.tv\/sites\/olivierpere\/#\/schema\/person\/dc32cd6c79be95e52d43b97a74182558\",\"name\":\"Olivier P\u00e8re\",\"image\":{\"@type\":\"ImageObject\",\"inLanguage\":\"fr-FR\",\"@id\":\"https:\/\/www.arte.tv\/sites\/olivierpere\/#\/schema\/person\/image\/\",\"url\":\"https:\/\/secure.gravatar.com\/avatar\/bdea7b6a2c195e2c41772429a9694758?s=96&d=mm&r=g\",\"contentUrl\":\"https:\/\/secure.gravatar.com\/avatar\/bdea7b6a2c195e2c41772429a9694758?s=96&d=mm&r=g\",\"caption\":\"Olivier P\u00e8re\"},\"url\":\"https:\/\/www.arte.tv\/sites\/olivierpere\/author\/pereolivier\/\"}]}<\/script>\n<!-- \/ Yoast SEO plugin. -->","yoast_head_json":{"title":"La Maison du docteur Edwardes de Alfred Hitchcock - Olivier P\u00e8re","robots":{"index":"index","follow":"follow","max-snippet":"max-snippet:-1","max-image-preview":"max-image-preview:large","max-video-preview":"max-video-preview:-1"},"canonical":"https:\/\/www.arte.tv\/sites\/olivierpere\/2020\/06\/23\/la-maison-du-docteur-edwardes-de-alfred-hitchcock\/","og_locale":"fr_FR","og_type":"article","og_title":"La Maison du docteur Edwardes de Alfred Hitchcock - Olivier P\u00e8re","og_description":"Dans le cadre de sa programmation \u00ab\u00a0Summer of Dreams\u00a0\u00bb, ARTE diffuse La Maison du docteur Edwardes (Spellbound, 1945) lundi 6\u2026","og_url":"https:\/\/www.arte.tv\/sites\/olivierpere\/2020\/06\/23\/la-maison-du-docteur-edwardes-de-alfred-hitchcock\/","og_site_name":"Olivier P\u00e8re","article_published_time":"2020-06-23T01:13:41+00:00","article_modified_time":"2020-06-22T13:14:13+00:00","author":"Olivier P\u00e8re","twitter_misc":{"\u00c9crit par":"Olivier P\u00e8re","Dur\u00e9e de lecture estim\u00e9e":"2 minutes"},"schema":{"@context":"https:\/\/schema.org","@graph":[{"@type":"WebPage","@id":"https:\/\/www.arte.tv\/sites\/olivierpere\/2020\/06\/23\/la-maison-du-docteur-edwardes-de-alfred-hitchcock\/","url":"https:\/\/www.arte.tv\/sites\/olivierpere\/2020\/06\/23\/la-maison-du-docteur-edwardes-de-alfred-hitchcock\/","name":"La Maison du docteur Edwardes de Alfred Hitchcock - Olivier P\u00e8re","isPartOf":{"@id":"https:\/\/www.arte.tv\/sites\/olivierpere\/#website"},"datePublished":"2020-06-23T01:13:41+00:00","dateModified":"2020-06-22T13:14:13+00:00","author":{"@id":"https:\/\/www.arte.tv\/sites\/olivierpere\/#\/schema\/person\/dc32cd6c79be95e52d43b97a74182558"},"breadcrumb":{"@id":"https:\/\/www.arte.tv\/sites\/olivierpere\/2020\/06\/23\/la-maison-du-docteur-edwardes-de-alfred-hitchcock\/#breadcrumb"},"inLanguage":"fr-FR","potentialAction":[{"@type":"ReadAction","target":["https:\/\/www.arte.tv\/sites\/olivierpere\/2020\/06\/23\/la-maison-du-docteur-edwardes-de-alfred-hitchcock\/"]}]},{"@type":"BreadcrumbList","@id":"https:\/\/www.arte.tv\/sites\/olivierpere\/2020\/06\/23\/la-maison-du-docteur-edwardes-de-alfred-hitchcock\/#breadcrumb","itemListElement":[{"@type":"ListItem","position":1,"name":"Home","item":"https:\/\/www.arte.tv\/sites\/olivierpere\/"},{"@type":"ListItem","position":2,"name":"La Maison du docteur Edwardes de Alfred Hitchcock"}]},{"@type":"WebSite","@id":"https:\/\/www.arte.tv\/sites\/olivierpere\/#website","url":"https:\/\/www.arte.tv\/sites\/olivierpere\/","name":"Olivier P\u00e8re","description":"","potentialAction":[{"@type":"SearchAction","target":{"@type":"EntryPoint","urlTemplate":"https:\/\/www.arte.tv\/sites\/olivierpere\/?s={search_term_string}"},"query-input":"required name=search_term_string"}],"inLanguage":"fr-FR"},{"@type":"Person","@id":"https:\/\/www.arte.tv\/sites\/olivierpere\/#\/schema\/person\/dc32cd6c79be95e52d43b97a74182558","name":"Olivier P\u00e8re","image":{"@type":"ImageObject","inLanguage":"fr-FR","@id":"https:\/\/www.arte.tv\/sites\/olivierpere\/#\/schema\/person\/image\/","url":"https:\/\/secure.gravatar.com\/avatar\/bdea7b6a2c195e2c41772429a9694758?s=96&d=mm&r=g","contentUrl":"https:\/\/secure.gravatar.com\/avatar\/bdea7b6a2c195e2c41772429a9694758?s=96&d=mm&r=g","caption":"Olivier P\u00e8re"},"url":"https:\/\/www.arte.tv\/sites\/olivierpere\/author\/pereolivier\/"}]}},"_links":{"self":[{"href":"https:\/\/www.arte.tv\/sites\/olivierpere\/wp-json\/wp\/v2\/posts\/25838"}],"collection":[{"href":"https:\/\/www.arte.tv\/sites\/olivierpere\/wp-json\/wp\/v2\/posts"}],"about":[{"href":"https:\/\/www.arte.tv\/sites\/olivierpere\/wp-json\/wp\/v2\/types\/post"}],"author":[{"embeddable":true,"href":"https:\/\/www.arte.tv\/sites\/olivierpere\/wp-json\/wp\/v2\/users\/116"}],"replies":[{"embeddable":true,"href":"https:\/\/www.arte.tv\/sites\/olivierpere\/wp-json\/wp\/v2\/comments?post=25838"}],"version-history":[{"count":1,"href":"https:\/\/www.arte.tv\/sites\/olivierpere\/wp-json\/wp\/v2\/posts\/25838\/revisions"}],"predecessor-version":[{"id":25839,"href":"https:\/\/www.arte.tv\/sites\/olivierpere\/wp-json\/wp\/v2\/posts\/25838\/revisions\/25839"}],"wp:attachment":[{"href":"https:\/\/www.arte.tv\/sites\/olivierpere\/wp-json\/wp\/v2\/media?parent=25838"}],"wp:term":[{"taxonomy":"category","embeddable":true,"href":"https:\/\/www.arte.tv\/sites\/olivierpere\/wp-json\/wp\/v2\/categories?post=25838"},{"taxonomy":"post_tag","embeddable":true,"href":"https:\/\/www.arte.tv\/sites\/olivierpere\/wp-json\/wp\/v2\/tags?post=25838"}],"curies":[{"name":"wp","href":"https:\/\/api.w.org\/{rel}","templated":true}]}}