{"id":25833,"date":"2020-06-21T13:35:00","date_gmt":"2020-06-21T12:35:00","guid":{"rendered":"https:\/\/www.arte.tv\/sites\/olivierpere\/?p=25833"},"modified":"2020-06-22T13:35:29","modified_gmt":"2020-06-22T12:35:29","slug":"de-sang-froid-de-richard-brooks","status":"publish","type":"post","link":"https:\/\/www.arte.tv\/sites\/olivierpere\/2020\/06\/21\/de-sang-froid-de-richard-brooks\/","title":{"rendered":"De sang froid de Richard Brooks"},"content":{"rendered":"<p><strong>ARTE diffuse <em>De sang froid<\/em> (<em>In Cold Blood<\/em>, 1967) de Richard Brooks lundi 29 juin \u00e0 22h30.<\/strong><\/p>\n<p><strong>Le 15 novembre 1959 \u00e0 Holcomb, petite ville du Kansas, deux jeunes repris de justice assassinent froidement une famille d\u2019agriculteurs, sans autre motif que l\u2019argent.<\/strong><\/p>\n<p><strong>En 1966, Truman Capote publie <\/strong><strong><em>De sang-froid\u00a0: r\u00e9cit v\u00e9ridique d&rsquo;un meurtre multiple et de ses cons\u00e9quences<\/em><\/strong><strong>, un roman non-fictionnel. Capote, frapp\u00e9 par la violence de ce fait divers, d\u00e9cide de quitter New York et part enqu\u00eater sur les lieux du crime. Il recueille les t\u00e9moignages des habitants de Holcomb et de la police locale, mais aussi des deux meurtriers dans leurs cellules. Il assistera aussi \u00e0 leur ex\u00e9cution par pendaison le 14 avril 1965. Le livre est d\u00e8s sa publication consid\u00e9r\u00e9 comme un chef-d\u2019\u0153uvre de la litt\u00e9rature am\u00e9ricaine. Le r\u00e9alisateur et sc\u00e9nariste Richard Brooks d\u00e9cide de l\u2019adapter au cin\u00e9ma l\u2019ann\u00e9e suivante, avec la complicit\u00e9 de son auteur. Le film est fid\u00e8le au livre dans la mesure o\u00f9 ce dernier adoptait d\u00e9j\u00e0 un style tr\u00e8s cin\u00e9matographique, attach\u00e9 \u00e0 la notion de r\u00e9alisme dans la description des faits et les portraits psychologiques des diff\u00e9rents protagonistes de ce drame, et plus particuli\u00e8rement les deux assassins, marginaux atteints de plusieurs tares physiques et mentales. Brooks proc\u00e8de par retours en arri\u00e8re et d\u00e9cide d\u2019\u00e9luder dans un premier temps la sc\u00e8ne du meurtre, qui n\u2019est d\u00e9voil\u00e9e que tard dans le r\u00e9cit, une fois les deux coupables arr\u00eat\u00e9s et interrog\u00e9s. En choisissant de tourner sur les lieux-m\u00eame des faits et de l\u2019enqu\u00eate, en optant pour une forme \u00e9clat\u00e9e qui pr\u00e9sente plusieurs points de vue, ou la technique du montage parall\u00e8le, le cin\u00e9aste prolonge l\u2019\u00e9criture r\u00e9aliste et chorale de Capote, sa recherche d\u2019une explication rationnelle \u00e0 un crime atroce perp\u00e9tr\u00e9 de sang-froid. Par son intensit\u00e9 dramatique, le film \u00e9chappe aux \u00e9cueils du film \u00e0 th\u00e8se, m\u00eame s\u2019il prend clairement parti contre la peine de mort en \u00e9tablissant un parall\u00e9lisme entre la pendaison des deux coupables et l\u2019ex\u00e9cution de leur crime, et en soulignant la d\u00e9ficience du caract\u00e8re exemplaire de la peine capitale. En cela, il diff\u00e8re du roman. La mise en sc\u00e8ne de Richard Brooks a rarement \u00e9t\u00e9 aussi inspir\u00e9e. <em>De sang froid<\/em> doit beaucoup \u00e0 ses interpr\u00e8tes, les d\u00e9butants Robert Blake et Scott Wilson. Le film permet \u00e9galement d\u2019admirer l\u2019une des plus belles photographies (noir et blanc) du grand chef-op Conrad Hall, ici au sommet de son art.<\/strong><\/p>\n","protected":false},"excerpt":{"rendered":"<p>ARTE diffuse De sang froid (In Cold Blood, 1967) de Richard Brooks lundi 29 juin \u00e0 22h30. Le 15 novembre\u2026<\/p>\n","protected":false},"author":116,"featured_media":0,"comment_status":"open","ping_status":"open","sticky":false,"template":"","format":"standard","meta":[],"categories":[8],"tags":[],"yoast_head":"<!-- This site is optimized with the Yoast SEO plugin v20.8 - https:\/\/yoast.com\/wordpress\/plugins\/seo\/ -->\n<title>De sang froid de Richard Brooks - Olivier P\u00e8re<\/title>\n<meta name=\"robots\" content=\"index, follow, max-snippet:-1, max-image-preview:large, max-video-preview:-1\" \/>\n<link rel=\"canonical\" href=\"https:\/\/www.arte.tv\/sites\/olivierpere\/2020\/06\/21\/de-sang-froid-de-richard-brooks\/\" \/>\n<meta property=\"og:locale\" content=\"fr_FR\" \/>\n<meta property=\"og:type\" content=\"article\" \/>\n<meta property=\"og:title\" content=\"De sang froid de Richard Brooks - Olivier P\u00e8re\" \/>\n<meta property=\"og:description\" content=\"ARTE diffuse De sang froid (In Cold Blood, 1967) de Richard Brooks lundi 29 juin \u00e0 22h30. Le 15 novembre\u2026\" \/>\n<meta property=\"og:url\" content=\"https:\/\/www.arte.tv\/sites\/olivierpere\/2020\/06\/21\/de-sang-froid-de-richard-brooks\/\" \/>\n<meta property=\"og:site_name\" content=\"Olivier P\u00e8re\" \/>\n<meta property=\"article:published_time\" content=\"2020-06-21T12:35:00+00:00\" \/>\n<meta property=\"article:modified_time\" content=\"2020-06-22T12:35:29+00:00\" \/>\n<meta name=\"author\" content=\"Olivier P\u00e8re\" \/>\n<meta name=\"twitter:label1\" content=\"\u00c9crit par\" \/>\n\t<meta name=\"twitter:data1\" content=\"Olivier P\u00e8re\" \/>\n\t<meta name=\"twitter:label2\" content=\"Dur\u00e9e de lecture estim\u00e9e\" \/>\n\t<meta name=\"twitter:data2\" content=\"2 minutes\" \/>\n<script type=\"application\/ld+json\" class=\"yoast-schema-graph\">{\"@context\":\"https:\/\/schema.org\",\"@graph\":[{\"@type\":\"WebPage\",\"@id\":\"https:\/\/www.arte.tv\/sites\/olivierpere\/2020\/06\/21\/de-sang-froid-de-richard-brooks\/\",\"url\":\"https:\/\/www.arte.tv\/sites\/olivierpere\/2020\/06\/21\/de-sang-froid-de-richard-brooks\/\",\"name\":\"De sang froid de Richard Brooks - Olivier P\u00e8re\",\"isPartOf\":{\"@id\":\"https:\/\/www.arte.tv\/sites\/olivierpere\/#website\"},\"datePublished\":\"2020-06-21T12:35:00+00:00\",\"dateModified\":\"2020-06-22T12:35:29+00:00\",\"author\":{\"@id\":\"https:\/\/www.arte.tv\/sites\/olivierpere\/#\/schema\/person\/dc32cd6c79be95e52d43b97a74182558\"},\"breadcrumb\":{\"@id\":\"https:\/\/www.arte.tv\/sites\/olivierpere\/2020\/06\/21\/de-sang-froid-de-richard-brooks\/#breadcrumb\"},\"inLanguage\":\"fr-FR\",\"potentialAction\":[{\"@type\":\"ReadAction\",\"target\":[\"https:\/\/www.arte.tv\/sites\/olivierpere\/2020\/06\/21\/de-sang-froid-de-richard-brooks\/\"]}]},{\"@type\":\"BreadcrumbList\",\"@id\":\"https:\/\/www.arte.tv\/sites\/olivierpere\/2020\/06\/21\/de-sang-froid-de-richard-brooks\/#breadcrumb\",\"itemListElement\":[{\"@type\":\"ListItem\",\"position\":1,\"name\":\"Home\",\"item\":\"https:\/\/www.arte.tv\/sites\/olivierpere\/\"},{\"@type\":\"ListItem\",\"position\":2,\"name\":\"De sang froid de Richard Brooks\"}]},{\"@type\":\"WebSite\",\"@id\":\"https:\/\/www.arte.tv\/sites\/olivierpere\/#website\",\"url\":\"https:\/\/www.arte.tv\/sites\/olivierpere\/\",\"name\":\"Olivier P\u00e8re\",\"description\":\"\",\"potentialAction\":[{\"@type\":\"SearchAction\",\"target\":{\"@type\":\"EntryPoint\",\"urlTemplate\":\"https:\/\/www.arte.tv\/sites\/olivierpere\/?s={search_term_string}\"},\"query-input\":\"required name=search_term_string\"}],\"inLanguage\":\"fr-FR\"},{\"@type\":\"Person\",\"@id\":\"https:\/\/www.arte.tv\/sites\/olivierpere\/#\/schema\/person\/dc32cd6c79be95e52d43b97a74182558\",\"name\":\"Olivier P\u00e8re\",\"image\":{\"@type\":\"ImageObject\",\"inLanguage\":\"fr-FR\",\"@id\":\"https:\/\/www.arte.tv\/sites\/olivierpere\/#\/schema\/person\/image\/\",\"url\":\"https:\/\/secure.gravatar.com\/avatar\/bdea7b6a2c195e2c41772429a9694758?s=96&d=mm&r=g\",\"contentUrl\":\"https:\/\/secure.gravatar.com\/avatar\/bdea7b6a2c195e2c41772429a9694758?s=96&d=mm&r=g\",\"caption\":\"Olivier P\u00e8re\"},\"url\":\"https:\/\/www.arte.tv\/sites\/olivierpere\/author\/pereolivier\/\"}]}<\/script>\n<!-- \/ Yoast SEO plugin. -->","yoast_head_json":{"title":"De sang froid de Richard Brooks - Olivier P\u00e8re","robots":{"index":"index","follow":"follow","max-snippet":"max-snippet:-1","max-image-preview":"max-image-preview:large","max-video-preview":"max-video-preview:-1"},"canonical":"https:\/\/www.arte.tv\/sites\/olivierpere\/2020\/06\/21\/de-sang-froid-de-richard-brooks\/","og_locale":"fr_FR","og_type":"article","og_title":"De sang froid de Richard Brooks - Olivier P\u00e8re","og_description":"ARTE diffuse De sang froid (In Cold Blood, 1967) de Richard Brooks lundi 29 juin \u00e0 22h30. Le 15 novembre\u2026","og_url":"https:\/\/www.arte.tv\/sites\/olivierpere\/2020\/06\/21\/de-sang-froid-de-richard-brooks\/","og_site_name":"Olivier P\u00e8re","article_published_time":"2020-06-21T12:35:00+00:00","article_modified_time":"2020-06-22T12:35:29+00:00","author":"Olivier P\u00e8re","twitter_misc":{"\u00c9crit par":"Olivier P\u00e8re","Dur\u00e9e de lecture estim\u00e9e":"2 minutes"},"schema":{"@context":"https:\/\/schema.org","@graph":[{"@type":"WebPage","@id":"https:\/\/www.arte.tv\/sites\/olivierpere\/2020\/06\/21\/de-sang-froid-de-richard-brooks\/","url":"https:\/\/www.arte.tv\/sites\/olivierpere\/2020\/06\/21\/de-sang-froid-de-richard-brooks\/","name":"De sang froid de Richard Brooks - Olivier P\u00e8re","isPartOf":{"@id":"https:\/\/www.arte.tv\/sites\/olivierpere\/#website"},"datePublished":"2020-06-21T12:35:00+00:00","dateModified":"2020-06-22T12:35:29+00:00","author":{"@id":"https:\/\/www.arte.tv\/sites\/olivierpere\/#\/schema\/person\/dc32cd6c79be95e52d43b97a74182558"},"breadcrumb":{"@id":"https:\/\/www.arte.tv\/sites\/olivierpere\/2020\/06\/21\/de-sang-froid-de-richard-brooks\/#breadcrumb"},"inLanguage":"fr-FR","potentialAction":[{"@type":"ReadAction","target":["https:\/\/www.arte.tv\/sites\/olivierpere\/2020\/06\/21\/de-sang-froid-de-richard-brooks\/"]}]},{"@type":"BreadcrumbList","@id":"https:\/\/www.arte.tv\/sites\/olivierpere\/2020\/06\/21\/de-sang-froid-de-richard-brooks\/#breadcrumb","itemListElement":[{"@type":"ListItem","position":1,"name":"Home","item":"https:\/\/www.arte.tv\/sites\/olivierpere\/"},{"@type":"ListItem","position":2,"name":"De sang froid de Richard Brooks"}]},{"@type":"WebSite","@id":"https:\/\/www.arte.tv\/sites\/olivierpere\/#website","url":"https:\/\/www.arte.tv\/sites\/olivierpere\/","name":"Olivier P\u00e8re","description":"","potentialAction":[{"@type":"SearchAction","target":{"@type":"EntryPoint","urlTemplate":"https:\/\/www.arte.tv\/sites\/olivierpere\/?s={search_term_string}"},"query-input":"required name=search_term_string"}],"inLanguage":"fr-FR"},{"@type":"Person","@id":"https:\/\/www.arte.tv\/sites\/olivierpere\/#\/schema\/person\/dc32cd6c79be95e52d43b97a74182558","name":"Olivier P\u00e8re","image":{"@type":"ImageObject","inLanguage":"fr-FR","@id":"https:\/\/www.arte.tv\/sites\/olivierpere\/#\/schema\/person\/image\/","url":"https:\/\/secure.gravatar.com\/avatar\/bdea7b6a2c195e2c41772429a9694758?s=96&d=mm&r=g","contentUrl":"https:\/\/secure.gravatar.com\/avatar\/bdea7b6a2c195e2c41772429a9694758?s=96&d=mm&r=g","caption":"Olivier P\u00e8re"},"url":"https:\/\/www.arte.tv\/sites\/olivierpere\/author\/pereolivier\/"}]}},"_links":{"self":[{"href":"https:\/\/www.arte.tv\/sites\/olivierpere\/wp-json\/wp\/v2\/posts\/25833"}],"collection":[{"href":"https:\/\/www.arte.tv\/sites\/olivierpere\/wp-json\/wp\/v2\/posts"}],"about":[{"href":"https:\/\/www.arte.tv\/sites\/olivierpere\/wp-json\/wp\/v2\/types\/post"}],"author":[{"embeddable":true,"href":"https:\/\/www.arte.tv\/sites\/olivierpere\/wp-json\/wp\/v2\/users\/116"}],"replies":[{"embeddable":true,"href":"https:\/\/www.arte.tv\/sites\/olivierpere\/wp-json\/wp\/v2\/comments?post=25833"}],"version-history":[{"count":1,"href":"https:\/\/www.arte.tv\/sites\/olivierpere\/wp-json\/wp\/v2\/posts\/25833\/revisions"}],"predecessor-version":[{"id":25834,"href":"https:\/\/www.arte.tv\/sites\/olivierpere\/wp-json\/wp\/v2\/posts\/25833\/revisions\/25834"}],"wp:attachment":[{"href":"https:\/\/www.arte.tv\/sites\/olivierpere\/wp-json\/wp\/v2\/media?parent=25833"}],"wp:term":[{"taxonomy":"category","embeddable":true,"href":"https:\/\/www.arte.tv\/sites\/olivierpere\/wp-json\/wp\/v2\/categories?post=25833"},{"taxonomy":"post_tag","embeddable":true,"href":"https:\/\/www.arte.tv\/sites\/olivierpere\/wp-json\/wp\/v2\/tags?post=25833"}],"curies":[{"name":"wp","href":"https:\/\/api.w.org\/{rel}","templated":true}]}}