{"id":25830,"date":"2020-06-20T11:18:40","date_gmt":"2020-06-20T10:18:40","guid":{"rendered":"https:\/\/www.arte.tv\/sites\/olivierpere\/?p=25830"},"modified":"2020-06-22T11:19:44","modified_gmt":"2020-06-22T10:19:44","slug":"trilogie-majin","status":"publish","type":"post","link":"https:\/\/www.arte.tv\/sites\/olivierpere\/2020\/06\/20\/trilogie-majin\/","title":{"rendered":"Trilogie Majin"},"content":{"rendered":"<p><strong>Rival \u00e9l\u00e9gant et m\u00e9di\u00e9val de Godzilla, Majin \u00e9tait un beau monstre qui a marqu\u00e9 de son empreinte le cin\u00e9ma fantastique japonais des ann\u00e9es 60, le temps de trois films magnifiques\u00a0tourn\u00e9s la m\u00eame ann\u00e9e, 1966. Un coffret blu-ray \u00e9dit\u00e9 par Le Chat qui fume permet de red\u00e9couvrir ces splendeurs du cin\u00e9ma \u00e0 grand spectacle.<\/strong><\/p>\n<p><strong>Mise en chantier par le studio Daei pour concurrencer la s\u00e9rie des \u00ab\u00a0Godzilla\u00a0\u00bb produite par la firme rivale\u00a0Toho, la trilogie des \u00ab\u00a0Majin\u00a0\u00bb\u00a0organise la rencontre du film \u00e0 costumes (\u00ab\u00a0jida\u00ef geki\u00a0\u00bb) et du film de grands monstres (\u00ab\u00a0kaiju eiga\u00a0\u00bb.)\u00a0Croisement entre un golem g\u00e9ant et une statue de samoura\u00ef, Majin est une divinit\u00e9 de pierre protectrice de la montagne et des paysans, r\u00e9guli\u00e8rement d\u00e9rang\u00e9e dans son sommeil par la folie sacril\u00e8ge des seigneurs de guerre et les pri\u00e8res des villageois pers\u00e9cut\u00e9s. Dans le premier \u00e9pisode sobrement intitul\u00e9\u00a0<em>Majin<\/em>\u00a0(<em>Daimajin<\/em>) et r\u00e9alis\u00e9 par\u00a0Kimiyoshi Yasuda, Majin tr\u00f4ne au sommet d\u2019une montagne. Dans le deuxi\u00e8me,\u00a0<em>Le Retour de Majin <\/em>(Daimajin ikaru), il\u00a0si\u00e8ge dans une grotte aquatique tandis que le troisi\u00e8me,\u00a0<em>Le Combat final de Majin<\/em>\u00a0(<em>Daimajin gyakush\u00fb<\/em>) de Kazuo Mori se d\u00e9roule enti\u00e8rement sous la neige. \u00c0 chaque fois, les images en scope couleur subliment la beaut\u00e9 des paysages naturels, la mise en sc\u00e8ne est \u00e9l\u00e9gante et les effets sp\u00e9ciaux brillent par leur po\u00e9sie. Dans\u00a0<em>Le Retour de Majin<\/em>\u00a0(peut-\u00eatre le meilleur des trois)\u00a0du grand Kenji Misumi, les eaux d\u2019un lac s\u2019ouvrent sur le passage du dieu en col\u00e8re dans une sc\u00e8ne\u00a0qui \u00e9voque le fameux partage de la Mer Rouge des\u00a0<em>Dix Commandements<\/em>\u00a0de Cecil B. DeMille. Les trois films r\u00e9pondent au m\u00eame principe\u00a0: les deux premiers tiers sont consacr\u00e9s aux intrigues et complots de palais, le dernier au r\u00e9veil de Majin qui d\u00e9truit tout sur son passage et \u00e9crabouille les vilains. Le message \u00e9cologique \u00e0 l\u2019instar de\u00a0<em>Godzilla<\/em>\u00a0est \u00e9galement au c\u0153ur de ces fleurons du fantastique nippon. Il ne s\u2019agit pas ici d\u2019une mise en garde contre le p\u00e9ril atomique mais d\u2019une glorification \u00e9l\u00e9giaque de la nature sauvage.<\/strong><\/p>\n<p><img decoding=\"async\" loading=\"lazy\" class=\"alignnone size-full wp-image-25831\" src=\"https:\/\/www.arte.tv\/sites\/olivierpere\/files\/majin-coffret-blu-ray-chat-qui-fume.jpg\" alt=\"\" width=\"487\" height=\"776\" srcset=\"https:\/\/www.arte.tv\/sites\/olivierpere\/files\/majin-coffret-blu-ray-chat-qui-fume.jpg 487w, https:\/\/www.arte.tv\/sites\/olivierpere\/files\/majin-coffret-blu-ray-chat-qui-fume-176x280.jpg 176w, https:\/\/www.arte.tv\/sites\/olivierpere\/files\/majin-coffret-blu-ray-chat-qui-fume-482x768.jpg 482w\" sizes=\"(max-width: 487px) 100vw, 487px\" \/><\/p>\n<p>&nbsp;<\/p>\n","protected":false},"excerpt":{"rendered":"<p>Rival \u00e9l\u00e9gant et m\u00e9di\u00e9val de Godzilla, Majin \u00e9tait un beau monstre qui a marqu\u00e9 de son empreinte le cin\u00e9ma fantastique\u2026<\/p>\n","protected":false},"author":116,"featured_media":0,"comment_status":"open","ping_status":"open","sticky":false,"template":"","format":"standard","meta":[],"categories":[9],"tags":[],"yoast_head":"<!-- This site is optimized with the Yoast SEO plugin v20.8 - https:\/\/yoast.com\/wordpress\/plugins\/seo\/ -->\n<title>Trilogie Majin - Olivier P\u00e8re<\/title>\n<meta name=\"robots\" content=\"index, follow, max-snippet:-1, max-image-preview:large, max-video-preview:-1\" \/>\n<link rel=\"canonical\" href=\"https:\/\/www.arte.tv\/sites\/olivierpere\/2020\/06\/20\/trilogie-majin\/\" \/>\n<meta property=\"og:locale\" content=\"fr_FR\" \/>\n<meta property=\"og:type\" content=\"article\" \/>\n<meta property=\"og:title\" content=\"Trilogie Majin - Olivier P\u00e8re\" \/>\n<meta property=\"og:description\" content=\"Rival \u00e9l\u00e9gant et m\u00e9di\u00e9val de Godzilla, Majin \u00e9tait un beau monstre qui a marqu\u00e9 de son empreinte le cin\u00e9ma fantastique\u2026\" \/>\n<meta property=\"og:url\" content=\"https:\/\/www.arte.tv\/sites\/olivierpere\/2020\/06\/20\/trilogie-majin\/\" \/>\n<meta property=\"og:site_name\" content=\"Olivier P\u00e8re\" \/>\n<meta property=\"article:published_time\" content=\"2020-06-20T10:18:40+00:00\" \/>\n<meta property=\"article:modified_time\" content=\"2020-06-22T10:19:44+00:00\" \/>\n<meta property=\"og:image\" content=\"https:\/\/www.arte.tv\/sites\/olivierpere\/files\/majin-coffret-blu-ray-chat-qui-fume.jpg\" \/>\n<meta name=\"author\" content=\"Olivier P\u00e8re\" \/>\n<meta name=\"twitter:label1\" content=\"\u00c9crit par\" \/>\n\t<meta name=\"twitter:data1\" content=\"Olivier P\u00e8re\" \/>\n\t<meta name=\"twitter:label2\" content=\"Dur\u00e9e de lecture estim\u00e9e\" \/>\n\t<meta name=\"twitter:data2\" content=\"2 minutes\" \/>\n<script type=\"application\/ld+json\" class=\"yoast-schema-graph\">{\"@context\":\"https:\/\/schema.org\",\"@graph\":[{\"@type\":\"WebPage\",\"@id\":\"https:\/\/www.arte.tv\/sites\/olivierpere\/2020\/06\/20\/trilogie-majin\/\",\"url\":\"https:\/\/www.arte.tv\/sites\/olivierpere\/2020\/06\/20\/trilogie-majin\/\",\"name\":\"Trilogie Majin - Olivier P\u00e8re\",\"isPartOf\":{\"@id\":\"https:\/\/www.arte.tv\/sites\/olivierpere\/#website\"},\"datePublished\":\"2020-06-20T10:18:40+00:00\",\"dateModified\":\"2020-06-22T10:19:44+00:00\",\"author\":{\"@id\":\"https:\/\/www.arte.tv\/sites\/olivierpere\/#\/schema\/person\/dc32cd6c79be95e52d43b97a74182558\"},\"breadcrumb\":{\"@id\":\"https:\/\/www.arte.tv\/sites\/olivierpere\/2020\/06\/20\/trilogie-majin\/#breadcrumb\"},\"inLanguage\":\"fr-FR\",\"potentialAction\":[{\"@type\":\"ReadAction\",\"target\":[\"https:\/\/www.arte.tv\/sites\/olivierpere\/2020\/06\/20\/trilogie-majin\/\"]}]},{\"@type\":\"BreadcrumbList\",\"@id\":\"https:\/\/www.arte.tv\/sites\/olivierpere\/2020\/06\/20\/trilogie-majin\/#breadcrumb\",\"itemListElement\":[{\"@type\":\"ListItem\",\"position\":1,\"name\":\"Home\",\"item\":\"https:\/\/www.arte.tv\/sites\/olivierpere\/\"},{\"@type\":\"ListItem\",\"position\":2,\"name\":\"Trilogie Majin\"}]},{\"@type\":\"WebSite\",\"@id\":\"https:\/\/www.arte.tv\/sites\/olivierpere\/#website\",\"url\":\"https:\/\/www.arte.tv\/sites\/olivierpere\/\",\"name\":\"Olivier P\u00e8re\",\"description\":\"\",\"potentialAction\":[{\"@type\":\"SearchAction\",\"target\":{\"@type\":\"EntryPoint\",\"urlTemplate\":\"https:\/\/www.arte.tv\/sites\/olivierpere\/?s={search_term_string}\"},\"query-input\":\"required name=search_term_string\"}],\"inLanguage\":\"fr-FR\"},{\"@type\":\"Person\",\"@id\":\"https:\/\/www.arte.tv\/sites\/olivierpere\/#\/schema\/person\/dc32cd6c79be95e52d43b97a74182558\",\"name\":\"Olivier P\u00e8re\",\"image\":{\"@type\":\"ImageObject\",\"inLanguage\":\"fr-FR\",\"@id\":\"https:\/\/www.arte.tv\/sites\/olivierpere\/#\/schema\/person\/image\/\",\"url\":\"https:\/\/secure.gravatar.com\/avatar\/bdea7b6a2c195e2c41772429a9694758?s=96&d=mm&r=g\",\"contentUrl\":\"https:\/\/secure.gravatar.com\/avatar\/bdea7b6a2c195e2c41772429a9694758?s=96&d=mm&r=g\",\"caption\":\"Olivier P\u00e8re\"},\"url\":\"https:\/\/www.arte.tv\/sites\/olivierpere\/author\/pereolivier\/\"}]}<\/script>\n<!-- \/ Yoast SEO plugin. -->","yoast_head_json":{"title":"Trilogie Majin - Olivier P\u00e8re","robots":{"index":"index","follow":"follow","max-snippet":"max-snippet:-1","max-image-preview":"max-image-preview:large","max-video-preview":"max-video-preview:-1"},"canonical":"https:\/\/www.arte.tv\/sites\/olivierpere\/2020\/06\/20\/trilogie-majin\/","og_locale":"fr_FR","og_type":"article","og_title":"Trilogie Majin - Olivier P\u00e8re","og_description":"Rival \u00e9l\u00e9gant et m\u00e9di\u00e9val de Godzilla, Majin \u00e9tait un beau monstre qui a marqu\u00e9 de son empreinte le cin\u00e9ma fantastique\u2026","og_url":"https:\/\/www.arte.tv\/sites\/olivierpere\/2020\/06\/20\/trilogie-majin\/","og_site_name":"Olivier P\u00e8re","article_published_time":"2020-06-20T10:18:40+00:00","article_modified_time":"2020-06-22T10:19:44+00:00","og_image":[{"url":"https:\/\/www.arte.tv\/sites\/olivierpere\/files\/majin-coffret-blu-ray-chat-qui-fume.jpg"}],"author":"Olivier P\u00e8re","twitter_misc":{"\u00c9crit par":"Olivier P\u00e8re","Dur\u00e9e de lecture estim\u00e9e":"2 minutes"},"schema":{"@context":"https:\/\/schema.org","@graph":[{"@type":"WebPage","@id":"https:\/\/www.arte.tv\/sites\/olivierpere\/2020\/06\/20\/trilogie-majin\/","url":"https:\/\/www.arte.tv\/sites\/olivierpere\/2020\/06\/20\/trilogie-majin\/","name":"Trilogie Majin - Olivier P\u00e8re","isPartOf":{"@id":"https:\/\/www.arte.tv\/sites\/olivierpere\/#website"},"datePublished":"2020-06-20T10:18:40+00:00","dateModified":"2020-06-22T10:19:44+00:00","author":{"@id":"https:\/\/www.arte.tv\/sites\/olivierpere\/#\/schema\/person\/dc32cd6c79be95e52d43b97a74182558"},"breadcrumb":{"@id":"https:\/\/www.arte.tv\/sites\/olivierpere\/2020\/06\/20\/trilogie-majin\/#breadcrumb"},"inLanguage":"fr-FR","potentialAction":[{"@type":"ReadAction","target":["https:\/\/www.arte.tv\/sites\/olivierpere\/2020\/06\/20\/trilogie-majin\/"]}]},{"@type":"BreadcrumbList","@id":"https:\/\/www.arte.tv\/sites\/olivierpere\/2020\/06\/20\/trilogie-majin\/#breadcrumb","itemListElement":[{"@type":"ListItem","position":1,"name":"Home","item":"https:\/\/www.arte.tv\/sites\/olivierpere\/"},{"@type":"ListItem","position":2,"name":"Trilogie Majin"}]},{"@type":"WebSite","@id":"https:\/\/www.arte.tv\/sites\/olivierpere\/#website","url":"https:\/\/www.arte.tv\/sites\/olivierpere\/","name":"Olivier P\u00e8re","description":"","potentialAction":[{"@type":"SearchAction","target":{"@type":"EntryPoint","urlTemplate":"https:\/\/www.arte.tv\/sites\/olivierpere\/?s={search_term_string}"},"query-input":"required name=search_term_string"}],"inLanguage":"fr-FR"},{"@type":"Person","@id":"https:\/\/www.arte.tv\/sites\/olivierpere\/#\/schema\/person\/dc32cd6c79be95e52d43b97a74182558","name":"Olivier P\u00e8re","image":{"@type":"ImageObject","inLanguage":"fr-FR","@id":"https:\/\/www.arte.tv\/sites\/olivierpere\/#\/schema\/person\/image\/","url":"https:\/\/secure.gravatar.com\/avatar\/bdea7b6a2c195e2c41772429a9694758?s=96&d=mm&r=g","contentUrl":"https:\/\/secure.gravatar.com\/avatar\/bdea7b6a2c195e2c41772429a9694758?s=96&d=mm&r=g","caption":"Olivier P\u00e8re"},"url":"https:\/\/www.arte.tv\/sites\/olivierpere\/author\/pereolivier\/"}]}},"_links":{"self":[{"href":"https:\/\/www.arte.tv\/sites\/olivierpere\/wp-json\/wp\/v2\/posts\/25830"}],"collection":[{"href":"https:\/\/www.arte.tv\/sites\/olivierpere\/wp-json\/wp\/v2\/posts"}],"about":[{"href":"https:\/\/www.arte.tv\/sites\/olivierpere\/wp-json\/wp\/v2\/types\/post"}],"author":[{"embeddable":true,"href":"https:\/\/www.arte.tv\/sites\/olivierpere\/wp-json\/wp\/v2\/users\/116"}],"replies":[{"embeddable":true,"href":"https:\/\/www.arte.tv\/sites\/olivierpere\/wp-json\/wp\/v2\/comments?post=25830"}],"version-history":[{"count":1,"href":"https:\/\/www.arte.tv\/sites\/olivierpere\/wp-json\/wp\/v2\/posts\/25830\/revisions"}],"predecessor-version":[{"id":25832,"href":"https:\/\/www.arte.tv\/sites\/olivierpere\/wp-json\/wp\/v2\/posts\/25830\/revisions\/25832"}],"wp:attachment":[{"href":"https:\/\/www.arte.tv\/sites\/olivierpere\/wp-json\/wp\/v2\/media?parent=25830"}],"wp:term":[{"taxonomy":"category","embeddable":true,"href":"https:\/\/www.arte.tv\/sites\/olivierpere\/wp-json\/wp\/v2\/categories?post=25830"},{"taxonomy":"post_tag","embeddable":true,"href":"https:\/\/www.arte.tv\/sites\/olivierpere\/wp-json\/wp\/v2\/tags?post=25830"}],"curies":[{"name":"wp","href":"https:\/\/api.w.org\/{rel}","templated":true}]}}