{"id":25811,"date":"2020-05-27T18:29:21","date_gmt":"2020-05-27T17:29:21","guid":{"rendered":"https:\/\/www.arte.tv\/sites\/olivierpere\/?p=25811"},"modified":"2020-06-07T18:30:34","modified_gmt":"2020-06-07T17:30:34","slug":"le-vagabond-de-tokyo-de-seijun-suzuki","status":"publish","type":"post","link":"https:\/\/www.arte.tv\/sites\/olivierpere\/2020\/05\/27\/le-vagabond-de-tokyo-de-seijun-suzuki\/","title":{"rendered":"Le Vagabond de Tokyo de Seijun Suzuki"},"content":{"rendered":"<p><strong>Le cin\u00e9ma japonais regorge de cin\u00e9astes plus ou moins obscurs cantonn\u00e9s dans la s\u00e9rie B polici\u00e8re, fantastique ou \u00e9rotique et que le public occidental a d\u00e9couvert progressivement, au gr\u00e9 des \u00e9ditions DVD ou des r\u00e9trospectives dans les festivals et les cin\u00e9math\u00e8ques. Aux c\u00f4t\u00e9s de Kato Tai, Kenji Misumi et Hideo Gosha, loin devant Koji Wakamatsu, Kinji Fukazaku ou Tatsumi Kumashiro, Seijun Suzuki demeure le cin\u00e9aste embl\u00e9matique du cin\u00e9ma de genre japonais. Il occupe une place cruciale dans l&rsquo;histoire du cin\u00e9ma nippon des ann\u00e9es 60 car il symbolise la vague de contestation formelle et politique qui secoua l&rsquo;industrie cin\u00e9matographique \u00e0 cette \u00e9poque. Suzuki signa des films d&rsquo;avant-garde tout en continuant \u00e0 \u0153uvrer, avec des fortunes diverses, au sein du syst\u00e8me le plus commercial, industriel et hi\u00e9rarchis\u00e9 qui soit, en l&rsquo;occurrence la soci\u00e9t\u00e9 de production Nikkatsu. Suzuki, par le caract\u00e8re exp\u00e9rimental et provocateur de ses s\u00e9ries B, mais aussi son discours politique virulent, devint une ic\u00f4ne de la contre-culture japonaise, le cin\u00e9aste \u00e9tendard de toute une g\u00e9n\u00e9ration d&rsquo;\u00e9tudiants gauchistes, de cin\u00e9philes contestataires appel\u00e9s \u00e0 devenir les auteurs de demain. \u00c0 l&rsquo;instar des westerns italiens ou de certains films sexy r\u00e9alis\u00e9s en Europe \u00e0 la m\u00eame \u00e9poque (soit autour de 1968), le cin\u00e9ma de genre japonais, entre les mains d&rsquo;agitateurs tels que Suzuki, sait parler aux masses et aux intellectuels. Il est r\u00e9volutionnaire car il a d\u00e9cid\u00e9 de faire voler en \u00e9clats des valeurs qui sont \u00e0 la fois celles de la narration et de la mise en sc\u00e8ne classiques, mais aussi celles de la soci\u00e9t\u00e9 japonaise, de ses traditions et de ses tabous. Le cin\u00e9ma de Suzuki tourne en d\u00e9rision les dogmes et les r\u00e8gles de toutes sortes, et il invente de surcro\u00eet de sombres h\u00e9ros, nouvelles idoles qui prennent l&rsquo;identit\u00e9 de tueurs brutaux ou de voyous des faubourgs. Un vent de r\u00e9bellion souffle sur le Japon, et Suzuki capte les \u00e9lans de la jeunesse comme il r\u00e9ussit \u00e0 retranscrire avec justesse et intelligence l&rsquo;\u00e9tat d&rsquo;esprit du peuple japonais au lendemain des pages les plus tragiques de son histoire. Un esprit aussi frondeur que Suzuki n&rsquo;allait pouvoir s&rsquo;exprimer qu&rsquo;une br\u00e8ve d\u00e9cennie. Son travail est en effet marqu\u00e9 par de perp\u00e9tuels conflits avec ses employeurs, qu&rsquo;il ne cessa d&rsquo;indisposer et de scandaliser. Apr\u00e8s avoir dynamit\u00e9 les conventions du film de yakuza durant les ann\u00e9es 60, avec des polars violents et stylis\u00e9s prenant de plus en plus de libert\u00e9 avec le sc\u00e9nario, Suzuki est licenci\u00e9 de la Nikkatsu. Sa carri\u00e8re ne s\u2019en rel\u00e8vera jamais, malgr\u00e9 quelques \u00e9clats \u00e9pars jusqu\u2019au d\u00e9but des ann\u00e9es 2000. <em>Le Vagabond de Tokyo<\/em> (<em>T\u00f4ky\u00f4 nagaremono\/Tokyo Drifter<\/em>,1966) est l\u2019un des sommets de l\u2019\u00e2ge d\u2019or de Suzuki \u00e0 la Nikkatsu. C\u2019est un film de yakuza maquill\u00e9 en trag\u00e9die musicale pop, avec des passages chant\u00e9s dans des cabarets d\u00e9serts et gigantesques ou des paysages enneig\u00e9s. Le cin\u00e9aste se montre \u00e0 l&rsquo;apog\u00e9e de son style flamboyant et ironique. <em>Le Vagabond de Tokyo<\/em> est la ballade d\u2019un gangster errant, surnomm\u00e9 Le sphinx et condamn\u00e9 \u00e0 la solitude, qui traverse le Japon avec des tueurs \u00e0 ses trousses. Irracontable, le film privil\u00e9gie la sensation au sens et cultive un go\u00fbt de la confusion alli\u00e9 \u00e0 un soin extr\u00eame et volontiers tapageur accord\u00e9 \u00e0 la composition des plans, aux ruptures de tons et aux recherches picturales souvent sid\u00e9rantes. <em>Le Vagabond de Tokyo<\/em> encha\u00eene les plans monochromes, se transforme en symphonie de couleurs o\u00f9 des s\u00e9quences enti\u00e8rement jaunes reviennent cycliquement, entrecoup\u00e9es d\u2019\u00e9clairs de violence et de po\u00e9sie.<\/strong><\/p>\n<p><strong>Disponible gratuitement sur ARTE.tv du 1<sup>er<\/sup> juin au 29 septembre 2020, dans le cadre d\u2019un cycle consacr\u00e9 au cin\u00e9ma de genre asiatique. Le film est \u00e9galement \u00e9dit\u00e9, avec d\u2019autres titres de S. Suzuki, en combo DVD et Blu-ray chez Elephant.<\/strong><\/p>\n<p><img decoding=\"async\" loading=\"lazy\" class=\"alignnone size-full wp-image-25812\" src=\"https:\/\/www.arte.tv\/sites\/olivierpere\/files\/81qyi2nfvbl-_ac_sl1500_.jpg\" alt=\"\" width=\"927\" height=\"1259\" srcset=\"https:\/\/www.arte.tv\/sites\/olivierpere\/files\/81qyi2nfvbl-_ac_sl1500_.jpg 927w, https:\/\/www.arte.tv\/sites\/olivierpere\/files\/81qyi2nfvbl-_ac_sl1500_-206x280.jpg 206w, https:\/\/www.arte.tv\/sites\/olivierpere\/files\/81qyi2nfvbl-_ac_sl1500_-565x768.jpg 565w, https:\/\/www.arte.tv\/sites\/olivierpere\/files\/81qyi2nfvbl-_ac_sl1500_-768x1043.jpg 768w, https:\/\/www.arte.tv\/sites\/olivierpere\/files\/81qyi2nfvbl-_ac_sl1500_-580x788.jpg 580w\" sizes=\"(max-width: 927px) 100vw, 927px\" \/><\/p>\n","protected":false},"excerpt":{"rendered":"<p>Le cin\u00e9ma japonais regorge de cin\u00e9astes plus ou moins obscurs cantonn\u00e9s dans la s\u00e9rie B polici\u00e8re, fantastique ou \u00e9rotique et\u2026<\/p>\n","protected":false},"author":116,"featured_media":0,"comment_status":"open","ping_status":"open","sticky":false,"template":"","format":"standard","meta":[],"categories":[9,8],"tags":[],"yoast_head":"<!-- This site is optimized with the Yoast SEO plugin v20.8 - https:\/\/yoast.com\/wordpress\/plugins\/seo\/ -->\n<title>Le Vagabond de Tokyo de Seijun Suzuki - Olivier P\u00e8re<\/title>\n<meta name=\"robots\" content=\"index, follow, max-snippet:-1, max-image-preview:large, max-video-preview:-1\" \/>\n<link rel=\"canonical\" href=\"https:\/\/www.arte.tv\/sites\/olivierpere\/2020\/05\/27\/le-vagabond-de-tokyo-de-seijun-suzuki\/\" \/>\n<meta property=\"og:locale\" content=\"fr_FR\" \/>\n<meta property=\"og:type\" content=\"article\" \/>\n<meta property=\"og:title\" content=\"Le Vagabond de Tokyo de Seijun Suzuki - Olivier P\u00e8re\" \/>\n<meta property=\"og:description\" content=\"Le cin\u00e9ma japonais regorge de cin\u00e9astes plus ou moins obscurs cantonn\u00e9s dans la s\u00e9rie B polici\u00e8re, fantastique ou \u00e9rotique et\u2026\" \/>\n<meta property=\"og:url\" content=\"https:\/\/www.arte.tv\/sites\/olivierpere\/2020\/05\/27\/le-vagabond-de-tokyo-de-seijun-suzuki\/\" \/>\n<meta property=\"og:site_name\" content=\"Olivier P\u00e8re\" \/>\n<meta property=\"article:published_time\" content=\"2020-05-27T17:29:21+00:00\" \/>\n<meta property=\"article:modified_time\" content=\"2020-06-07T17:30:34+00:00\" \/>\n<meta property=\"og:image\" content=\"https:\/\/www.arte.tv\/sites\/olivierpere\/files\/81qyi2nfvbl-_ac_sl1500_.jpg\" \/>\n<meta name=\"author\" content=\"Olivier P\u00e8re\" \/>\n<meta name=\"twitter:label1\" content=\"\u00c9crit par\" \/>\n\t<meta name=\"twitter:data1\" content=\"Olivier P\u00e8re\" \/>\n\t<meta name=\"twitter:label2\" content=\"Dur\u00e9e de lecture estim\u00e9e\" \/>\n\t<meta name=\"twitter:data2\" content=\"3 minutes\" \/>\n<script type=\"application\/ld+json\" class=\"yoast-schema-graph\">{\"@context\":\"https:\/\/schema.org\",\"@graph\":[{\"@type\":\"WebPage\",\"@id\":\"https:\/\/www.arte.tv\/sites\/olivierpere\/2020\/05\/27\/le-vagabond-de-tokyo-de-seijun-suzuki\/\",\"url\":\"https:\/\/www.arte.tv\/sites\/olivierpere\/2020\/05\/27\/le-vagabond-de-tokyo-de-seijun-suzuki\/\",\"name\":\"Le Vagabond de Tokyo de Seijun Suzuki - Olivier P\u00e8re\",\"isPartOf\":{\"@id\":\"https:\/\/www.arte.tv\/sites\/olivierpere\/#website\"},\"datePublished\":\"2020-05-27T17:29:21+00:00\",\"dateModified\":\"2020-06-07T17:30:34+00:00\",\"author\":{\"@id\":\"https:\/\/www.arte.tv\/sites\/olivierpere\/#\/schema\/person\/dc32cd6c79be95e52d43b97a74182558\"},\"breadcrumb\":{\"@id\":\"https:\/\/www.arte.tv\/sites\/olivierpere\/2020\/05\/27\/le-vagabond-de-tokyo-de-seijun-suzuki\/#breadcrumb\"},\"inLanguage\":\"fr-FR\",\"potentialAction\":[{\"@type\":\"ReadAction\",\"target\":[\"https:\/\/www.arte.tv\/sites\/olivierpere\/2020\/05\/27\/le-vagabond-de-tokyo-de-seijun-suzuki\/\"]}]},{\"@type\":\"BreadcrumbList\",\"@id\":\"https:\/\/www.arte.tv\/sites\/olivierpere\/2020\/05\/27\/le-vagabond-de-tokyo-de-seijun-suzuki\/#breadcrumb\",\"itemListElement\":[{\"@type\":\"ListItem\",\"position\":1,\"name\":\"Home\",\"item\":\"https:\/\/www.arte.tv\/sites\/olivierpere\/\"},{\"@type\":\"ListItem\",\"position\":2,\"name\":\"Le Vagabond de Tokyo de Seijun Suzuki\"}]},{\"@type\":\"WebSite\",\"@id\":\"https:\/\/www.arte.tv\/sites\/olivierpere\/#website\",\"url\":\"https:\/\/www.arte.tv\/sites\/olivierpere\/\",\"name\":\"Olivier P\u00e8re\",\"description\":\"\",\"potentialAction\":[{\"@type\":\"SearchAction\",\"target\":{\"@type\":\"EntryPoint\",\"urlTemplate\":\"https:\/\/www.arte.tv\/sites\/olivierpere\/?s={search_term_string}\"},\"query-input\":\"required name=search_term_string\"}],\"inLanguage\":\"fr-FR\"},{\"@type\":\"Person\",\"@id\":\"https:\/\/www.arte.tv\/sites\/olivierpere\/#\/schema\/person\/dc32cd6c79be95e52d43b97a74182558\",\"name\":\"Olivier P\u00e8re\",\"image\":{\"@type\":\"ImageObject\",\"inLanguage\":\"fr-FR\",\"@id\":\"https:\/\/www.arte.tv\/sites\/olivierpere\/#\/schema\/person\/image\/\",\"url\":\"https:\/\/secure.gravatar.com\/avatar\/bdea7b6a2c195e2c41772429a9694758?s=96&d=mm&r=g\",\"contentUrl\":\"https:\/\/secure.gravatar.com\/avatar\/bdea7b6a2c195e2c41772429a9694758?s=96&d=mm&r=g\",\"caption\":\"Olivier P\u00e8re\"},\"url\":\"https:\/\/www.arte.tv\/sites\/olivierpere\/author\/pereolivier\/\"}]}<\/script>\n<!-- \/ Yoast SEO plugin. -->","yoast_head_json":{"title":"Le Vagabond de Tokyo de Seijun Suzuki - Olivier P\u00e8re","robots":{"index":"index","follow":"follow","max-snippet":"max-snippet:-1","max-image-preview":"max-image-preview:large","max-video-preview":"max-video-preview:-1"},"canonical":"https:\/\/www.arte.tv\/sites\/olivierpere\/2020\/05\/27\/le-vagabond-de-tokyo-de-seijun-suzuki\/","og_locale":"fr_FR","og_type":"article","og_title":"Le Vagabond de Tokyo de Seijun Suzuki - Olivier P\u00e8re","og_description":"Le cin\u00e9ma japonais regorge de cin\u00e9astes plus ou moins obscurs cantonn\u00e9s dans la s\u00e9rie B polici\u00e8re, fantastique ou \u00e9rotique et\u2026","og_url":"https:\/\/www.arte.tv\/sites\/olivierpere\/2020\/05\/27\/le-vagabond-de-tokyo-de-seijun-suzuki\/","og_site_name":"Olivier P\u00e8re","article_published_time":"2020-05-27T17:29:21+00:00","article_modified_time":"2020-06-07T17:30:34+00:00","og_image":[{"url":"https:\/\/www.arte.tv\/sites\/olivierpere\/files\/81qyi2nfvbl-_ac_sl1500_.jpg"}],"author":"Olivier P\u00e8re","twitter_misc":{"\u00c9crit par":"Olivier P\u00e8re","Dur\u00e9e de lecture estim\u00e9e":"3 minutes"},"schema":{"@context":"https:\/\/schema.org","@graph":[{"@type":"WebPage","@id":"https:\/\/www.arte.tv\/sites\/olivierpere\/2020\/05\/27\/le-vagabond-de-tokyo-de-seijun-suzuki\/","url":"https:\/\/www.arte.tv\/sites\/olivierpere\/2020\/05\/27\/le-vagabond-de-tokyo-de-seijun-suzuki\/","name":"Le Vagabond de Tokyo de Seijun Suzuki - Olivier P\u00e8re","isPartOf":{"@id":"https:\/\/www.arte.tv\/sites\/olivierpere\/#website"},"datePublished":"2020-05-27T17:29:21+00:00","dateModified":"2020-06-07T17:30:34+00:00","author":{"@id":"https:\/\/www.arte.tv\/sites\/olivierpere\/#\/schema\/person\/dc32cd6c79be95e52d43b97a74182558"},"breadcrumb":{"@id":"https:\/\/www.arte.tv\/sites\/olivierpere\/2020\/05\/27\/le-vagabond-de-tokyo-de-seijun-suzuki\/#breadcrumb"},"inLanguage":"fr-FR","potentialAction":[{"@type":"ReadAction","target":["https:\/\/www.arte.tv\/sites\/olivierpere\/2020\/05\/27\/le-vagabond-de-tokyo-de-seijun-suzuki\/"]}]},{"@type":"BreadcrumbList","@id":"https:\/\/www.arte.tv\/sites\/olivierpere\/2020\/05\/27\/le-vagabond-de-tokyo-de-seijun-suzuki\/#breadcrumb","itemListElement":[{"@type":"ListItem","position":1,"name":"Home","item":"https:\/\/www.arte.tv\/sites\/olivierpere\/"},{"@type":"ListItem","position":2,"name":"Le Vagabond de Tokyo de Seijun Suzuki"}]},{"@type":"WebSite","@id":"https:\/\/www.arte.tv\/sites\/olivierpere\/#website","url":"https:\/\/www.arte.tv\/sites\/olivierpere\/","name":"Olivier P\u00e8re","description":"","potentialAction":[{"@type":"SearchAction","target":{"@type":"EntryPoint","urlTemplate":"https:\/\/www.arte.tv\/sites\/olivierpere\/?s={search_term_string}"},"query-input":"required name=search_term_string"}],"inLanguage":"fr-FR"},{"@type":"Person","@id":"https:\/\/www.arte.tv\/sites\/olivierpere\/#\/schema\/person\/dc32cd6c79be95e52d43b97a74182558","name":"Olivier P\u00e8re","image":{"@type":"ImageObject","inLanguage":"fr-FR","@id":"https:\/\/www.arte.tv\/sites\/olivierpere\/#\/schema\/person\/image\/","url":"https:\/\/secure.gravatar.com\/avatar\/bdea7b6a2c195e2c41772429a9694758?s=96&d=mm&r=g","contentUrl":"https:\/\/secure.gravatar.com\/avatar\/bdea7b6a2c195e2c41772429a9694758?s=96&d=mm&r=g","caption":"Olivier P\u00e8re"},"url":"https:\/\/www.arte.tv\/sites\/olivierpere\/author\/pereolivier\/"}]}},"_links":{"self":[{"href":"https:\/\/www.arte.tv\/sites\/olivierpere\/wp-json\/wp\/v2\/posts\/25811"}],"collection":[{"href":"https:\/\/www.arte.tv\/sites\/olivierpere\/wp-json\/wp\/v2\/posts"}],"about":[{"href":"https:\/\/www.arte.tv\/sites\/olivierpere\/wp-json\/wp\/v2\/types\/post"}],"author":[{"embeddable":true,"href":"https:\/\/www.arte.tv\/sites\/olivierpere\/wp-json\/wp\/v2\/users\/116"}],"replies":[{"embeddable":true,"href":"https:\/\/www.arte.tv\/sites\/olivierpere\/wp-json\/wp\/v2\/comments?post=25811"}],"version-history":[{"count":2,"href":"https:\/\/www.arte.tv\/sites\/olivierpere\/wp-json\/wp\/v2\/posts\/25811\/revisions"}],"predecessor-version":[{"id":25814,"href":"https:\/\/www.arte.tv\/sites\/olivierpere\/wp-json\/wp\/v2\/posts\/25811\/revisions\/25814"}],"wp:attachment":[{"href":"https:\/\/www.arte.tv\/sites\/olivierpere\/wp-json\/wp\/v2\/media?parent=25811"}],"wp:term":[{"taxonomy":"category","embeddable":true,"href":"https:\/\/www.arte.tv\/sites\/olivierpere\/wp-json\/wp\/v2\/categories?post=25811"},{"taxonomy":"post_tag","embeddable":true,"href":"https:\/\/www.arte.tv\/sites\/olivierpere\/wp-json\/wp\/v2\/tags?post=25811"}],"curies":[{"name":"wp","href":"https:\/\/api.w.org\/{rel}","templated":true}]}}