{"id":25701,"date":"2020-04-29T17:49:48","date_gmt":"2020-04-29T16:49:48","guid":{"rendered":"https:\/\/www.arte.tv\/sites\/olivierpere\/?p=25701"},"modified":"2020-04-29T17:49:55","modified_gmt":"2020-04-29T16:49:55","slug":"le-passe-de-asghar-farhadi","status":"publish","type":"post","link":"https:\/\/www.arte.tv\/sites\/olivierpere\/2020\/04\/29\/le-passe-de-asghar-farhadi\/","title":{"rendered":"Le Pass\u00e9 de Asghar Farhadi"},"content":{"rendered":"<p><strong>Dans le cadre de sa programmation cannoise, ARTE diffuse <em>Le Pass\u00e9<\/em>, r\u00e9alis\u00e9 par Ashgar Farhadi en 2013, mercredi 27 mai \u00e0 20h55. Le film sera \u00e9galement disponible gratuitement en t\u00e9l\u00e9vision de rattrapage pendant sept jours sur ARTE.tv<\/strong><\/p>\n<p><strong>Pour son premier film tourn\u00e9 hors d\u2019Iran, Ashgar Farhadi a choisi de raconter les rapports conflictuels entre les diff\u00e9rents membres d\u2019une famille recompos\u00e9e. Ahmad arrive de T\u00e9h\u00e9ran \u00e0 Paris pour divorcer de Marie, son \u00e9pouse fran\u00e7aise, apr\u00e8s quatre ann\u00e9es de s\u00e9paration. Il d\u00e9couvre l\u2019existence de secrets, de mensonges et de malentendus qui vont progressivement surface. Le cin\u00e9ma d\u2019Ashgar Farhadi se caract\u00e9rise par une redoutable m\u00e9canique sc\u00e9naristique et une mise en sc\u00e8ne tr\u00e8s ma\u00eetris\u00e9e. <em>Le Pass\u00e9<\/em> repose sur une situation forte. Une succession de rebondissements conduisent le r\u00e9cit vers une issue impr\u00e9visible. Ce drame psychologique se r\u00e9v\u00e8le aussi captivant qu\u2019un thriller. Le cin\u00e9aste iranien parvient \u00e0 adapter son style \u00e0 un autre pays et une autre langue. Les dilemmes moraux, les crises conjugales et les retournements de situations qu\u2019aime mettre en sc\u00e8ne Farhadi, localis\u00e9s ici dans un pavillon sinistre de la banlieue parisienne, acc\u00e8dent \u00e0 une certaine universalit\u00e9. Le seul v\u00e9ritable d\u00e9paysement provient de la langue. Fort heureusement, Farhadi est \u00e9paul\u00e9 par des acteurs talentueux et toujours cr\u00e9dibles. B\u00e9r\u00e9nice Bejo a obtenu le prix d\u2019interpr\u00e9tation f\u00e9minine au Festival de Cannes. Elle est bouleversante dans le r\u00f4le de Marie, jeune m\u00e8re dans la tourmente. Ali Mossafa et Tahar Rahim sont eux aussi excellents. Pauline Burlet, qui joue la fille a\u00een\u00e9e de Marie, \u00e9cras\u00e9e par un sentiment de culpabilit\u00e9, est une v\u00e9ritable r\u00e9v\u00e9lation. \u00a0<\/strong><\/p>\n<p><strong>Apr\u00e8s <em>Le Client<\/em>, ARTE France Cin\u00e9ma coproduit avec Memento Films Production le prochain film de Asghar Farhadi, <em>Un h\u00e9ros<\/em>, qui sera tourn\u00e9 en Iran.<\/strong><\/p>\n<p>&nbsp;<\/p>\n<p>&nbsp;<\/p>\n<p>&nbsp;<\/p>\n<p>&nbsp;<\/p>\n","protected":false},"excerpt":{"rendered":"<p>Dans le cadre de sa programmation cannoise, ARTE diffuse Le Pass\u00e9, r\u00e9alis\u00e9 par Ashgar Farhadi en 2013, mercredi 27 mai\u2026<\/p>\n","protected":false},"author":116,"featured_media":0,"comment_status":"open","ping_status":"open","sticky":false,"template":"","format":"standard","meta":[],"categories":[1,8],"tags":[],"yoast_head":"<!-- This site is optimized with the Yoast SEO plugin v20.8 - https:\/\/yoast.com\/wordpress\/plugins\/seo\/ -->\n<title>Le Pass\u00e9 de Asghar Farhadi - Olivier P\u00e8re<\/title>\n<meta name=\"robots\" content=\"index, follow, max-snippet:-1, max-image-preview:large, max-video-preview:-1\" \/>\n<link rel=\"canonical\" href=\"https:\/\/www.arte.tv\/sites\/olivierpere\/2020\/04\/29\/le-passe-de-asghar-farhadi\/\" \/>\n<meta property=\"og:locale\" content=\"fr_FR\" \/>\n<meta property=\"og:type\" content=\"article\" \/>\n<meta property=\"og:title\" content=\"Le Pass\u00e9 de Asghar Farhadi - Olivier P\u00e8re\" \/>\n<meta property=\"og:description\" content=\"Dans le cadre de sa programmation cannoise, ARTE diffuse Le Pass\u00e9, r\u00e9alis\u00e9 par Ashgar Farhadi en 2013, mercredi 27 mai\u2026\" \/>\n<meta property=\"og:url\" content=\"https:\/\/www.arte.tv\/sites\/olivierpere\/2020\/04\/29\/le-passe-de-asghar-farhadi\/\" \/>\n<meta property=\"og:site_name\" content=\"Olivier P\u00e8re\" \/>\n<meta property=\"article:published_time\" content=\"2020-04-29T16:49:48+00:00\" \/>\n<meta property=\"article:modified_time\" content=\"2020-04-29T16:49:55+00:00\" \/>\n<meta name=\"author\" content=\"Olivier P\u00e8re\" \/>\n<meta name=\"twitter:label1\" content=\"\u00c9crit par\" \/>\n\t<meta name=\"twitter:data1\" content=\"Olivier P\u00e8re\" \/>\n\t<meta name=\"twitter:label2\" content=\"Dur\u00e9e de lecture estim\u00e9e\" \/>\n\t<meta name=\"twitter:data2\" content=\"2 minutes\" \/>\n<script type=\"application\/ld+json\" class=\"yoast-schema-graph\">{\"@context\":\"https:\/\/schema.org\",\"@graph\":[{\"@type\":\"WebPage\",\"@id\":\"https:\/\/www.arte.tv\/sites\/olivierpere\/2020\/04\/29\/le-passe-de-asghar-farhadi\/\",\"url\":\"https:\/\/www.arte.tv\/sites\/olivierpere\/2020\/04\/29\/le-passe-de-asghar-farhadi\/\",\"name\":\"Le Pass\u00e9 de Asghar Farhadi - Olivier P\u00e8re\",\"isPartOf\":{\"@id\":\"https:\/\/www.arte.tv\/sites\/olivierpere\/#website\"},\"datePublished\":\"2020-04-29T16:49:48+00:00\",\"dateModified\":\"2020-04-29T16:49:55+00:00\",\"author\":{\"@id\":\"https:\/\/www.arte.tv\/sites\/olivierpere\/#\/schema\/person\/dc32cd6c79be95e52d43b97a74182558\"},\"breadcrumb\":{\"@id\":\"https:\/\/www.arte.tv\/sites\/olivierpere\/2020\/04\/29\/le-passe-de-asghar-farhadi\/#breadcrumb\"},\"inLanguage\":\"fr-FR\",\"potentialAction\":[{\"@type\":\"ReadAction\",\"target\":[\"https:\/\/www.arte.tv\/sites\/olivierpere\/2020\/04\/29\/le-passe-de-asghar-farhadi\/\"]}]},{\"@type\":\"BreadcrumbList\",\"@id\":\"https:\/\/www.arte.tv\/sites\/olivierpere\/2020\/04\/29\/le-passe-de-asghar-farhadi\/#breadcrumb\",\"itemListElement\":[{\"@type\":\"ListItem\",\"position\":1,\"name\":\"Home\",\"item\":\"https:\/\/www.arte.tv\/sites\/olivierpere\/\"},{\"@type\":\"ListItem\",\"position\":2,\"name\":\"Le Pass\u00e9 de Asghar Farhadi\"}]},{\"@type\":\"WebSite\",\"@id\":\"https:\/\/www.arte.tv\/sites\/olivierpere\/#website\",\"url\":\"https:\/\/www.arte.tv\/sites\/olivierpere\/\",\"name\":\"Olivier P\u00e8re\",\"description\":\"\",\"potentialAction\":[{\"@type\":\"SearchAction\",\"target\":{\"@type\":\"EntryPoint\",\"urlTemplate\":\"https:\/\/www.arte.tv\/sites\/olivierpere\/?s={search_term_string}\"},\"query-input\":\"required name=search_term_string\"}],\"inLanguage\":\"fr-FR\"},{\"@type\":\"Person\",\"@id\":\"https:\/\/www.arte.tv\/sites\/olivierpere\/#\/schema\/person\/dc32cd6c79be95e52d43b97a74182558\",\"name\":\"Olivier P\u00e8re\",\"image\":{\"@type\":\"ImageObject\",\"inLanguage\":\"fr-FR\",\"@id\":\"https:\/\/www.arte.tv\/sites\/olivierpere\/#\/schema\/person\/image\/\",\"url\":\"https:\/\/secure.gravatar.com\/avatar\/bdea7b6a2c195e2c41772429a9694758?s=96&d=mm&r=g\",\"contentUrl\":\"https:\/\/secure.gravatar.com\/avatar\/bdea7b6a2c195e2c41772429a9694758?s=96&d=mm&r=g\",\"caption\":\"Olivier P\u00e8re\"},\"url\":\"https:\/\/www.arte.tv\/sites\/olivierpere\/author\/pereolivier\/\"}]}<\/script>\n<!-- \/ Yoast SEO plugin. -->","yoast_head_json":{"title":"Le Pass\u00e9 de Asghar Farhadi - Olivier P\u00e8re","robots":{"index":"index","follow":"follow","max-snippet":"max-snippet:-1","max-image-preview":"max-image-preview:large","max-video-preview":"max-video-preview:-1"},"canonical":"https:\/\/www.arte.tv\/sites\/olivierpere\/2020\/04\/29\/le-passe-de-asghar-farhadi\/","og_locale":"fr_FR","og_type":"article","og_title":"Le Pass\u00e9 de Asghar Farhadi - Olivier P\u00e8re","og_description":"Dans le cadre de sa programmation cannoise, ARTE diffuse Le Pass\u00e9, r\u00e9alis\u00e9 par Ashgar Farhadi en 2013, mercredi 27 mai\u2026","og_url":"https:\/\/www.arte.tv\/sites\/olivierpere\/2020\/04\/29\/le-passe-de-asghar-farhadi\/","og_site_name":"Olivier P\u00e8re","article_published_time":"2020-04-29T16:49:48+00:00","article_modified_time":"2020-04-29T16:49:55+00:00","author":"Olivier P\u00e8re","twitter_misc":{"\u00c9crit par":"Olivier P\u00e8re","Dur\u00e9e de lecture estim\u00e9e":"2 minutes"},"schema":{"@context":"https:\/\/schema.org","@graph":[{"@type":"WebPage","@id":"https:\/\/www.arte.tv\/sites\/olivierpere\/2020\/04\/29\/le-passe-de-asghar-farhadi\/","url":"https:\/\/www.arte.tv\/sites\/olivierpere\/2020\/04\/29\/le-passe-de-asghar-farhadi\/","name":"Le Pass\u00e9 de Asghar Farhadi - Olivier P\u00e8re","isPartOf":{"@id":"https:\/\/www.arte.tv\/sites\/olivierpere\/#website"},"datePublished":"2020-04-29T16:49:48+00:00","dateModified":"2020-04-29T16:49:55+00:00","author":{"@id":"https:\/\/www.arte.tv\/sites\/olivierpere\/#\/schema\/person\/dc32cd6c79be95e52d43b97a74182558"},"breadcrumb":{"@id":"https:\/\/www.arte.tv\/sites\/olivierpere\/2020\/04\/29\/le-passe-de-asghar-farhadi\/#breadcrumb"},"inLanguage":"fr-FR","potentialAction":[{"@type":"ReadAction","target":["https:\/\/www.arte.tv\/sites\/olivierpere\/2020\/04\/29\/le-passe-de-asghar-farhadi\/"]}]},{"@type":"BreadcrumbList","@id":"https:\/\/www.arte.tv\/sites\/olivierpere\/2020\/04\/29\/le-passe-de-asghar-farhadi\/#breadcrumb","itemListElement":[{"@type":"ListItem","position":1,"name":"Home","item":"https:\/\/www.arte.tv\/sites\/olivierpere\/"},{"@type":"ListItem","position":2,"name":"Le Pass\u00e9 de Asghar Farhadi"}]},{"@type":"WebSite","@id":"https:\/\/www.arte.tv\/sites\/olivierpere\/#website","url":"https:\/\/www.arte.tv\/sites\/olivierpere\/","name":"Olivier P\u00e8re","description":"","potentialAction":[{"@type":"SearchAction","target":{"@type":"EntryPoint","urlTemplate":"https:\/\/www.arte.tv\/sites\/olivierpere\/?s={search_term_string}"},"query-input":"required name=search_term_string"}],"inLanguage":"fr-FR"},{"@type":"Person","@id":"https:\/\/www.arte.tv\/sites\/olivierpere\/#\/schema\/person\/dc32cd6c79be95e52d43b97a74182558","name":"Olivier P\u00e8re","image":{"@type":"ImageObject","inLanguage":"fr-FR","@id":"https:\/\/www.arte.tv\/sites\/olivierpere\/#\/schema\/person\/image\/","url":"https:\/\/secure.gravatar.com\/avatar\/bdea7b6a2c195e2c41772429a9694758?s=96&d=mm&r=g","contentUrl":"https:\/\/secure.gravatar.com\/avatar\/bdea7b6a2c195e2c41772429a9694758?s=96&d=mm&r=g","caption":"Olivier P\u00e8re"},"url":"https:\/\/www.arte.tv\/sites\/olivierpere\/author\/pereolivier\/"}]}},"_links":{"self":[{"href":"https:\/\/www.arte.tv\/sites\/olivierpere\/wp-json\/wp\/v2\/posts\/25701"}],"collection":[{"href":"https:\/\/www.arte.tv\/sites\/olivierpere\/wp-json\/wp\/v2\/posts"}],"about":[{"href":"https:\/\/www.arte.tv\/sites\/olivierpere\/wp-json\/wp\/v2\/types\/post"}],"author":[{"embeddable":true,"href":"https:\/\/www.arte.tv\/sites\/olivierpere\/wp-json\/wp\/v2\/users\/116"}],"replies":[{"embeddable":true,"href":"https:\/\/www.arte.tv\/sites\/olivierpere\/wp-json\/wp\/v2\/comments?post=25701"}],"version-history":[{"count":1,"href":"https:\/\/www.arte.tv\/sites\/olivierpere\/wp-json\/wp\/v2\/posts\/25701\/revisions"}],"predecessor-version":[{"id":25702,"href":"https:\/\/www.arte.tv\/sites\/olivierpere\/wp-json\/wp\/v2\/posts\/25701\/revisions\/25702"}],"wp:attachment":[{"href":"https:\/\/www.arte.tv\/sites\/olivierpere\/wp-json\/wp\/v2\/media?parent=25701"}],"wp:term":[{"taxonomy":"category","embeddable":true,"href":"https:\/\/www.arte.tv\/sites\/olivierpere\/wp-json\/wp\/v2\/categories?post=25701"},{"taxonomy":"post_tag","embeddable":true,"href":"https:\/\/www.arte.tv\/sites\/olivierpere\/wp-json\/wp\/v2\/tags?post=25701"}],"curies":[{"name":"wp","href":"https:\/\/api.w.org\/{rel}","templated":true}]}}