{"id":25695,"date":"2020-04-27T08:21:11","date_gmt":"2020-04-27T07:21:11","guid":{"rendered":"https:\/\/www.arte.tv\/sites\/olivierpere\/?p=25695"},"modified":"2020-04-29T08:42:58","modified_gmt":"2020-04-29T07:42:58","slug":"paterson-de-jim-jarmusch","status":"publish","type":"post","link":"https:\/\/www.arte.tv\/sites\/olivierpere\/2020\/04\/27\/paterson-de-jim-jarmusch\/","title":{"rendered":"Paterson de Jim Jarmusch"},"content":{"rendered":"<p><strong>Dans le cadre de sa programmation cannoise, ARTE diffuse <em>Paterson<\/em> (2016) de Jim Jarmusch lundi 25 mai \u00e0 23h10, l\u2019un des plus beaux films-trips du r\u00e9alisateur am\u00e9ricain depuis <em>Dead Man<\/em>. Mais ici, le voyage est circulaire et se d\u00e9roule dans un paysage domestiqu\u00e9, sans horizon mis \u00e0 part l\u2019\u00e9vasion spirituelle et po\u00e9tique.<\/strong><\/p>\n<p><strong>Jim Jarmusch rend hommage \u00e0 l\u2019\u0153uvre du po\u00e8te moderniste William Carlos Williams et en particulier son long po\u00e8me \u00e9pique <em>Paterson<\/em>, paru entre 1946 et 1958, et puise ses dialogues chez un autre po\u00e8te contemporain, Ron Padget. Le cin\u00e9aste \u00e9labore un film \u00e9pur\u00e9 et calme, b\u00e2ti autour des motifs de la r\u00e9p\u00e9tition, du d\u00e9doublement et de la g\u00e9mellit\u00e9. Nous y suivons, en sept chapitres, la semaine ordinaire d\u2019un chauffeur de bus, nomm\u00e9 Paterson (Adam Driver), dans la ville de Paterson, New Jersey. La cit\u00e9, autrefois centre de l\u2019effervescence litt\u00e9raire am\u00e9ricaine, est aujourd\u2019hui tomb\u00e9e en d\u00e9cr\u00e9pitude, au m\u00eame titre que La Nouvelle-Orl\u00e9ans de <em>Down by Law<\/em> ou le Detroit de <em>Only Lovers Left Alive<\/em>. Amoureux de sa ravissante \u00e9pouse (Golshifteh Farahani), aux \u00e9tranges lubies g\u00e9om\u00e9triques, Paterson se satisfait de cette existence r\u00e9gl\u00e9e. Son emploi du temps immuable se divise en heures de conduite, moments de bonheur conjugal pass\u00e9s au cin\u00e9ma ou \u00e0 la maison et verres dans le bar du quartier. Il \u00e9crit sur un carnet secret des po\u00e8mes n\u00e9s de ses observations et pens\u00e9es quotidiennes. Aucun accident \u2013 panne de bus, bagarre d\u2019ivrognes &#8211; ne parvient vraiment \u00e0 troubler cette organisation tranquille, jusqu\u2019au jour o\u00f9 le chien de la femme de Paterson provoque une catastrophe susceptible de d\u00e9vaster l\u2019ordre du monde du conducteur po\u00e8te. Jarmusch se fait ici le chantre du foyer et de la beaut\u00e9 du peu. Avec ce film \u00e0 la lenteur hypnotique, en forme de ha\u00efku, il rejoint la douce rigueur et le minimalisme de son ma\u00eetre Yasujiro Ozu.<\/strong><\/p>\n<p><strong><em>Paterson<\/em> sera \u00e9galement disponible gratuitement sur ARTE.tv en t\u00e9l\u00e9vision de rattrapage pendant sept jours.<\/strong><\/p>\n","protected":false},"excerpt":{"rendered":"<p>Dans le cadre de sa programmation cannoise, ARTE diffuse Paterson (2016) de Jim Jarmusch lundi 25 mai \u00e0 23h10, l\u2019un\u2026<\/p>\n","protected":false},"author":116,"featured_media":0,"comment_status":"open","ping_status":"open","sticky":false,"template":"","format":"standard","meta":[],"categories":[8],"tags":[],"yoast_head":"<!-- This site is optimized with the Yoast SEO plugin v20.8 - https:\/\/yoast.com\/wordpress\/plugins\/seo\/ -->\n<title>Paterson de Jim Jarmusch - Olivier P\u00e8re<\/title>\n<meta name=\"robots\" content=\"index, follow, max-snippet:-1, max-image-preview:large, max-video-preview:-1\" \/>\n<link rel=\"canonical\" href=\"https:\/\/www.arte.tv\/sites\/olivierpere\/2020\/04\/27\/paterson-de-jim-jarmusch\/\" \/>\n<meta property=\"og:locale\" content=\"fr_FR\" \/>\n<meta property=\"og:type\" content=\"article\" \/>\n<meta property=\"og:title\" content=\"Paterson de Jim Jarmusch - Olivier P\u00e8re\" \/>\n<meta property=\"og:description\" content=\"Dans le cadre de sa programmation cannoise, ARTE diffuse Paterson (2016) de Jim Jarmusch lundi 25 mai \u00e0 23h10, l\u2019un\u2026\" \/>\n<meta property=\"og:url\" content=\"https:\/\/www.arte.tv\/sites\/olivierpere\/2020\/04\/27\/paterson-de-jim-jarmusch\/\" \/>\n<meta property=\"og:site_name\" content=\"Olivier P\u00e8re\" \/>\n<meta property=\"article:published_time\" content=\"2020-04-27T07:21:11+00:00\" \/>\n<meta property=\"article:modified_time\" content=\"2020-04-29T07:42:58+00:00\" \/>\n<meta name=\"author\" content=\"Olivier P\u00e8re\" \/>\n<meta name=\"twitter:label1\" content=\"\u00c9crit par\" \/>\n\t<meta name=\"twitter:data1\" content=\"Olivier P\u00e8re\" \/>\n\t<meta name=\"twitter:label2\" content=\"Dur\u00e9e de lecture estim\u00e9e\" \/>\n\t<meta name=\"twitter:data2\" content=\"2 minutes\" \/>\n<script type=\"application\/ld+json\" class=\"yoast-schema-graph\">{\"@context\":\"https:\/\/schema.org\",\"@graph\":[{\"@type\":\"WebPage\",\"@id\":\"https:\/\/www.arte.tv\/sites\/olivierpere\/2020\/04\/27\/paterson-de-jim-jarmusch\/\",\"url\":\"https:\/\/www.arte.tv\/sites\/olivierpere\/2020\/04\/27\/paterson-de-jim-jarmusch\/\",\"name\":\"Paterson de Jim Jarmusch - Olivier P\u00e8re\",\"isPartOf\":{\"@id\":\"https:\/\/www.arte.tv\/sites\/olivierpere\/#website\"},\"datePublished\":\"2020-04-27T07:21:11+00:00\",\"dateModified\":\"2020-04-29T07:42:58+00:00\",\"author\":{\"@id\":\"https:\/\/www.arte.tv\/sites\/olivierpere\/#\/schema\/person\/dc32cd6c79be95e52d43b97a74182558\"},\"breadcrumb\":{\"@id\":\"https:\/\/www.arte.tv\/sites\/olivierpere\/2020\/04\/27\/paterson-de-jim-jarmusch\/#breadcrumb\"},\"inLanguage\":\"fr-FR\",\"potentialAction\":[{\"@type\":\"ReadAction\",\"target\":[\"https:\/\/www.arte.tv\/sites\/olivierpere\/2020\/04\/27\/paterson-de-jim-jarmusch\/\"]}]},{\"@type\":\"BreadcrumbList\",\"@id\":\"https:\/\/www.arte.tv\/sites\/olivierpere\/2020\/04\/27\/paterson-de-jim-jarmusch\/#breadcrumb\",\"itemListElement\":[{\"@type\":\"ListItem\",\"position\":1,\"name\":\"Home\",\"item\":\"https:\/\/www.arte.tv\/sites\/olivierpere\/\"},{\"@type\":\"ListItem\",\"position\":2,\"name\":\"Paterson de Jim Jarmusch\"}]},{\"@type\":\"WebSite\",\"@id\":\"https:\/\/www.arte.tv\/sites\/olivierpere\/#website\",\"url\":\"https:\/\/www.arte.tv\/sites\/olivierpere\/\",\"name\":\"Olivier P\u00e8re\",\"description\":\"\",\"potentialAction\":[{\"@type\":\"SearchAction\",\"target\":{\"@type\":\"EntryPoint\",\"urlTemplate\":\"https:\/\/www.arte.tv\/sites\/olivierpere\/?s={search_term_string}\"},\"query-input\":\"required name=search_term_string\"}],\"inLanguage\":\"fr-FR\"},{\"@type\":\"Person\",\"@id\":\"https:\/\/www.arte.tv\/sites\/olivierpere\/#\/schema\/person\/dc32cd6c79be95e52d43b97a74182558\",\"name\":\"Olivier P\u00e8re\",\"image\":{\"@type\":\"ImageObject\",\"inLanguage\":\"fr-FR\",\"@id\":\"https:\/\/www.arte.tv\/sites\/olivierpere\/#\/schema\/person\/image\/\",\"url\":\"https:\/\/secure.gravatar.com\/avatar\/bdea7b6a2c195e2c41772429a9694758?s=96&d=mm&r=g\",\"contentUrl\":\"https:\/\/secure.gravatar.com\/avatar\/bdea7b6a2c195e2c41772429a9694758?s=96&d=mm&r=g\",\"caption\":\"Olivier P\u00e8re\"},\"url\":\"https:\/\/www.arte.tv\/sites\/olivierpere\/author\/pereolivier\/\"}]}<\/script>\n<!-- \/ Yoast SEO plugin. -->","yoast_head_json":{"title":"Paterson de Jim Jarmusch - Olivier P\u00e8re","robots":{"index":"index","follow":"follow","max-snippet":"max-snippet:-1","max-image-preview":"max-image-preview:large","max-video-preview":"max-video-preview:-1"},"canonical":"https:\/\/www.arte.tv\/sites\/olivierpere\/2020\/04\/27\/paterson-de-jim-jarmusch\/","og_locale":"fr_FR","og_type":"article","og_title":"Paterson de Jim Jarmusch - Olivier P\u00e8re","og_description":"Dans le cadre de sa programmation cannoise, ARTE diffuse Paterson (2016) de Jim Jarmusch lundi 25 mai \u00e0 23h10, l\u2019un\u2026","og_url":"https:\/\/www.arte.tv\/sites\/olivierpere\/2020\/04\/27\/paterson-de-jim-jarmusch\/","og_site_name":"Olivier P\u00e8re","article_published_time":"2020-04-27T07:21:11+00:00","article_modified_time":"2020-04-29T07:42:58+00:00","author":"Olivier P\u00e8re","twitter_misc":{"\u00c9crit par":"Olivier P\u00e8re","Dur\u00e9e de lecture estim\u00e9e":"2 minutes"},"schema":{"@context":"https:\/\/schema.org","@graph":[{"@type":"WebPage","@id":"https:\/\/www.arte.tv\/sites\/olivierpere\/2020\/04\/27\/paterson-de-jim-jarmusch\/","url":"https:\/\/www.arte.tv\/sites\/olivierpere\/2020\/04\/27\/paterson-de-jim-jarmusch\/","name":"Paterson de Jim Jarmusch - Olivier P\u00e8re","isPartOf":{"@id":"https:\/\/www.arte.tv\/sites\/olivierpere\/#website"},"datePublished":"2020-04-27T07:21:11+00:00","dateModified":"2020-04-29T07:42:58+00:00","author":{"@id":"https:\/\/www.arte.tv\/sites\/olivierpere\/#\/schema\/person\/dc32cd6c79be95e52d43b97a74182558"},"breadcrumb":{"@id":"https:\/\/www.arte.tv\/sites\/olivierpere\/2020\/04\/27\/paterson-de-jim-jarmusch\/#breadcrumb"},"inLanguage":"fr-FR","potentialAction":[{"@type":"ReadAction","target":["https:\/\/www.arte.tv\/sites\/olivierpere\/2020\/04\/27\/paterson-de-jim-jarmusch\/"]}]},{"@type":"BreadcrumbList","@id":"https:\/\/www.arte.tv\/sites\/olivierpere\/2020\/04\/27\/paterson-de-jim-jarmusch\/#breadcrumb","itemListElement":[{"@type":"ListItem","position":1,"name":"Home","item":"https:\/\/www.arte.tv\/sites\/olivierpere\/"},{"@type":"ListItem","position":2,"name":"Paterson de Jim Jarmusch"}]},{"@type":"WebSite","@id":"https:\/\/www.arte.tv\/sites\/olivierpere\/#website","url":"https:\/\/www.arte.tv\/sites\/olivierpere\/","name":"Olivier P\u00e8re","description":"","potentialAction":[{"@type":"SearchAction","target":{"@type":"EntryPoint","urlTemplate":"https:\/\/www.arte.tv\/sites\/olivierpere\/?s={search_term_string}"},"query-input":"required name=search_term_string"}],"inLanguage":"fr-FR"},{"@type":"Person","@id":"https:\/\/www.arte.tv\/sites\/olivierpere\/#\/schema\/person\/dc32cd6c79be95e52d43b97a74182558","name":"Olivier P\u00e8re","image":{"@type":"ImageObject","inLanguage":"fr-FR","@id":"https:\/\/www.arte.tv\/sites\/olivierpere\/#\/schema\/person\/image\/","url":"https:\/\/secure.gravatar.com\/avatar\/bdea7b6a2c195e2c41772429a9694758?s=96&d=mm&r=g","contentUrl":"https:\/\/secure.gravatar.com\/avatar\/bdea7b6a2c195e2c41772429a9694758?s=96&d=mm&r=g","caption":"Olivier P\u00e8re"},"url":"https:\/\/www.arte.tv\/sites\/olivierpere\/author\/pereolivier\/"}]}},"_links":{"self":[{"href":"https:\/\/www.arte.tv\/sites\/olivierpere\/wp-json\/wp\/v2\/posts\/25695"}],"collection":[{"href":"https:\/\/www.arte.tv\/sites\/olivierpere\/wp-json\/wp\/v2\/posts"}],"about":[{"href":"https:\/\/www.arte.tv\/sites\/olivierpere\/wp-json\/wp\/v2\/types\/post"}],"author":[{"embeddable":true,"href":"https:\/\/www.arte.tv\/sites\/olivierpere\/wp-json\/wp\/v2\/users\/116"}],"replies":[{"embeddable":true,"href":"https:\/\/www.arte.tv\/sites\/olivierpere\/wp-json\/wp\/v2\/comments?post=25695"}],"version-history":[{"count":3,"href":"https:\/\/www.arte.tv\/sites\/olivierpere\/wp-json\/wp\/v2\/posts\/25695\/revisions"}],"predecessor-version":[{"id":25698,"href":"https:\/\/www.arte.tv\/sites\/olivierpere\/wp-json\/wp\/v2\/posts\/25695\/revisions\/25698"}],"wp:attachment":[{"href":"https:\/\/www.arte.tv\/sites\/olivierpere\/wp-json\/wp\/v2\/media?parent=25695"}],"wp:term":[{"taxonomy":"category","embeddable":true,"href":"https:\/\/www.arte.tv\/sites\/olivierpere\/wp-json\/wp\/v2\/categories?post=25695"},{"taxonomy":"post_tag","embeddable":true,"href":"https:\/\/www.arte.tv\/sites\/olivierpere\/wp-json\/wp\/v2\/tags?post=25695"}],"curies":[{"name":"wp","href":"https:\/\/api.w.org\/{rel}","templated":true}]}}