{"id":25686,"date":"2020-04-25T18:36:09","date_gmt":"2020-04-25T17:36:09","guid":{"rendered":"https:\/\/www.arte.tv\/sites\/olivierpere\/?p=25686"},"modified":"2020-04-26T10:53:23","modified_gmt":"2020-04-26T09:53:23","slug":"les-yeux-de-laura-mars-de-irvin-kershner","status":"publish","type":"post","link":"https:\/\/www.arte.tv\/sites\/olivierpere\/2020\/04\/25\/les-yeux-de-laura-mars-de-irvin-kershner\/","title":{"rendered":"Les Yeux de Laura Mars de Irvin Kershner"},"content":{"rendered":"<p><strong><em>Les Yeux de Laura Mars<\/em> (<em>Eyes of Laura Mars<\/em>, 1978) est un thriller paranormal dans lequel une c\u00e9l\u00e8bre photographe de mode, critiqu\u00e9e pour la violence sexuelle de son travail \u2013 des clich\u00e9s de Helmut Newton et Rebecca Blake furent utilis\u00e9s pour le film &#8211; est plong\u00e9e dans une affaire de meurtres en s\u00e9rie. Elle est victime de visions effrayantes, et assiste en direct \u00e0 l\u2019assassinat des membres de son entourage lorsque qu\u2019elle regarde dans l\u2019objectif de son appareil lors de s\u00e9ances photos. En tuant ses amis et complices, l\u2019assassin semble condamner et punir l\u2019artiste, dont l\u2019\u0153uvre exploite tout en les d\u00e9non\u00e7ant le lucre, la d\u00e9pravation et le sexisme du monde de la mode et de la publicit\u00e9, au travers d\u2019images sensuelles et provocantes.<\/strong><\/p>\n<p><strong>Le point de d\u00e9part des <em>Yeux de Laura Mars<\/em> est un sc\u00e9nario intitul\u00e9 <em>Eyes<\/em> que l\u2019on doit \u00e0 un jeune r\u00e9alisateur encore inconnu, John Carpenter. Il n\u2019a \u00e0 l\u2019\u00e9poque r\u00e9alis\u00e9 que <em>Dark Star<\/em>, son premier long m\u00e9trage, et cherche \u00e0 travailler pour un studio. La Columbia lui a achet\u00e9 ce sc\u00e9nario, qui va \u00eatre r\u00e9\u00e9crit par David Zelag Goodman. Carpenter sera vite \u00e9cart\u00e9 du projet, dont la mise en sc\u00e8ne est confi\u00e9e \u00e0 un solide professionnel, Irvin Kershner. Le producteur du film, Jon Peter, souhaite adapter l\u2019histoire \u00e0 la star Barbra Streisand, dont il est l\u2019amant, en ajoutant des \u00e9l\u00e9ments romantiques. L\u2019action est transpos\u00e9e \u00e0 New York. Dans le script de Carpenter, l\u2019assassin est une ombre sans visage, un psychopathe anonyme. De mani\u00e8re plus classique, le film ob\u00e9it aux r\u00e8gles du \u00ab\u00a0whodunit\u00a0\u00bb et \u00e9tablit une liste de suspects parmi les personnages secondaires, jusqu\u2019\u00e0 la r\u00e9v\u00e9lation finale de l\u2019identit\u00e9 du tueur, la plus surprenante possible. Faute d\u2019avoir lu le sc\u00e9nario initial de Carpenter, il est difficile de savoir si le futur r\u00e9alisateur de <em>La Nuit des masques<\/em> avait l\u2019intention de rendre hommage au \u00ab giallo \u00bb italien. Mais le r\u00e9sultat final, avec son intrigue tarabiscot\u00e9e, son h\u00e9ro\u00efne pers\u00e9cut\u00e9e par un maniaque et l\u2019intrusion d\u2019ingr\u00e9dients fantastiques dans une enqu\u00eate polici\u00e8re, ressemble fortement \u00e0 une version am\u00e9ricaine des suspens angoissants de Dario Argento ou Lucio Fulci. Barbra Streisand d\u00e9cline finalement le r\u00f4le principal, et se contente d\u2019interpr\u00e9ter la chanson du g\u00e9n\u00e9rique, \u00ab Prisoner \u00bb. Jon Peter, ancien coiffeur, semble s\u2019\u00eatre concentr\u00e9 sur les cr\u00e9ations capillaires, extravagantes, que sont oblig\u00e9s d\u2019exhiber sur leurs t\u00eates Rene Auberjonois, Brad Dourif (barbe comprise), Darlanne Fluegel et m\u00eame Tommy Lee Jones, \u00e9trange en beau t\u00e9n\u00e9breux. Faye Dunaway, \u00e9pargn\u00e9e, est sublime. <em>Les Yeux de Laura Mars<\/em> est un excellent repr\u00e9sentant, sophistiqu\u00e9 et sexy, de l\u2019esth\u00e9tique disco de la fin des ann\u00e9es 70. On y entend le tube \u00ab\u00a0Let\u2019s All Chant\u00a0\u00bb durant une s\u00e9ance photo trash et glamour.<\/strong><\/p>\n<p><strong>Pour les amateurs de thrillers fantastiques de la m\u00eame p\u00e9riode, signalons que <em>Les Yeux de Laura Mars<\/em>\u00a0constitue un excellent triple programme \u00ab\u00a0Les p\u00e9rils du New York \u00bb avec\u00a0<em>La Sentinelle des maudits<\/em>\u00a0de Michael Winner, et <em>Wolfen <\/em>de Michael Wadleigh.<\/strong><\/p>\n<p><strong>Disponible en combo Blu-ray et DVD chez Sidonis \u2013 Calysta.<\/strong><\/p>\n<p><img decoding=\"async\" loading=\"lazy\" class=\"alignnone size-full wp-image-25687\" src=\"https:\/\/www.arte.tv\/sites\/olivierpere\/files\/les-yeux-de-laura-mars-combo-3512392423956_0.jpg\" alt=\"\" width=\"1000\" height=\"1000\" srcset=\"https:\/\/www.arte.tv\/sites\/olivierpere\/files\/les-yeux-de-laura-mars-combo-3512392423956_0.jpg 1000w, https:\/\/www.arte.tv\/sites\/olivierpere\/files\/les-yeux-de-laura-mars-combo-3512392423956_0-280x280.jpg 280w, https:\/\/www.arte.tv\/sites\/olivierpere\/files\/les-yeux-de-laura-mars-combo-3512392423956_0-768x768.jpg 768w, https:\/\/www.arte.tv\/sites\/olivierpere\/files\/les-yeux-de-laura-mars-combo-3512392423956_0-150x150.jpg 150w, https:\/\/www.arte.tv\/sites\/olivierpere\/files\/les-yeux-de-laura-mars-combo-3512392423956_0-580x580.jpg 580w\" sizes=\"(max-width: 1000px) 100vw, 1000px\" \/><\/p>\n<p>&nbsp;<\/p>\n","protected":false},"excerpt":{"rendered":"<p>Les Yeux de Laura Mars (Eyes of Laura Mars, 1978) est un thriller paranormal dans lequel une c\u00e9l\u00e8bre photographe de\u2026<\/p>\n","protected":false},"author":116,"featured_media":0,"comment_status":"open","ping_status":"open","sticky":false,"template":"","format":"standard","meta":[],"categories":[9],"tags":[],"yoast_head":"<!-- This site is optimized with the Yoast SEO plugin v20.8 - https:\/\/yoast.com\/wordpress\/plugins\/seo\/ -->\n<title>Les Yeux de Laura Mars de Irvin Kershner - Olivier P\u00e8re<\/title>\n<meta name=\"robots\" content=\"index, follow, max-snippet:-1, max-image-preview:large, max-video-preview:-1\" \/>\n<link rel=\"canonical\" href=\"https:\/\/www.arte.tv\/sites\/olivierpere\/2020\/04\/25\/les-yeux-de-laura-mars-de-irvin-kershner\/\" \/>\n<meta property=\"og:locale\" content=\"fr_FR\" \/>\n<meta property=\"og:type\" content=\"article\" \/>\n<meta property=\"og:title\" content=\"Les Yeux de Laura Mars de Irvin Kershner - Olivier P\u00e8re\" \/>\n<meta property=\"og:description\" content=\"Les Yeux de Laura Mars (Eyes of Laura Mars, 1978) est un thriller paranormal dans lequel une c\u00e9l\u00e8bre photographe de\u2026\" \/>\n<meta property=\"og:url\" content=\"https:\/\/www.arte.tv\/sites\/olivierpere\/2020\/04\/25\/les-yeux-de-laura-mars-de-irvin-kershner\/\" \/>\n<meta property=\"og:site_name\" content=\"Olivier P\u00e8re\" \/>\n<meta property=\"article:published_time\" content=\"2020-04-25T17:36:09+00:00\" \/>\n<meta property=\"article:modified_time\" content=\"2020-04-26T09:53:23+00:00\" \/>\n<meta property=\"og:image\" content=\"https:\/\/www.arte.tv\/sites\/olivierpere\/files\/les-yeux-de-laura-mars-combo-3512392423956_0.jpg\" \/>\n<meta name=\"author\" content=\"Olivier P\u00e8re\" \/>\n<meta name=\"twitter:label1\" content=\"\u00c9crit par\" \/>\n\t<meta name=\"twitter:data1\" content=\"Olivier P\u00e8re\" \/>\n\t<meta name=\"twitter:label2\" content=\"Dur\u00e9e de lecture estim\u00e9e\" \/>\n\t<meta name=\"twitter:data2\" content=\"3 minutes\" \/>\n<script type=\"application\/ld+json\" class=\"yoast-schema-graph\">{\"@context\":\"https:\/\/schema.org\",\"@graph\":[{\"@type\":\"WebPage\",\"@id\":\"https:\/\/www.arte.tv\/sites\/olivierpere\/2020\/04\/25\/les-yeux-de-laura-mars-de-irvin-kershner\/\",\"url\":\"https:\/\/www.arte.tv\/sites\/olivierpere\/2020\/04\/25\/les-yeux-de-laura-mars-de-irvin-kershner\/\",\"name\":\"Les Yeux de Laura Mars de Irvin Kershner - Olivier P\u00e8re\",\"isPartOf\":{\"@id\":\"https:\/\/www.arte.tv\/sites\/olivierpere\/#website\"},\"datePublished\":\"2020-04-25T17:36:09+00:00\",\"dateModified\":\"2020-04-26T09:53:23+00:00\",\"author\":{\"@id\":\"https:\/\/www.arte.tv\/sites\/olivierpere\/#\/schema\/person\/dc32cd6c79be95e52d43b97a74182558\"},\"breadcrumb\":{\"@id\":\"https:\/\/www.arte.tv\/sites\/olivierpere\/2020\/04\/25\/les-yeux-de-laura-mars-de-irvin-kershner\/#breadcrumb\"},\"inLanguage\":\"fr-FR\",\"potentialAction\":[{\"@type\":\"ReadAction\",\"target\":[\"https:\/\/www.arte.tv\/sites\/olivierpere\/2020\/04\/25\/les-yeux-de-laura-mars-de-irvin-kershner\/\"]}]},{\"@type\":\"BreadcrumbList\",\"@id\":\"https:\/\/www.arte.tv\/sites\/olivierpere\/2020\/04\/25\/les-yeux-de-laura-mars-de-irvin-kershner\/#breadcrumb\",\"itemListElement\":[{\"@type\":\"ListItem\",\"position\":1,\"name\":\"Home\",\"item\":\"https:\/\/www.arte.tv\/sites\/olivierpere\/\"},{\"@type\":\"ListItem\",\"position\":2,\"name\":\"Les Yeux de Laura Mars de Irvin Kershner\"}]},{\"@type\":\"WebSite\",\"@id\":\"https:\/\/www.arte.tv\/sites\/olivierpere\/#website\",\"url\":\"https:\/\/www.arte.tv\/sites\/olivierpere\/\",\"name\":\"Olivier P\u00e8re\",\"description\":\"\",\"potentialAction\":[{\"@type\":\"SearchAction\",\"target\":{\"@type\":\"EntryPoint\",\"urlTemplate\":\"https:\/\/www.arte.tv\/sites\/olivierpere\/?s={search_term_string}\"},\"query-input\":\"required name=search_term_string\"}],\"inLanguage\":\"fr-FR\"},{\"@type\":\"Person\",\"@id\":\"https:\/\/www.arte.tv\/sites\/olivierpere\/#\/schema\/person\/dc32cd6c79be95e52d43b97a74182558\",\"name\":\"Olivier P\u00e8re\",\"image\":{\"@type\":\"ImageObject\",\"inLanguage\":\"fr-FR\",\"@id\":\"https:\/\/www.arte.tv\/sites\/olivierpere\/#\/schema\/person\/image\/\",\"url\":\"https:\/\/secure.gravatar.com\/avatar\/bdea7b6a2c195e2c41772429a9694758?s=96&d=mm&r=g\",\"contentUrl\":\"https:\/\/secure.gravatar.com\/avatar\/bdea7b6a2c195e2c41772429a9694758?s=96&d=mm&r=g\",\"caption\":\"Olivier P\u00e8re\"},\"url\":\"https:\/\/www.arte.tv\/sites\/olivierpere\/author\/pereolivier\/\"}]}<\/script>\n<!-- \/ Yoast SEO plugin. -->","yoast_head_json":{"title":"Les Yeux de Laura Mars de Irvin Kershner - Olivier P\u00e8re","robots":{"index":"index","follow":"follow","max-snippet":"max-snippet:-1","max-image-preview":"max-image-preview:large","max-video-preview":"max-video-preview:-1"},"canonical":"https:\/\/www.arte.tv\/sites\/olivierpere\/2020\/04\/25\/les-yeux-de-laura-mars-de-irvin-kershner\/","og_locale":"fr_FR","og_type":"article","og_title":"Les Yeux de Laura Mars de Irvin Kershner - Olivier P\u00e8re","og_description":"Les Yeux de Laura Mars (Eyes of Laura Mars, 1978) est un thriller paranormal dans lequel une c\u00e9l\u00e8bre photographe de\u2026","og_url":"https:\/\/www.arte.tv\/sites\/olivierpere\/2020\/04\/25\/les-yeux-de-laura-mars-de-irvin-kershner\/","og_site_name":"Olivier P\u00e8re","article_published_time":"2020-04-25T17:36:09+00:00","article_modified_time":"2020-04-26T09:53:23+00:00","og_image":[{"url":"https:\/\/www.arte.tv\/sites\/olivierpere\/files\/les-yeux-de-laura-mars-combo-3512392423956_0.jpg"}],"author":"Olivier P\u00e8re","twitter_misc":{"\u00c9crit par":"Olivier P\u00e8re","Dur\u00e9e de lecture estim\u00e9e":"3 minutes"},"schema":{"@context":"https:\/\/schema.org","@graph":[{"@type":"WebPage","@id":"https:\/\/www.arte.tv\/sites\/olivierpere\/2020\/04\/25\/les-yeux-de-laura-mars-de-irvin-kershner\/","url":"https:\/\/www.arte.tv\/sites\/olivierpere\/2020\/04\/25\/les-yeux-de-laura-mars-de-irvin-kershner\/","name":"Les Yeux de Laura Mars de Irvin Kershner - Olivier P\u00e8re","isPartOf":{"@id":"https:\/\/www.arte.tv\/sites\/olivierpere\/#website"},"datePublished":"2020-04-25T17:36:09+00:00","dateModified":"2020-04-26T09:53:23+00:00","author":{"@id":"https:\/\/www.arte.tv\/sites\/olivierpere\/#\/schema\/person\/dc32cd6c79be95e52d43b97a74182558"},"breadcrumb":{"@id":"https:\/\/www.arte.tv\/sites\/olivierpere\/2020\/04\/25\/les-yeux-de-laura-mars-de-irvin-kershner\/#breadcrumb"},"inLanguage":"fr-FR","potentialAction":[{"@type":"ReadAction","target":["https:\/\/www.arte.tv\/sites\/olivierpere\/2020\/04\/25\/les-yeux-de-laura-mars-de-irvin-kershner\/"]}]},{"@type":"BreadcrumbList","@id":"https:\/\/www.arte.tv\/sites\/olivierpere\/2020\/04\/25\/les-yeux-de-laura-mars-de-irvin-kershner\/#breadcrumb","itemListElement":[{"@type":"ListItem","position":1,"name":"Home","item":"https:\/\/www.arte.tv\/sites\/olivierpere\/"},{"@type":"ListItem","position":2,"name":"Les Yeux de Laura Mars de Irvin Kershner"}]},{"@type":"WebSite","@id":"https:\/\/www.arte.tv\/sites\/olivierpere\/#website","url":"https:\/\/www.arte.tv\/sites\/olivierpere\/","name":"Olivier P\u00e8re","description":"","potentialAction":[{"@type":"SearchAction","target":{"@type":"EntryPoint","urlTemplate":"https:\/\/www.arte.tv\/sites\/olivierpere\/?s={search_term_string}"},"query-input":"required name=search_term_string"}],"inLanguage":"fr-FR"},{"@type":"Person","@id":"https:\/\/www.arte.tv\/sites\/olivierpere\/#\/schema\/person\/dc32cd6c79be95e52d43b97a74182558","name":"Olivier P\u00e8re","image":{"@type":"ImageObject","inLanguage":"fr-FR","@id":"https:\/\/www.arte.tv\/sites\/olivierpere\/#\/schema\/person\/image\/","url":"https:\/\/secure.gravatar.com\/avatar\/bdea7b6a2c195e2c41772429a9694758?s=96&d=mm&r=g","contentUrl":"https:\/\/secure.gravatar.com\/avatar\/bdea7b6a2c195e2c41772429a9694758?s=96&d=mm&r=g","caption":"Olivier P\u00e8re"},"url":"https:\/\/www.arte.tv\/sites\/olivierpere\/author\/pereolivier\/"}]}},"_links":{"self":[{"href":"https:\/\/www.arte.tv\/sites\/olivierpere\/wp-json\/wp\/v2\/posts\/25686"}],"collection":[{"href":"https:\/\/www.arte.tv\/sites\/olivierpere\/wp-json\/wp\/v2\/posts"}],"about":[{"href":"https:\/\/www.arte.tv\/sites\/olivierpere\/wp-json\/wp\/v2\/types\/post"}],"author":[{"embeddable":true,"href":"https:\/\/www.arte.tv\/sites\/olivierpere\/wp-json\/wp\/v2\/users\/116"}],"replies":[{"embeddable":true,"href":"https:\/\/www.arte.tv\/sites\/olivierpere\/wp-json\/wp\/v2\/comments?post=25686"}],"version-history":[{"count":2,"href":"https:\/\/www.arte.tv\/sites\/olivierpere\/wp-json\/wp\/v2\/posts\/25686\/revisions"}],"predecessor-version":[{"id":25689,"href":"https:\/\/www.arte.tv\/sites\/olivierpere\/wp-json\/wp\/v2\/posts\/25686\/revisions\/25689"}],"wp:attachment":[{"href":"https:\/\/www.arte.tv\/sites\/olivierpere\/wp-json\/wp\/v2\/media?parent=25686"}],"wp:term":[{"taxonomy":"category","embeddable":true,"href":"https:\/\/www.arte.tv\/sites\/olivierpere\/wp-json\/wp\/v2\/categories?post=25686"},{"taxonomy":"post_tag","embeddable":true,"href":"https:\/\/www.arte.tv\/sites\/olivierpere\/wp-json\/wp\/v2\/tags?post=25686"}],"curies":[{"name":"wp","href":"https:\/\/api.w.org\/{rel}","templated":true}]}}