{"id":25282,"date":"2020-03-28T09:46:46","date_gmt":"2020-03-28T08:46:46","guid":{"rendered":"https:\/\/www.arte.tv\/sites\/olivierpere\/?p=25282"},"modified":"2020-04-12T09:47:30","modified_gmt":"2020-04-12T08:47:30","slug":"viva-zapata-de-elia-kazan","status":"publish","type":"post","link":"https:\/\/www.arte.tv\/sites\/olivierpere\/2020\/03\/28\/viva-zapata-de-elia-kazan\/","title":{"rendered":"Viva Zapata\u00a0! de Elia Kazan"},"content":{"rendered":"<p><strong>ARTE diffuse <em>Viva Zapata\u00a0!<\/em> lundi 27 avril \u00e0 23h50. Produit par Darryl F. Zanuck, \u00e9crit par John Steinbeck et r\u00e9alis\u00e9 par Elia Kazan en 1952, <em>Viva Zapata !<\/em> est le r\u00e9cit romanc\u00e9 des dix derni\u00e8res ann\u00e9es du r\u00e9volutionnaire mexicain, de son entr\u00e9e dans la lutte arm\u00e9e contre le r\u00e9gime dictatorial du pr\u00e9sident Porfirio Diaz, pour d\u00e9fendre les droits des paysans spoli\u00e9s de leurs terres, jusqu\u2019\u00e0 son assassinat par des officiers du nouveau gouvernement. Le cin\u00e9aste et le romancier souhaitent traiter du th\u00e8me du h\u00e9ros, en relatant le parcours de ce chef rebelle exemplaire qui renonce \u00e0 un pouvoir corrupteur. La d\u00e9cision de Kazan de s\u2019atteler \u00e0 un tel projet au d\u00e9but des ann\u00e9es 50 co\u00efncide avec sa volont\u00e9 d\u2019exprimer son opposition d\u2019homme de gauche au stalinisme. Peu de temps apr\u00e8s, en avril 1952, il accepte de collaborer avec la commission des activit\u00e9s anti-am\u00e9ricaines. Kazan consid\u00e9rait <em>Viva Zapata !<\/em>, portrait d\u2019un homme p\u00e9tri de contradictions, comme un film tr\u00e8s personnel, et m\u00eame autobiographique. Comme dans <em>Sur les quais<\/em>, la d\u00e9lation et la trahison, y compris de ses propres principes, y tiennent une place centrale. <em>Viva Zapata !<\/em> est \u00e9galement le premier film o\u00f9 Kazan s\u2019affranchit de son exp\u00e9rience th\u00e9\u00e2trale et emploie un langage cin\u00e9matographique plus sophistiqu\u00e9 que sur ses pr\u00e9c\u00e9dents longs m\u00e9trages. Il dig\u00e8re l\u2019influence de John Ford et se montre plus cr\u00e9atif. Sur le plan formel, le r\u00e9alisateur s\u2019inspire \u00e0 la fois d\u2019archives photographiques sur la r\u00e9volution au Mexique, et du cin\u00e9ma sovi\u00e9tique d\u2019Eisenstein et de Dovjenko. Le r\u00f4le de Zapata, premier contre-emploi de la carri\u00e8re de Marlon Brando, lui vaudra un prix d\u2019interpr\u00e9tation au Festival de Cannes, malgr\u00e9 un maquillage assez ridicule. Anthony Quinn (d\u2019origine mexicaine), dans le r\u00f4le de son fr\u00e8re, r\u00e9volutionnaire sanguin et bestial, perm\u00e9able \u00e0 toutes les compromissions morales, s\u2019en sort beaucoup mieux.<\/strong><\/p>\n","protected":false},"excerpt":{"rendered":"<p>ARTE diffuse Viva Zapata\u00a0! lundi 27 avril \u00e0 23h50. Produit par Darryl F. Zanuck, \u00e9crit par John Steinbeck et r\u00e9alis\u00e9\u2026<\/p>\n","protected":false},"author":116,"featured_media":0,"comment_status":"open","ping_status":"open","sticky":false,"template":"","format":"standard","meta":[],"categories":[1],"tags":[],"yoast_head":"<!-- This site is optimized with the Yoast SEO plugin v20.8 - https:\/\/yoast.com\/wordpress\/plugins\/seo\/ -->\n<title>Viva Zapata\u00a0! de Elia Kazan - Olivier P\u00e8re<\/title>\n<meta name=\"robots\" content=\"index, follow, max-snippet:-1, max-image-preview:large, max-video-preview:-1\" \/>\n<link rel=\"canonical\" href=\"https:\/\/www.arte.tv\/sites\/olivierpere\/2020\/03\/28\/viva-zapata-de-elia-kazan\/\" \/>\n<meta property=\"og:locale\" content=\"fr_FR\" \/>\n<meta property=\"og:type\" content=\"article\" \/>\n<meta property=\"og:title\" content=\"Viva Zapata\u00a0! de Elia Kazan - Olivier P\u00e8re\" \/>\n<meta property=\"og:description\" content=\"ARTE diffuse Viva Zapata\u00a0! lundi 27 avril \u00e0 23h50. Produit par Darryl F. Zanuck, \u00e9crit par John Steinbeck et r\u00e9alis\u00e9\u2026\" \/>\n<meta property=\"og:url\" content=\"https:\/\/www.arte.tv\/sites\/olivierpere\/2020\/03\/28\/viva-zapata-de-elia-kazan\/\" \/>\n<meta property=\"og:site_name\" content=\"Olivier P\u00e8re\" \/>\n<meta property=\"article:published_time\" content=\"2020-03-28T08:46:46+00:00\" \/>\n<meta property=\"article:modified_time\" content=\"2020-04-12T08:47:30+00:00\" \/>\n<meta name=\"author\" content=\"Olivier P\u00e8re\" \/>\n<meta name=\"twitter:label1\" content=\"\u00c9crit par\" \/>\n\t<meta name=\"twitter:data1\" content=\"Olivier P\u00e8re\" \/>\n\t<meta name=\"twitter:label2\" content=\"Dur\u00e9e de lecture estim\u00e9e\" \/>\n\t<meta name=\"twitter:data2\" content=\"2 minutes\" \/>\n<script type=\"application\/ld+json\" class=\"yoast-schema-graph\">{\"@context\":\"https:\/\/schema.org\",\"@graph\":[{\"@type\":\"WebPage\",\"@id\":\"https:\/\/www.arte.tv\/sites\/olivierpere\/2020\/03\/28\/viva-zapata-de-elia-kazan\/\",\"url\":\"https:\/\/www.arte.tv\/sites\/olivierpere\/2020\/03\/28\/viva-zapata-de-elia-kazan\/\",\"name\":\"Viva Zapata\u00a0! de Elia Kazan - Olivier P\u00e8re\",\"isPartOf\":{\"@id\":\"https:\/\/www.arte.tv\/sites\/olivierpere\/#website\"},\"datePublished\":\"2020-03-28T08:46:46+00:00\",\"dateModified\":\"2020-04-12T08:47:30+00:00\",\"author\":{\"@id\":\"https:\/\/www.arte.tv\/sites\/olivierpere\/#\/schema\/person\/dc32cd6c79be95e52d43b97a74182558\"},\"breadcrumb\":{\"@id\":\"https:\/\/www.arte.tv\/sites\/olivierpere\/2020\/03\/28\/viva-zapata-de-elia-kazan\/#breadcrumb\"},\"inLanguage\":\"fr-FR\",\"potentialAction\":[{\"@type\":\"ReadAction\",\"target\":[\"https:\/\/www.arte.tv\/sites\/olivierpere\/2020\/03\/28\/viva-zapata-de-elia-kazan\/\"]}]},{\"@type\":\"BreadcrumbList\",\"@id\":\"https:\/\/www.arte.tv\/sites\/olivierpere\/2020\/03\/28\/viva-zapata-de-elia-kazan\/#breadcrumb\",\"itemListElement\":[{\"@type\":\"ListItem\",\"position\":1,\"name\":\"Home\",\"item\":\"https:\/\/www.arte.tv\/sites\/olivierpere\/\"},{\"@type\":\"ListItem\",\"position\":2,\"name\":\"Viva Zapata\u00a0! de Elia Kazan\"}]},{\"@type\":\"WebSite\",\"@id\":\"https:\/\/www.arte.tv\/sites\/olivierpere\/#website\",\"url\":\"https:\/\/www.arte.tv\/sites\/olivierpere\/\",\"name\":\"Olivier P\u00e8re\",\"description\":\"\",\"potentialAction\":[{\"@type\":\"SearchAction\",\"target\":{\"@type\":\"EntryPoint\",\"urlTemplate\":\"https:\/\/www.arte.tv\/sites\/olivierpere\/?s={search_term_string}\"},\"query-input\":\"required name=search_term_string\"}],\"inLanguage\":\"fr-FR\"},{\"@type\":\"Person\",\"@id\":\"https:\/\/www.arte.tv\/sites\/olivierpere\/#\/schema\/person\/dc32cd6c79be95e52d43b97a74182558\",\"name\":\"Olivier P\u00e8re\",\"image\":{\"@type\":\"ImageObject\",\"inLanguage\":\"fr-FR\",\"@id\":\"https:\/\/www.arte.tv\/sites\/olivierpere\/#\/schema\/person\/image\/\",\"url\":\"https:\/\/secure.gravatar.com\/avatar\/bdea7b6a2c195e2c41772429a9694758?s=96&d=mm&r=g\",\"contentUrl\":\"https:\/\/secure.gravatar.com\/avatar\/bdea7b6a2c195e2c41772429a9694758?s=96&d=mm&r=g\",\"caption\":\"Olivier P\u00e8re\"},\"url\":\"https:\/\/www.arte.tv\/sites\/olivierpere\/author\/pereolivier\/\"}]}<\/script>\n<!-- \/ Yoast SEO plugin. -->","yoast_head_json":{"title":"Viva Zapata\u00a0! de Elia Kazan - Olivier P\u00e8re","robots":{"index":"index","follow":"follow","max-snippet":"max-snippet:-1","max-image-preview":"max-image-preview:large","max-video-preview":"max-video-preview:-1"},"canonical":"https:\/\/www.arte.tv\/sites\/olivierpere\/2020\/03\/28\/viva-zapata-de-elia-kazan\/","og_locale":"fr_FR","og_type":"article","og_title":"Viva Zapata\u00a0! de Elia Kazan - Olivier P\u00e8re","og_description":"ARTE diffuse Viva Zapata\u00a0! lundi 27 avril \u00e0 23h50. Produit par Darryl F. Zanuck, \u00e9crit par John Steinbeck et r\u00e9alis\u00e9\u2026","og_url":"https:\/\/www.arte.tv\/sites\/olivierpere\/2020\/03\/28\/viva-zapata-de-elia-kazan\/","og_site_name":"Olivier P\u00e8re","article_published_time":"2020-03-28T08:46:46+00:00","article_modified_time":"2020-04-12T08:47:30+00:00","author":"Olivier P\u00e8re","twitter_misc":{"\u00c9crit par":"Olivier P\u00e8re","Dur\u00e9e de lecture estim\u00e9e":"2 minutes"},"schema":{"@context":"https:\/\/schema.org","@graph":[{"@type":"WebPage","@id":"https:\/\/www.arte.tv\/sites\/olivierpere\/2020\/03\/28\/viva-zapata-de-elia-kazan\/","url":"https:\/\/www.arte.tv\/sites\/olivierpere\/2020\/03\/28\/viva-zapata-de-elia-kazan\/","name":"Viva Zapata\u00a0! de Elia Kazan - Olivier P\u00e8re","isPartOf":{"@id":"https:\/\/www.arte.tv\/sites\/olivierpere\/#website"},"datePublished":"2020-03-28T08:46:46+00:00","dateModified":"2020-04-12T08:47:30+00:00","author":{"@id":"https:\/\/www.arte.tv\/sites\/olivierpere\/#\/schema\/person\/dc32cd6c79be95e52d43b97a74182558"},"breadcrumb":{"@id":"https:\/\/www.arte.tv\/sites\/olivierpere\/2020\/03\/28\/viva-zapata-de-elia-kazan\/#breadcrumb"},"inLanguage":"fr-FR","potentialAction":[{"@type":"ReadAction","target":["https:\/\/www.arte.tv\/sites\/olivierpere\/2020\/03\/28\/viva-zapata-de-elia-kazan\/"]}]},{"@type":"BreadcrumbList","@id":"https:\/\/www.arte.tv\/sites\/olivierpere\/2020\/03\/28\/viva-zapata-de-elia-kazan\/#breadcrumb","itemListElement":[{"@type":"ListItem","position":1,"name":"Home","item":"https:\/\/www.arte.tv\/sites\/olivierpere\/"},{"@type":"ListItem","position":2,"name":"Viva Zapata\u00a0! de Elia Kazan"}]},{"@type":"WebSite","@id":"https:\/\/www.arte.tv\/sites\/olivierpere\/#website","url":"https:\/\/www.arte.tv\/sites\/olivierpere\/","name":"Olivier P\u00e8re","description":"","potentialAction":[{"@type":"SearchAction","target":{"@type":"EntryPoint","urlTemplate":"https:\/\/www.arte.tv\/sites\/olivierpere\/?s={search_term_string}"},"query-input":"required name=search_term_string"}],"inLanguage":"fr-FR"},{"@type":"Person","@id":"https:\/\/www.arte.tv\/sites\/olivierpere\/#\/schema\/person\/dc32cd6c79be95e52d43b97a74182558","name":"Olivier P\u00e8re","image":{"@type":"ImageObject","inLanguage":"fr-FR","@id":"https:\/\/www.arte.tv\/sites\/olivierpere\/#\/schema\/person\/image\/","url":"https:\/\/secure.gravatar.com\/avatar\/bdea7b6a2c195e2c41772429a9694758?s=96&d=mm&r=g","contentUrl":"https:\/\/secure.gravatar.com\/avatar\/bdea7b6a2c195e2c41772429a9694758?s=96&d=mm&r=g","caption":"Olivier P\u00e8re"},"url":"https:\/\/www.arte.tv\/sites\/olivierpere\/author\/pereolivier\/"}]}},"_links":{"self":[{"href":"https:\/\/www.arte.tv\/sites\/olivierpere\/wp-json\/wp\/v2\/posts\/25282"}],"collection":[{"href":"https:\/\/www.arte.tv\/sites\/olivierpere\/wp-json\/wp\/v2\/posts"}],"about":[{"href":"https:\/\/www.arte.tv\/sites\/olivierpere\/wp-json\/wp\/v2\/types\/post"}],"author":[{"embeddable":true,"href":"https:\/\/www.arte.tv\/sites\/olivierpere\/wp-json\/wp\/v2\/users\/116"}],"replies":[{"embeddable":true,"href":"https:\/\/www.arte.tv\/sites\/olivierpere\/wp-json\/wp\/v2\/comments?post=25282"}],"version-history":[{"count":1,"href":"https:\/\/www.arte.tv\/sites\/olivierpere\/wp-json\/wp\/v2\/posts\/25282\/revisions"}],"predecessor-version":[{"id":25283,"href":"https:\/\/www.arte.tv\/sites\/olivierpere\/wp-json\/wp\/v2\/posts\/25282\/revisions\/25283"}],"wp:attachment":[{"href":"https:\/\/www.arte.tv\/sites\/olivierpere\/wp-json\/wp\/v2\/media?parent=25282"}],"wp:term":[{"taxonomy":"category","embeddable":true,"href":"https:\/\/www.arte.tv\/sites\/olivierpere\/wp-json\/wp\/v2\/categories?post=25282"},{"taxonomy":"post_tag","embeddable":true,"href":"https:\/\/www.arte.tv\/sites\/olivierpere\/wp-json\/wp\/v2\/tags?post=25282"}],"curies":[{"name":"wp","href":"https:\/\/api.w.org\/{rel}","templated":true}]}}