{"id":25165,"date":"2020-03-22T17:47:38","date_gmt":"2020-03-22T16:47:38","guid":{"rendered":"https:\/\/www.arte.tv\/sites\/olivierpere\/?p=25165"},"modified":"2024-02-23T14:18:31","modified_gmt":"2024-02-23T13:18:31","slug":"habemus-papam-de-nanni-moretti","status":"publish","type":"post","link":"https:\/\/www.arte.tv\/sites\/olivierpere\/2020\/03\/22\/habemus-papam-de-nanni-moretti\/","title":{"rendered":"Habemus papam de Nanni Moretti"},"content":{"rendered":"<p><strong>Opus majeur de Nanni Moretti, <em>Habemus papam<\/em> (2010) est aussi, et surtout, le dernier grand r\u00f4le de Michel Piccoli. Au soir d\u2019une carri\u00e8re extraordinaire, l\u2019acteur fran\u00e7ais endosse la d\u00e9froque d\u2019un Pape nouvellement \u00e9lu et angoiss\u00e9 par cette responsabilit\u00e9 aussi immense qu\u2019inattendue. Le pontife profite d\u2019une s\u00e9ance de psychanalyse \u00e0 Rome pour prendre la fuite et se cacher parmi les citoyens, et imaginer une vie qui aurait pu \u00eatre la sienne s\u2019il avait emprunt\u00e9 une autre voie, ou \u00e9cout\u00e9 ses d\u00e9sirs. Les th\u00e8mes de la fugue, du refus existentiel traversent la filmographie de Michel Piccoli. Voir ou revoir <em>Habemus papam<\/em> fait ressurgir le souvenir de <em>Dillinger est mort<\/em>, de <em>Themroc<\/em> et surtout de <em>Je rentre \u00e0 la maison<\/em>, le beau film de Manoel de Oliveira, dans lequel Piccoli interpr\u00e9tait un com\u00e9dien de th\u00e9\u00e2tre soudainement endeuill\u00e9. Moretti ne s\u2019int\u00e9resse pas vraiment \u00e0 la religion catholique. Le cardinal Melville ne traverse aucune crise mystique, sa nomination ne remet pas sa foi en question. Elle l\u2019invite \u00e0 une interrogation sur la libert\u00e9, le choix du \u00ab\u00a0would prefer not to\u00a0\u00bb de <em>Bartleby<\/em>. La fuite n\u2019est pourtant pas dans <em>Habemus papam<\/em> une strat\u00e9gie de lutte (contre le pouvoir, contre le Vatican) mais plut\u00f4t le seul moyen de se retrouver soi-m\u00eame, et d\u2019adopter conduite de vie en ad\u00e9quation avec une morale personnelle. La d\u00e9couverte de soi est l\u2019un des objectifs de la psychanalyse, qui joue un r\u00f4le important dans le film. Dans un ironique mouvement contradictoire, c\u2019est le psychanalyste (jou\u00e9 par Moretti) qui se retrouve confin\u00e9 au Vatican, mis au secret par les services de s\u00e9curit\u00e9 de la cit\u00e9 papale, tandis que le pontife fait l\u2019\u00e9cole buissonni\u00e8re, et renoue avec les plaisirs de l\u2019enfance, ses jardins secrets (le th\u00e9\u00e2tre de Tchekhov) et \u00e9coute enfin le murmure de la ville, et de la vie.<\/strong><\/p>\n<p><strong>Disponible gratuitement en t\u00e9l\u00e9vision de rattrapage sur ARTE.tv jusqu\u2019au 19 avril 2020.<\/strong><\/p>\n<p>&nbsp;<\/p>\n<p>&nbsp;<\/p>\n","protected":false},"excerpt":{"rendered":"<p>Opus majeur de Nanni Moretti, Habemus papam (2010) est aussi, et surtout, le dernier grand r\u00f4le de Michel Piccoli. Au\u2026<\/p>\n","protected":false},"author":116,"featured_media":0,"comment_status":"open","ping_status":"open","sticky":false,"template":"","format":"standard","meta":[],"categories":[8],"tags":[],"yoast_head":"<!-- This site is optimized with the Yoast SEO plugin v20.8 - https:\/\/yoast.com\/wordpress\/plugins\/seo\/ -->\n<title>Habemus papam de Nanni Moretti - Olivier P\u00e8re<\/title>\n<meta name=\"robots\" content=\"index, follow, max-snippet:-1, max-image-preview:large, max-video-preview:-1\" \/>\n<link rel=\"canonical\" href=\"https:\/\/www.arte.tv\/sites\/olivierpere\/2020\/03\/22\/habemus-papam-de-nanni-moretti\/\" \/>\n<meta property=\"og:locale\" content=\"fr_FR\" \/>\n<meta property=\"og:type\" content=\"article\" \/>\n<meta property=\"og:title\" content=\"Habemus papam de Nanni Moretti - Olivier P\u00e8re\" \/>\n<meta property=\"og:description\" content=\"Opus majeur de Nanni Moretti, Habemus papam (2010) est aussi, et surtout, le dernier grand r\u00f4le de Michel Piccoli. Au\u2026\" \/>\n<meta property=\"og:url\" content=\"https:\/\/www.arte.tv\/sites\/olivierpere\/2020\/03\/22\/habemus-papam-de-nanni-moretti\/\" \/>\n<meta property=\"og:site_name\" content=\"Olivier P\u00e8re\" \/>\n<meta property=\"article:published_time\" content=\"2020-03-22T16:47:38+00:00\" \/>\n<meta property=\"article:modified_time\" content=\"2024-02-23T13:18:31+00:00\" \/>\n<meta name=\"author\" content=\"Olivier P\u00e8re\" \/>\n<meta name=\"twitter:label1\" content=\"\u00c9crit par\" \/>\n\t<meta name=\"twitter:data1\" content=\"Olivier P\u00e8re\" \/>\n\t<meta name=\"twitter:label2\" content=\"Dur\u00e9e de lecture estim\u00e9e\" \/>\n\t<meta name=\"twitter:data2\" content=\"2 minutes\" \/>\n<script type=\"application\/ld+json\" class=\"yoast-schema-graph\">{\"@context\":\"https:\/\/schema.org\",\"@graph\":[{\"@type\":\"WebPage\",\"@id\":\"https:\/\/www.arte.tv\/sites\/olivierpere\/2020\/03\/22\/habemus-papam-de-nanni-moretti\/\",\"url\":\"https:\/\/www.arte.tv\/sites\/olivierpere\/2020\/03\/22\/habemus-papam-de-nanni-moretti\/\",\"name\":\"Habemus papam de Nanni Moretti - Olivier P\u00e8re\",\"isPartOf\":{\"@id\":\"https:\/\/www.arte.tv\/sites\/olivierpere\/#website\"},\"datePublished\":\"2020-03-22T16:47:38+00:00\",\"dateModified\":\"2024-02-23T13:18:31+00:00\",\"author\":{\"@id\":\"https:\/\/www.arte.tv\/sites\/olivierpere\/#\/schema\/person\/dc32cd6c79be95e52d43b97a74182558\"},\"breadcrumb\":{\"@id\":\"https:\/\/www.arte.tv\/sites\/olivierpere\/2020\/03\/22\/habemus-papam-de-nanni-moretti\/#breadcrumb\"},\"inLanguage\":\"fr-FR\",\"potentialAction\":[{\"@type\":\"ReadAction\",\"target\":[\"https:\/\/www.arte.tv\/sites\/olivierpere\/2020\/03\/22\/habemus-papam-de-nanni-moretti\/\"]}]},{\"@type\":\"BreadcrumbList\",\"@id\":\"https:\/\/www.arte.tv\/sites\/olivierpere\/2020\/03\/22\/habemus-papam-de-nanni-moretti\/#breadcrumb\",\"itemListElement\":[{\"@type\":\"ListItem\",\"position\":1,\"name\":\"Home\",\"item\":\"https:\/\/www.arte.tv\/sites\/olivierpere\/\"},{\"@type\":\"ListItem\",\"position\":2,\"name\":\"Habemus papam de Nanni Moretti\"}]},{\"@type\":\"WebSite\",\"@id\":\"https:\/\/www.arte.tv\/sites\/olivierpere\/#website\",\"url\":\"https:\/\/www.arte.tv\/sites\/olivierpere\/\",\"name\":\"Olivier P\u00e8re\",\"description\":\"\",\"potentialAction\":[{\"@type\":\"SearchAction\",\"target\":{\"@type\":\"EntryPoint\",\"urlTemplate\":\"https:\/\/www.arte.tv\/sites\/olivierpere\/?s={search_term_string}\"},\"query-input\":\"required name=search_term_string\"}],\"inLanguage\":\"fr-FR\"},{\"@type\":\"Person\",\"@id\":\"https:\/\/www.arte.tv\/sites\/olivierpere\/#\/schema\/person\/dc32cd6c79be95e52d43b97a74182558\",\"name\":\"Olivier P\u00e8re\",\"image\":{\"@type\":\"ImageObject\",\"inLanguage\":\"fr-FR\",\"@id\":\"https:\/\/www.arte.tv\/sites\/olivierpere\/#\/schema\/person\/image\/\",\"url\":\"https:\/\/secure.gravatar.com\/avatar\/bdea7b6a2c195e2c41772429a9694758?s=96&d=mm&r=g\",\"contentUrl\":\"https:\/\/secure.gravatar.com\/avatar\/bdea7b6a2c195e2c41772429a9694758?s=96&d=mm&r=g\",\"caption\":\"Olivier P\u00e8re\"},\"url\":\"https:\/\/www.arte.tv\/sites\/olivierpere\/author\/pereolivier\/\"}]}<\/script>\n<!-- \/ Yoast SEO plugin. -->","yoast_head_json":{"title":"Habemus papam de Nanni Moretti - Olivier P\u00e8re","robots":{"index":"index","follow":"follow","max-snippet":"max-snippet:-1","max-image-preview":"max-image-preview:large","max-video-preview":"max-video-preview:-1"},"canonical":"https:\/\/www.arte.tv\/sites\/olivierpere\/2020\/03\/22\/habemus-papam-de-nanni-moretti\/","og_locale":"fr_FR","og_type":"article","og_title":"Habemus papam de Nanni Moretti - Olivier P\u00e8re","og_description":"Opus majeur de Nanni Moretti, Habemus papam (2010) est aussi, et surtout, le dernier grand r\u00f4le de Michel Piccoli. Au\u2026","og_url":"https:\/\/www.arte.tv\/sites\/olivierpere\/2020\/03\/22\/habemus-papam-de-nanni-moretti\/","og_site_name":"Olivier P\u00e8re","article_published_time":"2020-03-22T16:47:38+00:00","article_modified_time":"2024-02-23T13:18:31+00:00","author":"Olivier P\u00e8re","twitter_misc":{"\u00c9crit par":"Olivier P\u00e8re","Dur\u00e9e de lecture estim\u00e9e":"2 minutes"},"schema":{"@context":"https:\/\/schema.org","@graph":[{"@type":"WebPage","@id":"https:\/\/www.arte.tv\/sites\/olivierpere\/2020\/03\/22\/habemus-papam-de-nanni-moretti\/","url":"https:\/\/www.arte.tv\/sites\/olivierpere\/2020\/03\/22\/habemus-papam-de-nanni-moretti\/","name":"Habemus papam de Nanni Moretti - Olivier P\u00e8re","isPartOf":{"@id":"https:\/\/www.arte.tv\/sites\/olivierpere\/#website"},"datePublished":"2020-03-22T16:47:38+00:00","dateModified":"2024-02-23T13:18:31+00:00","author":{"@id":"https:\/\/www.arte.tv\/sites\/olivierpere\/#\/schema\/person\/dc32cd6c79be95e52d43b97a74182558"},"breadcrumb":{"@id":"https:\/\/www.arte.tv\/sites\/olivierpere\/2020\/03\/22\/habemus-papam-de-nanni-moretti\/#breadcrumb"},"inLanguage":"fr-FR","potentialAction":[{"@type":"ReadAction","target":["https:\/\/www.arte.tv\/sites\/olivierpere\/2020\/03\/22\/habemus-papam-de-nanni-moretti\/"]}]},{"@type":"BreadcrumbList","@id":"https:\/\/www.arte.tv\/sites\/olivierpere\/2020\/03\/22\/habemus-papam-de-nanni-moretti\/#breadcrumb","itemListElement":[{"@type":"ListItem","position":1,"name":"Home","item":"https:\/\/www.arte.tv\/sites\/olivierpere\/"},{"@type":"ListItem","position":2,"name":"Habemus papam de Nanni Moretti"}]},{"@type":"WebSite","@id":"https:\/\/www.arte.tv\/sites\/olivierpere\/#website","url":"https:\/\/www.arte.tv\/sites\/olivierpere\/","name":"Olivier P\u00e8re","description":"","potentialAction":[{"@type":"SearchAction","target":{"@type":"EntryPoint","urlTemplate":"https:\/\/www.arte.tv\/sites\/olivierpere\/?s={search_term_string}"},"query-input":"required name=search_term_string"}],"inLanguage":"fr-FR"},{"@type":"Person","@id":"https:\/\/www.arte.tv\/sites\/olivierpere\/#\/schema\/person\/dc32cd6c79be95e52d43b97a74182558","name":"Olivier P\u00e8re","image":{"@type":"ImageObject","inLanguage":"fr-FR","@id":"https:\/\/www.arte.tv\/sites\/olivierpere\/#\/schema\/person\/image\/","url":"https:\/\/secure.gravatar.com\/avatar\/bdea7b6a2c195e2c41772429a9694758?s=96&d=mm&r=g","contentUrl":"https:\/\/secure.gravatar.com\/avatar\/bdea7b6a2c195e2c41772429a9694758?s=96&d=mm&r=g","caption":"Olivier P\u00e8re"},"url":"https:\/\/www.arte.tv\/sites\/olivierpere\/author\/pereolivier\/"}]}},"_links":{"self":[{"href":"https:\/\/www.arte.tv\/sites\/olivierpere\/wp-json\/wp\/v2\/posts\/25165"}],"collection":[{"href":"https:\/\/www.arte.tv\/sites\/olivierpere\/wp-json\/wp\/v2\/posts"}],"about":[{"href":"https:\/\/www.arte.tv\/sites\/olivierpere\/wp-json\/wp\/v2\/types\/post"}],"author":[{"embeddable":true,"href":"https:\/\/www.arte.tv\/sites\/olivierpere\/wp-json\/wp\/v2\/users\/116"}],"replies":[{"embeddable":true,"href":"https:\/\/www.arte.tv\/sites\/olivierpere\/wp-json\/wp\/v2\/comments?post=25165"}],"version-history":[{"count":1,"href":"https:\/\/www.arte.tv\/sites\/olivierpere\/wp-json\/wp\/v2\/posts\/25165\/revisions"}],"predecessor-version":[{"id":25166,"href":"https:\/\/www.arte.tv\/sites\/olivierpere\/wp-json\/wp\/v2\/posts\/25165\/revisions\/25166"}],"wp:attachment":[{"href":"https:\/\/www.arte.tv\/sites\/olivierpere\/wp-json\/wp\/v2\/media?parent=25165"}],"wp:term":[{"taxonomy":"category","embeddable":true,"href":"https:\/\/www.arte.tv\/sites\/olivierpere\/wp-json\/wp\/v2\/categories?post=25165"},{"taxonomy":"post_tag","embeddable":true,"href":"https:\/\/www.arte.tv\/sites\/olivierpere\/wp-json\/wp\/v2\/tags?post=25165"}],"curies":[{"name":"wp","href":"https:\/\/api.w.org\/{rel}","templated":true}]}}